{"id":26928,"date":"2025-03-17T14:00:17","date_gmt":"2025-03-17T13:00:17","guid":{"rendered":"https:\/\/discover.ulysse.com\/?p=26928"},"modified":"2025-03-17T12:59:31","modified_gmt":"2025-03-17T11:59:31","slug":"7-plus-beaux-villages-france-cache-dans-region","status":"publish","type":"post","link":"https:\/\/ulysse.com\/news\/7-plus-beaux-villages-france-cache-dans-region","title":{"rendered":"7 des plus beaux villages de France se cachent dans cette r\u00e9gion et personne ne s&#8217;en rend compte !"},"content":{"rendered":"<p>Lorsque l\u2019on pense aux Plus Beaux Villages de France, notre esprit se tourne souvent vers les c\u00e9l\u00e8bres destinations comme les Alpes ou la Provence. Mais avez-vous d\u00e9j\u00e0 pens\u00e9 \u00e0 la r\u00e9gion du Var ? Cette destination m\u00e9connue regorge pourtant de v\u00e9ritables tr\u00e9sors, dont pas moins de sept villages class\u00e9s parmi les plus beaux de France. Toutefois, malgr\u00e9 leur beaut\u00e9 ind\u00e9niable, ces villages restent souvent dans l\u2019ombre des grandes m\u00e9tropoles touristiques. Si vous r\u00eavez de d\u00e9couvrir des lieux authentiques, loin de la foule, suivez-nous dans cette exploration de l\u2019une des r\u00e9gions les plus envo\u00fbtantes de la C\u00f4te d&#8217;Azur.<\/p>\n<h2>Le Var, un d\u00e9partement de charme et d\u2019authenticit\u00e9<\/h2>\n<p>En plein c\u0153ur de la Provence-Alpes-C\u00f4te d&#8217;Azur,\u00a0<a href=\"https:\/\/discover.ulysse.com\/lieu-feerique-var-seuls-locaux-connaissent\">le Var<\/a> se distingue non seulement par ses plages paradisiaques, mais aussi par <strong>ses villages pittoresques<\/strong> qui semblent fig\u00e9s dans le temps. Tandis que la C\u00f4te d&#8217;Azur attire de nombreux touristes chaque ann\u00e9e, l&#8217;int\u00e9rieur des terres varoises regorge de petites p\u00e9pites qui m\u00e9ritent d\u2019\u00eatre d\u00e9couvertes.<\/p>\n<p>Ce d\u00e9partement, souvent survol\u00e9 par les voyageurs, abrite des paysages \u00e0 couper le souffle, entre vignobles, montagnes et for\u00eats m\u00e9diterran\u00e9ennes. Mais ce sont <strong>ses sept villages<\/strong> qui s\u00e9duisent particuli\u00e8rement ceux en qu\u00eate d&#8217;authenticit\u00e9 et de calme.<\/p>\n<blockquote class=\"instagram-media\" style=\"background: #FFF;border: 0;border-radius: 3px;margin: 1px;max-width: 540px;min-width: 326px;padding: 0;width: calc(100% - 2px)\" data-instgrm-permalink=\"https:\/\/www.instagram.com\/p\/DG-edj1izKK\/?utm_source=ig_embed&amp;utm_campaign=loading\" data-instgrm-version=\"14\">\n<div style=\"padding: 16px\">\n<p>&nbsp;<\/p>\n<div style=\"flex-direction: row;align-items: center\">\n<div style=\"background-color: #f4f4f4;border-radius: 50%;flex-grow: 0;height: 40px;margin-right: 14px;width: 40px\"><\/div>\n<div style=\"flex-direction: column;flex-grow: 1;justify-content: center\">\n<div style=\"background-color: #f4f4f4;border-radius: 4px;flex-grow: 0;height: 14px;margin-bottom: 6px;width: 100px\"><\/div>\n<div style=\"background-color: #f4f4f4;border-radius: 4px;flex-grow: 0;height: 14px;width: 60px\"><\/div>\n<\/div>\n<\/div>\n<div style=\"padding: 19% 0\"><\/div>\n<div style=\"height: 50px;margin: 0 auto 12px;width: 50px\"><\/div>\n<div style=\"padding-top: 8px\">\n<div style=\"color: #3897f0;font-family: Arial,sans-serif;font-size: 14px;font-style: normal;font-weight: 550;line-height: 18px\">Voir cette publication sur Instagram<\/div>\n<\/div>\n<div style=\"padding: 12.5% 0\"><\/div>\n<div style=\"flex-direction: row;margin-bottom: 14px;align-items: center\">\n<div>\n<div style=\"background-color: #f4f4f4;border-radius: 50%;height: 12.5px;width: 12.5px\"><\/div>\n<div style=\"background-color: #f4f4f4;height: 12.5px;width: 12.5px;flex-grow: 0;margin-right: 14px;margin-left: 2px\"><\/div>\n<div style=\"background-color: #f4f4f4;border-radius: 50%;height: 12.5px;width: 12.5px\"><\/div>\n<\/div>\n<div style=\"margin-left: 8px\">\n<div style=\"background-color: #f4f4f4;border-radius: 50%;flex-grow: 0;height: 20px;width: 20px\"><\/div>\n<div style=\"width: 0;height: 0;border-top: 2px solid transparent;border-left: 6px solid #f4f4f4;border-bottom: 2px solid transparent\"><\/div>\n<\/div>\n<div style=\"margin-left: auto\">\n<div style=\"width: 0px;border-top: 8px solid #F4F4F4;border-right: 8px solid transparent\"><\/div>\n<div style=\"background-color: #f4f4f4;flex-grow: 0;height: 12px;width: 16px\"><\/div>\n<div style=\"width: 0;height: 0;border-top: 8px solid #F4F4F4;border-left: 8px solid transparent\"><\/div>\n<\/div>\n<\/div>\n<div style=\"flex-direction: column;flex-grow: 1;justify-content: center;margin-bottom: 24px\">\n<div style=\"background-color: #f4f4f4;border-radius: 4px;flex-grow: 0;height: 14px;margin-bottom: 6px;width: 224px\"><\/div>\n<div style=\"background-color: #f4f4f4;border-radius: 4px;flex-grow: 0;height: 14px;width: 144px\"><\/div>\n<\/div>\n<p>&nbsp;<\/p>\n<p style=\"color: #c9c8cd;font-family: Arial,sans-serif;font-size: 14px;line-height: 17px;margin-bottom: 0;margin-top: 8px;overflow: hidden;padding: 8px 0 7px;text-align: center\"><a style=\"color: #c9c8cd;font-family: Arial,sans-serif;font-size: 14px;font-style: normal;font-weight: normal;line-height: 17px;text-decoration: none\" href=\"https:\/\/www.instagram.com\/p\/DG-edj1izKK\/?utm_source=ig_embed&amp;utm_campaign=loading\" target=\"_blank\" rel=\"noopener\">Une publication partag\u00e9e par \ud835\udc6b\ud835\udc86\u0301\ud835\udc91\ud835\udc82\ud835\udc93\ud835\udc95\ud835\udc86\ud835\udc8e\ud835\udc86\ud835\udc8f\ud835\udc95 \ud835\udc85\ud835\udc96 \ud835\udc7d\ud835\udc82\ud835\udc93 \ud83e\udebb (@departementduvar)<\/a><\/p>\n<\/div>\n<\/blockquote>\n<h2>7 joyaux m\u00e9connus du Var, qui ne demandent qu&#8217;\u00e0 \u00eatre d\u00e9couvert !<\/h2>\n<p>Parmi ces sept villages labellis\u00e9s \u00ab <strong>Plus Beaux Villages de France<\/strong> \u00bb, chacun offre une exp\u00e9rience unique et diff\u00e9rente, marqu\u00e9e par une histoire riche et des panoramas \u00e9poustouflants. <a href=\"https:\/\/discover.ulysse.com\/5-villages-provencaux\">Cotignac<\/a>, par exemple, est un village qui fascine par ses ruelles \u00e9troites et ses maisons en pierre, nich\u00e9 au pied d\u2019une gigantesque falaise. Il a su conserver son charme traditionnel tout en accueillant des visiteurs venus du monde entier.<\/p>\n<blockquote class=\"instagram-media\" style=\"background: #FFF;border: 0;border-radius: 3px;margin: 1px;max-width: 540px;min-width: 326px;padding: 0;width: calc(100% - 2px)\" data-instgrm-permalink=\"https:\/\/www.instagram.com\/p\/DHQY_DLMjIw\/?utm_source=ig_embed&amp;utm_campaign=loading\" data-instgrm-version=\"14\">\n<div style=\"padding: 16px\">\n<p>&nbsp;<\/p>\n<div style=\"flex-direction: row;align-items: center\">\n<div style=\"background-color: #f4f4f4;border-radius: 50%;flex-grow: 0;height: 40px;margin-right: 14px;width: 40px\"><\/div>\n<div style=\"flex-direction: column;flex-grow: 1;justify-content: center\">\n<div style=\"background-color: #f4f4f4;border-radius: 4px;flex-grow: 0;height: 14px;margin-bottom: 6px;width: 100px\"><\/div>\n<div style=\"background-color: #f4f4f4;border-radius: 4px;flex-grow: 0;height: 14px;width: 60px\"><\/div>\n<\/div>\n<\/div>\n<div style=\"padding: 19% 0\"><\/div>\n<div style=\"height: 50px;margin: 0 auto 12px;width: 50px\"><\/div>\n<div style=\"padding-top: 8px\">\n<div style=\"color: #3897f0;font-family: Arial,sans-serif;font-size: 14px;font-style: normal;font-weight: 550;line-height: 18px\">Voir cette publication sur Instagram<\/div>\n<\/div>\n<div style=\"padding: 12.5% 0\"><\/div>\n<div style=\"flex-direction: row;margin-bottom: 14px;align-items: center\">\n<div>\n<div style=\"background-color: #f4f4f4;border-radius: 50%;height: 12.5px;width: 12.5px\"><\/div>\n<div style=\"background-color: #f4f4f4;height: 12.5px;width: 12.5px;flex-grow: 0;margin-right: 14px;margin-left: 2px\"><\/div>\n<div style=\"background-color: #f4f4f4;border-radius: 50%;height: 12.5px;width: 12.5px\"><\/div>\n<\/div>\n<div style=\"margin-left: 8px\">\n<div style=\"background-color: #f4f4f4;border-radius: 50%;flex-grow: 0;height: 20px;width: 20px\"><\/div>\n<div style=\"width: 0;height: 0;border-top: 2px solid transparent;border-left: 6px solid #f4f4f4;border-bottom: 2px solid transparent\"><\/div>\n<\/div>\n<div style=\"margin-left: auto\">\n<div style=\"width: 0px;border-top: 8px solid #F4F4F4;border-right: 8px solid transparent\"><\/div>\n<div style=\"background-color: #f4f4f4;flex-grow: 0;height: 12px;width: 16px\"><\/div>\n<div style=\"width: 0;height: 0;border-top: 8px solid #F4F4F4;border-left: 8px solid transparent\"><\/div>\n<\/div>\n<\/div>\n<div style=\"flex-direction: column;flex-grow: 1;justify-content: center;margin-bottom: 24px\">\n<div style=\"background-color: #f4f4f4;border-radius: 4px;flex-grow: 0;height: 14px;margin-bottom: 6px;width: 224px\"><\/div>\n<div style=\"background-color: #f4f4f4;border-radius: 4px;flex-grow: 0;height: 14px;width: 144px\"><\/div>\n<\/div>\n<p>&nbsp;<\/p>\n<p style=\"color: #c9c8cd;font-family: Arial,sans-serif;font-size: 14px;line-height: 17px;margin-bottom: 0;margin-top: 8px;overflow: hidden;padding: 8px 0 7px;text-align: center\"><a style=\"color: #c9c8cd;font-family: Arial,sans-serif;font-size: 14px;font-style: normal;font-weight: normal;line-height: 17px;text-decoration: none\" href=\"https:\/\/www.instagram.com\/p\/DHQY_DLMjIw\/?utm_source=ig_embed&amp;utm_campaign=loading\" target=\"_blank\" rel=\"noopener\">Une publication partag\u00e9e par \ud835\udc6b\ud835\udc86\u0301\ud835\udc91\ud835\udc82\ud835\udc93\ud835\udc95\ud835\udc86\ud835\udc8e\ud835\udc86\ud835\udc8f\ud835\udc95 \ud835\udc85\ud835\udc96 \ud835\udc7d\ud835\udc82\ud835\udc93 \ud83e\udebb (@departementduvar)<\/a><\/p>\n<\/div>\n<\/blockquote>\n<p>Non loin de l\u00e0, Le Castellet, <strong>perch\u00e9 \u00e0 300 m\u00e8tres d&#8217;altitude<\/strong>, fait office de v\u00e9ritable sentinelle du Var. Ce village m\u00e9di\u00e9val est non seulement r\u00e9put\u00e9 pour ses rues pav\u00e9es et ses maisons anciennes, mais aussi pour abriter le c\u00e9l\u00e8bre circuit automobile Paul Ricard, un lieu pris\u00e9 par les passionn\u00e9s de sport m\u00e9canique.<\/p>\n<blockquote class=\"instagram-media\" style=\"background: #FFF;border: 0;border-radius: 3px;margin: 1px;max-width: 540px;min-width: 326px;padding: 0;width: calc(100% - 2px)\" data-instgrm-permalink=\"https:\/\/www.instagram.com\/p\/DG3Pwusqt4f\/?utm_source=ig_embed&amp;utm_campaign=loading\" data-instgrm-version=\"14\">\n<div style=\"padding: 16px\">\n<p>&nbsp;<\/p>\n<div style=\"flex-direction: row;align-items: center\">\n<div style=\"background-color: #f4f4f4;border-radius: 50%;flex-grow: 0;height: 40px;margin-right: 14px;width: 40px\"><\/div>\n<div style=\"flex-direction: column;flex-grow: 1;justify-content: center\">\n<div style=\"background-color: #f4f4f4;border-radius: 4px;flex-grow: 0;height: 14px;margin-bottom: 6px;width: 100px\"><\/div>\n<div style=\"background-color: #f4f4f4;border-radius: 4px;flex-grow: 0;height: 14px;width: 60px\"><\/div>\n<\/div>\n<\/div>\n<div style=\"padding: 19% 0\"><\/div>\n<div style=\"height: 50px;margin: 0 auto 12px;width: 50px\"><\/div>\n<div style=\"padding-top: 8px\">\n<div style=\"color: #3897f0;font-family: Arial,sans-serif;font-size: 14px;font-style: normal;font-weight: 550;line-height: 18px\">Voir cette publication sur Instagram<\/div>\n<\/div>\n<div style=\"padding: 12.5% 0\"><\/div>\n<div style=\"flex-direction: row;margin-bottom: 14px;align-items: center\">\n<div>\n<div style=\"background-color: #f4f4f4;border-radius: 50%;height: 12.5px;width: 12.5px\"><\/div>\n<div style=\"background-color: #f4f4f4;height: 12.5px;width: 12.5px;flex-grow: 0;margin-right: 14px;margin-left: 2px\"><\/div>\n<div style=\"background-color: #f4f4f4;border-radius: 50%;height: 12.5px;width: 12.5px\"><\/div>\n<\/div>\n<div style=\"margin-left: 8px\">\n<div style=\"background-color: #f4f4f4;border-radius: 50%;flex-grow: 0;height: 20px;width: 20px\"><\/div>\n<div style=\"width: 0;height: 0;border-top: 2px solid transparent;border-left: 6px solid #f4f4f4;border-bottom: 2px solid transparent\"><\/div>\n<\/div>\n<div style=\"margin-left: auto\">\n<div style=\"width: 0px;border-top: 8px solid #F4F4F4;border-right: 8px solid transparent\"><\/div>\n<div style=\"background-color: #f4f4f4;flex-grow: 0;height: 12px;width: 16px\"><\/div>\n<div style=\"width: 0;height: 0;border-top: 8px solid #F4F4F4;border-left: 8px solid transparent\"><\/div>\n<\/div>\n<\/div>\n<div style=\"flex-direction: column;flex-grow: 1;justify-content: center;margin-bottom: 24px\">\n<div style=\"background-color: #f4f4f4;border-radius: 4px;flex-grow: 0;height: 14px;margin-bottom: 6px;width: 224px\"><\/div>\n<div style=\"background-color: #f4f4f4;border-radius: 4px;flex-grow: 0;height: 14px;width: 144px\"><\/div>\n<\/div>\n<p>&nbsp;<\/p>\n<p style=\"color: #c9c8cd;font-family: Arial,sans-serif;font-size: 14px;line-height: 17px;margin-bottom: 0;margin-top: 8px;overflow: hidden;padding: 8px 0 7px;text-align: center\"><a style=\"color: #c9c8cd;font-family: Arial,sans-serif;font-size: 14px;font-style: normal;font-weight: normal;line-height: 17px;text-decoration: none\" href=\"https:\/\/www.instagram.com\/p\/DG3Pwusqt4f\/?utm_source=ig_embed&amp;utm_campaign=loading\" target=\"_blank\" rel=\"noopener\">Une publication partag\u00e9e par Les Plus Beaux Villages \ud83c\uddeb\ud83c\uddf7 (@lesplusbeauxvillagesdefrance)<\/a><\/p>\n<\/div>\n<\/blockquote>\n<p>Tourtour, surnomm\u00e9 le \u00ab <strong>village dans le ciel<\/strong> \u00bb, est un autre incontournable. Situ\u00e9 \u00e0 plus de 600 m\u00e8tres d\u2019altitude, il offre une vue imprenable sur les plaines de la Provence. Ce village a su allier modernit\u00e9 et tradition, avec ses fontaines et son charmant vieux centre.<\/p>\n<blockquote class=\"instagram-media\" style=\"background: #FFF;border: 0;border-radius: 3px;margin: 1px;max-width: 540px;min-width: 326px;padding: 0;width: calc(100% - 2px)\" data-instgrm-permalink=\"https:\/\/www.instagram.com\/p\/CRsAWJkpHBn\/?utm_source=ig_embed&amp;utm_campaign=loading\" data-instgrm-version=\"14\">\n<div style=\"padding: 16px\">\n<p>&nbsp;<\/p>\n<div style=\"flex-direction: row;align-items: center\">\n<div style=\"background-color: #f4f4f4;border-radius: 50%;flex-grow: 0;height: 40px;margin-right: 14px;width: 40px\"><\/div>\n<div style=\"flex-direction: column;flex-grow: 1;justify-content: center\">\n<div style=\"background-color: #f4f4f4;border-radius: 4px;flex-grow: 0;height: 14px;margin-bottom: 6px;width: 100px\"><\/div>\n<div style=\"background-color: #f4f4f4;border-radius: 4px;flex-grow: 0;height: 14px;width: 60px\"><\/div>\n<\/div>\n<\/div>\n<div style=\"padding: 19% 0\"><\/div>\n<div style=\"height: 50px;margin: 0 auto 12px;width: 50px\"><\/div>\n<div style=\"padding-top: 8px\">\n<div style=\"color: #3897f0;font-family: Arial,sans-serif;font-size: 14px;font-style: normal;font-weight: 550;line-height: 18px\">Voir cette publication sur Instagram<\/div>\n<\/div>\n<div style=\"padding: 12.5% 0\"><\/div>\n<div style=\"flex-direction: row;margin-bottom: 14px;align-items: center\">\n<div>\n<div style=\"background-color: #f4f4f4;border-radius: 50%;height: 12.5px;width: 12.5px\"><\/div>\n<div style=\"background-color: #f4f4f4;height: 12.5px;width: 12.5px;flex-grow: 0;margin-right: 14px;margin-left: 2px\"><\/div>\n<div style=\"background-color: #f4f4f4;border-radius: 50%;height: 12.5px;width: 12.5px\"><\/div>\n<\/div>\n<div style=\"margin-left: 8px\">\n<div style=\"background-color: #f4f4f4;border-radius: 50%;flex-grow: 0;height: 20px;width: 20px\"><\/div>\n<div style=\"width: 0;height: 0;border-top: 2px solid transparent;border-left: 6px solid #f4f4f4;border-bottom: 2px solid transparent\"><\/div>\n<\/div>\n<div style=\"margin-left: auto\">\n<div style=\"width: 0px;border-top: 8px solid #F4F4F4;border-right: 8px solid transparent\"><\/div>\n<div style=\"background-color: #f4f4f4;flex-grow: 0;height: 12px;width: 16px\"><\/div>\n<div style=\"width: 0;height: 0;border-top: 8px solid #F4F4F4;border-left: 8px solid transparent\"><\/div>\n<\/div>\n<\/div>\n<div style=\"flex-direction: column;flex-grow: 1;justify-content: center;margin-bottom: 24px\">\n<div style=\"background-color: #f4f4f4;border-radius: 4px;flex-grow: 0;height: 14px;margin-bottom: 6px;width: 224px\"><\/div>\n<div style=\"background-color: #f4f4f4;border-radius: 4px;flex-grow: 0;height: 14px;width: 144px\"><\/div>\n<\/div>\n<p>&nbsp;<\/p>\n<p style=\"color: #c9c8cd;font-family: Arial,sans-serif;font-size: 14px;line-height: 17px;margin-bottom: 0;margin-top: 8px;overflow: hidden;padding: 8px 0 7px;text-align: center\"><a style=\"color: #c9c8cd;font-family: Arial,sans-serif;font-size: 14px;font-style: normal;font-weight: normal;line-height: 17px;text-decoration: none\" href=\"https:\/\/www.instagram.com\/p\/CRsAWJkpHBn\/?utm_source=ig_embed&amp;utm_campaign=loading\" target=\"_blank\" rel=\"noopener\">Une publication partag\u00e9e par Sand Drine Dpt (@sandriiiinette)<\/a><\/p>\n<\/div>\n<\/blockquote>\n<h2>Un d\u00e9partement tr\u00e8s appr\u00e9ci\u00e9 par les vacanciers<\/h2>\n<p>Le Var est devenu au fil des ans une <strong>destination de choix pour les vacanciers<\/strong>, notamment en \u00e9t\u00e9. En 2024, le d\u00e9partement a connu une augmentation significative de sa fr\u00e9quentation, avec 83 millions de nuit\u00e9es enregistr\u00e9es. Une client\u00e8le majoritairement fran\u00e7aise (70 %), mais aussi internationale, en particulier des Allemands et N\u00e9erlandais, a contribu\u00e9 \u00e0 ce succ\u00e8s. La diversit\u00e9 de ses paysages et la richesse de son patrimoine culturel attirent les touristes en qu\u00eate d\u2019aventure, de nature et de d\u00e9tente.<\/p>\n<p>Les villages du Var, bien que moins connus que des destinations comme <a href=\"https:\/\/discover.ulysse.com\/oubliez-saint-tropez-ville-a-10-km-moins-chere\">Saint-Tropez<\/a>, offrent pourtant une exp\u00e9rience tout aussi unique. Seillans, avec ses ruelles pav\u00e9es, ses passages vo\u00fbt\u00e9s et ses terrains viticoles, semble suspendu dans le temps, tandis que <a href=\"https:\/\/discover.ulysse.com\/saint-tropez-ville-ideale-retraite-soleil\">Bormes-les-Mimosas<\/a>, la \u00ab <strong>capitale du mimosa<\/strong> \u00bb, s\u00e9duit par son c\u00f4t\u00e9 m\u00e9diterran\u00e9en et son climat doux, propice \u00e0 la culture des fleurs.<\/p>\n<blockquote class=\"instagram-media\" style=\"background: #FFF;border: 0;border-radius: 3px;margin: 1px;max-width: 540px;min-width: 326px;padding: 0;width: calc(100% - 2px)\" data-instgrm-permalink=\"https:\/\/www.instagram.com\/p\/DDUDDeLuzsu\/?utm_source=ig_embed&amp;utm_campaign=loading\" data-instgrm-version=\"14\">\n<div style=\"padding: 16px\">\n<p>&nbsp;<\/p>\n<div style=\"flex-direction: row;align-items: center\">\n<div style=\"background-color: #f4f4f4;border-radius: 50%;flex-grow: 0;height: 40px;margin-right: 14px;width: 40px\"><\/div>\n<div style=\"flex-direction: column;flex-grow: 1;justify-content: center\">\n<div style=\"background-color: #f4f4f4;border-radius: 4px;flex-grow: 0;height: 14px;margin-bottom: 6px;width: 100px\"><\/div>\n<div style=\"background-color: #f4f4f4;border-radius: 4px;flex-grow: 0;height: 14px;width: 60px\"><\/div>\n<\/div>\n<\/div>\n<div style=\"padding: 19% 0\"><\/div>\n<div style=\"height: 50px;margin: 0 auto 12px;width: 50px\"><\/div>\n<div style=\"padding-top: 8px\">\n<div style=\"color: #3897f0;font-family: Arial,sans-serif;font-size: 14px;font-style: normal;font-weight: 550;line-height: 18px\">Voir cette publication sur Instagram<\/div>\n<\/div>\n<div style=\"padding: 12.5% 0\"><\/div>\n<div style=\"flex-direction: row;margin-bottom: 14px;align-items: center\">\n<div>\n<div style=\"background-color: #f4f4f4;border-radius: 50%;height: 12.5px;width: 12.5px\"><\/div>\n<div style=\"background-color: #f4f4f4;height: 12.5px;width: 12.5px;flex-grow: 0;margin-right: 14px;margin-left: 2px\"><\/div>\n<div style=\"background-color: #f4f4f4;border-radius: 50%;height: 12.5px;width: 12.5px\"><\/div>\n<\/div>\n<div style=\"margin-left: 8px\">\n<div style=\"background-color: #f4f4f4;border-radius: 50%;flex-grow: 0;height: 20px;width: 20px\"><\/div>\n<div style=\"width: 0;height: 0;border-top: 2px solid transparent;border-left: 6px solid #f4f4f4;border-bottom: 2px solid transparent\"><\/div>\n<\/div>\n<div style=\"margin-left: auto\">\n<div style=\"width: 0px;border-top: 8px solid #F4F4F4;border-right: 8px solid transparent\"><\/div>\n<div style=\"background-color: #f4f4f4;flex-grow: 0;height: 12px;width: 16px\"><\/div>\n<div style=\"width: 0;height: 0;border-top: 8px solid #F4F4F4;border-left: 8px solid transparent\"><\/div>\n<\/div>\n<\/div>\n<div style=\"flex-direction: column;flex-grow: 1;justify-content: center;margin-bottom: 24px\">\n<div style=\"background-color: #f4f4f4;border-radius: 4px;flex-grow: 0;height: 14px;margin-bottom: 6px;width: 224px\"><\/div>\n<div style=\"background-color: #f4f4f4;border-radius: 4px;flex-grow: 0;height: 14px;width: 144px\"><\/div>\n<\/div>\n<p>&nbsp;<\/p>\n<p style=\"color: #c9c8cd;font-family: Arial,sans-serif;font-size: 14px;line-height: 17px;margin-bottom: 0;margin-top: 8px;overflow: hidden;padding: 8px 0 7px;text-align: center\"><a style=\"color: #c9c8cd;font-family: Arial,sans-serif;font-size: 14px;font-style: normal;font-weight: normal;line-height: 17px;text-decoration: none\" href=\"https:\/\/www.instagram.com\/p\/DDUDDeLuzsu\/?utm_source=ig_embed&amp;utm_campaign=loading\" target=\"_blank\" rel=\"noopener\">Une publication partag\u00e9e par \ud835\udc6b\ud835\udc86\u0301\ud835\udc91\ud835\udc82\ud835\udc93\ud835\udc95\ud835\udc86\ud835\udc8e\ud835\udc86\ud835\udc8f\ud835\udc95 \ud835\udc85\ud835\udc96 \ud835\udc7d\ud835\udc82\ud835\udc93 \ud83e\udebb (@departementduvar)<\/a><\/p>\n<\/div>\n<\/blockquote>\n<h2>Une exp\u00e9rience immersive dans l\u2019authenticit\u00e9 proven\u00e7ale<\/h2>\n<p>Chaque village du Var poss\u00e8de <strong>un caract\u00e8re distinctif<\/strong>, mais tous ont en commun leur ancrage profond dans la tradition proven\u00e7ale. <a href=\"https:\/\/discover.ulysse.com\/villages-nomines-titre-village-prefere-des-francais-2024-selon-lonely-planet\">Gassin<\/a>, par exemple, se distingue par son emplacement exceptionnel, avec une vue panoramique sur la presqu\u2019\u00eele de Saint-Tropez et les Maures. Ce village m\u00e9di\u00e9val offre une atmosph\u00e8re de calme et d\u2019intimit\u00e9, loin des foules touristiques habituelles. Son march\u00e9 proven\u00e7al, o\u00f9 l\u2019on trouve des produits locaux tels que le miel, les olives et le fromage de ch\u00e8vre, attire ceux en qu\u00eate de saveurs authentiques.<\/p>\n<blockquote class=\"instagram-media\" style=\"background: #FFF;border: 0;border-radius: 3px;margin: 1px;max-width: 540px;min-width: 326px;padding: 0;width: calc(100% - 2px)\" data-instgrm-permalink=\"https:\/\/www.instagram.com\/p\/C30XzKYKGnX\/?utm_source=ig_embed&amp;utm_campaign=loading\" data-instgrm-version=\"14\">\n<div style=\"padding: 16px\">\n<p>&nbsp;<\/p>\n<div style=\"flex-direction: row;align-items: center\">\n<div style=\"background-color: #f4f4f4;border-radius: 50%;flex-grow: 0;height: 40px;margin-right: 14px;width: 40px\"><\/div>\n<div style=\"flex-direction: column;flex-grow: 1;justify-content: center\">\n<div style=\"background-color: #f4f4f4;border-radius: 4px;flex-grow: 0;height: 14px;margin-bottom: 6px;width: 100px\"><\/div>\n<div style=\"background-color: #f4f4f4;border-radius: 4px;flex-grow: 0;height: 14px;width: 60px\"><\/div>\n<\/div>\n<\/div>\n<div style=\"padding: 19% 0\"><\/div>\n<div style=\"height: 50px;margin: 0 auto 12px;width: 50px\"><\/div>\n<div style=\"padding-top: 8px\">\n<div style=\"color: #3897f0;font-family: Arial,sans-serif;font-size: 14px;font-style: normal;font-weight: 550;line-height: 18px\">Voir cette publication sur Instagram<\/div>\n<\/div>\n<div style=\"padding: 12.5% 0\"><\/div>\n<div style=\"flex-direction: row;margin-bottom: 14px;align-items: center\">\n<div>\n<div style=\"background-color: #f4f4f4;border-radius: 50%;height: 12.5px;width: 12.5px\"><\/div>\n<div style=\"background-color: #f4f4f4;height: 12.5px;width: 12.5px;flex-grow: 0;margin-right: 14px;margin-left: 2px\"><\/div>\n<div style=\"background-color: #f4f4f4;border-radius: 50%;height: 12.5px;width: 12.5px\"><\/div>\n<\/div>\n<div style=\"margin-left: 8px\">\n<div style=\"background-color: #f4f4f4;border-radius: 50%;flex-grow: 0;height: 20px;width: 20px\"><\/div>\n<div style=\"width: 0;height: 0;border-top: 2px solid transparent;border-left: 6px solid #f4f4f4;border-bottom: 2px solid transparent\"><\/div>\n<\/div>\n<div style=\"margin-left: auto\">\n<div style=\"width: 0px;border-top: 8px solid #F4F4F4;border-right: 8px solid transparent\"><\/div>\n<div style=\"background-color: #f4f4f4;flex-grow: 0;height: 12px;width: 16px\"><\/div>\n<div style=\"width: 0;height: 0;border-top: 8px solid #F4F4F4;border-left: 8px solid transparent\"><\/div>\n<\/div>\n<\/div>\n<div style=\"flex-direction: column;flex-grow: 1;justify-content: center;margin-bottom: 24px\">\n<div style=\"background-color: #f4f4f4;border-radius: 4px;flex-grow: 0;height: 14px;margin-bottom: 6px;width: 224px\"><\/div>\n<div style=\"background-color: #f4f4f4;border-radius: 4px;flex-grow: 0;height: 14px;width: 144px\"><\/div>\n<\/div>\n<p>&nbsp;<\/p>\n<p style=\"color: #c9c8cd;font-family: Arial,sans-serif;font-size: 14px;line-height: 17px;margin-bottom: 0;margin-top: 8px;overflow: hidden;padding: 8px 0 7px;text-align: center\"><a style=\"color: #c9c8cd;font-family: Arial,sans-serif;font-size: 14px;font-style: normal;font-weight: normal;line-height: 17px;text-decoration: none\" href=\"https:\/\/www.instagram.com\/p\/C30XzKYKGnX\/?utm_source=ig_embed&amp;utm_campaign=loading\" target=\"_blank\" rel=\"noopener\">Une publication partag\u00e9e par Le Var (@levarlunique)<\/a><\/p>\n<\/div>\n<\/blockquote>\n<p>Le Var, avec ses villages typiques, repr\u00e9sente <strong>une \u00e9chapp\u00e9e belle<\/strong> pour ceux qui veulent s\u2019\u00e9loigner des destinations touristiques classiques. Ces sept joyaux sont un v\u00e9ritable appel \u00e0 la d\u00e9couverte de la culture et du mode de vie proven\u00e7aux. Entre randonn\u00e9e, d\u00e9gustations de vin, visite de ch\u00e2teaux m\u00e9di\u00e9vaux et baignades dans des eaux cristallines, chaque instant pass\u00e9 dans le Var est <strong>une invitation \u00e0 se reconnecter avec la nature et l\u2019histoire<\/strong>.<\/p>\n<h2>Pourquoi ces villages sont-ils encore un secret bien gard\u00e9 ?<\/h2>\n<p>Malgr\u00e9 leur classement parmi les <strong data-start=\"166\" data-end=\"199\">Plus Beaux Villages de France<\/strong>, ces sept joyaux \u2013 Cotignac, Le Castellet, Seillans, Tourtour, Gassin, Bormes-les-Mimosas et Berg\u00e8me \u2013 restent souvent dans l&#8217;ombre des destinations plus pris\u00e9es du Var. Leur <strong>\u00e9loignement relatif des grandes stations baln\u00e9aires<\/strong> et leur position g\u00e9ographique moins centrale ont contribu\u00e9 \u00e0 leur pr\u00e9servation.<\/p>\n<p>Dans un d\u00e9partement encore pr\u00e9serv\u00e9 du <a href=\"https:\/\/discover.ulysse.com\/loin-tourisme-de-masse-station-balneaire\">tourisme de masse<\/a>, ces villages offrent une exp\u00e9rience intime et authentique, loin des foules. Bien que de plus en plus reconnus pour leur patrimoine, ils conservent un <strong>caract\u00e8re secret et pr\u00e9serv\u00e9<\/strong>, id\u00e9al pour ceux en qu\u00eate de tranquillit\u00e9 et d&#8217;authenticit\u00e9.<\/p>\n<blockquote class=\"instagram-media\" style=\"background: #FFF;border: 0;border-radius: 3px;margin: 1px;max-width: 540px;min-width: 326px;padding: 0;width: calc(100% - 2px)\" data-instgrm-permalink=\"https:\/\/www.instagram.com\/p\/DCY0xFtPei9\/?utm_source=ig_embed&amp;utm_campaign=loading\" data-instgrm-version=\"14\">\n<div style=\"padding: 16px\">\n<p>&nbsp;<\/p>\n<div style=\"flex-direction: row;align-items: center\">\n<div style=\"background-color: #f4f4f4;border-radius: 50%;flex-grow: 0;height: 40px;margin-right: 14px;width: 40px\"><\/div>\n<div style=\"flex-direction: column;flex-grow: 1;justify-content: center\">\n<div style=\"background-color: #f4f4f4;border-radius: 4px;flex-grow: 0;height: 14px;margin-bottom: 6px;width: 100px\"><\/div>\n<div style=\"background-color: #f4f4f4;border-radius: 4px;flex-grow: 0;height: 14px;width: 60px\"><\/div>\n<\/div>\n<\/div>\n<div style=\"padding: 19% 0\"><\/div>\n<div style=\"height: 50px;margin: 0 auto 12px;width: 50px\"><\/div>\n<div style=\"padding-top: 8px\">\n<div style=\"color: #3897f0;font-family: Arial,sans-serif;font-size: 14px;font-style: normal;font-weight: 550;line-height: 18px\">Voir cette publication sur Instagram<\/div>\n<\/div>\n<div style=\"padding: 12.5% 0\"><\/div>\n<div style=\"flex-direction: row;margin-bottom: 14px;align-items: center\">\n<div>\n<div style=\"background-color: #f4f4f4;border-radius: 50%;height: 12.5px;width: 12.5px\"><\/div>\n<div style=\"background-color: #f4f4f4;height: 12.5px;width: 12.5px;flex-grow: 0;margin-right: 14px;margin-left: 2px\"><\/div>\n<div style=\"background-color: #f4f4f4;border-radius: 50%;height: 12.5px;width: 12.5px\"><\/div>\n<\/div>\n<div style=\"margin-left: 8px\">\n<div style=\"background-color: #f4f4f4;border-radius: 50%;flex-grow: 0;height: 20px;width: 20px\"><\/div>\n<div style=\"width: 0;height: 0;border-top: 2px solid transparent;border-left: 6px solid #f4f4f4;border-bottom: 2px solid transparent\"><\/div>\n<\/div>\n<div style=\"margin-left: auto\">\n<div style=\"width: 0px;border-top: 8px solid #F4F4F4;border-right: 8px solid transparent\"><\/div>\n<div style=\"background-color: #f4f4f4;flex-grow: 0;height: 12px;width: 16px\"><\/div>\n<div style=\"width: 0;height: 0;border-top: 8px solid #F4F4F4;border-left: 8px solid transparent\"><\/div>\n<\/div>\n<\/div>\n<div style=\"flex-direction: column;flex-grow: 1;justify-content: center;margin-bottom: 24px\">\n<div style=\"background-color: #f4f4f4;border-radius: 4px;flex-grow: 0;height: 14px;margin-bottom: 6px;width: 224px\"><\/div>\n<div style=\"background-color: #f4f4f4;border-radius: 4px;flex-grow: 0;height: 14px;width: 144px\"><\/div>\n<\/div>\n<p>&nbsp;<\/p>\n<p style=\"color: #c9c8cd;font-family: Arial,sans-serif;font-size: 14px;line-height: 17px;margin-bottom: 0;margin-top: 8px;overflow: hidden;padding: 8px 0 7px;text-align: center\"><a style=\"color: #c9c8cd;font-family: Arial,sans-serif;font-size: 14px;font-style: normal;font-weight: normal;line-height: 17px;text-decoration: none\" href=\"https:\/\/www.instagram.com\/p\/DCY0xFtPei9\/?utm_source=ig_embed&amp;utm_campaign=loading\" target=\"_blank\" rel=\"noopener\">Une publication partag\u00e9e par \ud835\udc6b\ud835\udc86\u0301\ud835\udc91\ud835\udc82\ud835\udc93\ud835\udc95\ud835\udc86\ud835\udc8e\ud835\udc86\ud835\udc8f\ud835\udc95 \ud835\udc85\ud835\udc96 \ud835\udc7d\ud835\udc82\ud835\udc93 \ud83e\udebb (@departementduvar)<\/a><\/p>\n<\/div>\n<\/blockquote>\n<h2>Le Var, un incontournable pour les amoureux de la France<\/h2>\n<p>En r\u00e9sum\u00e9, le Var offre bien plus que ses plages et ses grandes stations baln\u00e9aires. Derri\u00e8re les paysages de cartes postales se cachent <strong>des villages d\u2019exception<\/strong> qui m\u00e9ritent le d\u00e9tour. Alors, si vous \u00eates \u00e0 la recherche d\u2019un lieu hors des sentiers battus, o\u00f9 l\u2019authenticit\u00e9 et la beaut\u00e9 se conjuguent, n\u2019h\u00e9sitez plus \u00e0 d\u00e9couvrir ces sept Plus Beaux Villages de France. Ils vous surprendront par leur charme et vous feront red\u00e9couvrir une facette m\u00e9connue de la Provence.<\/p>\n","protected":false},"excerpt":{"rendered":"<p>Lorsque l\u2019on pense aux Plus Beaux Villages de France, notre esprit se tourne souvent vers les c\u00e9l\u00e8bres destinations comme les [&hellip;]<\/p>\n","protected":false},"author":3,"featured_media":26930,"comment_status":"open","ping_status":"closed","sticky":false,"template":"","format":"standard","meta":{"_acf_changed":false,"_sitemap_exclude":false,"_sitemap_priority":"","_sitemap_frequency":"","footnotes":"","rank_math_title":"","rank_math_description":"Certains tr\u00e9sors de la Provence se cachaient dans des villages m\u00e9connus. D\u00e9couvrez les 7 joyaux du Var, class\u00e9s parmi les Plus Beaux de France.","rank_math_canonical_url":"","rank_math_focus_keyword":"village"},"categories":[3],"tags":[],"class_list":["post-26928","post","type-post","status-publish","format-standard","has-post-thumbnail","hentry","category-voyage"],"acf":[],"_links":{"self":[{"href":"https:\/\/ulysse.com\/news\/wp-json\/wp\/v2\/posts\/26928","targetHints":{"allow":["GET"]}}],"collection":[{"href":"https:\/\/ulysse.com\/news\/wp-json\/wp\/v2\/posts"}],"about":[{"href":"https:\/\/ulysse.com\/news\/wp-json\/wp\/v2\/types\/post"}],"author":[{"embeddable":true,"href":"https:\/\/ulysse.com\/news\/wp-json\/wp\/v2\/users\/3"}],"replies":[{"embeddable":true,"href":"https:\/\/ulysse.com\/news\/wp-json\/wp\/v2\/comments?post=26928"}],"version-history":[{"count":4,"href":"https:\/\/ulysse.com\/news\/wp-json\/wp\/v2\/posts\/26928\/revisions"}],"predecessor-version":[{"id":26986,"href":"https:\/\/ulysse.com\/news\/wp-json\/wp\/v2\/posts\/26928\/revisions\/26986"}],"wp:featuredmedia":[{"embeddable":true,"href":"https:\/\/ulysse.com\/news\/wp-json\/wp\/v2\/media\/26930"}],"wp:attachment":[{"href":"https:\/\/ulysse.com\/news\/wp-json\/wp\/v2\/media?parent=26928"}],"wp:term":[{"taxonomy":"category","embeddable":true,"href":"https:\/\/ulysse.com\/news\/wp-json\/wp\/v2\/categories?post=26928"},{"taxonomy":"post_tag","embeddable":true,"href":"https:\/\/ulysse.com\/news\/wp-json\/wp\/v2\/tags?post=26928"}],"curies":[{"name":"wp","href":"https:\/\/api.w.org\/{rel}","templated":true}]}}