{"id":26937,"date":"2025-03-17T19:00:17","date_gmt":"2025-03-17T18:00:17","guid":{"rendered":"https:\/\/discover.ulysse.com\/?p=26937"},"modified":"2025-03-17T12:35:58","modified_gmt":"2025-03-17T11:35:58","slug":"etats-unis-rayer-cette-destination-bucket-list","status":"publish","type":"post","link":"https:\/\/ulysse.com\/news\/etats-unis-rayer-cette-destination-bucket-list","title":{"rendered":"\u00c9tats-Unis : faut-il vraiment rayer cette destination de votre bucket list ?"},"content":{"rendered":"<p>Les \u00c9tats-Unis, autrefois une destination phare pour les voyageurs fran\u00e7ais, connaissent un d\u00e9clin notable dans l\u2019attrait qu\u2019ils exercent. Selon une \u00e9tude r\u00e9cente du cabinet ProTourisme, les projets de voyage vers les \u00c9tats-Unis ont chut\u00e9 de 25 % par rapport \u00e0 l\u2019an dernier. Ce ph\u00e9nom\u00e8ne s\u2019explique par des facteurs \u00e9conomiques, mais aussi par des perceptions nouvelles concernant la destination. Ce recul soul\u00e8ve une question cruciale : faut-il vraiment rayer les \u00c9tats-Unis de votre bucket list ? Exploration des raisons de cette d\u00e9saffection et des alternatives possibles pour vos prochaines vacances.<\/p>\n<h2>L&#8217;impact de la politique et de l&#8217;image des \u00c9tats-Unis<\/h2>\n<p>Depuis l\u2019arriv\u00e9e de Donald Trump \u00e0 la Maison Blanche, l\u2019image des \u00c9tats-Unis a \u00e9t\u00e9 profond\u00e9ment marqu\u00e9e par des changements politiques radicaux. Ces derni\u00e8res ann\u00e9es, la politique \u00e9trang\u00e8re am\u00e9ricaine, marqu\u00e9e par des positions souvent controvers\u00e9es, a <strong>affect\u00e9 l\u2019attractivit\u00e9 de la destination<\/strong>. Nombreux sont les voyageurs fran\u00e7ais qui expriment une r\u00e9ticence \u00e0 soutenir ou cautionner les d\u00e9cisions politiques des \u00c9tats-Unis en visitant le pays. Certains voyageurs \u00e9voquent m\u00eame un<strong> sentiment d\u2019inconfort<\/strong> face \u00e0 l\u2019hostilit\u00e9 per\u00e7ue \u00e0 l\u2019\u00e9gard des \u00e9trangers, une tendance qui semble s\u2019\u00eatre accentu\u00e9e sous la pr\u00e9sidence de Trump et au-del\u00e0.<\/p>\n<p>Il faut aussi prendre en compte l\u2019image d\u2019un pays dont les<strong> tensions internes<\/strong>, que ce soit au niveau racial ou social, sont r\u00e9guli\u00e8rement m\u00e9diatis\u00e9es. De tels aspects peuvent dissuader certains voyageurs de choisir cette destination, surtout lorsque les tensions politiques se transforment en perceptions n\u00e9gatives du climat g\u00e9n\u00e9ral du pays.<\/p>\n<blockquote class=\"instagram-media\" style=\"background: #FFF; border: 0; border-radius: 3px; margin: 1px; max-width: 540px; min-width: 326px; padding: 0; width: calc(100% - 2px);\" data-instgrm-permalink=\"https:\/\/www.instagram.com\/reel\/C86kFuCCS2T\/?utm_source=ig_embed&amp;utm_campaign=loading\" data-instgrm-version=\"14\">\n<div style=\"padding: 16px;\">\n<p>&nbsp;<\/p>\n<div style=\"flex-direction: row; align-items: center;\">\n<div style=\"background-color: #f4f4f4; border-radius: 50%; flex-grow: 0; height: 40px; margin-right: 14px; width: 40px;\"><\/div>\n<div style=\"flex-direction: column; flex-grow: 1; justify-content: center;\">\n<div style=\"background-color: #f4f4f4; border-radius: 4px; flex-grow: 0; height: 14px; margin-bottom: 6px; width: 100px;\"><\/div>\n<div style=\"background-color: #f4f4f4; border-radius: 4px; flex-grow: 0; height: 14px; width: 60px;\"><\/div>\n<\/div>\n<\/div>\n<div style=\"padding: 19% 0;\"><\/div>\n<div style=\"height: 50px; margin: 0 auto 12px; width: 50px;\"><\/div>\n<div style=\"padding-top: 8px;\">\n<div style=\"color: #3897f0; font-family: Arial,sans-serif; font-size: 14px; font-style: normal; font-weight: 550; line-height: 18px;\">Voir cette publication sur Instagram<\/div>\n<\/div>\n<div style=\"padding: 12.5% 0;\"><\/div>\n<div style=\"flex-direction: row; margin-bottom: 14px; align-items: center;\">\n<div>\n<div style=\"background-color: #f4f4f4; border-radius: 50%; height: 12.5px; width: 12.5px;\"><\/div>\n<div style=\"background-color: #f4f4f4; height: 12.5px; width: 12.5px; flex-grow: 0; margin-right: 14px; margin-left: 2px;\"><\/div>\n<div style=\"background-color: #f4f4f4; border-radius: 50%; height: 12.5px; width: 12.5px;\"><\/div>\n<\/div>\n<div style=\"margin-left: 8px;\">\n<div style=\"background-color: #f4f4f4; border-radius: 50%; flex-grow: 0; height: 20px; width: 20px;\"><\/div>\n<div style=\"width: 0; height: 0; border-top: 2px solid transparent; border-left: 6px solid #f4f4f4; border-bottom: 2px solid transparent;\"><\/div>\n<\/div>\n<div style=\"margin-left: auto;\">\n<div style=\"width: 0px; border-top: 8px solid #F4F4F4; border-right: 8px solid transparent;\"><\/div>\n<div style=\"background-color: #f4f4f4; flex-grow: 0; height: 12px; width: 16px;\"><\/div>\n<div style=\"width: 0; height: 0; border-top: 8px solid #F4F4F4; border-left: 8px solid transparent;\"><\/div>\n<\/div>\n<\/div>\n<div style=\"flex-direction: column; flex-grow: 1; justify-content: center; margin-bottom: 24px;\">\n<div style=\"background-color: #f4f4f4; border-radius: 4px; flex-grow: 0; height: 14px; margin-bottom: 6px; width: 224px;\"><\/div>\n<div style=\"background-color: #f4f4f4; border-radius: 4px; flex-grow: 0; height: 14px; width: 144px;\"><\/div>\n<\/div>\n<p>&nbsp;<\/p>\n<p style=\"color: #c9c8cd; font-family: Arial,sans-serif; font-size: 14px; line-height: 17px; margin-bottom: 0; margin-top: 8px; overflow: hidden; padding: 8px 0 7px; text-align: center;\"><a style=\"color: #c9c8cd; font-family: Arial,sans-serif; font-size: 14px; font-style: normal; font-weight: normal; line-height: 17px; text-decoration: none;\" href=\"https:\/\/www.instagram.com\/reel\/C86kFuCCS2T\/?utm_source=ig_embed&amp;utm_campaign=loading\" target=\"_blank\" rel=\"noopener\">Une publication partag\u00e9e par Bruno Maltor (@brunomaltor)<\/a><\/p>\n<\/div>\n<\/blockquote>\n<h2>La mont\u00e9e des co\u00fbts, qui repr\u00e9sente une barri\u00e8re suppl\u00e9mentaire<\/h2>\n<p>Une autre raison de cette baisse des intentions de d\u00e9part est<strong> d&#8217;ordre \u00e9conomique<\/strong>. Les <a href=\"https:\/\/discover.ulysse.com\/road-trip-etats-unis-conseils-et-astuces-se-preparer\">\u00c9tats-Unis<\/a> sont devenus une destination co\u00fbteuse, o\u00f9 le rapport qualit\u00e9\/prix devient de moins en moins favorable pour les Fran\u00e7ais. Si <a href=\"https:\/\/discover.ulysse.com\/voyages-moins-chers-new-york\">New York<\/a>, la <a href=\"https:\/\/discover.ulysse.com\/spots-de-plongee-sous-marine-decouvrir\">Californie<\/a> ou la <a href=\"https:\/\/discover.ulysse.com\/3-villes-luxe-plus-fortunes-sinstallent-2025\">Floride<\/a> \u00e9taient autrefois des incontournables pour les vacanciers, les prix des <a href=\"https:\/\/discover.ulysse.com\/air-france-nouvelle-liaison-orlando\">billets d\u2019avion<\/a>, des h\u00f4tels et des repas ont consid\u00e9rablement augment\u00e9 au fil des ans. Les voyageurs constatent que leur budget vacances est mis \u00e0 rude \u00e9preuve, avec une forte inflation qui touche particuli\u00e8rement le secteur touristique.<\/p>\n<p>En parall\u00e8le, <strong>l&#8217;euro faible par rapport au dollar<\/strong> a accentu\u00e9 l&#8217;\u00e9cart entre le budget id\u00e9al pour un s\u00e9jour aux \u00c9tats-Unis et la r\u00e9alit\u00e9 financi\u00e8re. En 2025, les d\u00e9penses pr\u00e9vues pour un voyage dans le pays semblent bien plus lourdes qu\u2019elles ne l\u2019\u00e9taient il y a quelques ann\u00e9es. Ceci repr\u00e9sente un facteur d\u00e9terminant qui incite de plus en plus de Fran\u00e7ais \u00e0 reconsid\u00e9rer leur choix de destination.<\/p>\n<blockquote class=\"twitter-tweet\">\n<p dir=\"ltr\" lang=\"fr\">&#8220;\u00c7a donne encore moins envie d\u2019y aller&#8221; :<\/p>\n<p>les Fran\u00e7ais pr\u00eats \u00e0 bouder les \u00c9tats-Unis pour les vacances ? <a href=\"https:\/\/t.co\/t1oRHT6pDN\">pic.twitter.com\/t1oRHT6pDN<\/a><\/p>\n<p>\u2014 Jamel Saber (@JamelSABER54942) <a href=\"https:\/\/twitter.com\/JamelSABER54942\/status\/1900893843563688129?ref_src=twsrc%5Etfw\" target=\"_blank\" rel=\"noopener\">March 15, 2025<\/a><\/p><\/blockquote>\n<h2>D&#8217;autres destinations plus attractives<\/h2>\n<p>\u00c0 une \u00e9poque o\u00f9 la mobilit\u00e9 est de plus en plus accessible, de nombreuses destinations internationales deviennent <strong>plus comp\u00e9titives face aux \u00c9tats-Unis<\/strong>. L\u2019Asie, l\u2019Am\u00e9rique latine ou encore certains pays europ\u00e9ens offrent d\u00e9sormais des alternatives \u00e0 la fois attractives et abordables, avec des paysages fascinants et une culture diversifi\u00e9e. Des villes comme <a href=\"https:\/\/discover.ulysse.com\/hotels-chics-et-abordables-tokyo\">Tokyo<\/a>, Barcelone ou <a href=\"https:\/\/discover.ulysse.com\/rio-de-janeiro-itineraire-decouvrir-ville-merveilleuse\">Rio de Janeiro<\/a> repr\u00e9sentent des options tout aussi captivantes, mais moins co\u00fbteuses que les grandes villes am\u00e9ricaines.<\/p>\n<p>L\u2019essor du <a href=\"https:\/\/discover.ulysse.com\/guimaraes-modele-tourisme-durable-ville\">tourisme durable<\/a> a \u00e9galement pouss\u00e9 les voyageurs \u00e0 se tourner vers des destinations plus responsables, o\u00f9 l\u2019exp\u00e9rience locale prime sur l\u2019amplitude des attractions touristiques. De plus, la crise sanitaire de la covid-19 a renforc\u00e9 la <strong>recherche de destinations plus proches<\/strong>, souvent jug\u00e9es moins risqu\u00e9es sur le plan sanitaire et logistique, par rapport \u00e0 l&#8217;attrait d\u2019un voyage long-courrier vers les \u00c9tats-Unis.<\/p>\n<h2>Que reste-t-il \u00e0 d\u00e9couvrir aux \u00c9tats-Unis en 2025 ?<\/h2>\n<p>Cela dit, les \u00c9tats-Unis ne sont pas un pays \u00e0 rayer compl\u00e8tement de votre bucket list sans r\u00e9fl\u00e9chir. Le pays reste <strong>une terre d\u2019opportunit\u00e9s<\/strong> pour les voyageurs en qu\u00eate d\u2019aventures exceptionnelles. Des <a href=\"https:\/\/discover.ulysse.com\/meilleurs-parcs-nationaux-etats-unis\">parcs nationaux<\/a> aux villes iconiques, il y a encore \u00e9norm\u00e9ment \u00e0 d\u00e9couvrir. Les \u00c9tats-Unis, c\u2019est l\u2019American Dream sous toutes ses formes : les paysages majestueux de l\u2019Utah, les plages de Californie, la vivacit\u00e9 de New York ou l\u2019ambiance unique de <a href=\"https:\/\/discover.ulysse.com\/decouverte-secrets-plus-belles-villes-monde\">la Nouvelle-Orl\u00e9ans<\/a>.<\/p>\n<p>Les \u00c9tats-Unis restent<strong> une destination fascinante<\/strong>, avec une diversit\u00e9 de cultures, d&#8217;activit\u00e9s et de paysages qui continuent de s\u00e9duire une large part de la population internationale. Cependant, pour les voyageurs fran\u00e7ais en 2025, une r\u00e9flexion plus approfondie sur les co\u00fbts, la situation politique et les alternatives propos\u00e9es par d\u2019autres destinations pourrait \u00eatre judicieuse avant de sauter le pas.<\/p>\n<blockquote class=\"twitter-tweet\">\n<p dir=\"ltr\" lang=\"fr\">Quand les \u00c9tats-Unis sous Trump deviennent un repoussoir\u2026<\/p>\n<p>\ud83d\udc49 Depuis le retour de Donald Trump \u00e0 la Maison Blanche, ces touristes fran\u00e7ais refusent de partir et annulent leur voyage aux \u00c9tats-Unis <a href=\"https:\/\/t.co\/dci9guFTlU\">pic.twitter.com\/dci9guFTlU<\/a><\/p>\n<p>\u2014 Laurent SEGNIS (@LaurentSegnis) <a href=\"https:\/\/twitter.com\/LaurentSegnis\/status\/1900458842720248238?ref_src=twsrc%5Etfw\" target=\"_blank\" rel=\"noopener\">March 14, 2025<\/a><\/p><\/blockquote>\n<h2>Finalement, faut-il rayer les \u00c9tats-Unis de votre bucket list ?<\/h2>\n<p>Loin d\u2019\u00eatre une question tranch\u00e9e, la r\u00e9ponse <strong>d\u00e9pend largement de vos priorit\u00e9s<\/strong> en tant que voyageur. Si l\u2019image du pays et les co\u00fbts \u00e9lev\u00e9s sont des \u00e9l\u00e9ments d\u00e9cisifs pour vous, il pourrait \u00eatre pertinent de revisiter vos projets et d\u2019explorer d\u2019autres horizons. En revanche, si les \u00c9tats-Unis continuent d\u2019\u00e9veiller votre curiosit\u00e9 malgr\u00e9 les d\u00e9fis, de nombreuses exp\u00e9riences authentiques et m\u00e9morables vous y attendent encore.<\/p>\n<p>Un voyage aux \u00c9tats-Unis en 2025 pourrait bien \u00eatre l\u2019occasion de <strong>d\u00e9couvrir un autre aspect de ce pays complexe<\/strong>, en repoussant les limites de votre bucket list. Alors, la d\u00e9cision vous appartient : rayer ou non les \u00c9tats-Unis de vos plans de voyage, ou simplement revoir vos attentes pour vivre cette aventure autrement.<\/p>\n","protected":false},"excerpt":{"rendered":"<p>Les \u00c9tats-Unis, autrefois une destination phare pour les voyageurs fran\u00e7ais, connaissent un d\u00e9clin notable dans l\u2019attrait qu\u2019ils exercent. Selon une [&hellip;]<\/p>\n","protected":false},"author":3,"featured_media":26938,"comment_status":"open","ping_status":"closed","sticky":false,"template":"","format":"standard","meta":{"_acf_changed":false,"_sitemap_exclude":false,"_sitemap_priority":"","_sitemap_frequency":"","footnotes":"","rank_math_title":"","rank_math_description":"Les \u00c9tats-Unis, longtemps la destination r\u00eav\u00e9e des voyageurs fran\u00e7ais, perdent de leur attractivit\u00e9. C'est ce que d\u00e9montre une \u00e9tude r\u00e9cente.","rank_math_canonical_url":"","rank_math_focus_keyword":"\u00c9tats-Unis"},"categories":[3],"tags":[],"class_list":["post-26937","post","type-post","status-publish","format-standard","has-post-thumbnail","hentry","category-voyage"],"acf":[],"_links":{"self":[{"href":"https:\/\/ulysse.com\/news\/wp-json\/wp\/v2\/posts\/26937","targetHints":{"allow":["GET"]}}],"collection":[{"href":"https:\/\/ulysse.com\/news\/wp-json\/wp\/v2\/posts"}],"about":[{"href":"https:\/\/ulysse.com\/news\/wp-json\/wp\/v2\/types\/post"}],"author":[{"embeddable":true,"href":"https:\/\/ulysse.com\/news\/wp-json\/wp\/v2\/users\/3"}],"replies":[{"embeddable":true,"href":"https:\/\/ulysse.com\/news\/wp-json\/wp\/v2\/comments?post=26937"}],"version-history":[{"count":2,"href":"https:\/\/ulysse.com\/news\/wp-json\/wp\/v2\/posts\/26937\/revisions"}],"predecessor-version":[{"id":26948,"href":"https:\/\/ulysse.com\/news\/wp-json\/wp\/v2\/posts\/26937\/revisions\/26948"}],"wp:featuredmedia":[{"embeddable":true,"href":"https:\/\/ulysse.com\/news\/wp-json\/wp\/v2\/media\/26938"}],"wp:attachment":[{"href":"https:\/\/ulysse.com\/news\/wp-json\/wp\/v2\/media?parent=26937"}],"wp:term":[{"taxonomy":"category","embeddable":true,"href":"https:\/\/ulysse.com\/news\/wp-json\/wp\/v2\/categories?post=26937"},{"taxonomy":"post_tag","embeddable":true,"href":"https:\/\/ulysse.com\/news\/wp-json\/wp\/v2\/tags?post=26937"}],"curies":[{"name":"wp","href":"https:\/\/api.w.org\/{rel}","templated":true}]}}