{"id":26964,"date":"2025-03-18T10:30:38","date_gmt":"2025-03-18T09:30:38","guid":{"rendered":"https:\/\/ulysse.com\/news\/?p=26964"},"modified":"2025-03-17T11:43:13","modified_gmt":"2025-03-17T10:43:13","slug":"mont-fuji-prix-doubler-ete","status":"publish","type":"post","link":"https:\/\/ulysse.com\/news\/mont-fuji-prix-doubler-ete","title":{"rendered":"Mont Fuji : le prix pour visiter cette merveille de la nature va doubler cet \u00e9t\u00e9"},"content":{"rendered":"<p>L&#8217;embl\u00e9matique et sacr\u00e9 <strong>Mont Fuji<\/strong>, pris\u00e9 pour ses vues spectaculaires et sa richesse culturelle, fait face \u00e0 un d\u00e9fi sans pr\u00e9c\u00e9dent : une envol\u00e9e des co\u00fbts d&#8217;acc\u00e8s qui risque de transformer l&#8217;exp\u00e9rience de cette merveille naturelle. S&#8217;articulant autour de th\u00e9matiques essentielles telles que l&#8217;augmentation significative des prix, l&#8217;impact sur le tourisme global et les strat\u00e9gies d&#8217;adaptation pour les voyageurs, nous explorerons la situation sous toutes ses facettes. Mais tranquillisez-vous, car m\u00eame face \u00e0 cette augmentation, la splendeur et la s\u00e9r\u00e9nit\u00e9 qu&#8217;offre le <strong>Mont Fuji, <\/strong>reste une aventure \u00e0 pr\u00e9server dans vos projets de voyage.<\/p>\n<h2>Mont Fuji : une merveille naturelle face \u00e0 l&#8217;augmentation des tarifs<\/h2>\n<p>D\u00e9crit comme une exp\u00e9rience transcendante, l&#8217;ascension du <strong>Mont Fuji <\/strong>est une activit\u00e9 incontournable pour les voyageurs en qu\u00eate de splendeur naturelle. Toutefois, cet \u00e9t\u00e9, les passionn\u00e9s de nature devront ajuster leur budget car <strong>le prix pour visiter cette merveille va doubler<\/strong>. Cette d\u00e9cision impacte principalement le co\u00fbt des permis d&#8217;acc\u00e8s et des guides touristiques, rendant ce joyau japonais moins accessible. Si cette nouvelle peut sembler d\u00e9courageante, il est toujours possible de planifier votre voyage en tenant compte de ce changement pour ne pas manquer ce spectacle majestueux.<\/p>\n<p>Le prix va passer \u00e0 <strong>24 euros (4000 yens)<\/strong> par personne contre<strong> 12 euros (2000 yens)<\/strong> pr\u00e9c\u00e9demment<\/p>\n<blockquote class=\"instagram-media\" style=\"background: #FFF; border: 0; border-radius: 3px; margin: 1px; max-width: 540px; min-width: 326px; padding: 0; width: calc(100% - 2px);\" data-instgrm-permalink=\"https:\/\/www.instagram.com\/p\/DFVwnoUiTht\/?utm_source=ig_embed&amp;utm_campaign=loading\" data-instgrm-version=\"14\">\n<div style=\"padding: 16px;\">\n<p>&nbsp;<\/p>\n<div style=\"flex-direction: row; align-items: center;\">\n<div style=\"background-color: #f4f4f4; border-radius: 50%; flex-grow: 0; height: 40px; margin-right: 14px; width: 40px;\"><\/div>\n<div style=\"flex-direction: column; flex-grow: 1; justify-content: center;\">\n<div style=\"background-color: #f4f4f4; border-radius: 4px; flex-grow: 0; height: 14px; margin-bottom: 6px; width: 100px;\"><\/div>\n<div style=\"background-color: #f4f4f4; border-radius: 4px; flex-grow: 0; height: 14px; width: 60px;\"><\/div>\n<\/div>\n<\/div>\n<div style=\"padding: 19% 0;\"><\/div>\n<div style=\"height: 50px; margin: 0 auto 12px; width: 50px;\"><\/div>\n<div style=\"padding-top: 8px;\">\n<div style=\"color: #3897f0; font-family: Arial,sans-serif; font-size: 14px; font-style: normal; font-weight: 550; line-height: 18px;\">Voir cette publication sur Instagram<\/div>\n<\/div>\n<div style=\"padding: 12.5% 0;\"><\/div>\n<div style=\"flex-direction: row; margin-bottom: 14px; align-items: center;\">\n<div>\n<div style=\"background-color: #f4f4f4; border-radius: 50%; height: 12.5px; width: 12.5px;\"><\/div>\n<div style=\"background-color: #f4f4f4; height: 12.5px; width: 12.5px; flex-grow: 0; margin-right: 14px; margin-left: 2px;\"><\/div>\n<div style=\"background-color: #f4f4f4; border-radius: 50%; height: 12.5px; width: 12.5px;\"><\/div>\n<\/div>\n<div style=\"margin-left: 8px;\">\n<div style=\"background-color: #f4f4f4; border-radius: 50%; flex-grow: 0; height: 20px; width: 20px;\"><\/div>\n<div style=\"width: 0; height: 0; border-top: 2px solid transparent; border-left: 6px solid #f4f4f4; border-bottom: 2px solid transparent;\"><\/div>\n<\/div>\n<div style=\"margin-left: auto;\">\n<div style=\"width: 0px; border-top: 8px solid #F4F4F4; border-right: 8px solid transparent;\"><\/div>\n<div style=\"background-color: #f4f4f4; flex-grow: 0; height: 12px; width: 16px;\"><\/div>\n<div style=\"width: 0; height: 0; border-top: 8px solid #F4F4F4; border-left: 8px solid transparent;\"><\/div>\n<\/div>\n<\/div>\n<div style=\"flex-direction: column; flex-grow: 1; justify-content: center; margin-bottom: 24px;\">\n<div style=\"background-color: #f4f4f4; border-radius: 4px; flex-grow: 0; height: 14px; margin-bottom: 6px; width: 224px;\"><\/div>\n<div style=\"background-color: #f4f4f4; border-radius: 4px; flex-grow: 0; height: 14px; width: 144px;\"><\/div>\n<\/div>\n<p>&nbsp;<\/p>\n<p style=\"color: #c9c8cd; font-family: Arial,sans-serif; font-size: 14px; line-height: 17px; margin-bottom: 0; margin-top: 8px; overflow: hidden; padding: 8px 0 7px; text-align: center;\"><a style=\"color: #c9c8cd; font-family: Arial,sans-serif; font-size: 14px; font-style: normal; font-weight: normal; line-height: 17px; text-decoration: none;\" href=\"https:\/\/www.instagram.com\/p\/DFVwnoUiTht\/?utm_source=ig_embed&amp;utm_campaign=loading\" target=\"_blank\" rel=\"noopener\">Une publication partag\u00e9e par brunomaltor (@brunomaltor)<\/a><\/p>\n<\/div>\n<\/blockquote>\n<h2>Comprendre la hausse pour la visite du Mont Fuji<\/h2>\n<p>La hausse des tarifs pour acc\u00e9der au <strong>Mont Fuji<\/strong> est due \u00e0 plusieurs facteurs. Le maintien des chemins, la protection de l&#8217;environnement et la limitation du nombre de visiteurs pour pr\u00e9server le site contribuent \u00e0 cette augmentation. Comprendre le fondement de cette hausse est essentiel pour les voyageurs qui souhaitent soutenir un tourisme responsable. Malgr\u00e9 la hausse, <strong>la qualit\u00e9 de l&#8217;exp\u00e9rience reste in\u00e9gal\u00e9e<\/strong>, avec des vues \u00e0 couper le souffle et un contact authentique avec la nature.<\/p>\n<h2>L&#8217;impact de la nouvelle tarification sur le tourisme<\/h2>\n<p>L&#8217;annonce du doublement des tarifs pour visiter le <strong>Mont Fuji<\/strong> a suscit\u00e9 de vives r\u00e9actions parmi les voyageurs et les acteurs locaux du tourisme. Certains craignent une baisse du nombre de visiteurs, ce qui pourrait affecter l&#8217;\u00e9conomie de la r\u00e9gion. D&#8217;autres y voient une opportunit\u00e9 de promouvoir <strong>un tourisme plus durable<\/strong> et moins encombr\u00e9. L&#8217;impact complet de cette mesure reste \u00e0 observer, mais une chose est certaine : le Mont Fuji continuera de fasciner les amoureux de panoramas grandioses.<\/p>\n<blockquote class=\"instagram-media\" style=\"background: #FFF; border: 0; border-radius: 3px; margin: 1px; max-width: 540px; min-width: 326px; padding: 0; width: calc(100% - 2px);\" data-instgrm-permalink=\"https:\/\/www.instagram.com\/p\/DBbpk_DvkuS\/?utm_source=ig_embed&amp;utm_campaign=loading\" data-instgrm-version=\"14\">\n<div style=\"padding: 16px;\">\n<p>&nbsp;<\/p>\n<div style=\"flex-direction: row; align-items: center;\">\n<div style=\"background-color: #f4f4f4; border-radius: 50%; flex-grow: 0; height: 40px; margin-right: 14px; width: 40px;\"><\/div>\n<div style=\"flex-direction: column; flex-grow: 1; justify-content: center;\">\n<div style=\"background-color: #f4f4f4; border-radius: 4px; flex-grow: 0; height: 14px; margin-bottom: 6px; width: 100px;\"><\/div>\n<div style=\"background-color: #f4f4f4; border-radius: 4px; flex-grow: 0; height: 14px; width: 60px;\"><\/div>\n<\/div>\n<\/div>\n<div style=\"padding: 19% 0;\"><\/div>\n<div style=\"height: 50px; margin: 0 auto 12px; width: 50px;\"><\/div>\n<div style=\"padding-top: 8px;\">\n<div style=\"color: #3897f0; font-family: Arial,sans-serif; font-size: 14px; font-style: normal; font-weight: 550; line-height: 18px;\">Voir cette publication sur Instagram<\/div>\n<\/div>\n<div style=\"padding: 12.5% 0;\"><\/div>\n<div style=\"flex-direction: row; margin-bottom: 14px; align-items: center;\">\n<div>\n<div style=\"background-color: #f4f4f4; border-radius: 50%; height: 12.5px; width: 12.5px;\"><\/div>\n<div style=\"background-color: #f4f4f4; height: 12.5px; width: 12.5px; flex-grow: 0; margin-right: 14px; margin-left: 2px;\"><\/div>\n<div style=\"background-color: #f4f4f4; border-radius: 50%; height: 12.5px; width: 12.5px;\"><\/div>\n<\/div>\n<div style=\"margin-left: 8px;\">\n<div style=\"background-color: #f4f4f4; border-radius: 50%; flex-grow: 0; height: 20px; width: 20px;\"><\/div>\n<div style=\"width: 0; height: 0; border-top: 2px solid transparent; border-left: 6px solid #f4f4f4; border-bottom: 2px solid transparent;\"><\/div>\n<\/div>\n<div style=\"margin-left: auto;\">\n<div style=\"width: 0px; border-top: 8px solid #F4F4F4; border-right: 8px solid transparent;\"><\/div>\n<div style=\"background-color: #f4f4f4; flex-grow: 0; height: 12px; width: 16px;\"><\/div>\n<div style=\"width: 0; height: 0; border-top: 8px solid #F4F4F4; border-left: 8px solid transparent;\"><\/div>\n<\/div>\n<\/div>\n<div style=\"flex-direction: column; flex-grow: 1; justify-content: center; margin-bottom: 24px;\">\n<div style=\"background-color: #f4f4f4; border-radius: 4px; flex-grow: 0; height: 14px; margin-bottom: 6px; width: 224px;\"><\/div>\n<div style=\"background-color: #f4f4f4; border-radius: 4px; flex-grow: 0; height: 14px; width: 144px;\"><\/div>\n<\/div>\n<p>&nbsp;<\/p>\n<p style=\"color: #c9c8cd; font-family: Arial,sans-serif; font-size: 14px; line-height: 17px; margin-bottom: 0; margin-top: 8px; overflow: hidden; padding: 8px 0 7px; text-align: center;\"><a style=\"color: #c9c8cd; font-family: Arial,sans-serif; font-size: 14px; font-style: normal; font-weight: normal; line-height: 17px; text-decoration: none;\" href=\"https:\/\/www.instagram.com\/p\/DBbpk_DvkuS\/?utm_source=ig_embed&amp;utm_campaign=loading\" target=\"_blank\" rel=\"noopener\">Une publication partag\u00e9e par loic.lagarde (@loic.lagarde)<\/a><\/p>\n<\/div>\n<\/blockquote>\n<h2>Conseils pratiques pour un voyage \u00e9conomique<\/h2>\n<p>M\u00eame avec le doublement des tarifs, il existe des <a href=\"https:\/\/discover.ulysse.com\/japon-bloque-celebre-point-de-vue-mont-fuji-touristes\">strat\u00e9gies pour visiter le <strong>Mont Fuji<\/strong><\/a> sans se ruiner. Planifier sa visite en dehors des pics touristiques peut r\u00e9duire les co\u00fbts consid\u00e9rablement. Opter pour des h\u00e9bergements \u00e0 proximit\u00e9 mais moins pris\u00e9s ou encore rejoindre des groupes de randonn\u00e9e peuvent \u00e9galement all\u00e9ger le budget. Il est important de <strong>r\u00e9server \u00e0 l&#8217;avance<\/strong> pour s&#8217;assurer des meilleurs prix et \u00e9viter les d\u00e9convenues.<\/p>\n<h2>Autres merveilles naturelles \u00e0 d\u00e9couvrir<\/h2>\n<p>Si la nouvelle tarification vous incite \u00e0 chercher des alternatives, le monde regorge de <strong>merveilles naturelles<\/strong> moins connues mais tout aussi envo\u00fbtantes que le Mont Fuji. De la majestueuse cha\u00eene de montagnes de l&#8217;Himalaya aux profondes gorges du Grand Canyon, en passant par les paysages lunaires de l&#8217;Islande, les options sont nombreuses. Ces destinations offrent des exp\u00e9riences uniques \u00e0 des co\u00fbts vari\u00e9s, permettant de trouver l&#8217;aventure parfaite adapt\u00e9e \u00e0 votre budget.<\/p>\n<p>En d\u00e9finitive, le <strong>Mont Fuji<\/strong> reste une destination embl\u00e9matique pour ceux qui cherchent \u00e0 s&#8217;\u00e9merveiller devant la grandeur de la nature, m\u00eame face \u00e0 l&#8217;augmentation des prix. C&#8217;est l&#8217;assurance d&#8217;une exp\u00e9rience unique et m\u00e9morable. Gardez \u00e0 l&#8217;esprit ces conseils pratiques et, quelle que soit la saison, l&#8217;ascension vers ses sommets enneig\u00e9s vous promet des moments magiques et des souvenirs imp\u00e9rissables.<\/p>\n","protected":false},"excerpt":{"rendered":"<p>L&#8217;embl\u00e9matique et sacr\u00e9 Mont Fuji, pris\u00e9 pour ses vues spectaculaires et sa richesse culturelle, fait face \u00e0 un d\u00e9fi sans [&hellip;]<\/p>\n","protected":false},"author":4,"featured_media":26975,"comment_status":"open","ping_status":"closed","sticky":false,"template":"","format":"standard","meta":{"_acf_changed":false,"_sitemap_exclude":false,"_sitemap_priority":"","_sitemap_frequency":"","footnotes":"","rank_math_title":"","rank_math_description":"","rank_math_canonical_url":"","rank_math_focus_keyword":"Mont fuji"},"categories":[3],"tags":[],"class_list":["post-26964","post","type-post","status-publish","format-standard","has-post-thumbnail","hentry","category-voyage"],"acf":[],"_links":{"self":[{"href":"https:\/\/ulysse.com\/news\/wp-json\/wp\/v2\/posts\/26964","targetHints":{"allow":["GET"]}}],"collection":[{"href":"https:\/\/ulysse.com\/news\/wp-json\/wp\/v2\/posts"}],"about":[{"href":"https:\/\/ulysse.com\/news\/wp-json\/wp\/v2\/types\/post"}],"author":[{"embeddable":true,"href":"https:\/\/ulysse.com\/news\/wp-json\/wp\/v2\/users\/4"}],"replies":[{"embeddable":true,"href":"https:\/\/ulysse.com\/news\/wp-json\/wp\/v2\/comments?post=26964"}],"version-history":[{"count":6,"href":"https:\/\/ulysse.com\/news\/wp-json\/wp\/v2\/posts\/26964\/revisions"}],"predecessor-version":[{"id":26977,"href":"https:\/\/ulysse.com\/news\/wp-json\/wp\/v2\/posts\/26964\/revisions\/26977"}],"wp:featuredmedia":[{"embeddable":true,"href":"https:\/\/ulysse.com\/news\/wp-json\/wp\/v2\/media\/26975"}],"wp:attachment":[{"href":"https:\/\/ulysse.com\/news\/wp-json\/wp\/v2\/media?parent=26964"}],"wp:term":[{"taxonomy":"category","embeddable":true,"href":"https:\/\/ulysse.com\/news\/wp-json\/wp\/v2\/categories?post=26964"},{"taxonomy":"post_tag","embeddable":true,"href":"https:\/\/ulysse.com\/news\/wp-json\/wp\/v2\/tags?post=26964"}],"curies":[{"name":"wp","href":"https:\/\/api.w.org\/{rel}","templated":true}]}}