{"id":26965,"date":"2025-03-18T08:00:37","date_gmt":"2025-03-18T07:00:37","guid":{"rendered":"https:\/\/discover.ulysse.com\/?p=26965"},"modified":"2025-03-17T22:57:38","modified_gmt":"2025-03-17T21:57:38","slug":"village-isere-devenir-prefere-des-francais","status":"publish","type":"post","link":"https:\/\/ulysse.com\/news\/village-isere-devenir-prefere-des-francais","title":{"rendered":"Ce village d\u2019Is\u00e8re pourrait bient\u00f4t devenir le pr\u00e9f\u00e9r\u00e9 des Fran\u00e7ais\u2026"},"content":{"rendered":"<p data-start=\"72\" data-end=\"632\">Chaque ann\u00e9e, un village fran\u00e7ais sort de l\u2019ombre et se retrouve sous le feu des projecteurs gr\u00e2ce \u00e0 l\u2019\u00e9mission <em data-start=\"184\" data-end=\"217\">Le Village pr\u00e9f\u00e9r\u00e9 des Fran\u00e7ais<\/em>. Parmi les 14 communes s\u00e9lectionn\u00e9es cette ann\u00e9e, une p\u00e9pite nich\u00e9e en Is\u00e8re a attir\u00e9 l\u2019attention. Son charme m\u00e9di\u00e9val, son abbaye majestueuse et son cadre naturel en font un s\u00e9rieux pr\u00e9tendant au titre tant convoit\u00e9. Le vote \u00e9tant d\u00e9sormais clos, les habitants et les amoureux de cette destination retiennent leur souffle en attendant le verdict. Mais qu\u2019a donc ce village de si sp\u00e9cial pour s\u00e9duire le public ?<\/p>\n<h2 data-start=\"634\" data-end=\"675\">Un d\u00e9cor digne d\u2019un roman historique<\/h2>\n<p data-start=\"677\" data-end=\"957\">En arrivant dans ce village, le temps semble suspendu. Les ruelles pav\u00e9es serpentent entre des maisons \u00e0 colombages, des placettes fleuries et des ateliers d\u2019artisans. Surplombant le tout, une abbaye impressionnante domine le paysage et rappelle l\u2019histoire s\u00e9culaire de ce lieu.<\/p>\n<p data-start=\"959\" data-end=\"1511\">Saint-Antoine-l\u2019Abbaye, class\u00e9 parmi <strong><em data-start=\"996\" data-end=\"1031\">les Plus Beaux Villages de France<\/em><\/strong>, poss\u00e8de un patrimoine exceptionnel. Son abbaye, fond\u00e9e en 1070, est un v\u00e9ritable chef-d\u2019\u0153uvre architectural qui attire les visiteurs depuis des si\u00e8cles. Construite pour abriter les reliques de Saint Antoine l\u2019\u00c9gyptien, elle conf\u00e8re au village une aura \u00e0 la fois mystique et majestueuse. Mais l\u2019int\u00e9r\u00eat de cette commune ne se limite pas \u00e0 ses b\u00e2timents. Son cadre naturel, aux portes du Vercors, offre un \u00e9crin id\u00e9al pour ceux qui aiment conjuguer patrimoine et grands espaces.<\/p>\n<p data-start=\"1513\" data-end=\"1839\">Le charme de Saint-Antoine-l\u2019Abbaye r\u00e9side aussi dans son atmosph\u00e8re. En se promenant dans ses rues, on d\u00e9couvre des galeries d\u2019art, des \u00e9choppes d\u2019artisans et des caf\u00e9s chaleureux o\u00f9 il fait bon s\u2019arr\u00eater. Loin de l\u2019agitation des grandes villes, c\u2019est un v\u00e9ritable refuge pour ceux qui cherchent l\u2019authenticit\u00e9 et le calme.<\/p>\n<h2 data-start=\"1841\" data-end=\"1889\">Un village qui a su mobiliser ses habitants<\/h2>\n<p data-start=\"1891\" data-end=\"2133\">Depuis l\u2019annonce de sa s\u00e9lection en f\u00e9vrier, une v\u00e9ritable effervescence s\u2019est empar\u00e9e du village. Les habitants et les amoureux de la commune ont multipli\u00e9 les appels aux votes sur les r\u00e9seaux sociaux, esp\u00e9rant d\u00e9crocher la premi\u00e8re place.<\/p>\n<p data-start=\"2135\" data-end=\"2418\">Le vote, qui s\u2019est cl\u00f4tur\u00e9 le 7 mars, a suscit\u00e9 un grand engouement. Saint-Antoine-l\u2019Abbaye repr\u00e9sentait fi\u00e8rement la r\u00e9gion Auvergne-Rh\u00f4ne-Alpes dans cette comp\u00e9tition, et si la commune venait \u00e0 l\u2019emporter, elle deviendrait la premi\u00e8re de la r\u00e9gion \u00e0 obtenir ce prestigieux titre.<\/p>\n<p data-start=\"2420\" data-end=\"2671\">Quelle que soit l\u2019issue du concours, cette nomination aura permis \u00e0 Saint-Antoine-l\u2019Abbaye de gagner en notori\u00e9t\u00e9. Les curieux qui n\u2019avaient encore jamais entendu parler de ce joyau is\u00e9rois auront peut-\u00eatre envie de venir le d\u00e9couvrir par eux-m\u00eames.<\/p>\n<blockquote class=\"twitter-tweet\">\n<p dir=\"ltr\" lang=\"fr\">Saint-Antoine l&#8217;Abbaye, bient\u00f4t le Village pr\u00e9f\u00e9r\u00e9 des Fran\u00e7ais ? \ud83d\udce2 Aidez-nous \u00e0 faire briller notre magnifique village en votant d\u00e8s maintenant<a href=\"https:\/\/t.co\/3DdI2Wj9sq\">https:\/\/t.co\/3DdI2Wj9sq<\/a> <a href=\"https:\/\/t.co\/tnzNX6xivk\">pic.twitter.com\/tnzNX6xivk<\/a><\/p>\n<p>\u2014 Is\u00e8re (@CDIsere) <a href=\"https:\/\/twitter.com\/CDIsere\/status\/1891769891696332942?ref_src=twsrc%5Etfw\" target=\"_blank\" rel=\"noopener\">February 18, 2025<\/a><\/p><\/blockquote>\n<p><script async src=\"https:\/\/platform.twitter.com\/widgets.js\" charset=\"utf-8\"><\/script><\/p>\n<h2 data-start=\"2673\" data-end=\"2718\">Une exp\u00e9rience immersive \u00e0 chaque saison<\/h2>\n<p data-start=\"2720\" data-end=\"2931\">Saint-Antoine-l\u2019Abbaye n\u2019est pas un village que l\u2019on visite simplement, c\u2019est un lieu que l\u2019on vit. Tout au long de l\u2019ann\u00e9e, des \u00e9v\u00e9nements animent ses ruelles et transportent les visiteurs \u00e0 travers le temps.<\/p>\n<p data-start=\"2933\" data-end=\"3274\">Les <strong data-start=\"2937\" data-end=\"2958\">march\u00e9s m\u00e9di\u00e9vaux<\/strong> plongent la commune dans une ambiance d\u2019un autre si\u00e8cle, entre costumes d\u2019\u00e9poque et \u00e9choppes artisanales. En \u00e9t\u00e9, des concerts et spectacles en plein air font vibrer les vieilles pierres, tandis que l\u2019hiver, l\u2019atmosph\u00e8re devient f\u00e9\u00e9rique avec les lumi\u00e8res et les d\u00e9corations qui subliment les fa\u00e7ades historiques.<\/p>\n<p data-start=\"3276\" data-end=\"3586\">C\u00f4t\u00e9 gastronomie, le terroir is\u00e9rois s\u2019invite \u00e0 table. Les sp\u00e9cialit\u00e9s locales, comme les ravioles du Royans, les noix du Dauphin\u00e9 et les fromages fermiers, sont incontournables. Les petites auberges du village proposent une cuisine authentique et g\u00e9n\u00e9reuse, faisant de chaque repas une parenth\u00e8se gourmande.<\/p>\n<h2 data-start=\"3588\" data-end=\"3627\">Un titre qui pourrait tout changer<\/h2>\n<p data-start=\"3629\" data-end=\"3878\">Le suspense reste entier quant au r\u00e9sultat de cette \u00e9dition du <em data-start=\"3692\" data-end=\"3722\">Village pr\u00e9f\u00e9r\u00e9 des Fran\u00e7ais<\/em>. Gagnant ou non, Saint-Antoine-l\u2019Abbaye a d\u00e9j\u00e0 remport\u00e9 une belle victoire en mettant en avant son patrimoine et en attirant l\u2019attention du grand public.<\/p>\n<p data-start=\"3880\" data-end=\"4077\">D\u2019ici la diffusion de l\u2019\u00e9mission sur France T\u00e9l\u00e9visions, le myst\u00e8re plane encore. Mais une chose est s\u00fbre : ce village a tout pour devenir l\u2019une des destinations incontournables des mois \u00e0 venir.<\/p>\n","protected":false},"excerpt":{"rendered":"<p>Chaque ann\u00e9e, un village fran\u00e7ais sort de l\u2019ombre et se retrouve sous le feu des projecteurs gr\u00e2ce \u00e0 l\u2019\u00e9mission Le [&hellip;]<\/p>\n","protected":false},"author":4,"featured_media":27039,"comment_status":"open","ping_status":"closed","sticky":false,"template":"","format":"standard","meta":{"_acf_changed":false,"_sitemap_exclude":false,"_sitemap_priority":"","_sitemap_frequency":"","footnotes":"","rank_math_title":"","rank_math_description":"Et si le village pr\u00e9f\u00e9r\u00e9 des Fran\u00e7ais devenait aussi votre prochain coup de c\u0153ur ?","rank_math_canonical_url":"","rank_math_focus_keyword":"isere"},"categories":[3],"tags":[],"class_list":["post-26965","post","type-post","status-publish","format-standard","has-post-thumbnail","hentry","category-voyage"],"acf":[],"_links":{"self":[{"href":"https:\/\/ulysse.com\/news\/wp-json\/wp\/v2\/posts\/26965","targetHints":{"allow":["GET"]}}],"collection":[{"href":"https:\/\/ulysse.com\/news\/wp-json\/wp\/v2\/posts"}],"about":[{"href":"https:\/\/ulysse.com\/news\/wp-json\/wp\/v2\/types\/post"}],"author":[{"embeddable":true,"href":"https:\/\/ulysse.com\/news\/wp-json\/wp\/v2\/users\/4"}],"replies":[{"embeddable":true,"href":"https:\/\/ulysse.com\/news\/wp-json\/wp\/v2\/comments?post=26965"}],"version-history":[{"count":3,"href":"https:\/\/ulysse.com\/news\/wp-json\/wp\/v2\/posts\/26965\/revisions"}],"predecessor-version":[{"id":27040,"href":"https:\/\/ulysse.com\/news\/wp-json\/wp\/v2\/posts\/26965\/revisions\/27040"}],"wp:featuredmedia":[{"embeddable":true,"href":"https:\/\/ulysse.com\/news\/wp-json\/wp\/v2\/media\/27039"}],"wp:attachment":[{"href":"https:\/\/ulysse.com\/news\/wp-json\/wp\/v2\/media?parent=26965"}],"wp:term":[{"taxonomy":"category","embeddable":true,"href":"https:\/\/ulysse.com\/news\/wp-json\/wp\/v2\/categories?post=26965"},{"taxonomy":"post_tag","embeddable":true,"href":"https:\/\/ulysse.com\/news\/wp-json\/wp\/v2\/tags?post=26965"}],"curies":[{"name":"wp","href":"https:\/\/api.w.org\/{rel}","templated":true}]}}