{"id":26972,"date":"2025-03-18T16:00:36","date_gmt":"2025-03-18T15:00:36","guid":{"rendered":"https:\/\/discover.ulysse.com\/?p=26972"},"modified":"2025-03-18T10:56:16","modified_gmt":"2025-03-18T09:56:16","slug":"navette-maritime-nice-monaco","status":"publish","type":"post","link":"https:\/\/ulysse.com\/news\/navette-maritime-nice-monaco","title":{"rendered":"Bient\u00f4t une navette maritime entre Nice et Monaco : fini la gal\u00e8re des trajets ?"},"content":{"rendered":"<p data-start=\"86\" data-end=\"634\">Les bouchons sur l\u2019A8, les TER bond\u00e9s, les trajets qui s\u2019\u00e9ternisent\u2026 Pour les milliers de travailleurs qui font la navette entre Nice et Monaco chaque jour, le parcours du combattant est une routine bien rod\u00e9e. Mais une petite r\u00e9volution se pr\u00e9pare sur la C\u00f4te d\u2019Azur. Et si, au lieu de stresser sur la route, on pouvait embarquer sur un bateau, siroter un caf\u00e9 en regardant la M\u00e9diterran\u00e9e et arriver \u00e0 bon port en seulement 20 minutes ? C\u2019est exactement ce que promet cette future navette maritime, un projet qui pourrait bien changer la donne.<\/p>\n<h2 data-start=\"636\" data-end=\"679\">Un trajet transform\u00e9 en mini-croisi\u00e8re<\/h2>\n<p data-start=\"681\" data-end=\"1103\">Chaque matin, ils sont plus de <strong>26 000 \u00e0 tenter de rejoindre Monaco depuis <a href=\"https:\/\/discover.ulysse.com\/nice-train-beaux-trajets-ferroviaires-france\">Nice<\/a><\/strong>. Entre les embouteillages interminables et les trains souvent pleins \u00e0 craquer, le trajet domicile-travail est loin d\u2019\u00eatre une partie de plaisir. Alors, pourquoi ne pas utiliser ce que la r\u00e9gion a de plus beau : la mer ? L\u2019id\u00e9e trotte dans la t\u00eate des \u00e9lus ni\u00e7ois depuis 2021 et, apr\u00e8s plusieurs \u00e9tudes, elle est en passe de devenir r\u00e9alit\u00e9.<\/p>\n<p data-start=\"1105\" data-end=\"1466\">D\u2019ici 2026, une navette maritime assurera la liaison entre <strong>le port de Nice et <a href=\"https:\/\/discover.ulysse.com\/meilleurs-hotels-sejour-monaco\">Monaco<\/a> en 20 minutes chrono<\/strong>. Avec entre 34 et 50 rotations par jour, il y aura m\u00eame une liaison toutes les 30 minutes aux heures de pointe. Plus de stress pour trouver une place dans un train bond\u00e9 ou pour \u00e9viter les bouchons : il suffira de monter \u00e0 bord et de profiter du trajet.<\/p>\n<p data-start=\"1468\" data-end=\"1780\">Mais ce n\u2019est pas tout. Parce qu\u2019on est en 2025 et que la conscience \u00e9cologique est au c\u0153ur des pr\u00e9occupations, ces navettes seront \u00e9quip\u00e9es de moteurs hybrides, histoire de naviguer sans trop impacter l\u2019environnement. Adieu les \u00e9missions polluantes et bonjour le transport propre avec vue sur la M\u00e9diterran\u00e9e.<\/p>\n<h2 data-start=\"1782\" data-end=\"1833\">Encore un peu de patience avant l\u2019embarquement<\/h2>\n<p data-start=\"1835\" data-end=\"2066\">Tout \u00e7a fait r\u00eaver, mais il faudra encore un peu de patience avant de pouvoir embarquer. La mise en service n\u2019est pr\u00e9vue que pour 2026, le temps de finaliser tous les pr\u00e9paratifs et d\u2019assurer une mise en place efficace du projet.<\/p>\n<p data-start=\"2068\" data-end=\"2454\">D\u2019ici l\u00e0, les usagers de l\u2019A8 et les habitu\u00e9s des TER continueront de jongler entre bouchons et trains bond\u00e9s. Mais l\u2019id\u00e9e de troquer leur trajet quotidien contre une travers\u00e9e en mer a d\u00e9j\u00e0 de quoi les faire patienter. Car une fois en place, cette navette pourrait bien devenir le moyen de transport pr\u00e9f\u00e9r\u00e9 des pendulaires\u2026 et pourquoi pas, inspirer d\u2019autres villes \u00e0 faire de m\u00eame.<\/p>\n","protected":false},"excerpt":{"rendered":"<p>Les bouchons sur l\u2019A8, les TER bond\u00e9s, les trajets qui s\u2019\u00e9ternisent\u2026 Pour les milliers de travailleurs qui font la navette [&hellip;]<\/p>\n","protected":false},"author":4,"featured_media":27048,"comment_status":"open","ping_status":"closed","sticky":false,"template":"","format":"standard","meta":{"_acf_changed":false,"_sitemap_exclude":false,"_sitemap_priority":"","_sitemap_frequency":"","footnotes":"","rank_math_title":"","rank_math_description":"Et si demain, votre trajet quotidien ressemblait plus \u00e0 une balade en mer qu\u2019\u00e0 un casse-t\u00eate sur la route ?","rank_math_canonical_url":"","rank_math_focus_keyword":"nice"},"categories":[3],"tags":[],"class_list":["post-26972","post","type-post","status-publish","format-standard","has-post-thumbnail","hentry","category-voyage"],"acf":[],"_links":{"self":[{"href":"https:\/\/ulysse.com\/news\/wp-json\/wp\/v2\/posts\/26972","targetHints":{"allow":["GET"]}}],"collection":[{"href":"https:\/\/ulysse.com\/news\/wp-json\/wp\/v2\/posts"}],"about":[{"href":"https:\/\/ulysse.com\/news\/wp-json\/wp\/v2\/types\/post"}],"author":[{"embeddable":true,"href":"https:\/\/ulysse.com\/news\/wp-json\/wp\/v2\/users\/4"}],"replies":[{"embeddable":true,"href":"https:\/\/ulysse.com\/news\/wp-json\/wp\/v2\/comments?post=26972"}],"version-history":[{"count":3,"href":"https:\/\/ulysse.com\/news\/wp-json\/wp\/v2\/posts\/26972\/revisions"}],"predecessor-version":[{"id":27049,"href":"https:\/\/ulysse.com\/news\/wp-json\/wp\/v2\/posts\/26972\/revisions\/27049"}],"wp:featuredmedia":[{"embeddable":true,"href":"https:\/\/ulysse.com\/news\/wp-json\/wp\/v2\/media\/27048"}],"wp:attachment":[{"href":"https:\/\/ulysse.com\/news\/wp-json\/wp\/v2\/media?parent=26972"}],"wp:term":[{"taxonomy":"category","embeddable":true,"href":"https:\/\/ulysse.com\/news\/wp-json\/wp\/v2\/categories?post=26972"},{"taxonomy":"post_tag","embeddable":true,"href":"https:\/\/ulysse.com\/news\/wp-json\/wp\/v2\/tags?post=26972"}],"curies":[{"name":"wp","href":"https:\/\/api.w.org\/{rel}","templated":true}]}}