{"id":26995,"date":"2025-03-17T18:00:53","date_gmt":"2025-03-17T17:00:53","guid":{"rendered":"https:\/\/discover.ulysse.com\/?p=26995"},"modified":"2025-03-17T15:16:16","modified_gmt":"2025-03-17T14:16:16","slug":"village-medieval-1h-paris-magique-sans-la-foule","status":"publish","type":"post","link":"https:\/\/ulysse.com\/news\/village-medieval-1h-paris-magique-sans-la-foule","title":{"rendered":"Ce village m\u00e9di\u00e9val secret \u00e0 1 h de Paris est plus magique que Mont-Saint-Michel (et sans la foule !)"},"content":{"rendered":"<p>\u00c0 une heure de Paris, nich\u00e9 entre les derni\u00e8res plaines de Versailles et les premi\u00e8res for\u00eats de Rambouillet, Montfort-l\u2019Amaury est un joyau m\u00e9di\u00e9val qui \u00e9chappe encore aux circuits touristiques de masse. Avec ses ruelles pav\u00e9es, ses maisons \u00e0 colombages, son patrimoine architectural exceptionnel et son ambiance paisible, ce village rivalise sans peine avec des sites embl\u00e9matiques comme le Mont-Saint-Michel, mais sans l\u2019afflux incessant de visiteurs. Ici, le charme de l\u2019histoire se conjugue \u00e0 un cadre naturel pr\u00e9serv\u00e9, offrant une escapade hors du temps \u00e0 ceux qui osent s\u2019y aventurer.<\/p>\n<h2>Un patrimoine historique pr\u00e9serv\u00e9 aux portes de Paris<\/h2>\n<p>Montfort-l\u2019Amaury semble fig\u00e9 dans le temps. D\u00e8s votre arriv\u00e9e, vous serez frapp\u00e9 par l\u2019harmonie qui r\u00e8gne entre son architecture m\u00e9di\u00e9vale et la qui\u00e9tude de ses rues. L\u2019\u00e9glise Saint-Pierre, datant du 16\u1d49 si\u00e8cle, est une v\u00e9ritable merveille, abritant 37 vitraux Renaissance, consid\u00e9r\u00e9s comme<strong> uniques en \u00cele-de-France<\/strong>. Son clo\u00eetre et son cimeti\u00e8re, avec leurs galeries de pierre vieilles de pr\u00e8s de 500 ans, conf\u00e8rent au lieu une atmosph\u00e8re mystique.<\/p>\n<p>Sur les hauteurs du village, les ruines du<strong> ch\u00e2teau des comtes de Montfort<\/strong> t\u00e9moignent de son glorieux pass\u00e9. D\u00e9truit pendant la Guerre de Cent Ans, ce ch\u00e2teau domine encore aujourd\u2019hui la r\u00e9gion. La Tour Anne-de-Bretagne, vestige embl\u00e9matique du 15\u1d49 si\u00e8cle, offre un panorama spectaculaire sur <a href=\"https:\/\/discover.ulysse.com\/villes-plus-moches-france\">les Yvelines<\/a>. Ce patrimoine, jalousement pr\u00e9serv\u00e9, a valu \u00e0 Montfort-l\u2019Amaury d\u2019\u00eatre finaliste de l\u2019\u00e9mission \u00ab <strong>Le Village pr\u00e9f\u00e9r\u00e9 des Fran\u00e7ais<\/strong> \u00bb en 2020, mettant en lumi\u00e8re son authenticit\u00e9 et son attractivit\u00e9.<\/p>\n<blockquote class=\"instagram-media\" style=\"background: #FFF; border: 0; border-radius: 3px; margin: 1px; max-width: 540px; min-width: 326px; padding: 0; width: calc(100% - 2px);\" data-instgrm-permalink=\"https:\/\/www.instagram.com\/p\/C_YlAmHoE7_\/?utm_source=ig_embed&amp;utm_campaign=loading\" data-instgrm-version=\"14\">\n<div style=\"padding: 16px;\">\n<p>&nbsp;<\/p>\n<div style=\"flex-direction: row; align-items: center;\">\n<div style=\"background-color: #f4f4f4; border-radius: 50%; flex-grow: 0; height: 40px; margin-right: 14px; width: 40px;\"><\/div>\n<div style=\"flex-direction: column; flex-grow: 1; justify-content: center;\">\n<div style=\"background-color: #f4f4f4; border-radius: 4px; flex-grow: 0; height: 14px; margin-bottom: 6px; width: 100px;\"><\/div>\n<div style=\"background-color: #f4f4f4; border-radius: 4px; flex-grow: 0; height: 14px; width: 60px;\"><\/div>\n<\/div>\n<\/div>\n<div style=\"padding: 19% 0;\"><\/div>\n<div style=\"height: 50px; margin: 0 auto 12px; width: 50px;\"><\/div>\n<div style=\"padding-top: 8px;\">\n<div style=\"color: #3897f0; font-family: Arial,sans-serif; font-size: 14px; font-style: normal; font-weight: 550; line-height: 18px;\">Voir cette publication sur Instagram<\/div>\n<\/div>\n<div style=\"padding: 12.5% 0;\"><\/div>\n<div style=\"flex-direction: row; margin-bottom: 14px; align-items: center;\">\n<div>\n<div style=\"background-color: #f4f4f4; border-radius: 50%; height: 12.5px; width: 12.5px;\"><\/div>\n<div style=\"background-color: #f4f4f4; height: 12.5px; width: 12.5px; flex-grow: 0; margin-right: 14px; margin-left: 2px;\"><\/div>\n<div style=\"background-color: #f4f4f4; border-radius: 50%; height: 12.5px; width: 12.5px;\"><\/div>\n<\/div>\n<div style=\"margin-left: 8px;\">\n<div style=\"background-color: #f4f4f4; border-radius: 50%; flex-grow: 0; height: 20px; width: 20px;\"><\/div>\n<div style=\"width: 0; height: 0; border-top: 2px solid transparent; border-left: 6px solid #f4f4f4; border-bottom: 2px solid transparent;\"><\/div>\n<\/div>\n<div style=\"margin-left: auto;\">\n<div style=\"width: 0px; border-top: 8px solid #F4F4F4; border-right: 8px solid transparent;\"><\/div>\n<div style=\"background-color: #f4f4f4; flex-grow: 0; height: 12px; width: 16px;\"><\/div>\n<div style=\"width: 0; height: 0; border-top: 8px solid #F4F4F4; border-left: 8px solid transparent;\"><\/div>\n<\/div>\n<\/div>\n<div style=\"flex-direction: column; flex-grow: 1; justify-content: center; margin-bottom: 24px;\">\n<div style=\"background-color: #f4f4f4; border-radius: 4px; flex-grow: 0; height: 14px; margin-bottom: 6px; width: 224px;\"><\/div>\n<div style=\"background-color: #f4f4f4; border-radius: 4px; flex-grow: 0; height: 14px; width: 144px;\"><\/div>\n<\/div>\n<p>&nbsp;<\/p>\n<p style=\"color: #c9c8cd; font-family: Arial,sans-serif; font-size: 14px; line-height: 17px; margin-bottom: 0; margin-top: 8px; overflow: hidden; padding: 8px 0 7px; text-align: center;\"><a style=\"color: #c9c8cd; font-family: Arial,sans-serif; font-size: 14px; font-style: normal; font-weight: normal; line-height: 17px; text-decoration: none;\" href=\"https:\/\/www.instagram.com\/p\/C_YlAmHoE7_\/?utm_source=ig_embed&amp;utm_campaign=loading\" target=\"_blank\" rel=\"noopener\">Une publication partag\u00e9e par @arnauca<\/a><\/p>\n<\/div>\n<\/blockquote>\n<h2>Un \u00e9crin de nature et de tranquillit\u00e9 et de s\u00e9r\u00e9nit\u00e9<\/h2>\n<p>Contrairement au <a href=\"https:\/\/discover.ulysse.com\/normandie-village-rivalise-mont-saint-michel\">Mont-Saint-Michel<\/a>, o\u00f9 la foule peut parfois rendre la visite oppressante, Montfort-l\u2019Amaury offre un cadre paisible et immersif. Situ\u00e9 \u00e0 la lisi\u00e8re de la for\u00eat de Rambouillet, le village est un point de d\u00e9part id\u00e9al pour des randonn\u00e9es \u00e0 travers des sentiers ombrag\u00e9s, l<strong>ongeant des \u00e9tangs et des clairi\u00e8res pr\u00e9serv\u00e9es<\/strong>.<\/p>\n<p>Le ch\u00e2teau de Groussay, \u00e9difi\u00e9 au 19\u1d49 si\u00e8cle, est une autre p\u00e9pite \u00e0 d\u00e9couvrir. Entour\u00e9 d\u2019un parc de 30 hectares, il d\u00e9voile <strong>douze \u00ab folies \u00bb architecturales<\/strong> inspir\u00e9es des jardins europ\u00e9ens du 18\u1d49 si\u00e8cle, une curiosit\u00e9 m\u00e9connue qui m\u00e9rite le d\u00e9tour.<\/p>\n<blockquote class=\"instagram-media\" style=\"background: #FFF; border: 0; border-radius: 3px; margin: 1px; max-width: 540px; min-width: 326px; padding: 0; width: calc(100% - 2px);\" data-instgrm-permalink=\"https:\/\/www.instagram.com\/p\/CUsjnJTIMVe\/?utm_source=ig_embed&amp;utm_campaign=loading\" data-instgrm-version=\"14\">\n<div style=\"padding: 16px;\">\n<p>&nbsp;<\/p>\n<div style=\"flex-direction: row; align-items: center;\">\n<div style=\"background-color: #f4f4f4; border-radius: 50%; flex-grow: 0; height: 40px; margin-right: 14px; width: 40px;\"><\/div>\n<div style=\"flex-direction: column; flex-grow: 1; justify-content: center;\">\n<div style=\"background-color: #f4f4f4; border-radius: 4px; flex-grow: 0; height: 14px; margin-bottom: 6px; width: 100px;\"><\/div>\n<div style=\"background-color: #f4f4f4; border-radius: 4px; flex-grow: 0; height: 14px; width: 60px;\"><\/div>\n<\/div>\n<\/div>\n<div style=\"padding: 19% 0;\"><\/div>\n<div style=\"height: 50px; margin: 0 auto 12px; width: 50px;\"><\/div>\n<div style=\"padding-top: 8px;\">\n<div style=\"color: #3897f0; font-family: Arial,sans-serif; font-size: 14px; font-style: normal; font-weight: 550; line-height: 18px;\">Voir cette publication sur Instagram<\/div>\n<\/div>\n<div style=\"padding: 12.5% 0;\"><\/div>\n<div style=\"flex-direction: row; margin-bottom: 14px; align-items: center;\">\n<div>\n<div style=\"background-color: #f4f4f4; border-radius: 50%; height: 12.5px; width: 12.5px;\"><\/div>\n<div style=\"background-color: #f4f4f4; height: 12.5px; width: 12.5px; flex-grow: 0; margin-right: 14px; margin-left: 2px;\"><\/div>\n<div style=\"background-color: #f4f4f4; border-radius: 50%; height: 12.5px; width: 12.5px;\"><\/div>\n<\/div>\n<div style=\"margin-left: 8px;\">\n<div style=\"background-color: #f4f4f4; border-radius: 50%; flex-grow: 0; height: 20px; width: 20px;\"><\/div>\n<div style=\"width: 0; height: 0; border-top: 2px solid transparent; border-left: 6px solid #f4f4f4; border-bottom: 2px solid transparent;\"><\/div>\n<\/div>\n<div style=\"margin-left: auto;\">\n<div style=\"width: 0px; border-top: 8px solid #F4F4F4; border-right: 8px solid transparent;\"><\/div>\n<div style=\"background-color: #f4f4f4; flex-grow: 0; height: 12px; width: 16px;\"><\/div>\n<div style=\"width: 0; height: 0; border-top: 8px solid #F4F4F4; border-left: 8px solid transparent;\"><\/div>\n<\/div>\n<\/div>\n<div style=\"flex-direction: column; flex-grow: 1; justify-content: center; margin-bottom: 24px;\">\n<div style=\"background-color: #f4f4f4; border-radius: 4px; flex-grow: 0; height: 14px; margin-bottom: 6px; width: 224px;\"><\/div>\n<div style=\"background-color: #f4f4f4; border-radius: 4px; flex-grow: 0; height: 14px; width: 144px;\"><\/div>\n<\/div>\n<p>&nbsp;<\/p>\n<p style=\"color: #c9c8cd; font-family: Arial,sans-serif; font-size: 14px; line-height: 17px; margin-bottom: 0; margin-top: 8px; overflow: hidden; padding: 8px 0 7px; text-align: center;\"><a style=\"color: #c9c8cd; font-family: Arial,sans-serif; font-size: 14px; font-style: normal; font-weight: normal; line-height: 17px; text-decoration: none;\" href=\"https:\/\/www.instagram.com\/p\/CUsjnJTIMVe\/?utm_source=ig_embed&amp;utm_campaign=loading\" target=\"_blank\" rel=\"noopener\">Une publication partag\u00e9e par L\u00e2l Vural (@av_interior_architect)<\/a><\/p>\n<\/div>\n<\/blockquote>\n<p>Les visiteurs en qu\u00eate de tranquillit\u00e9 appr\u00e9cieront aussi l\u2019<strong>\u00e9tang de la Plaine<\/strong>, un havre de paix o\u00f9 la nature r\u00e8gne en ma\u00eetre. Ce lieu est pris\u00e9 des photographes et des amoureux de la p\u00eache, loin de l\u2019agitation urbaine et touristique.<\/p>\n<h2>Sur les traces de Maurice Ravel<\/h2>\n<p>Montfort-l\u2019Amaury a \u00e9galement su s\u00e9duire les artistes et les intellectuels au fil des si\u00e8cles. Parmi eux, Maurice Ravel, l\u2019un des plus grands compositeurs fran\u00e7ais, a trouv\u00e9 ici une<strong> source d\u2019inspiration in\u00e9puisable<\/strong>. Il v\u00e9cut pendant 16 ans dans une charmante maison baptis\u00e9e Le Belv\u00e9d\u00e8re, o\u00f9 il composa son chef-d&#8217;\u0153uvre mondialement connu, le Bol\u00e9ro.<\/p>\n<p>Aujourd\u2019hui transform\u00e9e en mus\u00e9e, la <strong>Maison-Mus\u00e9e Maurice Ravel<\/strong> plonge les visiteurs dans l\u2019intimit\u00e9 du compositeur, leur permettant de d\u00e9couvrir son piano d\u2019\u00e9poque, ses partitions et les objets qui ont accompagn\u00e9 son g\u00e9nie cr\u00e9atif.<\/p>\n<blockquote class=\"instagram-media\" style=\"background: #FFF; border: 0; border-radius: 3px; margin: 1px; max-width: 540px; min-width: 326px; padding: 0; width: calc(100% - 2px);\" data-instgrm-permalink=\"https:\/\/www.instagram.com\/p\/DG6vxFaI8lj\/?utm_source=ig_embed&amp;utm_campaign=loading\" data-instgrm-version=\"14\">\n<div style=\"padding: 16px;\">\n<p>&nbsp;<\/p>\n<div style=\"flex-direction: row; align-items: center;\">\n<div style=\"background-color: #f4f4f4; border-radius: 50%; flex-grow: 0; height: 40px; margin-right: 14px; width: 40px;\"><\/div>\n<div style=\"flex-direction: column; flex-grow: 1; justify-content: center;\">\n<div style=\"background-color: #f4f4f4; border-radius: 4px; flex-grow: 0; height: 14px; margin-bottom: 6px; width: 100px;\"><\/div>\n<div style=\"background-color: #f4f4f4; border-radius: 4px; flex-grow: 0; height: 14px; width: 60px;\"><\/div>\n<\/div>\n<\/div>\n<div style=\"padding: 19% 0;\"><\/div>\n<div style=\"height: 50px; margin: 0 auto 12px; width: 50px;\"><\/div>\n<div style=\"padding-top: 8px;\">\n<div style=\"color: #3897f0; font-family: Arial,sans-serif; font-size: 14px; font-style: normal; font-weight: 550; line-height: 18px;\">Voir cette publication sur Instagram<\/div>\n<\/div>\n<div style=\"padding: 12.5% 0;\"><\/div>\n<div style=\"flex-direction: row; margin-bottom: 14px; align-items: center;\">\n<div>\n<div style=\"background-color: #f4f4f4; border-radius: 50%; height: 12.5px; width: 12.5px;\"><\/div>\n<div style=\"background-color: #f4f4f4; height: 12.5px; width: 12.5px; flex-grow: 0; margin-right: 14px; margin-left: 2px;\"><\/div>\n<div style=\"background-color: #f4f4f4; border-radius: 50%; height: 12.5px; width: 12.5px;\"><\/div>\n<\/div>\n<div style=\"margin-left: 8px;\">\n<div style=\"background-color: #f4f4f4; border-radius: 50%; flex-grow: 0; height: 20px; width: 20px;\"><\/div>\n<div style=\"width: 0; height: 0; border-top: 2px solid transparent; border-left: 6px solid #f4f4f4; border-bottom: 2px solid transparent;\"><\/div>\n<\/div>\n<div style=\"margin-left: auto;\">\n<div style=\"width: 0px; border-top: 8px solid #F4F4F4; border-right: 8px solid transparent;\"><\/div>\n<div style=\"background-color: #f4f4f4; flex-grow: 0; height: 12px; width: 16px;\"><\/div>\n<div style=\"width: 0; height: 0; border-top: 8px solid #F4F4F4; border-left: 8px solid transparent;\"><\/div>\n<\/div>\n<\/div>\n<div style=\"flex-direction: column; flex-grow: 1; justify-content: center; margin-bottom: 24px;\">\n<div style=\"background-color: #f4f4f4; border-radius: 4px; flex-grow: 0; height: 14px; margin-bottom: 6px; width: 224px;\"><\/div>\n<div style=\"background-color: #f4f4f4; border-radius: 4px; flex-grow: 0; height: 14px; width: 144px;\"><\/div>\n<\/div>\n<p>&nbsp;<\/p>\n<p style=\"color: #c9c8cd; font-family: Arial,sans-serif; font-size: 14px; line-height: 17px; margin-bottom: 0; margin-top: 8px; overflow: hidden; padding: 8px 0 7px; text-align: center;\"><a style=\"color: #c9c8cd; font-family: Arial,sans-serif; font-size: 14px; font-style: normal; font-weight: normal; line-height: 17px; text-decoration: none;\" href=\"https:\/\/www.instagram.com\/p\/DG6vxFaI8lj\/?utm_source=ig_embed&amp;utm_campaign=loading\" target=\"_blank\" rel=\"noopener\">Une publication partag\u00e9e par Louis Langre\u0301e (@louislangree)<\/a><\/p>\n<\/div>\n<\/blockquote>\n<p>D\u2019autres figures c\u00e9l\u00e8bres, comme <a href=\"https:\/\/discover.ulysse.com\/2h30-paris-village-normand-plus-beaux-de-france\">Victor Hugo<\/a> et Charles Aznavour, ont \u00e9galement \u00e9t\u00e9 s\u00e9duites par le charme intemporel de Montfort-l\u2019Amaury, renfor\u00e7ant son image de <strong>refuge artistique et litt\u00e9raire<\/strong>.<\/p>\n<h2>Un village loin du tumulte touristique<\/h2>\n<p>Le village Montfort-l\u2019Amaury est un v\u00e9ritable tr\u00e9sor cach\u00e9, o\u00f9 l\u2019authenticit\u00e9 prime sur le<a href=\"https:\/\/discover.ulysse.com\/loin-tourisme-de-masse-station-balneaire\"> tourisme de masse<\/a>. Contrairement aux destinations ultra-fr\u00e9quent\u00e9es, ce village permet de profiter pleinement de son patrimoine, sans bousculade ni longues files d\u2019attente.<\/p>\n<p>Avec son cadre m\u00e9di\u00e9val pr\u00e9serv\u00e9, son environnement naturel exceptionnel et son h\u00e9ritage culturel unique, Montfort-l\u2019Amaury est <strong>une alternative id\u00e9ale<\/strong> au Mont-Saint-Michel pour les voyageurs en qu\u00eate d\u2019histoire, de beaut\u00e9 et de s\u00e9r\u00e9nit\u00e9. Que ce soit pour une journ\u00e9e ou un week-end, ce village offre une immersion hors du temps, \u00e0 seulement une heure de la capitale.<\/p>\n","protected":false},"excerpt":{"rendered":"<p>\u00c0 une heure de Paris, nich\u00e9 entre les derni\u00e8res plaines de Versailles et les premi\u00e8res for\u00eats de Rambouillet, Montfort-l\u2019Amaury est [&hellip;]<\/p>\n","protected":false},"author":3,"featured_media":27008,"comment_status":"open","ping_status":"closed","sticky":false,"template":"","format":"standard","meta":{"_acf_changed":false,"_sitemap_exclude":false,"_sitemap_priority":"","_sitemap_frequency":"","footnotes":"","rank_math_title":"","rank_math_description":"\u00c0 1h de Paris, un village m\u00e9di\u00e9val pr\u00e9serv\u00e9 vous attend, loin du tumulte touristique, avec ses ruelles pav\u00e9es et son ch\u00e2teau en ruine spectaculaire.","rank_math_canonical_url":"","rank_math_focus_keyword":"village"},"categories":[3],"tags":[],"class_list":["post-26995","post","type-post","status-publish","format-standard","has-post-thumbnail","hentry","category-voyage"],"acf":[],"_links":{"self":[{"href":"https:\/\/ulysse.com\/news\/wp-json\/wp\/v2\/posts\/26995","targetHints":{"allow":["GET"]}}],"collection":[{"href":"https:\/\/ulysse.com\/news\/wp-json\/wp\/v2\/posts"}],"about":[{"href":"https:\/\/ulysse.com\/news\/wp-json\/wp\/v2\/types\/post"}],"author":[{"embeddable":true,"href":"https:\/\/ulysse.com\/news\/wp-json\/wp\/v2\/users\/3"}],"replies":[{"embeddable":true,"href":"https:\/\/ulysse.com\/news\/wp-json\/wp\/v2\/comments?post=26995"}],"version-history":[{"count":2,"href":"https:\/\/ulysse.com\/news\/wp-json\/wp\/v2\/posts\/26995\/revisions"}],"predecessor-version":[{"id":27024,"href":"https:\/\/ulysse.com\/news\/wp-json\/wp\/v2\/posts\/26995\/revisions\/27024"}],"wp:featuredmedia":[{"embeddable":true,"href":"https:\/\/ulysse.com\/news\/wp-json\/wp\/v2\/media\/27008"}],"wp:attachment":[{"href":"https:\/\/ulysse.com\/news\/wp-json\/wp\/v2\/media?parent=26995"}],"wp:term":[{"taxonomy":"category","embeddable":true,"href":"https:\/\/ulysse.com\/news\/wp-json\/wp\/v2\/categories?post=26995"},{"taxonomy":"post_tag","embeddable":true,"href":"https:\/\/ulysse.com\/news\/wp-json\/wp\/v2\/tags?post=26995"}],"curies":[{"name":"wp","href":"https:\/\/api.w.org\/{rel}","templated":true}]}}