{"id":27103,"date":"2025-03-19T15:00:05","date_gmt":"2025-03-19T14:00:05","guid":{"rendered":"https:\/\/discover.ulysse.com\/?p=27103"},"modified":"2025-03-19T11:28:29","modified_gmt":"2025-03-19T10:28:29","slug":"billet-25e-ville-europeenne-muse-ciel-ouvert","status":"publish","type":"post","link":"https:\/\/ulysse.com\/news\/billet-25e-ville-europeenne-muse-ciel-ouvert","title":{"rendered":"Pour un billet \u00e0 25\u20ac, cette ville europ\u00e9enne est un mus\u00e9 \u00e0 ciel ouvert"},"content":{"rendered":"<p data-start=\"102\" data-end=\"853\">Coimbra\u2026 Ce nom r\u00e9sonne comme une invitation \u00e0 la d\u00e9couverte d&#8217;une ville o\u00f9 chaque ruelle semble cacher un secret, chaque pierre murmure des histoires s\u00e9culaires. Situ\u00e9e au c\u0153ur du Portugal, Coimbra a longtemps \u00e9t\u00e9 un carrefour intellectuel, une ville o\u00f9 les \u00e9tudiants ont laiss\u00e9 leur empreinte et o\u00f9 l\u2019histoire du pays se tisse \u00e0 chaque coin de rue. Et si l\u2019on vous disait que cette ville, nich\u00e9e entre la majestueuse rivi\u00e8re Mondego et des collines verdoyantes, pourrait bien \u00eatre votre prochaine escapade ? Un m\u00e9lange parfait de culture, de nature et de gastronomie qui pourrait bien faire tourner la t\u00eate de plus d\u2019un voyageur. Mais que savoir sur Coimbra avant de vous y rendre ?<\/p>\n<h2 data-start=\"855\" data-end=\"916\">L\u2019universit\u00e9 de Coimbra : un patrimoine vivant \u00e0 d\u00e9couvrir<\/h2>\n<p data-start=\"918\" data-end=\"1496\">L\u2019Universit\u00e9 de Coimbra n\u2019est pas seulement un lieu d\u2019\u00e9tude, c\u2019est une v\u00e9ritable institution vivante qui bat au rythme de la ville. Fond\u00e9e en 1290, cette universit\u00e9 est l\u2019une des plus anciennes d\u2019Europe, et son influence sur la culture locale est ind\u00e9niable. Le campus se divise en plusieurs b\u00e2timents historiques, dont la <strong>biblioth\u00e8que Joanina<\/strong>, un chef-d&#8217;\u0153uvre baroque qui m\u00e9rite une visite \u00e0 lui seul. En fl\u00e2nant dans les cours et les recoins du campus, vous ressentirez l\u2019\u00e2me des \u00e9tudiants d\u2019hier et d\u2019aujourd\u2019hui, qui donnent \u00e0 cette ville son \u00e9nergie et sa vitalit\u00e9 uniques.<\/p>\n<p data-start=\"1498\" data-end=\"2072\">Le symbole de l\u2019universit\u00e9, la <strong data-start=\"1529\" data-end=\"1553\">tour de l\u2019universit\u00e9<\/strong>, domine la ville et offre une vue panoramique \u00e0 couper le souffle. En gravissant ses marches, vous d\u00e9couvrirez Coimbra sous un autre angle, avec la vue sur la vieille ville qui s\u2019\u00e9tend autour de vous. L&#8217;universit\u00e9, au-del\u00e0 de son r\u00f4le acad\u00e9mique, est un v\u00e9ritable c\u0153ur battant de la ville et un incontournable pour tout visiteur. En plus de sa richesse architecturale, vous pourrez profiter des \u00e9v\u00e9nements et concerts organis\u00e9s tout au long de l&#8217;ann\u00e9e dans ses b\u00e2timents historiques. Un v\u00e9ritable voyage dans le temps.<\/p>\n<blockquote class=\"instagram-media\" style=\"background: #FFF; border: 0; border-radius: 3px; box-shadow: 0 0 1px 0 rgba(0,0,0,0.5),0 1px 10px 0 rgba(0,0,0,0.15); margin: 1px; max-width: 540px; min-width: 326px; padding: 0; width: calc(100% - 2px);\" data-instgrm-captioned=\"\" data-instgrm-permalink=\"https:\/\/www.instagram.com\/p\/DDMbgZEPYSx\/?utm_source=ig_embed&amp;utm_campaign=loading\" data-instgrm-version=\"14\">\n<div style=\"padding: 16px;\">\n<p>&nbsp;<\/p>\n<div style=\"display: flex; flex-direction: row; align-items: center;\">\n<div style=\"background-color: #f4f4f4; border-radius: 50%; flex-grow: 0; height: 40px; margin-right: 14px; width: 40px;\"><\/div>\n<div style=\"display: flex; flex-direction: column; flex-grow: 1; justify-content: center;\">\n<div style=\"background-color: #f4f4f4; border-radius: 4px; flex-grow: 0; height: 14px; margin-bottom: 6px; width: 100px;\"><\/div>\n<div style=\"background-color: #f4f4f4; border-radius: 4px; flex-grow: 0; height: 14px; width: 60px;\"><\/div>\n<\/div>\n<\/div>\n<div style=\"padding: 19% 0;\"><\/div>\n<div style=\"display: block; height: 50px; margin: 0 auto 12px; width: 50px;\"><\/div>\n<div style=\"padding-top: 8px;\">\n<div style=\"color: #3897f0; font-family: Arial,sans-serif; font-size: 14px; font-style: normal; font-weight: 550; line-height: 18px;\">\u0e14\u0e39\u0e42\u0e1e\u0e2a\u0e15\u0e4c\u0e19\u0e35\u0e49\u0e1a\u0e19 Instagram<\/div>\n<\/div>\n<div style=\"padding: 12.5% 0;\"><\/div>\n<div style=\"display: flex; flex-direction: row; margin-bottom: 14px; align-items: center;\">\n<div>\n<div style=\"background-color: #f4f4f4; border-radius: 50%; height: 12.5px; width: 12.5px; transform: translateX(0px) translateY(7px);\"><\/div>\n<div style=\"background-color: #f4f4f4; height: 12.5px; transform: rotate(-45deg) translateX(3px) translateY(1px); width: 12.5px; flex-grow: 0; margin-right: 14px; margin-left: 2px;\"><\/div>\n<div style=\"background-color: #f4f4f4; border-radius: 50%; height: 12.5px; width: 12.5px; transform: translateX(9px) translateY(-18px);\"><\/div>\n<\/div>\n<div style=\"margin-left: 8px;\">\n<div style=\"background-color: #f4f4f4; border-radius: 50%; flex-grow: 0; height: 20px; width: 20px;\"><\/div>\n<div style=\"width: 0; height: 0; border-top: 2px solid transparent; border-left: 6px solid #f4f4f4; border-bottom: 2px solid transparent; transform: translateX(16px) translateY(-4px) rotate(30deg);\"><\/div>\n<\/div>\n<div style=\"margin-left: auto;\">\n<div style=\"width: 0px; border-top: 8px solid #F4F4F4; border-right: 8px solid transparent; transform: translateY(16px);\"><\/div>\n<div style=\"background-color: #f4f4f4; flex-grow: 0; height: 12px; width: 16px; transform: translateY(-4px);\"><\/div>\n<div style=\"width: 0; height: 0; border-top: 8px solid #F4F4F4; border-left: 8px solid transparent; transform: translateY(-4px) translateX(8px);\"><\/div>\n<\/div>\n<\/div>\n<div style=\"display: flex; flex-direction: column; flex-grow: 1; justify-content: center; margin-bottom: 24px;\">\n<div style=\"background-color: #f4f4f4; border-radius: 4px; flex-grow: 0; height: 14px; margin-bottom: 6px; width: 224px;\"><\/div>\n<div style=\"background-color: #f4f4f4; border-radius: 4px; flex-grow: 0; height: 14px; width: 144px;\"><\/div>\n<\/div>\n<p>&nbsp;<\/p>\n<p style=\"color: #c9c8cd; font-family: Arial,sans-serif; font-size: 14px; line-height: 17px; margin-bottom: 0; margin-top: 8px; overflow: hidden; padding: 8px 0 7px; text-align: center; text-overflow: ellipsis; white-space: nowrap;\"><a style=\"color: #c9c8cd; font-family: Arial,sans-serif; font-size: 14px; font-style: normal; font-weight: normal; line-height: 17px; text-decoration: none;\" href=\"https:\/\/www.instagram.com\/p\/DDMbgZEPYSx\/?utm_source=ig_embed&amp;utm_campaign=loading\" target=\"_blank\" rel=\"noopener\">\u0e42\u0e1e\u0e2a\u0e15\u0e4c\u0e17\u0e35\u0e48\u0e41\u0e0a\u0e23\u0e4c\u0e42\u0e14\u0e22 Guides de voyage Ulysse (@guidesulysse)<\/a><\/p>\n<\/div>\n<\/blockquote>\n<p><script async src=\"\/\/www.instagram.com\/embed.js\"><\/script><\/p>\n<h2 data-start=\"2074\" data-end=\"2154\">Fl\u00e2ner dans la vieille ville : entre ruelles \u00e9troites et monuments majestueux<\/h2>\n<p data-start=\"2156\" data-end=\"2817\">Coimbra ne serait pas ce qu\u2019elle est sans sa vieille ville, un d\u00e9dale de ruelles pittoresques, de petites places et de b\u00e2timents aux fa\u00e7ades color\u00e9es. En vous perdant dans les rues \u00e9troites du centre historique, vous ferez des d\u00e9couvertes \u00e0 chaque coin de rue. L\u2019ambiance, tranquille mais vibrante, se nourrit de la jeunesse de l\u2019universit\u00e9 et de l\u2019histoire qui s\u2019y cache. Parmi les monuments \u00e0 ne pas manquer, la <strong data-start=\"2570\" data-end=\"2582\">S\u00e9 Velha<\/strong> (vieille cath\u00e9drale) vous impressionnera par sa solidit\u00e9 et sa beaut\u00e9. Ce monument, un des plus anciens du <a href=\"https:\/\/discover.ulysse.com\/luxe-discret-plage-infinie-joyau-cache-portugal\">Portugal<\/a>, est un m\u00e9lange harmonieux de styles roman et gothique. L\u2019endroit parfait pour se plonger dans l\u2019histoire de la ville.<\/p>\n<p data-start=\"2819\" data-end=\"3120\">Une autre visite incontournable est le <strong data-start=\"2858\" data-end=\"2894\">monast\u00e8re de Santa Clara-a-Velha<\/strong>, un lieu empreint de s\u00e9r\u00e9nit\u00e9, o\u00f9 la nature semble reprendre ses droits entre les murs d\u2019un ancien monast\u00e8re. La beaut\u00e9 du site, avec la rivi\u00e8re Mondego qui serpente en arri\u00e8re-plan, invite \u00e0 la contemplation et \u00e0 la r\u00eaverie.<\/p>\n<p data-start=\"3122\" data-end=\"3554\">Mais Coimbra, c\u2019est aussi un cadre de vie \u00e0 part enti\u00e8re. Les caf\u00e9s, les petits restaurants et les boutiques artisanales qui longent les rues offrent une ambiance conviviale et chaleureuse. Vous pourrez vous arr\u00eater pour savourer un <strong data-start=\"3355\" data-end=\"3373\">pastel de nata<\/strong> (la c\u00e9l\u00e8bre p\u00e2tisserie portugaise), tout en observant la vie locale qui se d\u00e9roule autour de vous. Une exp\u00e9rience authentique qui vous transportera dans le quotidien des habitants.<\/p>\n<h2 data-start=\"3556\" data-end=\"3632\">Quand la nature s\u2019invite \u00e0 Coimbra : une escapade entre nature et culture<\/h2>\n<p data-start=\"3634\" data-end=\"4118\">Coimbra ne se limite pas \u00e0 son centre historique. La ville est \u00e9galement un v\u00e9ritable havre de nature. Le <strong data-start=\"3740\" data-end=\"3787\">Jardin Botanique de l\u2019Universit\u00e9 de Coimbra<\/strong>, l&#8217;un des plus anciens d\u2019Europe, offre un cadre verdoyant exceptionnel. Promenez-vous parmi les all\u00e9es ombrag\u00e9es, admirez les plantes rares et profitez d\u2019un moment de calme loin de l\u2019agitation urbaine. Le jardin est l&#8217;endroit id\u00e9al pour une pause relaxante, ou pour admirer la vue spectaculaire sur la ville et la rivi\u00e8re Mondego.<\/p>\n<p data-start=\"4120\" data-end=\"4755\">Pour les amoureux de la nature, les alentours de Coimbra offrent \u00e9galement des paysages \u00e0 couper le souffle. \u00c0 quelques kilom\u00e8tres de la ville, les <strong data-start=\"4268\" data-end=\"4302\">montagnes de la Serra da Lous\u00e3<\/strong> sont un v\u00e9ritable terrain de jeu pour les randonneurs et les amateurs de plein air. Vous y d\u00e9couvrirez des villages pittoresques, des for\u00eats denses et une biodiversit\u00e9 impressionnante. Si vous \u00eates \u00e0 la recherche d\u2019une aventure en plein air, c\u2019est ici que vous trouverez votre bonheur. Que vous soyez <a href=\"https:\/\/discover.ulysse.com\/top-5-des-randonnees-alpines-en-france-oxygene\">amateur de randonn\u00e9e<\/a>, de VTT ou tout simplement en qu\u00eate de paysages \u00e0 couper le souffle, la nature environnante de Coimbra saura combler vos attentes.<\/p>\n<blockquote class=\"instagram-media\" style=\"background: #FFF; border: 0; border-radius: 3px; box-shadow: 0 0 1px 0 rgba(0,0,0,0.5),0 1px 10px 0 rgba(0,0,0,0.15); margin: 1px; max-width: 540px; min-width: 326px; padding: 0; width: calc(100% - 2px);\" data-instgrm-captioned=\"\" data-instgrm-permalink=\"https:\/\/www.instagram.com\/p\/DDMbgZEPYSx\/?utm_source=ig_embed&amp;utm_campaign=loading\" data-instgrm-version=\"14\">\n<div style=\"padding: 16px;\">\n<p>&nbsp;<\/p>\n<div style=\"display: flex; flex-direction: row; align-items: center;\">\n<div style=\"background-color: #f4f4f4; border-radius: 50%; flex-grow: 0; height: 40px; margin-right: 14px; width: 40px;\"><\/div>\n<div style=\"display: flex; flex-direction: column; flex-grow: 1; justify-content: center;\">\n<div style=\"background-color: #f4f4f4; border-radius: 4px; flex-grow: 0; height: 14px; margin-bottom: 6px; width: 100px;\"><\/div>\n<div style=\"background-color: #f4f4f4; border-radius: 4px; flex-grow: 0; height: 14px; width: 60px;\"><\/div>\n<\/div>\n<\/div>\n<div style=\"padding: 19% 0;\"><\/div>\n<div style=\"display: block; height: 50px; margin: 0 auto 12px; width: 50px;\"><\/div>\n<div style=\"padding-top: 8px;\">\n<div style=\"color: #3897f0; font-family: Arial,sans-serif; font-size: 14px; font-style: normal; font-weight: 550; line-height: 18px;\">Voir cette publication sur Instagram<\/div>\n<\/div>\n<div style=\"padding: 12.5% 0;\"><\/div>\n<div style=\"display: flex; flex-direction: row; margin-bottom: 14px; align-items: center;\">\n<div>\n<div style=\"background-color: #f4f4f4; border-radius: 50%; height: 12.5px; width: 12.5px; transform: translateX(0px) translateY(7px);\"><\/div>\n<div style=\"background-color: #f4f4f4; height: 12.5px; transform: rotate(-45deg) translateX(3px) translateY(1px); width: 12.5px; flex-grow: 0; margin-right: 14px; margin-left: 2px;\"><\/div>\n<div style=\"background-color: #f4f4f4; border-radius: 50%; height: 12.5px; width: 12.5px; transform: translateX(9px) translateY(-18px);\"><\/div>\n<\/div>\n<div style=\"margin-left: 8px;\">\n<div style=\"background-color: #f4f4f4; border-radius: 50%; flex-grow: 0; height: 20px; width: 20px;\"><\/div>\n<div style=\"width: 0; height: 0; border-top: 2px solid transparent; border-left: 6px solid #f4f4f4; border-bottom: 2px solid transparent; transform: translateX(16px) translateY(-4px) rotate(30deg);\"><\/div>\n<\/div>\n<div style=\"margin-left: auto;\">\n<div style=\"width: 0px; border-top: 8px solid #F4F4F4; border-right: 8px solid transparent; transform: translateY(16px);\"><\/div>\n<div style=\"background-color: #f4f4f4; flex-grow: 0; height: 12px; width: 16px; transform: translateY(-4px);\"><\/div>\n<div style=\"width: 0; height: 0; border-top: 8px solid #F4F4F4; border-left: 8px solid transparent; transform: translateY(-4px) translateX(8px);\"><\/div>\n<\/div>\n<\/div>\n<div style=\"display: flex; flex-direction: column; flex-grow: 1; justify-content: center; margin-bottom: 24px;\">\n<div style=\"background-color: #f4f4f4; border-radius: 4px; flex-grow: 0; height: 14px; margin-bottom: 6px; width: 224px;\"><\/div>\n<div style=\"background-color: #f4f4f4; border-radius: 4px; flex-grow: 0; height: 14px; width: 144px;\"><\/div>\n<\/div>\n<p>&nbsp;<\/p>\n<p style=\"color: #c9c8cd; font-family: Arial,sans-serif; font-size: 14px; line-height: 17px; margin-bottom: 0; margin-top: 8px; overflow: hidden; padding: 8px 0 7px; text-align: center; text-overflow: ellipsis; white-space: nowrap;\"><a style=\"color: #c9c8cd; font-family: Arial,sans-serif; font-size: 14px; font-style: normal; font-weight: normal; line-height: 17px; text-decoration: none;\" href=\"https:\/\/www.instagram.com\/p\/DDMbgZEPYSx\/?utm_source=ig_embed&amp;utm_campaign=loading\" target=\"_blank\" rel=\"noopener\">Une publication partag\u00e9e par Guides de voyage Ulysse (@guidesulysse)<\/a><\/p>\n<\/div>\n<\/blockquote>\n<p><script async src=\"\/\/www.instagram.com\/embed.js\"><\/script><\/p>\n<h2 data-start=\"4757\" data-end=\"4810\">Se rendre \u00e0 Coimbra : un voyage facile et agr\u00e9able<\/h2>\n<p data-start=\"4812\" data-end=\"5296\">Coimbra est bien desservie par les transports, ce qui permet de s\u2019y rendre facilement depuis diff\u00e9rentes grandes villes du Portugal. Si vous partez de Lisbonne, le train est une option rapide et confortable. Il vous suffira de 2 heures pour rejoindre Coimbra. Les trains partent fr\u00e9quemment de la gare de Santa Apol\u00f3nia ou de la gare de Sete Rios, avec des d\u00e9parts r\u00e9guliers tout au long de la journ\u00e9e. Le <strong>prix des billets varie entre 15 et 25 \u20ac<\/strong>, selon la classe et l\u2019heure de d\u00e9part.<\/p>\n<p data-start=\"5298\" data-end=\"5685\">Pour ceux qui viennent de Porto, la ville est accessible en 1h30 en train, avec des tarifs similaires. Si vous \u00eates \u00e0 Strasbourg ou Lyon, la meilleure option reste de prendre un vol pour Lisbonne, puis de rejoindre Coimbra en train. Les prix des billets d\u2019avion peuvent fluctuer, mais des offres abordables sont r\u00e9guli\u00e8rement disponibles sur les grandes compagnies a\u00e9riennes europ\u00e9ennes.<\/p>\n<p data-start=\"5687\" data-end=\"5929\">Quant \u00e0 la ville elle-m\u00eame, se d\u00e9placer \u00e0 Coimbra est un jeu d\u2019enfant. Les transports en commun sont bien d\u00e9velopp\u00e9s, mais la ville est aussi suffisamment petite pour se d\u00e9couvrir \u00e0 pied, notamment la vieille ville qui se pr\u00eate \u00e0 la fl\u00e2nerie.<\/p>\n","protected":false},"excerpt":{"rendered":"<p>Coimbra\u2026 Ce nom r\u00e9sonne comme une invitation \u00e0 la d\u00e9couverte d&#8217;une ville o\u00f9 chaque ruelle semble cacher un secret, chaque [&hellip;]<\/p>\n","protected":false},"author":4,"featured_media":27104,"comment_status":"open","ping_status":"closed","sticky":false,"template":"","format":"standard","meta":{"_acf_changed":false,"_sitemap_exclude":false,"_sitemap_priority":"","_sitemap_frequency":"","footnotes":"","rank_math_title":"","rank_math_description":"Pour ceux qui r\u00eavent d\u2019une exp\u00e9rience inoubliable, Coimbra est une destination qui ne demande qu\u2019\u00e0 \u00eatre explor\u00e9e.","rank_math_canonical_url":"","rank_math_focus_keyword":"ville"},"categories":[3],"tags":[],"class_list":["post-27103","post","type-post","status-publish","format-standard","has-post-thumbnail","hentry","category-voyage"],"acf":[],"_links":{"self":[{"href":"https:\/\/ulysse.com\/news\/wp-json\/wp\/v2\/posts\/27103","targetHints":{"allow":["GET"]}}],"collection":[{"href":"https:\/\/ulysse.com\/news\/wp-json\/wp\/v2\/posts"}],"about":[{"href":"https:\/\/ulysse.com\/news\/wp-json\/wp\/v2\/types\/post"}],"author":[{"embeddable":true,"href":"https:\/\/ulysse.com\/news\/wp-json\/wp\/v2\/users\/4"}],"replies":[{"embeddable":true,"href":"https:\/\/ulysse.com\/news\/wp-json\/wp\/v2\/comments?post=27103"}],"version-history":[{"count":2,"href":"https:\/\/ulysse.com\/news\/wp-json\/wp\/v2\/posts\/27103\/revisions"}],"predecessor-version":[{"id":27106,"href":"https:\/\/ulysse.com\/news\/wp-json\/wp\/v2\/posts\/27103\/revisions\/27106"}],"wp:featuredmedia":[{"embeddable":true,"href":"https:\/\/ulysse.com\/news\/wp-json\/wp\/v2\/media\/27104"}],"wp:attachment":[{"href":"https:\/\/ulysse.com\/news\/wp-json\/wp\/v2\/media?parent=27103"}],"wp:term":[{"taxonomy":"category","embeddable":true,"href":"https:\/\/ulysse.com\/news\/wp-json\/wp\/v2\/categories?post=27103"},{"taxonomy":"post_tag","embeddable":true,"href":"https:\/\/ulysse.com\/news\/wp-json\/wp\/v2\/tags?post=27103"}],"curies":[{"name":"wp","href":"https:\/\/api.w.org\/{rel}","templated":true}]}}