{"id":27175,"date":"2025-03-20T16:00:25","date_gmt":"2025-03-20T15:00:25","guid":{"rendered":"https:\/\/discover.ulysse.com\/?p=27175"},"modified":"2025-03-20T13:19:34","modified_gmt":"2025-03-20T12:19:34","slug":"soleil-criques-villages-destination","status":"publish","type":"post","link":"https:\/\/ulysse.com\/news\/soleil-criques-villages-destination","title":{"rendered":"Soleil, criques et villages pittoresques : Cette destination est en forte demande en ce moment"},"content":{"rendered":"<p data-start=\"104\" data-end=\"763\">La Costa Brava, ce nom \u00e9voque imm\u00e9diatement des plages aux eaux turquoises, des villages pittoresques accroch\u00e9s \u00e0 la montagne et des paysages \u00e0 couper le souffle. Mais au-del\u00e0 de ses plages paradisiaques, c\u2019est une r\u00e9gion qui vous plonge dans une exp\u00e9rience authentique, o\u00f9 l\u2019histoire se m\u00eale \u00e0 la nature et \u00e0 la culture locale. Un v\u00e9ritable tr\u00e9sor m\u00e9diterran\u00e9en qui m\u00e9rite bien plus qu\u2019un simple coup d&#8217;\u0153il. Que l&#8217;on vienne pour se ressourcer, fl\u00e2ner dans ses ruelles charmantes ou plonger dans ses eaux cristallines, chaque recoin de cette r\u00e9gion catalane regorge de surprises. Alors, pr\u00eat \u00e0 partir \u00e0 la d\u00e9couverte de l&#8217;une des plus belles c\u00f4tes d&#8217;Espagne ?<\/p>\n<h2 data-start=\"765\" data-end=\"862\">Entre criques secr\u00e8tes et falaises vertigineuses, une nature exceptionnelle<\/h2>\n<p data-start=\"864\" data-end=\"1306\">Si la <a href=\"https:\/\/discover.ulysse.com\/lloret-de-mar-5-experiences-joyau-costa-brava\">Costa Brava<\/a> est avant tout connue pour sa beaut\u00e9 naturelle, la diversit\u00e9 de ses paysages ne manque pas d&#8217;impressionner. En vous y rendant, vous allez rapidement vous rendre compte que cette r\u00e9gion ne se r\u00e9sume pas \u00e0 des <strong>plages touristiques bond\u00e9e<\/strong>s. Bien au contraire, vous y d\u00e9couvrirez des criques secr\u00e8tes nich\u00e9es entre des falaises sauvages, des for\u00eats de pins qui plongeaient jadis dans la mer et des panoramas \u00e0 couper le souffle.<\/p>\n<p data-start=\"1308\" data-end=\"2063\">Les amoureux de la nature trouveront leur bonheur dans des endroits comme le <strong>Parc Naturel de Cap de Creus<\/strong>, o\u00f9 l\u2019on peut <a href=\"https:\/\/discover.ulysse.com\/top-5-des-randonnees-alpines-en-france-oxygene\">randonner \u00e0 travers des paysages lunaires<\/a> avant de s\u2019arr\u00eater dans une petite crique pour un bain de soleil bien m\u00e9rit\u00e9. Le Parc Naturel des Aiguamolls de l&#8217;Empord\u00e0 offre aussi un spectacle fascinant avec ses marais et sa faune vari\u00e9e, un v\u00e9ritable havre de paix pour les passionn\u00e9s d\u2019ornithologie. Si vous cherchez une exp\u00e9rience un peu plus unique, les falaises escarp\u00e9es qui plongent dans la mer \u00e0 <strong data-start=\"1828\" data-end=\"1844\">Tossa de Mar<\/strong> vous offriront des panoramas inoubliables. Imaginez-vous sur un rocher, le vent caressant votre visage, face \u00e0 l&#8217;immensit\u00e9 de la mer M\u00e9diterran\u00e9e\u2026 Un moment de tranquillit\u00e9 et de contemplation \u00e0 ne surtout pas manquer.<\/p>\n<p data-start=\"2065\" data-end=\"2322\">En plus de ces paysages de r\u00eave, la Costa Brava offre un climat doux et agr\u00e9able presque toute l&#8217;ann\u00e9e. Que vous y veniez pour des vacances d\u2019\u00e9t\u00e9 ou m\u00eame hors-saison, vous profiterez d&#8217;un ensoleillement g\u00e9n\u00e9reux qui rendra chaque moment encore plus magique.<\/p>\n<blockquote class=\"instagram-media\" style=\"background: #FFF; border: 0; border-radius: 3px; box-shadow: 0 0 1px 0 rgba(0,0,0,0.5),0 1px 10px 0 rgba(0,0,0,0.15); margin: 1px; max-width: 540px; min-width: 326px; padding: 0; width: calc(100% - 2px);\" data-instgrm-permalink=\"https:\/\/www.instagram.com\/p\/DAyeQD8sGW2\/?utm_source=ig_embed&amp;utm_campaign=loading\" data-instgrm-version=\"14\">\n<div style=\"padding: 16px;\">\n<p>&nbsp;<\/p>\n<div style=\"display: flex; flex-direction: row; align-items: center;\">\n<div style=\"background-color: #f4f4f4; border-radius: 50%; flex-grow: 0; height: 40px; margin-right: 14px; width: 40px;\"><\/div>\n<div style=\"display: flex; flex-direction: column; flex-grow: 1; justify-content: center;\">\n<div style=\"background-color: #f4f4f4; border-radius: 4px; flex-grow: 0; height: 14px; margin-bottom: 6px; width: 100px;\"><\/div>\n<div style=\"background-color: #f4f4f4; border-radius: 4px; flex-grow: 0; height: 14px; width: 60px;\"><\/div>\n<\/div>\n<\/div>\n<div style=\"padding: 19% 0;\"><\/div>\n<div style=\"display: block; height: 50px; margin: 0 auto 12px; width: 50px;\"><\/div>\n<div style=\"padding-top: 8px;\">\n<div style=\"color: #3897f0; font-family: Arial,sans-serif; font-size: 14px; font-style: normal; font-weight: 550; line-height: 18px;\">Voir cette publication sur Instagram<\/div>\n<\/div>\n<div style=\"padding: 12.5% 0;\"><\/div>\n<div style=\"display: flex; flex-direction: row; margin-bottom: 14px; align-items: center;\">\n<div>\n<div style=\"background-color: #f4f4f4; border-radius: 50%; height: 12.5px; width: 12.5px; transform: translateX(0px) translateY(7px);\"><\/div>\n<div style=\"background-color: #f4f4f4; height: 12.5px; transform: rotate(-45deg) translateX(3px) translateY(1px); width: 12.5px; flex-grow: 0; margin-right: 14px; margin-left: 2px;\"><\/div>\n<div style=\"background-color: #f4f4f4; border-radius: 50%; height: 12.5px; width: 12.5px; transform: translateX(9px) translateY(-18px);\"><\/div>\n<\/div>\n<div style=\"margin-left: 8px;\">\n<div style=\"background-color: #f4f4f4; border-radius: 50%; flex-grow: 0; height: 20px; width: 20px;\"><\/div>\n<div style=\"width: 0; height: 0; border-top: 2px solid transparent; border-left: 6px solid #f4f4f4; border-bottom: 2px solid transparent; transform: translateX(16px) translateY(-4px) rotate(30deg);\"><\/div>\n<\/div>\n<div style=\"margin-left: auto;\">\n<div style=\"width: 0px; border-top: 8px solid #F4F4F4; border-right: 8px solid transparent; transform: translateY(16px);\"><\/div>\n<div style=\"background-color: #f4f4f4; flex-grow: 0; height: 12px; width: 16px; transform: translateY(-4px);\"><\/div>\n<div style=\"width: 0; height: 0; border-top: 8px solid #F4F4F4; border-left: 8px solid transparent; transform: translateY(-4px) translateX(8px);\"><\/div>\n<\/div>\n<\/div>\n<div style=\"display: flex; flex-direction: column; flex-grow: 1; justify-content: center; margin-bottom: 24px;\">\n<div style=\"background-color: #f4f4f4; border-radius: 4px; flex-grow: 0; height: 14px; margin-bottom: 6px; width: 224px;\"><\/div>\n<div style=\"background-color: #f4f4f4; border-radius: 4px; flex-grow: 0; height: 14px; width: 144px;\"><\/div>\n<\/div>\n<p>&nbsp;<\/p>\n<p style=\"color: #c9c8cd; font-family: Arial,sans-serif; font-size: 14px; line-height: 17px; margin-bottom: 0; margin-top: 8px; overflow: hidden; padding: 8px 0 7px; text-align: center; text-overflow: ellipsis; white-space: nowrap;\"><a style=\"color: #c9c8cd; font-family: Arial,sans-serif; font-size: 14px; font-style: normal; font-weight: normal; line-height: 17px; text-decoration: none;\" href=\"https:\/\/www.instagram.com\/p\/DAyeQD8sGW2\/?utm_source=ig_embed&amp;utm_campaign=loading\" target=\"_blank\" rel=\"noopener\">Une publication partag\u00e9e par Islands.com (@islands_com)<\/a><\/p>\n<\/div>\n<\/blockquote>\n<p><script async src=\"\/\/www.instagram.com\/embed.js\"><\/script><\/p>\n<h2 data-start=\"2324\" data-end=\"2395\">Des villages charmants \u00e0 d\u00e9couvrir avec une histoire \u00e0 raconter<\/h2>\n<p data-start=\"2397\" data-end=\"2958\">Si vous aimez explorer des endroits o\u00f9 le temps semble suspendu, alors vous allez adorer fl\u00e2ner dans les petits villages de la Costa Brava. <strong data-start=\"2537\" data-end=\"2549\">Cadaqu\u00e9s<\/strong>, avec ses maisons blanches aux volets bleus, est un incontournable pour quiconque souhaite s\u2019impr\u00e9gner de l\u2019\u00e2me m\u00e9diterran\u00e9enne. Ce village, o\u00f9 Salvador Dal\u00ed passa une grande partie de sa vie, vous transporte imm\u00e9diatement dans une autre \u00e9poque. Se promener dans ses ruelles \u00e9troites, entre les boutiques d&#8217;artisans et les restaurants locaux, vous permet de vivre une exp\u00e9rience authentique, loin des foules.<\/p>\n<p data-start=\"2960\" data-end=\"3420\">Non loin de l\u00e0, le village de <strong data-start=\"2990\" data-end=\"2999\">Begur<\/strong>, perch\u00e9 sur une colline, offre une vue panoramique imprenable sur la mer et ses plages dor\u00e9es. Mais ce qui le rend vraiment sp\u00e9cial, c\u2019est son architecture charmante, avec des maisons de style colonial, h\u00e9rit\u00e9es de l\u2019\u00e9poque o\u00f9 les riches bourgeois catalans venaient y passer l\u2019\u00e9t\u00e9. Les plages alentours, comme celles de <strong data-start=\"3320\" data-end=\"3332\">Sa Riera<\/strong> ou de <strong data-start=\"3339\" data-end=\"3355\">Platja Fonda<\/strong>, sont id\u00e9ales pour se d\u00e9tendre apr\u00e8s une journ\u00e9e de d\u00e9couvertes.<\/p>\n<p data-start=\"3422\" data-end=\"3823\">Mais la Costa Brava, c\u2019est aussi une r\u00e9gion o\u00f9 l\u2019histoire se d\u00e9voile \u00e0 chaque coin de rue. Le <strong data-start=\"3516\" data-end=\"3543\">ch\u00e2teau de Tossa de Mar<\/strong>, qui surplombe la ville, est un lieu incontournable pour les passionn\u00e9s d\u2019histoire et d\u2019architecture m\u00e9di\u00e9vale. De m\u00eame, les ruines gr\u00e9co-romaines de <strong data-start=\"3694\" data-end=\"3706\">Emp\u00faries<\/strong> vous permettront de voyager dans le temps et de d\u00e9couvrir les fondations de la civilisation m\u00e9diterran\u00e9enne antique.<\/p>\n<p data-start=\"3825\" data-end=\"4220\">Le charme de la Costa Brava r\u00e9side dans cette alchimie parfaite entre nature, histoire et culture locale. Les march\u00e9s color\u00e9s, les festivals traditionnels et la gastronomie locale viennent ajouter \u00e0 l\u2019authenticit\u00e9 du lieu. Vous pourrez d\u00e9guster un <strong data-start=\"4073\" data-end=\"4091\">suquet de peix<\/strong>, un rago\u00fbt de poisson typique, ou go\u00fbter aux fruits de mer fra\u00eechement p\u00each\u00e9s dans l\u2019une des petites tavernes au bord de la mer.<\/p>\n<blockquote class=\"instagram-media\" style=\"background: #FFF; border: 0; border-radius: 3px; box-shadow: 0 0 1px 0 rgba(0,0,0,0.5),0 1px 10px 0 rgba(0,0,0,0.15); margin: 1px; max-width: 540px; min-width: 326px; padding: 0; width: calc(100% - 2px);\" data-instgrm-captioned=\"\" data-instgrm-permalink=\"https:\/\/www.instagram.com\/p\/DDYFdsxMMFC\/?utm_source=ig_embed&amp;utm_campaign=loading\" data-instgrm-version=\"14\">\n<div style=\"padding: 16px;\">\n<p>&nbsp;<\/p>\n<div style=\"display: flex; flex-direction: row; align-items: center;\">\n<div style=\"background-color: #f4f4f4; border-radius: 50%; flex-grow: 0; height: 40px; margin-right: 14px; width: 40px;\"><\/div>\n<div style=\"display: flex; flex-direction: column; flex-grow: 1; justify-content: center;\">\n<div style=\"background-color: #f4f4f4; border-radius: 4px; flex-grow: 0; height: 14px; margin-bottom: 6px; width: 100px;\"><\/div>\n<div style=\"background-color: #f4f4f4; border-radius: 4px; flex-grow: 0; height: 14px; width: 60px;\"><\/div>\n<\/div>\n<\/div>\n<div style=\"padding: 19% 0;\"><\/div>\n<div style=\"display: block; height: 50px; margin: 0 auto 12px; width: 50px;\"><\/div>\n<div style=\"padding-top: 8px;\">\n<div style=\"color: #3897f0; font-family: Arial,sans-serif; font-size: 14px; font-style: normal; font-weight: 550; line-height: 18px;\">Voir cette publication sur Instagram<\/div>\n<\/div>\n<div style=\"padding: 12.5% 0;\"><\/div>\n<div style=\"display: flex; flex-direction: row; margin-bottom: 14px; align-items: center;\">\n<div>\n<div style=\"background-color: #f4f4f4; border-radius: 50%; height: 12.5px; width: 12.5px; transform: translateX(0px) translateY(7px);\"><\/div>\n<div style=\"background-color: #f4f4f4; height: 12.5px; transform: rotate(-45deg) translateX(3px) translateY(1px); width: 12.5px; flex-grow: 0; margin-right: 14px; margin-left: 2px;\"><\/div>\n<div style=\"background-color: #f4f4f4; border-radius: 50%; height: 12.5px; width: 12.5px; transform: translateX(9px) translateY(-18px);\"><\/div>\n<\/div>\n<div style=\"margin-left: 8px;\">\n<div style=\"background-color: #f4f4f4; border-radius: 50%; flex-grow: 0; height: 20px; width: 20px;\"><\/div>\n<div style=\"width: 0; height: 0; border-top: 2px solid transparent; border-left: 6px solid #f4f4f4; border-bottom: 2px solid transparent; transform: translateX(16px) translateY(-4px) rotate(30deg);\"><\/div>\n<\/div>\n<div style=\"margin-left: auto;\">\n<div style=\"width: 0px; border-top: 8px solid #F4F4F4; border-right: 8px solid transparent; transform: translateY(16px);\"><\/div>\n<div style=\"background-color: #f4f4f4; flex-grow: 0; height: 12px; width: 16px; transform: translateY(-4px);\"><\/div>\n<div style=\"width: 0; height: 0; border-top: 8px solid #F4F4F4; border-left: 8px solid transparent; transform: translateY(-4px) translateX(8px);\"><\/div>\n<\/div>\n<\/div>\n<div style=\"display: flex; flex-direction: column; flex-grow: 1; justify-content: center; margin-bottom: 24px;\">\n<div style=\"background-color: #f4f4f4; border-radius: 4px; flex-grow: 0; height: 14px; margin-bottom: 6px; width: 224px;\"><\/div>\n<div style=\"background-color: #f4f4f4; border-radius: 4px; flex-grow: 0; height: 14px; width: 144px;\"><\/div>\n<\/div>\n<p>&nbsp;<\/p>\n<p style=\"color: #c9c8cd; font-family: Arial,sans-serif; font-size: 14px; line-height: 17px; margin-bottom: 0; margin-top: 8px; overflow: hidden; padding: 8px 0 7px; text-align: center; text-overflow: ellipsis; white-space: nowrap;\"><a style=\"color: #c9c8cd; font-family: Arial,sans-serif; font-size: 14px; font-style: normal; font-weight: normal; line-height: 17px; text-decoration: none;\" href=\"https:\/\/www.instagram.com\/p\/DDYFdsxMMFC\/?utm_source=ig_embed&amp;utm_campaign=loading\" target=\"_blank\" rel=\"noopener\">Une publication partag\u00e9e par Ryan Light (@ryanlightphoto)<\/a><\/p>\n<\/div>\n<\/blockquote>\n<p><script async src=\"\/\/www.instagram.com\/embed.js\"><\/script><\/p>\n<h2 data-start=\"4222\" data-end=\"4290\">Comment se rendre sur cette c\u00f4te envo\u00fbtante ? On vous dit tout !<\/h2>\n<p data-start=\"4292\" data-end=\"5003\">Se rendre sur la Costa Brava est un v\u00e9ritable jeu d\u2019enfant, que vous veniez de Paris, de Lyon ou de Strasbourg. Si vous \u00eates \u00e0 Paris, il vous suffit de prendre un <strong data-start=\"4455\" data-end=\"4464\">train<\/strong> \u00e0 grande vitesse (TGV) pour rejoindre <strong data-start=\"4503\" data-end=\"4522\">Barcelona Sants<\/strong>, la gare principale de Barcelone. De l\u00e0, vous pouvez prendre un train r\u00e9gional en direction de <strong data-start=\"4618\" data-end=\"4628\">Girona<\/strong> ou <strong data-start=\"4632\" data-end=\"4644\">Figueres<\/strong>, deux grandes villes proches de la Costa Brava. Le trajet dure environ 6 heures au total et offre des vues magnifiques sur la campagne catalane. Depuis Girona, vous pourrez rejoindre rapidement la c\u00f4te en train ou en bus. Comptez environ 20 \u00e0 30 \u20ac pour un billet de train, mais il est recommand\u00e9 de r\u00e9server \u00e0 l&#8217;avance pour b\u00e9n\u00e9ficier de tarifs int\u00e9ressants.<\/p>\n<p data-start=\"5005\" data-end=\"5477\">Depuis Lyon, un trajet similaire vous attend. Il vous faudra d\u2019abord prendre un <strong data-start=\"5085\" data-end=\"5092\">TGV<\/strong> jusqu&#8217;\u00e0 Barcelone, puis un train r\u00e9gional pour rejoindre les c\u00f4tes de la Costa Brava. Le tout prendra environ 7 heures, avec une fourchette de prix autour de 40-60 \u20ac pour un aller-retour en fonction de la p\u00e9riode de r\u00e9servation. Si vous partez de Strasbourg, le trajet sera un peu plus long, mais tout aussi agr\u00e9able, avec une correspondance \u00e0 Paris avant de continuer vers Barcelone.<\/p>\n<p data-start=\"5479\" data-end=\"5745\">En voiture, la Costa Brava est accessible en environ 10 heures depuis Paris, et les routes qui longent la mer offrent des paysages spectaculaires. Mais attention, la r\u00e9gion peut \u00eatre assez touristique, notamment en \u00e9t\u00e9, alors mieux vaut penser \u00e0 r\u00e9server \u00e0 l\u2019avance.<\/p>\n<h2 data-start=\"5747\" data-end=\"5814\">La Costa Brava, un \u00e9quilibre parfait entre d\u00e9tente et aventures<\/h2>\n<p data-start=\"5816\" data-end=\"6263\">L\u2019un des plus grands atouts de la Costa Brava, c\u2019est son incroyable diversit\u00e9 d\u2019activit\u00e9s \u00e0 faire. Pour ceux qui aiment les sports nautiques, la r\u00e9gion est un v\u00e9ritable terrain de jeu. Vous pouvez pratiquer la voile, le kayak, le paddle, ou encore la plong\u00e9e sous-marine. La mer M\u00e9diterran\u00e9e, avec ses eaux cristallines, est id\u00e9ale pour ces activit\u00e9s. Il n\u2019est pas rare de croiser des plongeurs explorant les fonds marins riches en faune et flore.<\/p>\n<p data-start=\"6265\" data-end=\"6694\">Si vous pr\u00e9f\u00e9rez les terres plut\u00f4t que les vagues, la <a href=\"https:\/\/discover.ulysse.com\/destination-espagnole-pres-de-la-france-attire\">Costa Brava<\/a> offre de nombreuses possibilit\u00e9s pour les amateurs de randonn\u00e9e. Le <strong data-start=\"6399\" data-end=\"6416\">Cam\u00ed de Ronda<\/strong>, un sentier c\u00f4tier qui longe toute la c\u00f4te, vous permettra de d\u00e9couvrir des paysages magnifiques tout en marchant le long de l&#8217;eau. En empruntant ce chemin, vous traverserez de petites criques isol\u00e9es, des plages d\u00e9sertes et des paysages sauvages qui vous laisseront sans voix.<\/p>\n<blockquote class=\"instagram-media\" style=\"background: #FFF; border: 0; border-radius: 3px; box-shadow: 0 0 1px 0 rgba(0,0,0,0.5),0 1px 10px 0 rgba(0,0,0,0.15); margin: 1px; max-width: 540px; min-width: 326px; padding: 0; width: calc(100% - 2px);\" data-instgrm-captioned=\"\" data-instgrm-permalink=\"https:\/\/www.instagram.com\/p\/DAFBYWNOZeC\/?utm_source=ig_embed&amp;utm_campaign=loading\" data-instgrm-version=\"14\">\n<div style=\"padding: 16px;\">\n<p>&nbsp;<\/p>\n<div style=\"display: flex; flex-direction: row; align-items: center;\">\n<div style=\"background-color: #f4f4f4; border-radius: 50%; flex-grow: 0; height: 40px; margin-right: 14px; width: 40px;\"><\/div>\n<div style=\"display: flex; flex-direction: column; flex-grow: 1; justify-content: center;\">\n<div style=\"background-color: #f4f4f4; border-radius: 4px; flex-grow: 0; height: 14px; margin-bottom: 6px; width: 100px;\"><\/div>\n<div style=\"background-color: #f4f4f4; border-radius: 4px; flex-grow: 0; height: 14px; width: 60px;\"><\/div>\n<\/div>\n<\/div>\n<div style=\"padding: 19% 0;\"><\/div>\n<div style=\"display: block; height: 50px; margin: 0 auto 12px; width: 50px;\"><\/div>\n<div style=\"padding-top: 8px;\">\n<div style=\"color: #3897f0; font-family: Arial,sans-serif; font-size: 14px; font-style: normal; font-weight: 550; line-height: 18px;\">Voir cette publication sur Instagram<\/div>\n<\/div>\n<div style=\"padding: 12.5% 0;\"><\/div>\n<div style=\"display: flex; flex-direction: row; margin-bottom: 14px; align-items: center;\">\n<div>\n<div style=\"background-color: #f4f4f4; border-radius: 50%; height: 12.5px; width: 12.5px; transform: translateX(0px) translateY(7px);\"><\/div>\n<div style=\"background-color: #f4f4f4; height: 12.5px; transform: rotate(-45deg) translateX(3px) translateY(1px); width: 12.5px; flex-grow: 0; margin-right: 14px; margin-left: 2px;\"><\/div>\n<div style=\"background-color: #f4f4f4; border-radius: 50%; height: 12.5px; width: 12.5px; transform: translateX(9px) translateY(-18px);\"><\/div>\n<\/div>\n<div style=\"margin-left: 8px;\">\n<div style=\"background-color: #f4f4f4; border-radius: 50%; flex-grow: 0; height: 20px; width: 20px;\"><\/div>\n<div style=\"width: 0; height: 0; border-top: 2px solid transparent; border-left: 6px solid #f4f4f4; border-bottom: 2px solid transparent; transform: translateX(16px) translateY(-4px) rotate(30deg);\"><\/div>\n<\/div>\n<div style=\"margin-left: auto;\">\n<div style=\"width: 0px; border-top: 8px solid #F4F4F4; border-right: 8px solid transparent; transform: translateY(16px);\"><\/div>\n<div style=\"background-color: #f4f4f4; flex-grow: 0; height: 12px; width: 16px; transform: translateY(-4px);\"><\/div>\n<div style=\"width: 0; height: 0; border-top: 8px solid #F4F4F4; border-left: 8px solid transparent; transform: translateY(-4px) translateX(8px);\"><\/div>\n<\/div>\n<\/div>\n<div style=\"display: flex; flex-direction: column; flex-grow: 1; justify-content: center; margin-bottom: 24px;\">\n<div style=\"background-color: #f4f4f4; border-radius: 4px; flex-grow: 0; height: 14px; margin-bottom: 6px; width: 224px;\"><\/div>\n<div style=\"background-color: #f4f4f4; border-radius: 4px; flex-grow: 0; height: 14px; width: 144px;\"><\/div>\n<\/div>\n<p>&nbsp;<\/p>\n<p style=\"color: #c9c8cd; font-family: Arial,sans-serif; font-size: 14px; line-height: 17px; margin-bottom: 0; margin-top: 8px; overflow: hidden; padding: 8px 0 7px; text-align: center; text-overflow: ellipsis; white-space: nowrap;\"><a style=\"color: #c9c8cd; font-family: Arial,sans-serif; font-size: 14px; font-style: normal; font-weight: normal; line-height: 17px; text-decoration: none;\" href=\"https:\/\/www.instagram.com\/p\/DAFBYWNOZeC\/?utm_source=ig_embed&amp;utm_campaign=loading\" target=\"_blank\" rel=\"noopener\">Une publication partag\u00e9e par Justin Foucher (@wmajustin)<\/a><\/p>\n<\/div>\n<\/blockquote>\n<p><script async src=\"\/\/www.instagram.com\/embed.js\"><\/script><\/p>\n<p data-start=\"6696\" data-end=\"6954\">Le soir venu, la r\u00e9gion se transforme en un v\u00e9ritable centre de d\u00e9tente. Avec ses bars anim\u00e9s, ses restaurants typiques et ses terrasses ensoleill\u00e9es, il est impossible de ne pas se laisser envo\u00fbter par l&#8217;atmosph\u00e8re d\u00e9contract\u00e9e et festive de la Costa Brava.<\/p>\n","protected":false},"excerpt":{"rendered":"<p>La Costa Brava, ce nom \u00e9voque imm\u00e9diatement des plages aux eaux turquoises, des villages pittoresques accroch\u00e9s \u00e0 la montagne et [&hellip;]<\/p>\n","protected":false},"author":4,"featured_media":27176,"comment_status":"open","ping_status":"closed","sticky":false,"template":"","format":"standard","meta":{"_acf_changed":false,"_sitemap_exclude":false,"_sitemap_priority":"","_sitemap_frequency":"","footnotes":"","rank_math_title":"","rank_math_description":"Entre criques secr\u00e8tes, villages pittoresques et plages de r\u00eave, la Costa Brava vous promet un voyage inoubliable.","rank_math_canonical_url":"","rank_math_focus_keyword":"soleil"},"categories":[3],"tags":[],"class_list":["post-27175","post","type-post","status-publish","format-standard","has-post-thumbnail","hentry","category-voyage"],"acf":[],"_links":{"self":[{"href":"https:\/\/ulysse.com\/news\/wp-json\/wp\/v2\/posts\/27175","targetHints":{"allow":["GET"]}}],"collection":[{"href":"https:\/\/ulysse.com\/news\/wp-json\/wp\/v2\/posts"}],"about":[{"href":"https:\/\/ulysse.com\/news\/wp-json\/wp\/v2\/types\/post"}],"author":[{"embeddable":true,"href":"https:\/\/ulysse.com\/news\/wp-json\/wp\/v2\/users\/4"}],"replies":[{"embeddable":true,"href":"https:\/\/ulysse.com\/news\/wp-json\/wp\/v2\/comments?post=27175"}],"version-history":[{"count":2,"href":"https:\/\/ulysse.com\/news\/wp-json\/wp\/v2\/posts\/27175\/revisions"}],"predecessor-version":[{"id":27178,"href":"https:\/\/ulysse.com\/news\/wp-json\/wp\/v2\/posts\/27175\/revisions\/27178"}],"wp:featuredmedia":[{"embeddable":true,"href":"https:\/\/ulysse.com\/news\/wp-json\/wp\/v2\/media\/27176"}],"wp:attachment":[{"href":"https:\/\/ulysse.com\/news\/wp-json\/wp\/v2\/media?parent=27175"}],"wp:term":[{"taxonomy":"category","embeddable":true,"href":"https:\/\/ulysse.com\/news\/wp-json\/wp\/v2\/categories?post=27175"},{"taxonomy":"post_tag","embeddable":true,"href":"https:\/\/ulysse.com\/news\/wp-json\/wp\/v2\/tags?post=27175"}],"curies":[{"name":"wp","href":"https:\/\/api.w.org\/{rel}","templated":true}]}}