{"id":27179,"date":"2025-03-20T17:00:40","date_gmt":"2025-03-20T16:00:40","guid":{"rendered":"https:\/\/discover.ulysse.com\/?p=27179"},"modified":"2025-03-20T13:45:51","modified_gmt":"2025-03-20T12:45:51","slug":"au-coeur-des-pyrenees-voici-le-plus-grand-paradis-thermal","status":"publish","type":"post","link":"https:\/\/ulysse.com\/news\/au-coeur-des-pyrenees-voici-le-plus-grand-paradis-thermal","title":{"rendered":"Au c\u0153ur des Pyr\u00e9n\u00e9es, voici le plus grand paradis thermal"},"content":{"rendered":"<p data-start=\"60\" data-end=\"802\">Au d\u00e9tour des montagnes pyr\u00e9n\u00e9ennes, un petit village de 300 habitants vous invite \u00e0 une exp\u00e9rience hors du temps. Loudenvielle, nich\u00e9 dans la vall\u00e9e du Louron, est un endroit o\u00f9 le calme, la nature et la d\u00e9tente se rencontrent. C\u2019est ici, dans ce coin paisible, que vous trouverez <strong data-start=\"342\" data-end=\"352\">Baln\u00e9a<\/strong>, le plus grand centre thermal des Pyr\u00e9n\u00e9es. Ce havre de paix, loin des tumultes des grandes villes, vous promet un s\u00e9jour de relaxation absolue, entour\u00e9 de paysages \u00e0 couper le souffle. Loin du stress quotidien, Baln\u00e9a devient votre terrain de jeu pour renouer avec vous-m\u00eame et vous ressourcer dans un cadre naturel unique. Laissez-vous guider dans cet univers o\u00f9 l\u2019eau et la nature se combinent pour cr\u00e9er une atmosph\u00e8re de bien-\u00eatre incomparable.<\/p>\n<h2 data-start=\"804\" data-end=\"858\">Baln\u00e9a : Le plus grand centre thermal des Pyr\u00e9n\u00e9es<\/h2>\n<p data-start=\"860\" data-end=\"1482\">Si Loudenvielle est un petit village tranquille, Baln\u00e9a est une v\u00e9ritable p\u00e9pite qui attire de plus en plus de visiteurs chaque ann\u00e9e. Ce centre thermal est le plus grand de la r\u00e9gion, un lieu o\u00f9 l\u2019eau devient bien-\u00eatre, relaxation et revitalisation. Avec ses multiples bassins, ses espaces de soins et ses ambiances inspir\u00e9es des quatre coins du monde, Baln\u00e9a vous transporte dans une exp\u00e9rience sensorielle in\u00e9dite. Vous pourrez y d\u00e9couvrir des ambiances vari\u00e9es : du hammam aux senteurs orientales aux piscines chauff\u00e9es aux inspirations japonaises, chaque recoin de ce centre vous invite \u00e0 une pause bien m\u00e9rit\u00e9e.<\/p>\n<p data-start=\"1484\" data-end=\"2018\">Le centre propose bien plus que des soins thermaux. Il s\u2019agit d\u2019un v\u00e9ritable voyage au c\u0153ur de la relaxation. Apr\u00e8s une <a href=\"https:\/\/discover.ulysse.com\/un-nouveau-sentier-de-randonnee-pour-admirer-les-pyrenees-sous-un-angle-inedit\">journ\u00e9e de rando<\/a> dans les montagnes ou de <strong>ski \u00e0 Val Louron<\/strong>, il n\u2019y a rien de plus agr\u00e9able que de se plonger dans les eaux chaudes des bassins ext\u00e9rieurs, tout en admirant les paysages grandioses qui vous entourent. C\u2019est aussi l\u2019occasion de profiter de massages relaxants, de soins de beaut\u00e9 ou encore de s\u00e9ances de relaxation dans des espaces sp\u00e9cialement con\u00e7us pour vous offrir la meilleure des d\u00e9compressions.<\/p>\n<p data-start=\"2020\" data-end=\"2385\">L\u2019ambiance de Baln\u00e9a est faite de douceur et de s\u00e9r\u00e9nit\u00e9. On y vient pour se d\u00e9tendre, pour l\u00e2cher prise, pour se reconnecter \u00e0 la nature et \u00e0 soi-m\u00eame. C\u2019est un lieu o\u00f9 chaque visite devient une parenth\u00e8se enchant\u00e9e, loin du quotidien et du stress. Dans ce centre thermal, l\u2019eau, au-del\u00e0 de ses vertus curatives, devient un alli\u00e9 de relaxation et de ressourcement.<\/p>\n<h2 data-start=\"2387\" data-end=\"2460\">Se rendre \u00e0 Baln\u00e9a : Facilit\u00e9 d&#8217;acc\u00e8s et paysages \u00e0 couper le souffle<\/h2>\n<p data-start=\"2462\" data-end=\"3039\">Se rendre \u00e0 Baln\u00e9a est une aventure en soi. Situ\u00e9e dans la vall\u00e9e du Louron, \u00e0 Loudenvielle, la r\u00e9gion est facilement accessible depuis plusieurs grandes villes fran\u00e7aises. Si vous partez de Paris, vous pouvez prendre un TGV jusqu\u2019\u00e0 Toulouse (environ 5h30 de trajet), puis emprunter un train r\u00e9gional jusqu\u2019\u00e0 Loudenvielle. Le prix des billets varie, mais il est possible de trouver des tarifs \u00e0 partir de 50 \u20ac si vous r\u00e9servez \u00e0 l\u2019avance. Depuis Lyon, le trajet est un peu plus court, avec une correspondance \u00e0 Toulouse, pour un trajet total d&#8217;environ 4h30.<\/p>\n<p data-start=\"3041\" data-end=\"3401\">Si vous pr\u00e9f\u00e9rez conduire, la route vous offrira un v\u00e9ritable spectacle naturel. Depuis Paris, comptez environ 7 heures de route pour rejoindre Loudenvielle, une balade qui vous fera traverser des paysages spectaculaires. Attention cependant, la r\u00e9gion est de plus en plus pris\u00e9e, surtout en haute saison, donc mieux vaut r\u00e9server votre h\u00e9bergement \u00e0 l\u2019avance.<\/p>\n<p data-start=\"3403\" data-end=\"3797\">Une fois arriv\u00e9 \u00e0 Loudenvielle, <strong>le petit village de 300 habitants<\/strong> vous accueillera dans une atmosph\u00e8re calme et apaisante. Ici, pas de foule, pas de bruit, juste la nature et l\u2019air pur des montagnes. Le co\u00fbt de la vie \u00e0 Loudenvielle est relativement abordable, m\u00eame si, comme dans beaucoup de <a href=\"https:\/\/discover.ulysse.com\/printemps-montagne-la-cote-destinations\">stations de montagne<\/a>, les prix des h\u00e9bergements peuvent l\u00e9g\u00e8rement augmenter pendant la haute saison.<\/p>\n<blockquote class=\"instagram-media\" style=\"background: #FFF; border: 0; border-radius: 3px; box-shadow: 0 0 1px 0 rgba(0,0,0,0.5),0 1px 10px 0 rgba(0,0,0,0.15); margin: 1px; max-width: 540px; min-width: 326px; padding: 0; width: calc(100% - 2px);\" data-instgrm-captioned=\"\" data-instgrm-permalink=\"https:\/\/www.instagram.com\/p\/CG3jg3EHaX8\/?utm_source=ig_embed&amp;utm_campaign=loading\" data-instgrm-version=\"14\">\n<div style=\"padding: 16px;\">\n<p>&nbsp;<\/p>\n<div style=\"display: flex; flex-direction: row; align-items: center;\">\n<div style=\"background-color: #f4f4f4; border-radius: 50%; flex-grow: 0; height: 40px; margin-right: 14px; width: 40px;\"><\/div>\n<div style=\"display: flex; flex-direction: column; flex-grow: 1; justify-content: center;\">\n<div style=\"background-color: #f4f4f4; border-radius: 4px; flex-grow: 0; height: 14px; margin-bottom: 6px; width: 100px;\"><\/div>\n<div style=\"background-color: #f4f4f4; border-radius: 4px; flex-grow: 0; height: 14px; width: 60px;\"><\/div>\n<\/div>\n<\/div>\n<div style=\"padding: 19% 0;\"><\/div>\n<div style=\"display: block; height: 50px; margin: 0 auto 12px; width: 50px;\"><\/div>\n<div style=\"padding-top: 8px;\">\n<div style=\"color: #3897f0; font-family: Arial,sans-serif; font-size: 14px; font-style: normal; font-weight: 550; line-height: 18px;\">Voir cette publication sur Instagram<\/div>\n<\/div>\n<div style=\"padding: 12.5% 0;\"><\/div>\n<div style=\"display: flex; flex-direction: row; margin-bottom: 14px; align-items: center;\">\n<div>\n<div style=\"background-color: #f4f4f4; border-radius: 50%; height: 12.5px; width: 12.5px; transform: translateX(0px) translateY(7px);\"><\/div>\n<div style=\"background-color: #f4f4f4; height: 12.5px; transform: rotate(-45deg) translateX(3px) translateY(1px); width: 12.5px; flex-grow: 0; margin-right: 14px; margin-left: 2px;\"><\/div>\n<div style=\"background-color: #f4f4f4; border-radius: 50%; height: 12.5px; width: 12.5px; transform: translateX(9px) translateY(-18px);\"><\/div>\n<\/div>\n<div style=\"margin-left: 8px;\">\n<div style=\"background-color: #f4f4f4; border-radius: 50%; flex-grow: 0; height: 20px; width: 20px;\"><\/div>\n<div style=\"width: 0; height: 0; border-top: 2px solid transparent; border-left: 6px solid #f4f4f4; border-bottom: 2px solid transparent; transform: translateX(16px) translateY(-4px) rotate(30deg);\"><\/div>\n<\/div>\n<div style=\"margin-left: auto;\">\n<div style=\"width: 0px; border-top: 8px solid #F4F4F4; border-right: 8px solid transparent; transform: translateY(16px);\"><\/div>\n<div style=\"background-color: #f4f4f4; flex-grow: 0; height: 12px; width: 16px; transform: translateY(-4px);\"><\/div>\n<div style=\"width: 0; height: 0; border-top: 8px solid #F4F4F4; border-left: 8px solid transparent; transform: translateY(-4px) translateX(8px);\"><\/div>\n<\/div>\n<\/div>\n<div style=\"display: flex; flex-direction: column; flex-grow: 1; justify-content: center; margin-bottom: 24px;\">\n<div style=\"background-color: #f4f4f4; border-radius: 4px; flex-grow: 0; height: 14px; margin-bottom: 6px; width: 224px;\"><\/div>\n<div style=\"background-color: #f4f4f4; border-radius: 4px; flex-grow: 0; height: 14px; width: 144px;\"><\/div>\n<\/div>\n<p>&nbsp;<\/p>\n<p style=\"color: #c9c8cd; font-family: Arial,sans-serif; font-size: 14px; line-height: 17px; margin-bottom: 0; margin-top: 8px; overflow: hidden; padding: 8px 0 7px; text-align: center; text-overflow: ellipsis; white-space: nowrap;\"><a style=\"color: #c9c8cd; font-family: Arial,sans-serif; font-size: 14px; font-style: normal; font-weight: normal; line-height: 17px; text-decoration: none;\" href=\"https:\/\/www.instagram.com\/p\/CG3jg3EHaX8\/?utm_source=ig_embed&amp;utm_campaign=loading\" target=\"_blank\" rel=\"noopener\">Une publication partag\u00e9e par BALNEA spa + re\u0301serve thermale (@balneaspa)<\/a><\/p>\n<\/div>\n<\/blockquote>\n<p><script async src=\"\/\/www.instagram.com\/embed.js\"><\/script><\/p>\n<h2 data-start=\"3799\" data-end=\"3874\">La vall\u00e9e du Louron : Une nature pr\u00e9serv\u00e9e et des activit\u00e9s \u00e0 profusion<\/h2>\n<p data-start=\"3876\" data-end=\"4254\">La vall\u00e9e du Louron, o\u00f9 se trouve Loudenvielle, est un v\u00e9ritable paradis pour les amoureux de la nature. Ce petit coin de paradis, bord\u00e9 par les montagnes pyr\u00e9n\u00e9ennes, offre des panoramas \u00e0 couper le souffle et une multitude d\u2019activit\u00e9s pour les aventuriers. Que vous soyez passionn\u00e9 de <a href=\"https:\/\/discover.ulysse.com\/un-nouveau-sentier-de-randonnee-pour-admirer-les-pyrenees-sous-un-angle-inedit\">randonn\u00e9e<\/a>, de VTT, de ski ou m\u00eame de parapente, vous trouverez forc\u00e9ment votre bonheur ici.<\/p>\n<p data-start=\"4256\" data-end=\"4627\">L\u2019\u00e9t\u00e9, la vall\u00e9e se transforme en un v\u00e9ritable terrain de jeu pour les randonneurs. Les sentiers autour du <strong data-start=\"4363\" data-end=\"4386\">lac de Loudenvielle<\/strong> ou du <strong data-start=\"4393\" data-end=\"4415\">col de Peyresourde<\/strong> offrent des vues exceptionnelles sur les montagnes et les for\u00eats environnantes. Les amoureux de la nature y trouveront \u00e9galement des paysages sauvages et pr\u00e9serv\u00e9s, parfaits pour un moment de d\u00e9connexion totale.<\/p>\n<p data-start=\"4629\" data-end=\"5111\">En hiver, la vall\u00e9e se couvre d\u2019un manteau blanc et la station de ski de Val Louron devient le lieu de pr\u00e9dilection des amateurs de sports d\u2019hiver. Moins fr\u00e9quent\u00e9e que d\u2019autres stations pyr\u00e9n\u00e9ennes, elle offre une exp\u00e9rience plus intimiste, id\u00e9ale pour les familles ou ceux qui recherchent un ski tranquille. La vall\u00e9e est aussi r\u00e9put\u00e9e pour ses espaces bien-\u00eatre, ses spas et ses thermes, o\u00f9 vous pourrez prolonger l\u2019exp\u00e9rience Baln\u00e9a apr\u00e8s une journ\u00e9e de ski ou de randonn\u00e9e.<\/p>\n<p data-start=\"5113\" data-end=\"5646\">Outre les activit\u00e9s de plein air, la vall\u00e9e du Louron est aussi un lieu o\u00f9 l\u2019on prend le temps de vivre. Les petits commerces locaux, les restaurants chaleureux et les caf\u00e9s traditionnels vous permettront de d\u00e9couvrir la cuisine montagnarde dans toute sa simplicit\u00e9 et son authenticit\u00e9. Le co\u00fbt de la vie dans cette r\u00e9gion est raisonnable, bien que les stations de montagne soient souvent un peu plus ch\u00e8res que les autres zones rurales. Cependant, le cadre naturel et les nombreuses activit\u00e9s propos\u00e9es justifient amplement le prix.<\/p>\n<blockquote class=\"instagram-media\" style=\"background: #FFF; border: 0; border-radius: 3px; box-shadow: 0 0 1px 0 rgba(0,0,0,0.5),0 1px 10px 0 rgba(0,0,0,0.15); margin: 1px; max-width: 540px; min-width: 326px; padding: 0; width: calc(100% - 2px);\" data-instgrm-captioned=\"\" data-instgrm-permalink=\"https:\/\/www.instagram.com\/p\/DD18_NDKuHF\/?utm_source=ig_embed&amp;utm_campaign=loading\" data-instgrm-version=\"14\">\n<div style=\"padding: 16px;\">\n<p>&nbsp;<\/p>\n<div style=\"display: flex; flex-direction: row; align-items: center;\">\n<div style=\"background-color: #f4f4f4; border-radius: 50%; flex-grow: 0; height: 40px; margin-right: 14px; width: 40px;\"><\/div>\n<div style=\"display: flex; flex-direction: column; flex-grow: 1; justify-content: center;\">\n<div style=\"background-color: #f4f4f4; border-radius: 4px; flex-grow: 0; height: 14px; margin-bottom: 6px; width: 100px;\"><\/div>\n<div style=\"background-color: #f4f4f4; border-radius: 4px; flex-grow: 0; height: 14px; width: 60px;\"><\/div>\n<\/div>\n<\/div>\n<div style=\"padding: 19% 0;\"><\/div>\n<div style=\"display: block; height: 50px; margin: 0 auto 12px; width: 50px;\"><\/div>\n<div style=\"padding-top: 8px;\">\n<div style=\"color: #3897f0; font-family: Arial,sans-serif; font-size: 14px; font-style: normal; font-weight: 550; line-height: 18px;\">Voir cette publication sur Instagram<\/div>\n<\/div>\n<div style=\"padding: 12.5% 0;\"><\/div>\n<div style=\"display: flex; flex-direction: row; margin-bottom: 14px; align-items: center;\">\n<div>\n<div style=\"background-color: #f4f4f4; border-radius: 50%; height: 12.5px; width: 12.5px; transform: translateX(0px) translateY(7px);\"><\/div>\n<div style=\"background-color: #f4f4f4; height: 12.5px; transform: rotate(-45deg) translateX(3px) translateY(1px); width: 12.5px; flex-grow: 0; margin-right: 14px; margin-left: 2px;\"><\/div>\n<div style=\"background-color: #f4f4f4; border-radius: 50%; height: 12.5px; width: 12.5px; transform: translateX(9px) translateY(-18px);\"><\/div>\n<\/div>\n<div style=\"margin-left: 8px;\">\n<div style=\"background-color: #f4f4f4; border-radius: 50%; flex-grow: 0; height: 20px; width: 20px;\"><\/div>\n<div style=\"width: 0; height: 0; border-top: 2px solid transparent; border-left: 6px solid #f4f4f4; border-bottom: 2px solid transparent; transform: translateX(16px) translateY(-4px) rotate(30deg);\"><\/div>\n<\/div>\n<div style=\"margin-left: auto;\">\n<div style=\"width: 0px; border-top: 8px solid #F4F4F4; border-right: 8px solid transparent; transform: translateY(16px);\"><\/div>\n<div style=\"background-color: #f4f4f4; flex-grow: 0; height: 12px; width: 16px; transform: translateY(-4px);\"><\/div>\n<div style=\"width: 0; height: 0; border-top: 8px solid #F4F4F4; border-left: 8px solid transparent; transform: translateY(-4px) translateX(8px);\"><\/div>\n<\/div>\n<\/div>\n<div style=\"display: flex; flex-direction: column; flex-grow: 1; justify-content: center; margin-bottom: 24px;\">\n<div style=\"background-color: #f4f4f4; border-radius: 4px; flex-grow: 0; height: 14px; margin-bottom: 6px; width: 224px;\"><\/div>\n<div style=\"background-color: #f4f4f4; border-radius: 4px; flex-grow: 0; height: 14px; width: 144px;\"><\/div>\n<\/div>\n<p>&nbsp;<\/p>\n<p style=\"color: #c9c8cd; font-family: Arial,sans-serif; font-size: 14px; line-height: 17px; margin-bottom: 0; margin-top: 8px; overflow: hidden; padding: 8px 0 7px; text-align: center; text-overflow: ellipsis; white-space: nowrap;\"><a style=\"color: #c9c8cd; font-family: Arial,sans-serif; font-size: 14px; font-style: normal; font-weight: normal; line-height: 17px; text-decoration: none;\" href=\"https:\/\/www.instagram.com\/p\/DD18_NDKuHF\/?utm_source=ig_embed&amp;utm_campaign=loading\" target=\"_blank\" rel=\"noopener\">Une publication partag\u00e9e par BALNEA spa + re\u0301serve thermale (@balneaspa)<\/a><\/p>\n<\/div>\n<\/blockquote>\n<p><script async src=\"\/\/www.instagram.com\/embed.js\"><\/script><\/p>\n<h2 data-start=\"5648\" data-end=\"5721\">Baln\u00e9a : Un centre thermal, mais aussi un lieu de ressourcement total<\/h2>\n<p data-start=\"5723\" data-end=\"6093\">Baln\u00e9a, ce n\u2019est pas seulement un centre thermal, c\u2019est un lieu o\u00f9 l\u2019on se ressource, o\u00f9 l\u2019on prend soin de soi, mais aussi un point de d\u00e9part pour d\u00e9couvrir la vall\u00e9e du Louron et ses environs. Apr\u00e8s une journ\u00e9e de d\u00e9tente, rien de mieux que de partir \u00e0 la d\u00e9couverte des montagnes pyr\u00e9n\u00e9ennes ou de se perdre dans les petits villages typiques qui jalonnent la vall\u00e9e.<\/p>\n<p data-start=\"6095\" data-end=\"6514\">Le <strong>centre thermal<\/strong> est un v\u00e9ritable sanctuaire du bien-\u00eatre, o\u00f9 chaque visiteur peut trouver son rythme et sa mani\u00e8re de se d\u00e9tendre. Que vous veniez pour une journ\u00e9e ou pour un s\u00e9jour plus long, Baln\u00e9a saura r\u00e9pondre \u00e0 vos besoins de relaxation, mais aussi de d\u00e9connexion avec un environnement naturel absolument incroyable. Les montagnes, l\u2019air pur, l\u2019eau thermale\u2026 un cocktail parfait pour une exp\u00e9rience inoubliable.<\/p>\n","protected":false},"excerpt":{"rendered":"<p>Au d\u00e9tour des montagnes pyr\u00e9n\u00e9ennes, un petit village de 300 habitants vous invite \u00e0 une exp\u00e9rience hors du temps. Loudenvielle, [&hellip;]<\/p>\n","protected":false},"author":4,"featured_media":27180,"comment_status":"open","ping_status":"closed","sticky":false,"template":"","format":"standard","meta":{"_acf_changed":false,"_sitemap_exclude":false,"_sitemap_priority":"","_sitemap_frequency":"","footnotes":"","rank_math_title":"","rank_math_description":"Entre eaux thermales, paysages majestueux et tranquillit\u00e9, Baln\u00e9a est l'escapade id\u00e9ale pour un s\u00e9jour ressour\u00e7ant au c\u0153ur des Pyr\u00e9n\u00e9es.","rank_math_canonical_url":"","rank_math_focus_keyword":"pyr\u00e9n\u00e9es"},"categories":[3],"tags":[],"class_list":["post-27179","post","type-post","status-publish","format-standard","has-post-thumbnail","hentry","category-voyage"],"acf":[],"_links":{"self":[{"href":"https:\/\/ulysse.com\/news\/wp-json\/wp\/v2\/posts\/27179","targetHints":{"allow":["GET"]}}],"collection":[{"href":"https:\/\/ulysse.com\/news\/wp-json\/wp\/v2\/posts"}],"about":[{"href":"https:\/\/ulysse.com\/news\/wp-json\/wp\/v2\/types\/post"}],"author":[{"embeddable":true,"href":"https:\/\/ulysse.com\/news\/wp-json\/wp\/v2\/users\/4"}],"replies":[{"embeddable":true,"href":"https:\/\/ulysse.com\/news\/wp-json\/wp\/v2\/comments?post=27179"}],"version-history":[{"count":1,"href":"https:\/\/ulysse.com\/news\/wp-json\/wp\/v2\/posts\/27179\/revisions"}],"predecessor-version":[{"id":27181,"href":"https:\/\/ulysse.com\/news\/wp-json\/wp\/v2\/posts\/27179\/revisions\/27181"}],"wp:featuredmedia":[{"embeddable":true,"href":"https:\/\/ulysse.com\/news\/wp-json\/wp\/v2\/media\/27180"}],"wp:attachment":[{"href":"https:\/\/ulysse.com\/news\/wp-json\/wp\/v2\/media?parent=27179"}],"wp:term":[{"taxonomy":"category","embeddable":true,"href":"https:\/\/ulysse.com\/news\/wp-json\/wp\/v2\/categories?post=27179"},{"taxonomy":"post_tag","embeddable":true,"href":"https:\/\/ulysse.com\/news\/wp-json\/wp\/v2\/tags?post=27179"}],"curies":[{"name":"wp","href":"https:\/\/api.w.org\/{rel}","templated":true}]}}