{"id":27202,"date":"2025-03-21T13:00:26","date_gmt":"2025-03-21T12:00:26","guid":{"rendered":"https:\/\/discover.ulysse.com\/?p=27202"},"modified":"2025-03-20T23:24:43","modified_gmt":"2025-03-20T22:24:43","slug":"week-end-petite-station-alpes-25-000-visiteurs","status":"publish","type":"post","link":"https:\/\/ulysse.com\/news\/week-end-petite-station-alpes-25-000-visiteurs","title":{"rendered":"Un week-end exceptionnel dans une petite station des Alpes : 25 000 visiteurs attendus"},"content":{"rendered":"<p data-start=\"87\" data-end=\"564\">Ce week-end, une petite commune des Alpes va devenir le centre de l&#8217;attention. Alors que la saison hivernale commence \u00e0 s\u2019essouffler, Villard-de-Lans, habituellement calme, s\u2019appr\u00eate \u00e0 accueillir <strong data-start=\"283\" data-end=\"303\">25 000 visiteurs<\/strong> pour un \u00e9v\u00e9nement tr\u00e8s particulier. Ce n\u2019est pas pour les pistes de ski, ni pour un \u00e9v\u00e9nement sportif, mais pour une c\u00e9l\u00e9bration culinaire hors du commun. Si vous n&#8217;\u00eates pas encore au courant, il est temps de d\u00e9couvrir ce que cette petite station a \u00e0 offrir.<\/p>\n<h2 data-start=\"566\" data-end=\"595\">Un festival hors du commun<\/h2>\n<p data-start=\"597\" data-end=\"1111\">Du <strong data-start=\"600\" data-end=\"617\">22 au 23 mars<\/strong>, la <a href=\"https:\/\/discover.ulysse.com\/village-isere-devenir-prefere-des-francais\">commune is\u00e9roise<\/a> organise la 16e \u00e9dition de son festival embl\u00e9matique : le <strong data-start=\"697\" data-end=\"738\">Festival de la coquille Saint-Jacques<\/strong>. Un \u00e9v\u00e9nement bien plus qu\u2019un simple march\u00e9 gastronomique. C&#8217;est l&#8217;occasion de d\u00e9couvrir ce coquillage sous toutes ses formes, mais aussi de vivre une v\u00e9ritable immersion dans une atmosph\u00e8re festive et conviviale. Si vous \u00eates un amateur de gastronomie, ou si vous cherchez simplement \u00e0 d\u00e9couvrir un \u00e9v\u00e9nement unique, Villard-de-Lans vous promet un week-end inoubliable.<\/p>\n<p data-start=\"1113\" data-end=\"1417\">Le festival attire chaque ann\u00e9e des milliers de visiteurs, venus de tout l&#8217;Hexagone pour savourer des plats pr\u00e9par\u00e9s par des chefs venus des quatre coins de la France. Et cette ann\u00e9e ne d\u00e9roge pas \u00e0 la r\u00e8gle, avec une <strong data-start=\"1331\" data-end=\"1358\">organisation impeccable<\/strong> et un programme de festivit\u00e9s aussi vari\u00e9 que savoureux.<\/p>\n<p data-start=\"1419\" data-end=\"2030\">Sur les deux jours du festival, pas moins de <strong data-start=\"1464\" data-end=\"1504\">44 tonnes de coquilles Saint-Jacques<\/strong> provenant de la baie de Saint-Brieuc seront pr\u00e9par\u00e9es et d\u00e9gust\u00e9es. Cinquante chefs \u00e9toil\u00e9s ou en devenir se succ\u00e9deront pour offrir aux participants une multitude de recettes cr\u00e9atives et raffin\u00e9es autour de ce fruit de mer. Parmi eux, on retrouvera notamment <strong data-start=\"1766\" data-end=\"1784\">Olivier Couvin<\/strong>, le <strong data-start=\"1789\" data-end=\"1819\">Meilleur Ouvrier de France<\/strong> et chef au c\u00e9l\u00e8bre restaurant <strong data-start=\"1850\" data-end=\"1865\">Paul Bocuse<\/strong>. Ce dernier, parrain de l&#8217;\u00e9v\u00e9nement cette ann\u00e9e, mettra son savoir-faire au service de la coquille Saint-Jacques pour offrir des cr\u00e9ations culinaires de haut vol.<\/p>\n<blockquote class=\"instagram-media\" style=\"background: #FFF; border: 0; border-radius: 3px; box-shadow: 0 0 1px 0 rgba(0,0,0,0.5),0 1px 10px 0 rgba(0,0,0,0.15); margin: 1px; max-width: 540px; min-width: 326px; padding: 0; width: calc(100% - 2px);\" data-instgrm-captioned=\"\" data-instgrm-permalink=\"https:\/\/www.instagram.com\/p\/DHYAvwdojH7\/?utm_source=ig_embed&amp;utm_campaign=loading\" data-instgrm-version=\"14\">\n<div style=\"padding: 16px;\">\n<p>&nbsp;<\/p>\n<div style=\"display: flex; flex-direction: row; align-items: center;\">\n<div style=\"background-color: #f4f4f4; border-radius: 50%; flex-grow: 0; height: 40px; margin-right: 14px; width: 40px;\"><\/div>\n<div style=\"display: flex; flex-direction: column; flex-grow: 1; justify-content: center;\">\n<div style=\"background-color: #f4f4f4; border-radius: 4px; flex-grow: 0; height: 14px; margin-bottom: 6px; width: 100px;\"><\/div>\n<div style=\"background-color: #f4f4f4; border-radius: 4px; flex-grow: 0; height: 14px; width: 60px;\"><\/div>\n<\/div>\n<\/div>\n<div style=\"padding: 19% 0;\"><\/div>\n<div style=\"display: block; height: 50px; margin: 0 auto 12px; width: 50px;\"><\/div>\n<div style=\"padding-top: 8px;\">\n<div style=\"color: #3897f0; font-family: Arial,sans-serif; font-size: 14px; font-style: normal; font-weight: 550; line-height: 18px;\">Voir cette publication sur Instagram<\/div>\n<\/div>\n<div style=\"padding: 12.5% 0;\"><\/div>\n<div style=\"display: flex; flex-direction: row; margin-bottom: 14px; align-items: center;\">\n<div>\n<div style=\"background-color: #f4f4f4; border-radius: 50%; height: 12.5px; width: 12.5px; transform: translateX(0px) translateY(7px);\"><\/div>\n<div style=\"background-color: #f4f4f4; height: 12.5px; transform: rotate(-45deg) translateX(3px) translateY(1px); width: 12.5px; flex-grow: 0; margin-right: 14px; margin-left: 2px;\"><\/div>\n<div style=\"background-color: #f4f4f4; border-radius: 50%; height: 12.5px; width: 12.5px; transform: translateX(9px) translateY(-18px);\"><\/div>\n<\/div>\n<div style=\"margin-left: 8px;\">\n<div style=\"background-color: #f4f4f4; border-radius: 50%; flex-grow: 0; height: 20px; width: 20px;\"><\/div>\n<div style=\"width: 0; height: 0; border-top: 2px solid transparent; border-left: 6px solid #f4f4f4; border-bottom: 2px solid transparent; transform: translateX(16px) translateY(-4px) rotate(30deg);\"><\/div>\n<\/div>\n<div style=\"margin-left: auto;\">\n<div style=\"width: 0px; border-top: 8px solid #F4F4F4; border-right: 8px solid transparent; transform: translateY(16px);\"><\/div>\n<div style=\"background-color: #f4f4f4; flex-grow: 0; height: 12px; width: 16px; transform: translateY(-4px);\"><\/div>\n<div style=\"width: 0; height: 0; border-top: 8px solid #F4F4F4; border-left: 8px solid transparent; transform: translateY(-4px) translateX(8px);\"><\/div>\n<\/div>\n<\/div>\n<div style=\"display: flex; flex-direction: column; flex-grow: 1; justify-content: center; margin-bottom: 24px;\">\n<div style=\"background-color: #f4f4f4; border-radius: 4px; flex-grow: 0; height: 14px; margin-bottom: 6px; width: 224px;\"><\/div>\n<div style=\"background-color: #f4f4f4; border-radius: 4px; flex-grow: 0; height: 14px; width: 144px;\"><\/div>\n<\/div>\n<p>&nbsp;<\/p>\n<p style=\"color: #c9c8cd; font-family: Arial,sans-serif; font-size: 14px; line-height: 17px; margin-bottom: 0; margin-top: 8px; overflow: hidden; padding: 8px 0 7px; text-align: center; text-overflow: ellipsis; white-space: nowrap;\"><a style=\"color: #c9c8cd; font-family: Arial,sans-serif; font-size: 14px; font-style: normal; font-weight: normal; line-height: 17px; text-decoration: none;\" href=\"https:\/\/www.instagram.com\/p\/DHYAvwdojH7\/?utm_source=ig_embed&amp;utm_campaign=loading\" target=\"_blank\" rel=\"noopener\">Une publication partag\u00e9e par KYSTIN (@cidres_kystin)<\/a><\/p>\n<\/div>\n<\/blockquote>\n<p><script async src=\"\/\/www.instagram.com\/embed.js\"><\/script><\/p>\n<h2 data-start=\"2032\" data-end=\"2069\">Une ambiance festive et conviviale<\/h2>\n<p data-start=\"2071\" data-end=\"2571\">Au-del\u00e0 de la gastronomie, le festival de la coquille Saint-Jacques est aussi un grand moment de convivialit\u00e9 et de c\u00e9l\u00e9bration. En plus des nombreux stands de restauration, les festivaliers pourront s&#8217;immerger dans l\u2019ambiance musicale de <strong data-start=\"2310\" data-end=\"2329\">Villard-de-Lans<\/strong>, avec des concerts et des animations d\u00e9di\u00e9es \u00e0 la culture bretonne. Le <strong data-start=\"2401\" data-end=\"2413\">Fest-Noz<\/strong>, une grande f\u00eate traditionnelle, se tiendra le samedi soir, et vous pourrez y danser sur des airs folkloriques dans une ambiance chaleureuse et conviviale.<\/p>\n<p data-start=\"2573\" data-end=\"3039\">Les organisateurs ont tout pr\u00e9vu pour que l&#8217;\u00e9v\u00e9nement soit accessible \u00e0 tous. Si vous venez en famille ou avec des amis, vous trouverez une multitude de stands o\u00f9 vous pourrez d\u00e9couvrir des produits locaux et savourer des plats faits maison. De plus, pour rendre l&#8217;acc\u00e8s plus simple, des <strong data-start=\"2861\" data-end=\"2883\">navettes gratuites<\/strong> seront mises en place le samedi et le dimanche, permettant aux festivaliers de se rendre facilement sur le site du festival sans se soucier du transport.<\/p>\n<p data-start=\"3041\" data-end=\"3478\">Mais ce n\u2019est pas tout : le festival n\u2019est pas qu\u2019un simple rassemblement gastronomique. C\u2019est un \u00e9v\u00e9nement qui a su s\u2019imposer comme un moment de rencontre, un lieu o\u00f9 les passionn\u00e9s de cuisine se croisent, \u00e9changent et partagent leur amour pour les produits de qualit\u00e9. Et pour ceux qui viennent pour la premi\u00e8re fois, il y a une <strong data-start=\"3372\" data-end=\"3394\">magie particuli\u00e8re<\/strong> \u00e0 d\u00e9couvrir un \u00e9v\u00e9nement dans un cadre aussi unique que celui de Villard-de-Lans.<\/p>\n<h2 data-start=\"3480\" data-end=\"3532\">Un rendez-vous culinaire d\u00e9sormais incontournable<\/h2>\n<p data-start=\"3534\" data-end=\"4048\">Ce festival ne date pas d&#8217;hier. L\u2019histoire du <strong data-start=\"3580\" data-end=\"3621\">Festival de la coquille Saint-Jacques<\/strong> remonte \u00e0 2009, lorsque deux amis, <strong data-start=\"3657\" data-end=\"3672\">Claude Ruel<\/strong> et <strong data-start=\"3676\" data-end=\"3694\">Pierre Lallier<\/strong>, ont d\u00e9cid\u00e9 de lancer un \u00e9v\u00e9nement mettant \u00e0 l&#8217;honneur ce coquillage aux saveurs d\u00e9licates. Leur objectif \u00e9tait de proposer un moment culinaire festif dans un cadre montagneux, \u00e0 la fois accessible et accueillant. Tr\u00e8s vite, l&#8217;id\u00e9e a s\u00e9duit, et aujourd\u2019hui, le festival est devenu un rendez-vous incontournable pour tous les amateurs de bonne cuisine.<\/p>\n<p data-start=\"4050\" data-end=\"4431\">Cette ann\u00e9e, Villard-de-Lans s\u2019attend donc \u00e0 un afflux massif de visiteurs, venus non seulement pour la <a href=\"https:\/\/discover.ulysse.com\/meilleure-ville-monde-gastronomie\">gastronomie<\/a>, mais aussi pour l\u2019ambiance unique qui r\u00e8gne dans cette petite station des Alpes. L\u2019\u00e9v\u00e9nement est aussi une belle opportunit\u00e9 pour red\u00e9couvrir cette commune d&#8217;Is\u00e8re, souvent associ\u00e9e \u00e0 ses pistes de ski, mais qui cache bien des tr\u00e9sors au-del\u00e0 des sports d\u2019hiver.<\/p>\n","protected":false},"excerpt":{"rendered":"<p>Ce week-end, une petite commune des Alpes va devenir le centre de l&#8217;attention. Alors que la saison hivernale commence \u00e0 [&hellip;]<\/p>\n","protected":false},"author":4,"featured_media":27203,"comment_status":"open","ping_status":"closed","sticky":false,"template":"","format":"standard","meta":{"_acf_changed":false,"_sitemap_exclude":false,"_sitemap_priority":"","_sitemap_frequency":"","footnotes":"","rank_math_title":"","rank_math_description":"","rank_math_canonical_url":"","rank_math_focus_keyword":"Alpes"},"categories":[3],"tags":[],"class_list":["post-27202","post","type-post","status-publish","format-standard","has-post-thumbnail","hentry","category-voyage"],"acf":[],"_links":{"self":[{"href":"https:\/\/ulysse.com\/news\/wp-json\/wp\/v2\/posts\/27202","targetHints":{"allow":["GET"]}}],"collection":[{"href":"https:\/\/ulysse.com\/news\/wp-json\/wp\/v2\/posts"}],"about":[{"href":"https:\/\/ulysse.com\/news\/wp-json\/wp\/v2\/types\/post"}],"author":[{"embeddable":true,"href":"https:\/\/ulysse.com\/news\/wp-json\/wp\/v2\/users\/4"}],"replies":[{"embeddable":true,"href":"https:\/\/ulysse.com\/news\/wp-json\/wp\/v2\/comments?post=27202"}],"version-history":[{"count":1,"href":"https:\/\/ulysse.com\/news\/wp-json\/wp\/v2\/posts\/27202\/revisions"}],"predecessor-version":[{"id":27204,"href":"https:\/\/ulysse.com\/news\/wp-json\/wp\/v2\/posts\/27202\/revisions\/27204"}],"wp:featuredmedia":[{"embeddable":true,"href":"https:\/\/ulysse.com\/news\/wp-json\/wp\/v2\/media\/27203"}],"wp:attachment":[{"href":"https:\/\/ulysse.com\/news\/wp-json\/wp\/v2\/media?parent=27202"}],"wp:term":[{"taxonomy":"category","embeddable":true,"href":"https:\/\/ulysse.com\/news\/wp-json\/wp\/v2\/categories?post=27202"},{"taxonomy":"post_tag","embeddable":true,"href":"https:\/\/ulysse.com\/news\/wp-json\/wp\/v2\/tags?post=27202"}],"curies":[{"name":"wp","href":"https:\/\/api.w.org\/{rel}","templated":true}]}}