{"id":27247,"date":"2025-03-26T10:30:31","date_gmt":"2025-03-26T09:30:31","guid":{"rendered":"https:\/\/ulysse.com\/news\/?p=27247"},"modified":"2025-03-21T11:32:42","modified_gmt":"2025-03-21T10:32:42","slug":"tour-mont-blanc-randonnee-2025","status":"publish","type":"post","link":"https:\/\/ulysse.com\/news\/tour-mont-blanc-randonnee-2025","title":{"rendered":"Le tour du Mont Blanc \u00e0 pied : nouvelle destiation phare de 2025 ?"},"content":{"rendered":"<p>S&#8217;\u00e9lan\u00e7ant sur 170 kilom\u00e8tres \u00e0 travers trois pays, le l\u00e9gendaire tour du <strong>Mont Blanc<\/strong> s&#8217;impose comme l&#8217;itin\u00e9raire de randonn\u00e9e incontournable en Europe pour 2025. Ce p\u00e9riple exceptionnel vous fait traverser des paysages alpins spectaculaires, des vall\u00e9es verdoyantes et des cols majestueux, tout en offrant des vues imprenables sur le toit de l&#8217;Europe qui culmine \u00e0 4 809 m\u00e8tres. Entre refuges authentiques et rencontres multiculturelles, cette aventure p\u00e9destre promet une immersion totale dans un environnement montagnard d&#8217;exception.<\/p>\n<h2>D\u00e9couverte du parcours mythique autour du toit de l&#8217;Europe<\/h2>\n<p>Le Tour du Mont Blanc repr\u00e9sente <strong>l&#8217;un des treks les plus embl\u00e9matiques d&#8217;Europe<\/strong>, offrant une boucle de 170 km autour du massif du Mont Blanc. Traversant trois pays &#8211; France, Italie et Suisse &#8211; ce parcours mythique vous permet d&#8217;admirer sous tous les angles le toit de l&#8217;Europe qui culmine \u00e0 4 809 m\u00e8tres. Les randonneurs parcourent g\u00e9n\u00e9ralement l&#8217;itin\u00e9raire en <strong>7 \u00e0 11 jours<\/strong>, avec un d\u00e9nivel\u00e9 positif total d&#8217;environ 10 000 m\u00e8tres. Le sentier balis\u00e9 vous conduit \u00e0 travers des paysages alpins vari\u00e9s : for\u00eats de conif\u00e8res, alpages fleuris, cols d&#8217;altitude et glaciers majestueux. Accessible de mi-juin \u00e0 mi-septembre, la meilleure p\u00e9riode reste <strong>juillet et ao\u00fbt<\/strong> pour profiter d&#8217;une m\u00e9t\u00e9o plus cl\u00e9mente et de tous les refuges ouverts. Cette randonn\u00e9e en boucle peut d\u00e9marrer de plusieurs points, mais <a href=\"https:\/\/discover.ulysse.com\/plus-beaux-parcours-randonnees-faciles-chamonix\">Chamonix<\/a> en France reste le point de d\u00e9part traditionnel et le plus populaire.<\/p>\n<blockquote class=\"instagram-media\" style=\"background: #FFF; border: 0; border-radius: 3px; margin: 1px; max-width: 540px; min-width: 326px; padding: 0; width: calc(100% - 2px);\" data-instgrm-permalink=\"https:\/\/www.instagram.com\/p\/DGvb7DYtA3Q\/?utm_source=ig_embed&amp;utm_campaign=loading\" data-instgrm-version=\"14\">\n<div style=\"padding: 16px;\">\n<p>&nbsp;<\/p>\n<div style=\"flex-direction: row; align-items: center;\">\n<div style=\"background-color: #f4f4f4; border-radius: 50%; flex-grow: 0; height: 40px; margin-right: 14px; width: 40px;\"><\/div>\n<div style=\"flex-direction: column; flex-grow: 1; justify-content: center;\">\n<div style=\"background-color: #f4f4f4; border-radius: 4px; flex-grow: 0; height: 14px; margin-bottom: 6px; width: 100px;\"><\/div>\n<div style=\"background-color: #f4f4f4; border-radius: 4px; flex-grow: 0; height: 14px; width: 60px;\"><\/div>\n<\/div>\n<\/div>\n<div style=\"padding: 19% 0;\"><\/div>\n<div style=\"height: 50px; margin: 0 auto 12px; width: 50px;\"><\/div>\n<div style=\"padding-top: 8px;\">\n<div style=\"color: #3897f0; font-family: Arial,sans-serif; font-size: 14px; font-style: normal; font-weight: 550; line-height: 18px;\">Voir cette publication sur Instagram<\/div>\n<\/div>\n<div style=\"padding: 12.5% 0;\"><\/div>\n<div style=\"flex-direction: row; margin-bottom: 14px; align-items: center;\">\n<div>\n<div style=\"background-color: #f4f4f4; border-radius: 50%; height: 12.5px; width: 12.5px;\"><\/div>\n<div style=\"background-color: #f4f4f4; height: 12.5px; width: 12.5px; flex-grow: 0; margin-right: 14px; margin-left: 2px;\"><\/div>\n<div style=\"background-color: #f4f4f4; border-radius: 50%; height: 12.5px; width: 12.5px;\"><\/div>\n<\/div>\n<div style=\"margin-left: 8px;\">\n<div style=\"background-color: #f4f4f4; border-radius: 50%; flex-grow: 0; height: 20px; width: 20px;\"><\/div>\n<div style=\"width: 0; height: 0; border-top: 2px solid transparent; border-left: 6px solid #f4f4f4; border-bottom: 2px solid transparent;\"><\/div>\n<\/div>\n<div style=\"margin-left: auto;\">\n<div style=\"width: 0px; border-top: 8px solid #F4F4F4; border-right: 8px solid transparent;\"><\/div>\n<div style=\"background-color: #f4f4f4; flex-grow: 0; height: 12px; width: 16px;\"><\/div>\n<div style=\"width: 0; height: 0; border-top: 8px solid #F4F4F4; border-left: 8px solid transparent;\"><\/div>\n<\/div>\n<\/div>\n<div style=\"flex-direction: column; flex-grow: 1; justify-content: center; margin-bottom: 24px;\">\n<div style=\"background-color: #f4f4f4; border-radius: 4px; flex-grow: 0; height: 14px; margin-bottom: 6px; width: 224px;\"><\/div>\n<div style=\"background-color: #f4f4f4; border-radius: 4px; flex-grow: 0; height: 14px; width: 144px;\"><\/div>\n<\/div>\n<p>&nbsp;<\/p>\n<p style=\"color: #c9c8cd; font-family: Arial,sans-serif; font-size: 14px; line-height: 17px; margin-bottom: 0; margin-top: 8px; overflow: hidden; padding: 8px 0 7px; text-align: center;\"><a style=\"color: #c9c8cd; font-family: Arial,sans-serif; font-size: 14px; font-style: normal; font-weight: normal; line-height: 17px; text-decoration: none;\" href=\"https:\/\/www.instagram.com\/p\/DGvb7DYtA3Q\/?utm_source=ig_embed&amp;utm_campaign=loading\" target=\"_blank\" rel=\"noopener\">Une publication partag\u00e9e par chamonixmontblanc (@chamonixmontblanc)<\/a><\/p>\n<\/div>\n<\/blockquote>\n<h2>Pr\u00e9paration et \u00e9quipement essentiels pour votre trek de 170 km<\/h2>\n<p>La pr\u00e9paration physique constitue <strong>un pr\u00e9requis indispensable<\/strong> pour affronter les 170 km et les nombreux d\u00e9nivel\u00e9s du Tour du Mont Blanc. Dans votre sac \u00e0 dos, qui ne devrait pas d\u00e9passer 10% de votre poids corporel, pr\u00e9voyez des v\u00eatements adapt\u00e9s aux variations climatiques brutales, notamment <strong>une veste imperm\u00e9able, des couches techniques et des chaussures de randonn\u00e9e rod\u00e9es<\/strong>. N&#8217;oubliez pas l&#8217;\u00e9quipement de s\u00e9curit\u00e9 incluant une trousse de premiers secours, une couverture de survie et une lampe frontale pour les impr\u00e9vus. La carte d\u00e9taill\u00e9e du parcours, disponible aupr\u00e8s des offices de tourisme locaux, s&#8217;av\u00e8re essentielle m\u00eame si le sentier est bien balis\u00e9. Une pr\u00e9paration d\u00e9but\u00e9e 3 \u00e0 6 mois avant le d\u00e9part vous permettra d&#8217;aborder cette aventure avec s\u00e9r\u00e9nit\u00e9. Des applications comme Visorando ou AllTrails peuvent compl\u00e9ter votre pr\u00e9paration avec des d\u00e9tails pr\u00e9cis sur chaque \u00e9tape du parcours.<\/p>\n<h2>Les \u00e9tapes incontournables \u00e0 travers France, Italie et Suisse<\/h2>\n<p>Le Tour du Mont Blanc vous emm\u00e8ne \u00e0 travers <strong>trois pays et des paysages \u00e9poustouflants<\/strong> qui m\u00e9ritent qu&#8217;on s&#8217;y attarde. En France, le Col de Voza offre une vue panoramique exceptionnelle sur la vall\u00e9e de Chamonix, tandis que les Contamines-Montjoie charment par leur authenticit\u00e9 savoyarde. Le passage en Italie via le <strong>Col de la Seigne marque un moment fort<\/strong> avec son panorama saisissant sur le versant sud du massif et le Val Veny. En territoire italien, le Val Ferret et Courmayeur constituent des \u00e9tapes pris\u00e9es pour leur ambiance m\u00e9diterran\u00e9enne et leur gastronomie renomm\u00e9e. La Suisse vous accueille ensuite par le Col du Grand Ferret, o\u00f9 le village de Champex-Lac avec son plan d&#8217;eau alpin enchante les randonneurs fatigu\u00e9s. Le Col de Balme, fronti\u00e8re naturelle entre la Suisse et la France, offre une derni\u00e8re vue spectaculaire avant de boucler le parcours et revenir \u00e0 votre point de d\u00e9part.<\/p>\n<blockquote class=\"instagram-media\" style=\"background: #FFF; border: 0; border-radius: 3px; margin: 1px; max-width: 540px; min-width: 326px; padding: 0; width: calc(100% - 2px);\" data-instgrm-permalink=\"https:\/\/www.instagram.com\/p\/DBRCxyBNX9f\/?utm_source=ig_embed&amp;utm_campaign=loading\" data-instgrm-version=\"14\">\n<div style=\"padding: 16px;\">\n<p>&nbsp;<\/p>\n<div style=\"flex-direction: row; align-items: center;\">\n<div style=\"background-color: #f4f4f4; border-radius: 50%; flex-grow: 0; height: 40px; margin-right: 14px; width: 40px;\"><\/div>\n<div style=\"flex-direction: column; flex-grow: 1; justify-content: center;\">\n<div style=\"background-color: #f4f4f4; border-radius: 4px; flex-grow: 0; height: 14px; margin-bottom: 6px; width: 100px;\"><\/div>\n<div style=\"background-color: #f4f4f4; border-radius: 4px; flex-grow: 0; height: 14px; width: 60px;\"><\/div>\n<\/div>\n<\/div>\n<div style=\"padding: 19% 0;\"><\/div>\n<div style=\"height: 50px; margin: 0 auto 12px; width: 50px;\"><\/div>\n<div style=\"padding-top: 8px;\">\n<div style=\"color: #3897f0; font-family: Arial,sans-serif; font-size: 14px; font-style: normal; font-weight: 550; line-height: 18px;\">Voir cette publication sur Instagram<\/div>\n<\/div>\n<div style=\"padding: 12.5% 0;\"><\/div>\n<div style=\"flex-direction: row; margin-bottom: 14px; align-items: center;\">\n<div>\n<div style=\"background-color: #f4f4f4; border-radius: 50%; height: 12.5px; width: 12.5px;\"><\/div>\n<div style=\"background-color: #f4f4f4; height: 12.5px; width: 12.5px; flex-grow: 0; margin-right: 14px; margin-left: 2px;\"><\/div>\n<div style=\"background-color: #f4f4f4; border-radius: 50%; height: 12.5px; width: 12.5px;\"><\/div>\n<\/div>\n<div style=\"margin-left: 8px;\">\n<div style=\"background-color: #f4f4f4; border-radius: 50%; flex-grow: 0; height: 20px; width: 20px;\"><\/div>\n<div style=\"width: 0; height: 0; border-top: 2px solid transparent; border-left: 6px solid #f4f4f4; border-bottom: 2px solid transparent;\"><\/div>\n<\/div>\n<div style=\"margin-left: auto;\">\n<div style=\"width: 0px; border-top: 8px solid #F4F4F4; border-right: 8px solid transparent;\"><\/div>\n<div style=\"background-color: #f4f4f4; flex-grow: 0; height: 12px; width: 16px;\"><\/div>\n<div style=\"width: 0; height: 0; border-top: 8px solid #F4F4F4; border-left: 8px solid transparent;\"><\/div>\n<\/div>\n<\/div>\n<div style=\"flex-direction: column; flex-grow: 1; justify-content: center; margin-bottom: 24px;\">\n<div style=\"background-color: #f4f4f4; border-radius: 4px; flex-grow: 0; height: 14px; margin-bottom: 6px; width: 224px;\"><\/div>\n<div style=\"background-color: #f4f4f4; border-radius: 4px; flex-grow: 0; height: 14px; width: 144px;\"><\/div>\n<\/div>\n<p>&nbsp;<\/p>\n<p style=\"color: #c9c8cd; font-family: Arial,sans-serif; font-size: 14px; line-height: 17px; margin-bottom: 0; margin-top: 8px; overflow: hidden; padding: 8px 0 7px; text-align: center;\"><a style=\"color: #c9c8cd; font-family: Arial,sans-serif; font-size: 14px; font-style: normal; font-weight: normal; line-height: 17px; text-decoration: none;\" href=\"https:\/\/www.instagram.com\/p\/DBRCxyBNX9f\/?utm_source=ig_embed&amp;utm_campaign=loading\" target=\"_blank\" rel=\"noopener\">Une publication partag\u00e9e par chamonixmontblanc (@chamonixmontblanc)<\/a><\/p>\n<\/div>\n<\/blockquote>\n<h2>H\u00e9bergements et r\u00e9servations : anticiper pour 2025<\/h2>\n<p>Pour profiter pleinement du Tour du Mont Blanc en 2025, <strong>r\u00e9server vos h\u00e9bergements au moins 6 mois \u00e0 l&#8217;avance<\/strong> devient crucial face \u00e0 la popularit\u00e9 croissante du parcours. Le long de l&#8217;itin\u00e9raire, vous trouverez une quarantaine de refuges de montagne, g\u00eetes d&#8217;\u00e9tape et auberges, proposant diverses formules allant de la demi-pension au simple couchage. Les prix varient g\u00e9n\u00e9ralement entre <strong>50 et 90 euros par nuit en demi-pension<\/strong>, avec des tarifs plus \u00e9lev\u00e9s dans les structures suisses. Certains h\u00e9bergements phares comme le Refuge Bertone en Italie ou le Refuge de la Croix du Bonhomme en France affichent complet plusieurs mois \u00e0 l&#8217;avance pendant la haute saison. Pour faciliter votre organisation, la centrale de r\u00e9servation MonTourduMontBlanc.com permet de r\u00e9server l&#8217;ensemble de votre itin\u00e9raire en une seule fois. Alternative int\u00e9ressante, des agences sp\u00e9cialis\u00e9es proposent des forfaits tout compris incluant h\u00e9bergements, transferts de bagages et assistance, id\u00e9als pour une premi\u00e8re exp\u00e9rience.<\/p>\n<blockquote class=\"instagram-media\" style=\"background: #FFF; border: 0; border-radius: 3px; margin: 1px; max-width: 540px; min-width: 326px; padding: 0; width: calc(100% - 2px);\" data-instgrm-permalink=\"https:\/\/www.instagram.com\/p\/C-He0oSNsvI\/?utm_source=ig_embed&amp;utm_campaign=loading\" data-instgrm-version=\"14\">\n<div style=\"padding: 16px;\">\n<p>&nbsp;<\/p>\n<div style=\"flex-direction: row; align-items: center;\">\n<div style=\"background-color: #f4f4f4; border-radius: 50%; flex-grow: 0; height: 40px; margin-right: 14px; width: 40px;\"><\/div>\n<div style=\"flex-direction: column; flex-grow: 1; justify-content: center;\">\n<div style=\"background-color: #f4f4f4; border-radius: 4px; flex-grow: 0; height: 14px; margin-bottom: 6px; width: 100px;\"><\/div>\n<div style=\"background-color: #f4f4f4; border-radius: 4px; flex-grow: 0; height: 14px; width: 60px;\"><\/div>\n<\/div>\n<\/div>\n<div style=\"padding: 19% 0;\"><\/div>\n<div style=\"height: 50px; margin: 0 auto 12px; width: 50px;\"><\/div>\n<div style=\"padding-top: 8px;\">\n<div style=\"color: #3897f0; font-family: Arial,sans-serif; font-size: 14px; font-style: normal; font-weight: 550; line-height: 18px;\">Voir cette publication sur Instagram<\/div>\n<\/div>\n<div style=\"padding: 12.5% 0;\"><\/div>\n<div style=\"flex-direction: row; margin-bottom: 14px; align-items: center;\">\n<div>\n<div style=\"background-color: #f4f4f4; border-radius: 50%; height: 12.5px; width: 12.5px;\"><\/div>\n<div style=\"background-color: #f4f4f4; height: 12.5px; width: 12.5px; flex-grow: 0; margin-right: 14px; margin-left: 2px;\"><\/div>\n<div style=\"background-color: #f4f4f4; border-radius: 50%; height: 12.5px; width: 12.5px;\"><\/div>\n<\/div>\n<div style=\"margin-left: 8px;\">\n<div style=\"background-color: #f4f4f4; border-radius: 50%; flex-grow: 0; height: 20px; width: 20px;\"><\/div>\n<div style=\"width: 0; height: 0; border-top: 2px solid transparent; border-left: 6px solid #f4f4f4; border-bottom: 2px solid transparent;\"><\/div>\n<\/div>\n<div style=\"margin-left: auto;\">\n<div style=\"width: 0px; border-top: 8px solid #F4F4F4; border-right: 8px solid transparent;\"><\/div>\n<div style=\"background-color: #f4f4f4; flex-grow: 0; height: 12px; width: 16px;\"><\/div>\n<div style=\"width: 0; height: 0; border-top: 8px solid #F4F4F4; border-left: 8px solid transparent;\"><\/div>\n<\/div>\n<\/div>\n<div style=\"flex-direction: column; flex-grow: 1; justify-content: center; margin-bottom: 24px;\">\n<div style=\"background-color: #f4f4f4; border-radius: 4px; flex-grow: 0; height: 14px; margin-bottom: 6px; width: 224px;\"><\/div>\n<div style=\"background-color: #f4f4f4; border-radius: 4px; flex-grow: 0; height: 14px; width: 144px;\"><\/div>\n<\/div>\n<p>&nbsp;<\/p>\n<p style=\"color: #c9c8cd; font-family: Arial,sans-serif; font-size: 14px; line-height: 17px; margin-bottom: 0; margin-top: 8px; overflow: hidden; padding: 8px 0 7px; text-align: center;\"><a style=\"color: #c9c8cd; font-family: Arial,sans-serif; font-size: 14px; font-style: normal; font-weight: normal; line-height: 17px; text-decoration: none;\" href=\"https:\/\/www.instagram.com\/p\/C-He0oSNsvI\/?utm_source=ig_embed&amp;utm_campaign=loading\" target=\"_blank\" rel=\"noopener\">Une publication partag\u00e9e par chamonixmontblanc (@chamonixmontblanc)<\/a><\/p>\n<\/div>\n<\/blockquote>\n<h2>Pourquoi le Tour du Mont Blanc devient la destination phare des randonneurs<\/h2>\n<p>Le Tour du Mont Blanc conna\u00eet une popularit\u00e9 exponentielle, avec <strong>plus de 10 000 randonneurs<\/strong> qui bouclent l&#8217;int\u00e9gralit\u00e9 du parcours chaque ann\u00e9e. Cette tendance s&#8217;explique par l&#8217;accessibilit\u00e9 relative de l&#8217;itin\u00e9raire, praticable sans \u00e9quipement technique sp\u00e9cifique tout en offrant une v\u00e9ritable immersion en haute montagne. L&#8217;exp\u00e9rience multiculturelle \u00e0 travers trois pays constitue <strong>un attrait majeur<\/strong>, permettant de d\u00e9couvrir diff\u00e9rentes traditions alpines et gastronomies r\u00e9gionales en une seule randonn\u00e9e autour du Mont Blanc. L&#8217;infrastructure bien d\u00e9velopp\u00e9e, avec des refuges confortables et des points de ravitaillement r\u00e9guliers, rassure les randonneurs de tous niveaux. Les pr\u00e9occupations \u00e9cologiques jouent \u00e9galement un r\u00f4le dans cet engouement, de nombreux voyageurs privil\u00e9giant d\u00e9sormais les destinations accessibles sans avion et permettant une connexion authentique avec la nature. Pour 2025, plusieurs initiatives de gestion des flux sont mises en place pour pr\u00e9server l&#8217;exp\u00e9rience face \u00e0 cette popularit\u00e9 grandissante.<\/p>\n<p>Le <strong>Mont Blanc<\/strong> et son tour p\u00e9destre s&#8217;affirment comme l&#8217;aventure alpine par excellence, m\u00ealant d\u00e9fi physique, richesse culturelle et communion avec une nature grandiose. R\u00e9server d\u00e8s maintenant vos h\u00e9bergements pour 2025 vous garantira une exp\u00e9rience optimale sur ce parcours de 170 km qui attire chaque ann\u00e9e davantage de passionn\u00e9s. Que vous soyez randonneur exp\u00e9riment\u00e9 ou simple amoureux des grands espaces, cette travers\u00e9e tri-nationale autour du toit de l&#8217;Europe promet des souvenirs inoubliables et une reconnexion profonde avec l&#8217;essence m\u00eame de la montagne.<\/p>\n","protected":false},"excerpt":{"rendered":"<p>S&#8217;\u00e9lan\u00e7ant sur 170 kilom\u00e8tres \u00e0 travers trois pays, le l\u00e9gendaire tour du Mont Blanc s&#8217;impose comme l&#8217;itin\u00e9raire de randonn\u00e9e incontournable [&hellip;]<\/p>\n","protected":false},"author":4,"featured_media":27251,"comment_status":"open","ping_status":"closed","sticky":false,"template":"","format":"standard","meta":{"_acf_changed":false,"_sitemap_exclude":false,"_sitemap_priority":"","_sitemap_frequency":"","footnotes":"","rank_math_title":"","rank_math_description":"","rank_math_canonical_url":"","rank_math_focus_keyword":"Mont Blanc"},"categories":[3],"tags":[],"class_list":["post-27247","post","type-post","status-publish","format-standard","has-post-thumbnail","hentry","category-voyage"],"acf":[],"_links":{"self":[{"href":"https:\/\/ulysse.com\/news\/wp-json\/wp\/v2\/posts\/27247","targetHints":{"allow":["GET"]}}],"collection":[{"href":"https:\/\/ulysse.com\/news\/wp-json\/wp\/v2\/posts"}],"about":[{"href":"https:\/\/ulysse.com\/news\/wp-json\/wp\/v2\/types\/post"}],"author":[{"embeddable":true,"href":"https:\/\/ulysse.com\/news\/wp-json\/wp\/v2\/users\/4"}],"replies":[{"embeddable":true,"href":"https:\/\/ulysse.com\/news\/wp-json\/wp\/v2\/comments?post=27247"}],"version-history":[{"count":5,"href":"https:\/\/ulysse.com\/news\/wp-json\/wp\/v2\/posts\/27247\/revisions"}],"predecessor-version":[{"id":27256,"href":"https:\/\/ulysse.com\/news\/wp-json\/wp\/v2\/posts\/27247\/revisions\/27256"}],"wp:featuredmedia":[{"embeddable":true,"href":"https:\/\/ulysse.com\/news\/wp-json\/wp\/v2\/media\/27251"}],"wp:attachment":[{"href":"https:\/\/ulysse.com\/news\/wp-json\/wp\/v2\/media?parent=27247"}],"wp:term":[{"taxonomy":"category","embeddable":true,"href":"https:\/\/ulysse.com\/news\/wp-json\/wp\/v2\/categories?post=27247"},{"taxonomy":"post_tag","embeddable":true,"href":"https:\/\/ulysse.com\/news\/wp-json\/wp\/v2\/tags?post=27247"}],"curies":[{"name":"wp","href":"https:\/\/api.w.org\/{rel}","templated":true}]}}