{"id":27260,"date":"2025-03-21T19:00:20","date_gmt":"2025-03-21T18:00:20","guid":{"rendered":"https:\/\/discover.ulysse.com\/?p=27260"},"modified":"2025-03-21T11:53:17","modified_gmt":"2025-03-21T10:53:17","slug":"vacances-printemps-5-phares-bretagne","status":"publish","type":"post","link":"https:\/\/ulysse.com\/news\/vacances-printemps-5-phares-bretagne","title":{"rendered":"Pr\u00eat pour les vacances de printemps ? D\u00e9couvrez 5 phares incontournables de Bretagne"},"content":{"rendered":"<p data-start=\"88\" data-end=\"621\">Les vacances de printemps approchent \u00e0 grands pas et quoi de mieux que de profiter de la Bretagne pour s&#8217;\u00e9vader ? Entre ses paysages sauvages, ses c\u00f4tes d\u00e9coup\u00e9es et ses phares embl\u00e9matiques, cette r\u00e9gion est une v\u00e9ritable invitation \u00e0 la d\u00e9couverte. Que vous soyez en solo, en couple ou en famille, ces cinq phares sont des \u00e9tapes incontournables pour tout amateur de nature et d&#8217;histoire. De plus, vous trouverez des options adapt\u00e9es \u00e0 tous les budgets, que ce soit pour un court s\u00e9jour ou un week-end prolong\u00e9.<\/p>\n<h2 data-start=\"623\" data-end=\"667\">Le phare de Kador : un phare-h\u00f4tel unique<\/h2>\n<p data-start=\"669\" data-end=\"1233\">Perch\u00e9 sur la <strong data-start=\"683\" data-end=\"707\">presqu&#8217;\u00eele de Crozon<\/strong>, le <strong data-start=\"712\" data-end=\"730\">phare de Kador<\/strong> est un endroit hors du commun. Ce phare a la particularit\u00e9 d\u2019\u00eatre aussi une maison, ce qui permet aux visiteurs de passer la nuit dans un cadre totalement unique. Allum\u00e9 pour la premi\u00e8re fois en 1914, ce phare est accessible apr\u00e8s une petite randonn\u00e9e. Si vous souhaitez passer la nuit, les prix varient entre 90\u20ac et 150\u20ac la nuit en fonction de la p\u00e9riode, id\u00e9al pour un s\u00e9jour romantique en couple. L&#8217;endroit offre une vue imprenable sur la baie de Douarnenez et une exp\u00e9rience absolument inoubliable.<\/p>\n<h2 data-start=\"1235\" data-end=\"1284\">Le phare du Toulinguet : une vue spectaculaire<\/h2>\n<p data-start=\"1286\" data-end=\"1887\">Situ\u00e9 \u00e0 l&#8217;extr\u00e9mit\u00e9 ouest de la <strong data-start=\"1318\" data-end=\"1342\">presqu&#8217;\u00eele de Crozon<\/strong>, le <strong data-start=\"1347\" data-end=\"1370\">phare du Toulinguet<\/strong> est un autre incontournable de la r\u00e9gion. Avec sa situation id\u00e9ale, il permet de d\u00e9couvrir une vue spectaculaire sur la mer et les plages avoisinantes. \u00c0 proximit\u00e9, vous trouverez la plage de Camaret-sur-Mer, et en saison, il est possible de visiter le phare pour environ <strong data-start=\"1643\" data-end=\"1660\">6\u20ac par adulte<\/strong>. C\u2019est une excellente option pour une visite en famille, avec des enfants plus \u00e2g\u00e9s, pour une sortie en plein air. Le phare est ouvert au public pendant les mois de printemps, lorsque le climat est agr\u00e9able pour une promenade.<\/p>\n<h2 data-start=\"1889\" data-end=\"1944\">Le phare de Portzic : l\u2019un des plus proches de Brest<\/h2>\n<p data-start=\"1946\" data-end=\"2449\">Le <strong data-start=\"1949\" data-end=\"1969\">phare de Portzic<\/strong>, situ\u00e9 \u00e0 quelques kilom\u00e8tres de Brest, est un phare de 35 m\u00e8tres qui offre une vue superbe sur le goulet de Brest. Il est id\u00e9al pour une petite excursion \u00e0 la journ\u00e9e ou une activit\u00e9 en solo si vous aimez les paysages maritimes. L\u2019entr\u00e9e au site est gratuite, ce qui en fait une option parfaite pour ceux qui ont un budget plus limit\u00e9. Le phare est \u00e9galement tr\u00e8s accessible depuis le centre-ville de Brest, avec des transports en commun disponibles \u00e0 partir de <strong data-start=\"2432\" data-end=\"2438\">2\u20ac<\/strong> le trajet.<\/p>\n<h2 data-start=\"2451\" data-end=\"2497\">Le phare du Petit Minou : un incontournable<\/h2>\n<p data-start=\"2499\" data-end=\"3088\">L\u2019un des phares les plus c\u00e9l\u00e8bres de la r\u00e9gion, le <strong data-start=\"2550\" data-end=\"2574\">phare du Petit Minou<\/strong>, se situe \u00e0 l\u2019entr\u00e9e de la rade de Brest. Ce monument majestueux est un v\u00e9ritable symbole de la <a href=\"https:\/\/discover.ulysse.com\/coin-de-bretagne-affiche-temperatures-du-sud\">Bretagne<\/a>, offrant une vue spectaculaire sur l\u2019oc\u00e9an Atlantique. Si vous s\u00e9journez \u00e0 Brest ou dans ses environs, c\u2019est un lieu incontournable \u00e0 visiter. L\u2019acc\u00e8s au phare est libre, parfait pour une balade \u00e0 pied ou en v\u00e9lo. Pour un s\u00e9jour en famille, vous pouvez envisager un logement \u00e0 Brest avec des prix d\u00e9butant autour de <strong data-start=\"3000\" data-end=\"3015\">60\u20ac la nuit<\/strong> pour un h\u00f4tel 2-3 \u00e9toiles. Un bon compromis pour un week-end \u00e9conomique.<\/p>\n<h2 data-start=\"3090\" data-end=\"3152\">Le phare de la pointe Saint Mathieu : histoire et panoramas<\/h2>\n<p data-start=\"3154\" data-end=\"3824\">Situ\u00e9 \u00e0 Plougonvelin, le <strong data-start=\"3183\" data-end=\"3219\">phare de la pointe Saint Mathieu<\/strong> est un lieu unique o\u00f9 l\u2019histoire rencontre la <a href=\"https:\/\/discover.ulysse.com\/village-meconnu-bretagne-mise-du-tourisme-2025\">beaut\u00e9 des paysages bretons<\/a>. Ce phare est install\u00e9 au sommet des ruines d\u2019une ancienne abbaye, ce qui le rend encore plus fascinant. Pour acc\u00e9der au phare, vous devrez grimper les 163 marches qui vous m\u00e8neront \u00e0 une vue panoramique \u00e9poustouflante. Le site est ouvert toute l&#8217;ann\u00e9e, avec un tarif d\u2019entr\u00e9e de 3,50\u20ac par adulte. Une sortie parfaite pour les amateurs d\u2019histoire et de nature. Il est possible de r\u00e9server un h\u00f4tel aux alentours de Plougonvelin \u00e0 partir de 55\u20ac la nuit en basse saison, id\u00e9al pour une escapade tranquille en couple.<\/p>\n","protected":false},"excerpt":{"rendered":"<p>Les vacances de printemps approchent \u00e0 grands pas et quoi de mieux que de profiter de la Bretagne pour s&#8217;\u00e9vader [&hellip;]<\/p>\n","protected":false},"author":4,"featured_media":27261,"comment_status":"open","ping_status":"closed","sticky":false,"template":"","format":"standard","meta":{"_acf_changed":false,"_sitemap_exclude":false,"_sitemap_priority":"","_sitemap_frequency":"","footnotes":"","rank_math_title":"","rank_math_description":"","rank_math_canonical_url":"","rank_math_focus_keyword":"bretagne"},"categories":[3],"tags":[],"class_list":["post-27260","post","type-post","status-publish","format-standard","has-post-thumbnail","hentry","category-voyage"],"acf":[],"_links":{"self":[{"href":"https:\/\/ulysse.com\/news\/wp-json\/wp\/v2\/posts\/27260","targetHints":{"allow":["GET"]}}],"collection":[{"href":"https:\/\/ulysse.com\/news\/wp-json\/wp\/v2\/posts"}],"about":[{"href":"https:\/\/ulysse.com\/news\/wp-json\/wp\/v2\/types\/post"}],"author":[{"embeddable":true,"href":"https:\/\/ulysse.com\/news\/wp-json\/wp\/v2\/users\/4"}],"replies":[{"embeddable":true,"href":"https:\/\/ulysse.com\/news\/wp-json\/wp\/v2\/comments?post=27260"}],"version-history":[{"count":1,"href":"https:\/\/ulysse.com\/news\/wp-json\/wp\/v2\/posts\/27260\/revisions"}],"predecessor-version":[{"id":27262,"href":"https:\/\/ulysse.com\/news\/wp-json\/wp\/v2\/posts\/27260\/revisions\/27262"}],"wp:featuredmedia":[{"embeddable":true,"href":"https:\/\/ulysse.com\/news\/wp-json\/wp\/v2\/media\/27261"}],"wp:attachment":[{"href":"https:\/\/ulysse.com\/news\/wp-json\/wp\/v2\/media?parent=27260"}],"wp:term":[{"taxonomy":"category","embeddable":true,"href":"https:\/\/ulysse.com\/news\/wp-json\/wp\/v2\/categories?post=27260"},{"taxonomy":"post_tag","embeddable":true,"href":"https:\/\/ulysse.com\/news\/wp-json\/wp\/v2\/tags?post=27260"}],"curies":[{"name":"wp","href":"https:\/\/api.w.org\/{rel}","templated":true}]}}