{"id":27294,"date":"2025-03-23T07:00:57","date_gmt":"2025-03-23T06:00:57","guid":{"rendered":"https:\/\/discover.ulysse.com\/?p=27294"},"modified":"2025-03-22T20:28:51","modified_gmt":"2025-03-22T19:28:51","slug":"eclipse-soleil-jours-ci-decouvrez-villes-visible","status":"publish","type":"post","link":"https:\/\/ulysse.com\/news\/eclipse-soleil-jours-ci-decouvrez-villes-visible","title":{"rendered":"Une \u00e9clipse du Soleil \u00e0 ne pas manquer ces jours-ci : d\u00e9couvrez les villes o\u00f9 elle sera visible"},"content":{"rendered":"<p class=\"\" data-start=\"50\" data-end=\"468\">Le 29 mars 2025, un \u00e9v\u00e9nement astronomique captivant se produira dans le ciel : une \u00e9clipse partielle du Soleil. Bien que cet \u00e9v\u00e9nement ne soit pas totalement in\u00e9dit, il constitue une occasion rare d&#8217;observer un spectacle fascinant, surtout pour ceux qui se trouvent dans l&#8217;ouest de la France. Cette \u00e9clipse permettra de voir le Soleil partiellement cach\u00e9 par la Lune, offrant une vision unique \u00e0 travers tout le pays.<\/p>\n<h2 class=\"\" data-start=\"470\" data-end=\"539\">Le spectacle dans le ciel : une \u00e9clipse partielle mais saisissante<\/h2>\n<p class=\"\" data-start=\"541\" data-end=\"1069\">\u00c0 partir de 11h00, la Lune commencera son passage devant le Soleil, provoquant une occultation partielle de notre \u00e9toile. Bien que l\u2019\u00e9clipse ne soit pas totale, elle promet n\u00e9anmoins un spectacle remarquable, notamment dans des villes comme Brest, o\u00f9 jusqu\u2019\u00e0 un tiers du Soleil sera recouvert. \u00c0 cet instant, le Soleil prendra la forme d\u2019un croissant, ce qui le rendra particuli\u00e8rement fascinant \u00e0 observer. \u00c0 Marseille, l\u2019obscuration sera moins importante, mais le ph\u00e9nom\u00e8ne restera visible avec environ 11,5 % du Soleil cach\u00e9.<\/p>\n<p class=\"\" data-start=\"1071\" data-end=\"1382\">Les observations varieront selon les r\u00e9gions, chaque ville connaissant un moment pr\u00e9cis o\u00f9 l\u2019obscuration sera maximale. \u00c0 Brest, par exemple, l\u2019obscuration atteindra 32,5 %, tandis qu\u2019\u00e0 Paris, elle se limitera \u00e0 23,5 %. Cette variation g\u00e9ographique est due \u00e0 la position de l\u2019\u00e9clipse par rapport \u00e0 chaque ville.<\/p>\n<h2 class=\"\" data-start=\"1384\" data-end=\"1420\">Un \u00e9v\u00e9nement rare mais accessible<\/h2>\n<p class=\"\" data-start=\"1422\" data-end=\"1791\">Bien que les \u00e9clipses partielles ne soient pas compl\u00e8tement rares \u2013 la derni\u00e8re ayant eu lieu en octobre 2022 \u2013, elles restent des \u00e9v\u00e9nements exceptionnels \u00e0 observer. En comparaison, la derni\u00e8re \u00e9clipse totale visible en France remonte \u00e0 1999, et la suivante ne se produira qu&#8217;en 2081. Cela fait de cette \u00e9clipse une occasion pr\u00e9cieuse de vivre un moment exceptionnel.<\/p>\n<p class=\"\" data-start=\"1793\" data-end=\"2186\">L\u2019\u00e9v\u00e9nement sera visible gratuitement depuis presque n&#8217;importe quel endroit d\u00e9gag\u00e9, que ce soit dans un jardin, une rue ou m\u00eame depuis une fen\u00eatre. Il suffit de lever les yeux au bon moment pour profiter de ce ph\u00e9nom\u00e8ne naturel. Les heures pr\u00e9cises de l\u2019\u00e9clipse varient en fonction des villes : \u00e0 Paris, le maximum de l\u2019obscuration se produira \u00e0 12h01, tandis qu\u2019\u00e0 Strasbourg, ce sera \u00e0 12h07.<\/p>\n<h2 class=\"\" data-start=\"2188\" data-end=\"2237\">Comment observer l\u2019\u00e9clipse en toute s\u00e9curit\u00e9 ?<\/h2>\n<p class=\"\" data-start=\"2239\" data-end=\"2735\">Il est crucial de prendre des pr\u00e9cautions pour observer l\u2019\u00e9clipse sans risque. Regarder directement le Soleil peut causer des dommages irr\u00e9versibles \u00e0 la r\u00e9tine. Pour prot\u00e9ger vos yeux, il est fortement conseill\u00e9 de porter des lunettes sp\u00e9ciales ou des filtres certifi\u00e9s. Si vous ne disposez pas de lunettes adapt\u00e9es, vous pouvez \u00e9galement utiliser des m\u00e9thodes alternatives, comme la projection du Soleil \u00e0 travers un objet opaque. N&#8217;oubliez pas : la s\u00e9curit\u00e9 de vos yeux doit passer avant tout.<\/p>\n<h2 class=\"\" data-start=\"2737\" data-end=\"2788\">Une \u00e9clipse pour nous inviter \u00e0 la contemplation<\/h2>\n<p class=\"\" data-start=\"2790\" data-end=\"3220\">Bien que cette \u00e9clipse ne soit pas totale, elle demeure un rappel impressionnant de la beaut\u00e9 du ciel et des ph\u00e9nom\u00e8nes naturels qui nous entourent. Ce croissant de Soleil, \u00e0 mi-chemin entre obscurit\u00e9 et lumi\u00e8re, est une occasion rare de se connecter \u00e0 l&#8217;univers. En prenant un moment pour observer ce spectacle, vous vous offrirez une pause dans la routine quotidienne, un instant d&#8217;\u00e9merveillement face \u00e0 l\u2019immensit\u00e9 de l\u2019espace.<\/p>\n<p class=\"\" data-start=\"3222\" data-end=\"3438\">Le 29 mars, que vous soyez \u00e0 Brest, Paris ou ailleurs, prenez le temps de lever les yeux vers le ciel. Ce ph\u00e9nom\u00e8ne c\u00e9leste, bien que partiel, ne se reproduira pas avant plusieurs d\u00e9cennies, alors autant en profiter.<\/p>\n","protected":false},"excerpt":{"rendered":"<p>Le 29 mars 2025, un \u00e9v\u00e9nement astronomique captivant se produira dans le ciel : une \u00e9clipse partielle du Soleil. Bien [&hellip;]<\/p>\n","protected":false},"author":4,"featured_media":27295,"comment_status":"open","ping_status":"closed","sticky":false,"template":"","format":"standard","meta":{"_acf_changed":false,"_sitemap_exclude":false,"_sitemap_priority":"","_sitemap_frequency":"","footnotes":"","rank_math_title":"","rank_math_description":"","rank_math_canonical_url":"","rank_math_focus_keyword":"soleil"},"categories":[3],"tags":[],"class_list":["post-27294","post","type-post","status-publish","format-standard","has-post-thumbnail","hentry","category-voyage"],"acf":[],"_links":{"self":[{"href":"https:\/\/ulysse.com\/news\/wp-json\/wp\/v2\/posts\/27294","targetHints":{"allow":["GET"]}}],"collection":[{"href":"https:\/\/ulysse.com\/news\/wp-json\/wp\/v2\/posts"}],"about":[{"href":"https:\/\/ulysse.com\/news\/wp-json\/wp\/v2\/types\/post"}],"author":[{"embeddable":true,"href":"https:\/\/ulysse.com\/news\/wp-json\/wp\/v2\/users\/4"}],"replies":[{"embeddable":true,"href":"https:\/\/ulysse.com\/news\/wp-json\/wp\/v2\/comments?post=27294"}],"version-history":[{"count":2,"href":"https:\/\/ulysse.com\/news\/wp-json\/wp\/v2\/posts\/27294\/revisions"}],"predecessor-version":[{"id":27297,"href":"https:\/\/ulysse.com\/news\/wp-json\/wp\/v2\/posts\/27294\/revisions\/27297"}],"wp:featuredmedia":[{"embeddable":true,"href":"https:\/\/ulysse.com\/news\/wp-json\/wp\/v2\/media\/27295"}],"wp:attachment":[{"href":"https:\/\/ulysse.com\/news\/wp-json\/wp\/v2\/media?parent=27294"}],"wp:term":[{"taxonomy":"category","embeddable":true,"href":"https:\/\/ulysse.com\/news\/wp-json\/wp\/v2\/categories?post=27294"},{"taxonomy":"post_tag","embeddable":true,"href":"https:\/\/ulysse.com\/news\/wp-json\/wp\/v2\/tags?post=27294"}],"curies":[{"name":"wp","href":"https:\/\/api.w.org\/{rel}","templated":true}]}}