{"id":27312,"date":"2025-03-23T14:00:46","date_gmt":"2025-03-23T13:00:46","guid":{"rendered":"https:\/\/discover.ulysse.com\/?p=27312"},"modified":"2025-03-23T09:48:27","modified_gmt":"2025-03-23T08:48:27","slug":"plus-petit-village-monde-provence","status":"publish","type":"post","link":"https:\/\/ulysse.com\/news\/plus-petit-village-monde-provence","title":{"rendered":"Le plus petit village du monde est \u00e0 quelques heures de la Provence-Alpes-C\u00f4te d\u2019Azur"},"content":{"rendered":"<p>Quand on pense \u00e0 la Provence-Alpes-C\u00f4te d\u2019Azur, des images de plages dor\u00e9es, de champs de lavande \u00e0 perte de vue et de villages pittoresques viennent imm\u00e9diatement \u00e0 l\u2019esprit. Mais si l\u2019on vous disait qu\u2019au c\u0153ur de cette r\u00e9gion ensoleill\u00e9e se cache l\u2019un des plus petits villages du monde, un hameau o\u00f9 le temps semble suspendu, seriez-vous tent\u00e9 d\u2019y faire une escale ? Majastres, ce minuscule bijou cach\u00e9 dans le massif du Montdenier, offre bien plus que son nombre d\u2019habitants \u2013 qui fr\u00f4le l\u2019infime \u2013 ou sa taille impressionnante. Entre calme absolu et patrimoine d\u2019exception, Majastres r\u00e9serve des tr\u00e9sors insoup\u00e7onn\u00e9s \u00e0 ceux qui prennent le temps de s\u2019y rendre. Et croyez-le ou non, ce village qui semble fig\u00e9 dans l\u2019histoire reste un havre de paix au charme ind\u00e9niable.<\/p>\n<h2>Majastres, un village au charme d\u2019antan<\/h2>\n<p>Majastres, qui se trouve dans le d\u00e9partement des <a href=\"https:\/\/discover.ulysse.com\/plus-beaux-villages-alpes-de-haute-provence\">Alpes-de-Haute-Provence<\/a>, n\u2019est pas seulement un lieu o\u00f9 l&#8217;on trouve des ruelles d\u00e9sertes et des maisons anciennes. Ce hameau, qui remonte au XIe si\u00e8cle, rec\u00e8le une histoire fascinante et une beaut\u00e9 qui semble \u00e9chapp\u00e9e d\u2019un autre temps. Son acc\u00e8s n\u2019est possible que par la D17, une route sinueuse, offrant des panoramas saisissants sur les montagnes environnantes. Perch\u00e9 \u00e0 plus de 1000 m\u00e8tres d\u2019altitude, Majastres est l\u2019endroit parfait pour ceux qui cherchent \u00e0 fuir l\u2019agitation quotidienne. Ici, la nature est omnipr\u00e9sente : for\u00eats, montagnes et rivi\u00e8res cr\u00e9ent une ambiance apaisante, presque mystique.<\/p>\n<p class=\"\" data-start=\"1547\" data-end=\"1960\">Les quelques habitants qui peuplent encore le village profitent d\u2019un cadre exceptionnel, loin de l\u2019agitation des grandes villes. L\u2019\u00c9glise Notre-Dame de la Roche, la fontaine historique et l\u2019abreuvoir pittoresque font partie des \u00e9l\u00e9ments qui donnent \u00e0 ce lieu une authenticit\u00e9 rare. Le calme qui r\u00e8gne dans ces lieux contraste avec l\u2019histoire du village, jadis plus peupl\u00e9, et qui aujourd\u2019hui semble hors du temps.<\/p>\n<p class=\"\" data-start=\"1962\" data-end=\"2297\">En vous baladant dans Majastres, vous ferez l\u2019exp\u00e9rience d\u2019un voyage dans le pass\u00e9, avec des b\u00e2timents datant de plusieurs si\u00e8cles et des souvenirs d\u2019un autre \u00e2ge qui s\u2019offrent \u00e0 la contemplation. Loin des destinations touristiques bond\u00e9es, Majastres propose une exp\u00e9rience unique o\u00f9 la lenteur et l\u2019authenticit\u00e9 sont les ma\u00eetres mots.<\/p>\n<blockquote class=\"instagram-media\" style=\"background: #FFF; border: 0; border-radius: 3px; box-shadow: 0 0 1px 0 rgba(0,0,0,0.5),0 1px 10px 0 rgba(0,0,0,0.15); margin: 1px; max-width: 540px; min-width: 326px; padding: 0; width: calc(100% - 2px);\" data-instgrm-captioned=\"\" data-instgrm-permalink=\"https:\/\/www.instagram.com\/p\/BmqxvXtny6U\/?utm_source=ig_embed&amp;utm_campaign=loading\" data-instgrm-version=\"14\">\n<div style=\"padding: 16px;\">\n<p>&nbsp;<\/p>\n<div style=\"display: flex; flex-direction: row; align-items: center;\">\n<div style=\"background-color: #f4f4f4; border-radius: 50%; flex-grow: 0; height: 40px; margin-right: 14px; width: 40px;\"><\/div>\n<div style=\"display: flex; flex-direction: column; flex-grow: 1; justify-content: center;\">\n<div style=\"background-color: #f4f4f4; border-radius: 4px; flex-grow: 0; height: 14px; margin-bottom: 6px; width: 100px;\"><\/div>\n<div style=\"background-color: #f4f4f4; border-radius: 4px; flex-grow: 0; height: 14px; width: 60px;\"><\/div>\n<\/div>\n<\/div>\n<div style=\"padding: 19% 0;\"><\/div>\n<div style=\"display: block; height: 50px; margin: 0 auto 12px; width: 50px;\"><\/div>\n<div style=\"padding-top: 8px;\">\n<div style=\"color: #3897f0; font-family: Arial,sans-serif; font-size: 14px; font-style: normal; font-weight: 550; line-height: 18px;\">Voir cette publication sur Instagram<\/div>\n<\/div>\n<div style=\"padding: 12.5% 0;\"><\/div>\n<div style=\"display: flex; flex-direction: row; margin-bottom: 14px; align-items: center;\">\n<div>\n<div style=\"background-color: #f4f4f4; border-radius: 50%; height: 12.5px; width: 12.5px; transform: translateX(0px) translateY(7px);\"><\/div>\n<div style=\"background-color: #f4f4f4; height: 12.5px; transform: rotate(-45deg) translateX(3px) translateY(1px); width: 12.5px; flex-grow: 0; margin-right: 14px; margin-left: 2px;\"><\/div>\n<div style=\"background-color: #f4f4f4; border-radius: 50%; height: 12.5px; width: 12.5px; transform: translateX(9px) translateY(-18px);\"><\/div>\n<\/div>\n<div style=\"margin-left: 8px;\">\n<div style=\"background-color: #f4f4f4; border-radius: 50%; flex-grow: 0; height: 20px; width: 20px;\"><\/div>\n<div style=\"width: 0; height: 0; border-top: 2px solid transparent; border-left: 6px solid #f4f4f4; border-bottom: 2px solid transparent; transform: translateX(16px) translateY(-4px) rotate(30deg);\"><\/div>\n<\/div>\n<div style=\"margin-left: auto;\">\n<div style=\"width: 0px; border-top: 8px solid #F4F4F4; border-right: 8px solid transparent; transform: translateY(16px);\"><\/div>\n<div style=\"background-color: #f4f4f4; flex-grow: 0; height: 12px; width: 16px; transform: translateY(-4px);\"><\/div>\n<div style=\"width: 0; height: 0; border-top: 8px solid #F4F4F4; border-left: 8px solid transparent; transform: translateY(-4px) translateX(8px);\"><\/div>\n<\/div>\n<\/div>\n<div style=\"display: flex; flex-direction: column; flex-grow: 1; justify-content: center; margin-bottom: 24px;\">\n<div style=\"background-color: #f4f4f4; border-radius: 4px; flex-grow: 0; height: 14px; margin-bottom: 6px; width: 224px;\"><\/div>\n<div style=\"background-color: #f4f4f4; border-radius: 4px; flex-grow: 0; height: 14px; width: 144px;\"><\/div>\n<\/div>\n<p>&nbsp;<\/p>\n<p style=\"color: #c9c8cd; font-family: Arial,sans-serif; font-size: 14px; line-height: 17px; margin-bottom: 0; margin-top: 8px; overflow: hidden; padding: 8px 0 7px; text-align: center; text-overflow: ellipsis; white-space: nowrap;\"><a style=\"color: #c9c8cd; font-family: Arial,sans-serif; font-size: 14px; font-style: normal; font-weight: normal; line-height: 17px; text-decoration: none;\" href=\"https:\/\/www.instagram.com\/p\/BmqxvXtny6U\/?utm_source=ig_embed&amp;utm_campaign=loading\" target=\"_blank\" rel=\"noopener\">Une publication partag\u00e9e par Damien | Yoga, M\u00e9ditation et Massage \ud83c\udf31 (@natemayoga)<\/a><\/p>\n<\/div>\n<\/blockquote>\n<p><script async src=\"\/\/www.instagram.com\/embed.js\"><\/script><\/p>\n<h2 class=\"\" data-start=\"2299\" data-end=\"2364\">Comment y acc\u00e9der ? Le voyage jusqu\u2019\u00e0 ce petit coin de paradis<\/h2>\n<p class=\"\" data-start=\"2366\" data-end=\"2770\">L\u2019une des premi\u00e8res questions qui vient \u00e0 l\u2019esprit lorsqu\u2019on envisage une escapade \u00e0 Majastres, c\u2019est : <em data-start=\"2470\" data-end=\"2487\">comment y aller<\/em> ? Il faut avouer que ce village, tout en \u00e9tant un lieu magique, demande un peu d\u2019effort pour y acc\u00e9der. Depuis les grandes villes de France, comme Paris, Lyon ou Strasbourg, il existe plusieurs options de transport, avec une pr\u00e9f\u00e9rence pour le train, plus \u00e9cologique et confortable.<\/p>\n<p class=\"\" data-start=\"2772\" data-end=\"3309\">Pour rejoindre Majastres depuis Paris, il faut d\u2019abord prendre un train \u00e0 destination de <strong data-start=\"2861\" data-end=\"2880\">Digne-les-Bains<\/strong>, la grande ville la plus proche. Le trajet en TGV ou en TER dure environ 3 heures et demi, selon les horaires. De l\u00e0, un bus ou une voiture sera n\u00e9cessaire pour parcourir les 30 kilom\u00e8tres restants. Si vous partez de <strong data-start=\"3098\" data-end=\"3106\">Lyon<\/strong>, le trajet en train est aussi tr\u00e8s simple, avec une arriv\u00e9e \u00e0 Digne-les-Bains en environ 3 heures. Vous pouvez \u00e9galement choisir un trajet en voiture pour profiter du paysage tout au long du trajet.<\/p>\n<p class=\"\" data-start=\"3311\" data-end=\"3744\">Les prix varient en fonction de la p\u00e9riode, mais un billet de train depuis Paris peut co\u00fbter entre 50 et 100 euros. Un trajet en voiture est aussi une option si vous souhaitez plus de flexibilit\u00e9, bien que la route sinueuse vers Majastres demande une conduite attentive. Une fois arriv\u00e9 \u00e0 Digne-les-Bains, la route vers Majastres est un v\u00e9ritable voyage en soi, o\u00f9 chaque virage d\u00e9voile une nouvelle facette du paysage proven\u00e7al.<\/p>\n<h2 class=\"\" data-start=\"3746\" data-end=\"3807\">Un havre de paix pour les amoureux de nature et d\u2019histoire<\/h2>\n<p class=\"\" data-start=\"3809\" data-end=\"4253\">Si le village lui-m\u00eame semble hors du temps, son environnement naturel n\u2019est pas en reste. Majastres, situ\u00e9 \u00e0 flanc de montagne, est un v\u00e9ritable <a href=\"https:\/\/discover.ulysse.com\/lac-mythique-paysages-destination-parler-delle\">paradis pour les randonneurs<\/a>. Entour\u00e9 de for\u00eats de pins et d\u2019arbustes typiques de la r\u00e9gion, il offre des vues imprenables sur la vall\u00e9e du Montdenier. De nombreuses balades sont possibles, permettant de s\u2019impr\u00e9gner de l\u2019air pur de la montagne tout en d\u00e9couvrant des paysages sauvages et pr\u00e9serv\u00e9s.<\/p>\n<p class=\"\" data-start=\"4255\" data-end=\"4765\">Les amoureux d\u2019histoire et de patrimoine trouveront \u00e9galement leur bonheur. L\u2019\u00e9glise Notre-Dame de la Roche, avec son architecture simple mais imposante, est un incontournable. Ce lieu sacr\u00e9, qui surplombe le village, est t\u00e9moin des si\u00e8cles pass\u00e9s et constitue un t\u00e9moignage poignant de la foi des anciens habitants. Non loin de l\u00e0, la fontaine de Majastres, avec son eau claire et son abreuvoir, transporte les visiteurs dans un autre temps, celui o\u00f9 la vie semblait plus simple et plus connect\u00e9e \u00e0 la nature.<\/p>\n<p class=\"\" data-start=\"4767\" data-end=\"5185\">Si vous \u00eates en qu\u00eate d\u2019un endroit tranquille pour m\u00e9diter ou simplement profiter de la s\u00e9r\u00e9nit\u00e9, Majastres est l\u2019endroit r\u00eav\u00e9. Bien que le <a href=\"https:\/\/discover.ulysse.com\/village-fantome-alpes-4-habitants-sy-accrochent\">village soit discret et peu peupl\u00e9<\/a>, il reste un v\u00e9ritable point de d\u00e9part pour d\u00e9couvrir une Provence authentique et loin des foules touristiques. Son cadre naturel exceptionnel, sa beaut\u00e9 pr\u00e9serv\u00e9e et son atmosph\u00e8re calme en font un lieu de retraite parfait pour se ressourcer.<\/p>\n<blockquote class=\"instagram-media\" style=\"background: #FFF; border: 0; border-radius: 3px; box-shadow: 0 0 1px 0 rgba(0,0,0,0.5),0 1px 10px 0 rgba(0,0,0,0.15); margin: 1px; max-width: 540px; min-width: 326px; padding: 0; width: calc(100% - 2px);\" data-instgrm-captioned=\"\" data-instgrm-permalink=\"https:\/\/www.instagram.com\/p\/B_5axz5ACwz\/?utm_source=ig_embed&amp;utm_campaign=loading\" data-instgrm-version=\"14\">\n<div style=\"padding: 16px;\">\n<p>&nbsp;<\/p>\n<div style=\"display: flex; flex-direction: row; align-items: center;\">\n<div style=\"background-color: #f4f4f4; border-radius: 50%; flex-grow: 0; height: 40px; margin-right: 14px; width: 40px;\"><\/div>\n<div style=\"display: flex; flex-direction: column; flex-grow: 1; justify-content: center;\">\n<div style=\"background-color: #f4f4f4; border-radius: 4px; flex-grow: 0; height: 14px; margin-bottom: 6px; width: 100px;\"><\/div>\n<div style=\"background-color: #f4f4f4; border-radius: 4px; flex-grow: 0; height: 14px; width: 60px;\"><\/div>\n<\/div>\n<\/div>\n<div style=\"padding: 19% 0;\"><\/div>\n<div style=\"display: block; height: 50px; margin: 0 auto 12px; width: 50px;\"><\/div>\n<div style=\"padding-top: 8px;\">\n<div style=\"color: #3897f0; font-family: Arial,sans-serif; font-size: 14px; font-style: normal; font-weight: 550; line-height: 18px;\">Voir cette publication sur Instagram<\/div>\n<\/div>\n<div style=\"padding: 12.5% 0;\"><\/div>\n<div style=\"display: flex; flex-direction: row; margin-bottom: 14px; align-items: center;\">\n<div>\n<div style=\"background-color: #f4f4f4; border-radius: 50%; height: 12.5px; width: 12.5px; transform: translateX(0px) translateY(7px);\"><\/div>\n<div style=\"background-color: #f4f4f4; height: 12.5px; transform: rotate(-45deg) translateX(3px) translateY(1px); width: 12.5px; flex-grow: 0; margin-right: 14px; margin-left: 2px;\"><\/div>\n<div style=\"background-color: #f4f4f4; border-radius: 50%; height: 12.5px; width: 12.5px; transform: translateX(9px) translateY(-18px);\"><\/div>\n<\/div>\n<div style=\"margin-left: 8px;\">\n<div style=\"background-color: #f4f4f4; border-radius: 50%; flex-grow: 0; height: 20px; width: 20px;\"><\/div>\n<div style=\"width: 0; height: 0; border-top: 2px solid transparent; border-left: 6px solid #f4f4f4; border-bottom: 2px solid transparent; transform: translateX(16px) translateY(-4px) rotate(30deg);\"><\/div>\n<\/div>\n<div style=\"margin-left: auto;\">\n<div style=\"width: 0px; border-top: 8px solid #F4F4F4; border-right: 8px solid transparent; transform: translateY(16px);\"><\/div>\n<div style=\"background-color: #f4f4f4; flex-grow: 0; height: 12px; width: 16px; transform: translateY(-4px);\"><\/div>\n<div style=\"width: 0; height: 0; border-top: 8px solid #F4F4F4; border-left: 8px solid transparent; transform: translateY(-4px) translateX(8px);\"><\/div>\n<\/div>\n<\/div>\n<div style=\"display: flex; flex-direction: column; flex-grow: 1; justify-content: center; margin-bottom: 24px;\">\n<div style=\"background-color: #f4f4f4; border-radius: 4px; flex-grow: 0; height: 14px; margin-bottom: 6px; width: 224px;\"><\/div>\n<div style=\"background-color: #f4f4f4; border-radius: 4px; flex-grow: 0; height: 14px; width: 144px;\"><\/div>\n<\/div>\n<p>&nbsp;<\/p>\n<p style=\"color: #c9c8cd; font-family: Arial,sans-serif; font-size: 14px; line-height: 17px; margin-bottom: 0; margin-top: 8px; overflow: hidden; padding: 8px 0 7px; text-align: center; text-overflow: ellipsis; white-space: nowrap;\"><a style=\"color: #c9c8cd; font-family: Arial,sans-serif; font-size: 14px; font-style: normal; font-weight: normal; line-height: 17px; text-decoration: none;\" href=\"https:\/\/www.instagram.com\/p\/B_5axz5ACwz\/?utm_source=ig_embed&amp;utm_campaign=loading\" target=\"_blank\" rel=\"noopener\">Une publication partag\u00e9e par Yannick (@yann_hike)<\/a><\/p>\n<\/div>\n<\/blockquote>\n<p><script async src=\"\/\/www.instagram.com\/embed.js\"><\/script><\/p>\n<h2 class=\"\" data-start=\"5187\" data-end=\"5239\">Un village intime et intemporel \u00e0 l\u2019abri du monde<\/h2>\n<p class=\"\" data-start=\"5241\" data-end=\"5985\">Majastres, avec ses quelques habitants et son caract\u00e8re hors du commun, est un village intemporel qui invite \u00e0 la contemplation. Loin des pr\u00e9occupations du monde moderne, ce lieu offre un havre de paix pour ceux qui cherchent \u00e0 s\u2019\u00e9vader du tumulte quotidien. Son cadre naturel est sans \u00e9gal, et les lieux embl\u00e9matiques du village, tels que l\u2019\u00e9glise et la fontaine, ajoutent \u00e0 son charme tranquille. En d\u00e9pit de sa petite taille et de son isolement, Majastres reste un lieu vivant, qui conserve une riche histoire et un patrimoine qui ne demande qu\u2019\u00e0 \u00eatre d\u00e9couvert. Si vous cherchez un lieu o\u00f9 vous pourrez v\u00e9ritablement vous ressourcer, tout en \u00e9tant immerg\u00e9 dans une nature pr\u00e9serv\u00e9e, Majastres pourrait bien \u00eatre votre prochain coup de c\u0153ur.<\/p>\n<p class=\"\" data-start=\"5987\" data-end=\"6441\">Loin de l\u2019agitation des grandes m\u00e9tropoles, ce village offre une escapade intime et authentique, o\u00f9 la simplicit\u00e9 et la beaut\u00e9 de la Provence se rencontrent. Chaque coin de rue, chaque b\u00e2tisse, chaque vue sur la montagne vous rappellera \u00e0 quel point il est pr\u00e9cieux de ralentir et de prendre le temps de s\u2019arr\u00eater pour admirer ce qui nous entoure. Majastres, avec son ambiance hors du temps, est sans doute l\u2019un des secrets les mieux gard\u00e9s de la r\u00e9gion.<\/p>\n","protected":false},"excerpt":{"rendered":"<p>Quand on pense \u00e0 la Provence-Alpes-C\u00f4te d\u2019Azur, des images de plages dor\u00e9es, de champs de lavande \u00e0 perte de vue [&hellip;]<\/p>\n","protected":false},"author":4,"featured_media":27313,"comment_status":"open","ping_status":"closed","sticky":false,"template":"","format":"standard","meta":{"_acf_changed":false,"_sitemap_exclude":false,"_sitemap_priority":"","_sitemap_frequency":"","footnotes":"","rank_math_title":"","rank_math_description":"Majastres n\u2019est pas qu\u2019un village, c\u2019est une invitation \u00e0 red\u00e9couvrir la beaut\u00e9 des choses simples, loin des foules et du bruit.","rank_math_canonical_url":"","rank_math_focus_keyword":"Provence"},"categories":[3],"tags":[],"class_list":["post-27312","post","type-post","status-publish","format-standard","has-post-thumbnail","hentry","category-voyage"],"acf":[],"_links":{"self":[{"href":"https:\/\/ulysse.com\/news\/wp-json\/wp\/v2\/posts\/27312","targetHints":{"allow":["GET"]}}],"collection":[{"href":"https:\/\/ulysse.com\/news\/wp-json\/wp\/v2\/posts"}],"about":[{"href":"https:\/\/ulysse.com\/news\/wp-json\/wp\/v2\/types\/post"}],"author":[{"embeddable":true,"href":"https:\/\/ulysse.com\/news\/wp-json\/wp\/v2\/users\/4"}],"replies":[{"embeddable":true,"href":"https:\/\/ulysse.com\/news\/wp-json\/wp\/v2\/comments?post=27312"}],"version-history":[{"count":2,"href":"https:\/\/ulysse.com\/news\/wp-json\/wp\/v2\/posts\/27312\/revisions"}],"predecessor-version":[{"id":27315,"href":"https:\/\/ulysse.com\/news\/wp-json\/wp\/v2\/posts\/27312\/revisions\/27315"}],"wp:featuredmedia":[{"embeddable":true,"href":"https:\/\/ulysse.com\/news\/wp-json\/wp\/v2\/media\/27313"}],"wp:attachment":[{"href":"https:\/\/ulysse.com\/news\/wp-json\/wp\/v2\/media?parent=27312"}],"wp:term":[{"taxonomy":"category","embeddable":true,"href":"https:\/\/ulysse.com\/news\/wp-json\/wp\/v2\/categories?post=27312"},{"taxonomy":"post_tag","embeddable":true,"href":"https:\/\/ulysse.com\/news\/wp-json\/wp\/v2\/tags?post=27312"}],"curies":[{"name":"wp","href":"https:\/\/api.w.org\/{rel}","templated":true}]}}