{"id":27373,"date":"2025-03-24T09:00:49","date_gmt":"2025-03-24T08:00:49","guid":{"rendered":"https:\/\/discover.ulysse.com\/?p=27373"},"modified":"2025-03-23T18:26:02","modified_gmt":"2025-03-23T17:26:02","slug":"perturbations-transports-ile-de-france","status":"publish","type":"post","link":"https:\/\/ulysse.com\/news\/perturbations-transports-ile-de-france","title":{"rendered":"Perturbations dans les transports en \u00cele-de-France : Ce qu\u2019il faut savoir cette semaine"},"content":{"rendered":"<p class=\"\" data-start=\"91\" data-end=\"630\">La semaine du <strong>24 au 30 mars 2025<\/strong> s\u2019annonce compliqu\u00e9e pour les usagers des transports en commun \u00e0 Paris et en \u00cele-de-France. Si les perturbations dans le r\u00e9seau de la RATP et de la SNCF sont fr\u00e9quentes, celle-ci est particuli\u00e8rement dense, affectant un grand nombre de lignes. En raison de travaux de maintenance et d\u2019am\u00e9lioration, plusieurs lignes de m\u00e9tro, RER et Transilien conna\u00eetront des interruptions de service. Pour les usagers, cela signifie des trajets rallong\u00e9s et des ajustements n\u00e9cessaires dans leur organisation quotidienne.<\/p>\n<h2 class=\"\" data-start=\"632\" data-end=\"695\">Des travaux n\u00e9cessaires, mais contraignants pour les usagers<\/h2>\n<p class=\"\" data-start=\"697\" data-end=\"1000\">Il est bien connu que les travaux d\u2019entretien sont cruciaux pour assurer la s\u00e9curit\u00e9 et l\u2019efficacit\u00e9 du r\u00e9seau de transport, mais pour les usagers, ils se traduisent souvent par des d\u00e9sagr\u00e9ments quotidiens. Cette semaine, plusieurs lignes phares du <a href=\"https:\/\/discover.ulysse.com\/station-metro-paris-oeuvre-dart\">r\u00e9seau RATP<\/a> et SNCF seront particuli\u00e8rement affect\u00e9es.<\/p>\n<h3 class=\"\" data-start=\"1002\" data-end=\"1043\">Les lignes de m\u00e9tro et RER perturb\u00e9es<\/h3>\n<p class=\"\" data-start=\"1045\" data-end=\"1347\">Pour commencer, la <strong>ligne 9 du m\u00e9tro sera totalement interrompue le dimanche 30 mars<\/strong>, entre les stations Pont de S\u00e8vres et Michel-Ange \u2013 Auteuil d\u2019une part, et entre Nation et Mairie de Montreuil de l\u2019autre. Les usagers devront donc se tourner vers des bus de substitution pour assurer leur d\u00e9placement.<\/p>\n<p class=\"\" data-start=\"1349\" data-end=\"1762\">Les lignes 10 et 14 conna\u00eetront aussi des coupures importantes. La ligne 10, qui dessert des secteurs pris\u00e9s comme Cluny \u2013 La Sorbonne et Boulogne, verra son trafic suspendu en soir\u00e9e, du 24 au 27 mars. La ligne 14, connue pour sa rapidit\u00e9 et sa fr\u00e9quence, sera elle aussi perturb\u00e9e sur la section Maison Blanche \u2013 Saint-Denis \u2013 Pleyel, du mardi 25 au mercredi 26 mars, avec une interruption totale mercredi soir.<\/p>\n<p class=\"\" data-start=\"1764\" data-end=\"2245\">Quant aux RER, plusieurs lignes seront partiellement ferm\u00e9es pour permettre des travaux. Le RER A, particuli\u00e8rement charg\u00e9 le week-end, verra une coupure sur les sections entre Cergy \u2013 Le Haut et Poissy, le samedi 29 et dimanche 30 mars. Le RER B subira des interruptions importantes chaque soir, entre Gare du Nord et <a href=\"https:\/\/discover.ulysse.com\/aeroport-de-paris-beauvais-tourmente-judiciaire\">l\u2019a\u00e9roport Charles-de-Gaulle<\/a>, jusqu\u2019au vendredi 28 mars. De m\u00eame, les lignes C, D et E, qui traversent la banlieue et le c\u0153ur de Paris, seront \u00e9galement touch\u00e9es.<\/p>\n<h3 class=\"\" data-start=\"2247\" data-end=\"2309\">Transilien et tramway : des bus de substitution en renfort<\/h3>\n<p class=\"\" data-start=\"2311\" data-end=\"2793\">Le Transilien, ligne essentielle pour les trajets de banlieue, sera lui aussi fortement perturb\u00e9. Sur la ligne H, des travaux entra\u00eeneront des fermetures entre Gare du Nord et Persan \u2013 Beaumont, avec des bus de remplacement disponibles. Pour la ligne J, les voyageurs devront faire face \u00e0 une interruption entre Gare Saint-Lazare et Mantes Station, jusqu\u2019au vendredi 28 mars. M\u00eame la ligne K, souvent moins fr\u00e9quent\u00e9e, sera coup\u00e9e en soir\u00e9e, avec des bus de substitution en service.<\/p>\n<p class=\"\" data-start=\"2795\" data-end=\"3191\">Pour les utilisateurs du tramway, les perturbations sont \u00e9galement pr\u00e9sentes, notamment sur la ligne T1 qui voit son trafic suspendu entre Noisy-le-Sec et Escadrille Normandie-Ni\u00e9men, ainsi que sur la ligne T2 entre Porte de Versailles et Suzanne Lenglen. Le dimanche 30 mars, la ligne T3B sera partiellement ferm\u00e9e entre Rosa Parks et Porte de la Villette en raison d\u2019une manifestation sportive.<\/p>\n<h2 class=\"\" data-start=\"3193\" data-end=\"3252\">Une organisation \u00e0 repenser, mais des solutions en place<\/h2>\n<p class=\"\" data-start=\"3254\" data-end=\"3831\">Les autorit\u00e9s mettent en place des solutions pour limiter les inconv\u00e9nients. Des bus de substitution seront d\u00e9ploy\u00e9s en nombre pour permettre aux voyageurs de continuer \u00e0 se d\u00e9placer, bien que cela ne compense pas toujours le retard ou la surpopulation qui peut en r\u00e9sulter. Les usagers devront \u00e9galement anticiper ces perturbations en pr\u00e9voyant des trajets alternatifs ou des horaires ajust\u00e9s. Il est aussi conseill\u00e9 de consulter r\u00e9guli\u00e8rement les applications de transport ou les sites de la RATP et de la <a href=\"https:\/\/discover.ulysse.com\/sncf-casse-prix-voyager-presque-gratuitement\">SNCF<\/a> pour obtenir les informations les plus r\u00e9centes sur les travaux.<\/p>\n<p class=\"\" data-start=\"3833\" data-end=\"4276\">M\u00eame si ces interruptions de service sont souvent vues comme un casse-t\u00eate pour les voyageurs, elles sont n\u00e9cessaires pour maintenir un r\u00e9seau en bon \u00e9tat de fonctionnement. Les <a href=\"https:\/\/discover.ulysse.com\/station-metro-paris-oeuvre-dart\">lignes de m\u00e9tro<\/a> et de RER vieillissantes n\u00e9cessitent des r\u00e9novations et des travaux de s\u00e9curit\u00e9 r\u00e9guliers pour garantir un service optimal. Ce type de perturbation fait partie du compromis entre un service continu et l&#8217;am\u00e9lioration des infrastructures \u00e0 long terme.<\/p>\n","protected":false},"excerpt":{"rendered":"<p>La semaine du 24 au 30 mars 2025 s\u2019annonce compliqu\u00e9e pour les usagers des transports en commun \u00e0 Paris et [&hellip;]<\/p>\n","protected":false},"author":4,"featured_media":27374,"comment_status":"open","ping_status":"closed","sticky":false,"template":"","format":"standard","meta":{"_acf_changed":false,"_sitemap_exclude":false,"_sitemap_priority":"","_sitemap_frequency":"","footnotes":"","rank_math_title":"","rank_math_description":"Cette semaine s'annonce compliqu\u00e9e en \u00cele-de-France en ce qui concerne les transports et les d\u00e9placements.","rank_math_canonical_url":"","rank_math_focus_keyword":"transport"},"categories":[3],"tags":[],"class_list":["post-27373","post","type-post","status-publish","format-standard","has-post-thumbnail","hentry","category-voyage"],"acf":[],"_links":{"self":[{"href":"https:\/\/ulysse.com\/news\/wp-json\/wp\/v2\/posts\/27373","targetHints":{"allow":["GET"]}}],"collection":[{"href":"https:\/\/ulysse.com\/news\/wp-json\/wp\/v2\/posts"}],"about":[{"href":"https:\/\/ulysse.com\/news\/wp-json\/wp\/v2\/types\/post"}],"author":[{"embeddable":true,"href":"https:\/\/ulysse.com\/news\/wp-json\/wp\/v2\/users\/4"}],"replies":[{"embeddable":true,"href":"https:\/\/ulysse.com\/news\/wp-json\/wp\/v2\/comments?post=27373"}],"version-history":[{"count":1,"href":"https:\/\/ulysse.com\/news\/wp-json\/wp\/v2\/posts\/27373\/revisions"}],"predecessor-version":[{"id":27375,"href":"https:\/\/ulysse.com\/news\/wp-json\/wp\/v2\/posts\/27373\/revisions\/27375"}],"wp:featuredmedia":[{"embeddable":true,"href":"https:\/\/ulysse.com\/news\/wp-json\/wp\/v2\/media\/27374"}],"wp:attachment":[{"href":"https:\/\/ulysse.com\/news\/wp-json\/wp\/v2\/media?parent=27373"}],"wp:term":[{"taxonomy":"category","embeddable":true,"href":"https:\/\/ulysse.com\/news\/wp-json\/wp\/v2\/categories?post=27373"},{"taxonomy":"post_tag","embeddable":true,"href":"https:\/\/ulysse.com\/news\/wp-json\/wp\/v2\/tags?post=27373"}],"curies":[{"name":"wp","href":"https:\/\/api.w.org\/{rel}","templated":true}]}}