{"id":27550,"date":"2025-03-26T17:00:12","date_gmt":"2025-03-26T16:00:12","guid":{"rendered":"https:\/\/discover.ulysse.com\/?p=27550"},"modified":"2025-03-26T12:24:08","modified_gmt":"2025-03-26T11:24:08","slug":"nouvelle-loi-terrasses-lyon","status":"publish","type":"post","link":"https:\/\/ulysse.com\/news\/nouvelle-loi-terrasses-lyon","title":{"rendered":"Nouvelle loi sur les terrasses \u00e0 Lyon : un changement qui fait grincer des dents"},"content":{"rendered":"<p class=\"\" data-start=\"58\" data-end=\"717\">Le soleil fait son grand retour, les temp\u00e9ratures remontent, et la ville de Lyon commence \u00e0 s\u2019animer avec la r\u00e9ouverture des terrasses depuis le <strong data-start=\"203\" data-end=\"215\">1er mars<\/strong>. Le printemps est synonyme de retrouvailles entre amis, de moments conviviaux pass\u00e9s autour d\u2019un verre en ext\u00e9rieur, profitant de la douceur du climat. Les Lyonnais, impatients de red\u00e9couvrir cette atmosph\u00e8re chaleureuse, se r\u00e9jouissent \u00e0 l&#8217;id\u00e9e de s&#8217;installer sur les terrasses, ces lieux si caract\u00e9ristiques de la capitale des Gaules. Mais, contre toute attente, une nouvelle loi vient perturber cette dynamique. Un coup de th\u00e9\u00e2tre qui pourrait bien g\u00e2cher l\u2019ambiance festive des ap\u00e9ros en terrasse\u2026<\/p>\n<h2 class=\"\" data-start=\"719\" data-end=\"774\">La loi qui change la donne : fini les &#8220;mange-debout&#8221;<\/h2>\n<p class=\"\" data-start=\"776\" data-end=\"1240\">Depuis le 1er mars, les restaurateurs de Lyon ont enfin eu le droit de remettre en place leurs terrasses apr\u00e8s des mois d\u2019attente. Un soulagement pour un secteur de l&#8217;h\u00f4tellerie-restauration qui avait \u00e9t\u00e9 durement touch\u00e9 par les restrictions sanitaires. Cette p\u00e9riode de r\u00e9ouverture des terrasses est toujours un moment tr\u00e8s attendu, particuli\u00e8rement \u00e0 <a href=\"https:\/\/discover.ulysse.com\/30-minutes-de-lyon-ce-village-medieval-cache\">Lyon<\/a>, o\u00f9 l\u2019on aime s\u2019attarder en terrasse pour prendre un caf\u00e9, un verre, ou simplement profiter du soleil.<\/p>\n<p class=\"\" data-start=\"1242\" data-end=\"2015\">Mais cette ann\u00e9e, une nouvelle r\u00e9glementation municipale a d\u00e9barqu\u00e9 sans crier gare, interdisant la <strong data-start=\"1342\" data-end=\"1377\">consommation debout en terrasse<\/strong>, d&#8217;apr\u00e8s le m\u00e9dia <em>Le Progr\u00e8s<\/em>. Les fameuses <strong data-start=\"1392\" data-end=\"1414\">zones mange-debout<\/strong>, ces espaces o\u00f9 les clients se retrouvaient pour un ap\u00e9ro rapide ou une petite pause, sont d\u00e9sormais interdites. Ces zones, que de nombreux restaurateurs avaient am\u00e9nag\u00e9es pour r\u00e9pondre \u00e0 la demande croissante de places assises en ext\u00e9rieur, sont d\u00e9sormais inutilisables. Pour beaucoup, cette nouvelle loi est per\u00e7ue comme une contrainte suppl\u00e9mentaire, apr\u00e8s une ann\u00e9e difficile. Certains restaurateurs, qui avaient investi dans ces <strong data-start=\"1849\" data-end=\"1865\">mange-debout<\/strong> l&#8217;ann\u00e9e pr\u00e9c\u00e9dente, sont d\u00e9sormais confront\u00e9s \u00e0 une situation d\u00e9concertante : des \u00e9quipements inutiles qui ne peuvent plus \u00eatre utilis\u00e9s comme pr\u00e9vu.<\/p>\n<p class=\"\" data-start=\"2017\" data-end=\"2583\">L&#8217;impact sur le quotidien des \u00e9tablissements est d&#8217;autant plus important que ces espaces debout permettaient une gestion plus fluide des clients, en particulier pendant les p\u00e9riodes de forte affluence. Les propri\u00e9taires de bars et de restaurants se retrouvent donc dans une situation o\u00f9 ils doivent r\u00e9adapter leur mani\u00e8re de fonctionner, quitte \u00e0 perdre une partie de leur capacit\u00e9 d\u2019accueil. Une r\u00e9alit\u00e9 frustrante, surtout quand l\u2019objectif \u00e9tait justement d\u2019offrir aux clients la possibilit\u00e9 de profiter d&#8217;un moment agr\u00e9able en ext\u00e9rieur, de mani\u00e8re plus flexible.<\/p>\n<blockquote class=\"instagram-media\" style=\"background: #FFF; border: 0; border-radius: 3px; box-shadow: 0 0 1px 0 rgba(0,0,0,0.5),0 1px 10px 0 rgba(0,0,0,0.15); margin: 1px; max-width: 540px; min-width: 326px; padding: 0; width: calc(100% - 2px);\" data-instgrm-captioned=\"\" data-instgrm-permalink=\"https:\/\/www.instagram.com\/reel\/C12d1g-LHy6\/?utm_source=ig_embed&amp;utm_campaign=loading\" data-instgrm-version=\"14\">\n<div style=\"padding: 16px;\">\n<p>&nbsp;<\/p>\n<div style=\"display: flex; flex-direction: row; align-items: center;\">\n<div style=\"background-color: #f4f4f4; border-radius: 50%; flex-grow: 0; height: 40px; margin-right: 14px; width: 40px;\"><\/div>\n<div style=\"display: flex; flex-direction: column; flex-grow: 1; justify-content: center;\">\n<div style=\"background-color: #f4f4f4; border-radius: 4px; flex-grow: 0; height: 14px; margin-bottom: 6px; width: 100px;\"><\/div>\n<div style=\"background-color: #f4f4f4; border-radius: 4px; flex-grow: 0; height: 14px; width: 60px;\"><\/div>\n<\/div>\n<\/div>\n<div style=\"padding: 19% 0;\"><\/div>\n<div style=\"display: block; height: 50px; margin: 0 auto 12px; width: 50px;\"><\/div>\n<div style=\"padding-top: 8px;\">\n<div style=\"color: #3897f0; font-family: Arial,sans-serif; font-size: 14px; font-style: normal; font-weight: 550; line-height: 18px;\">Ver essa foto no Instagram<\/div>\n<\/div>\n<div style=\"padding: 12.5% 0;\"><\/div>\n<div style=\"display: flex; flex-direction: row; margin-bottom: 14px; align-items: center;\">\n<div>\n<div style=\"background-color: #f4f4f4; border-radius: 50%; height: 12.5px; width: 12.5px; transform: translateX(0px) translateY(7px);\"><\/div>\n<div style=\"background-color: #f4f4f4; height: 12.5px; transform: rotate(-45deg) translateX(3px) translateY(1px); width: 12.5px; flex-grow: 0; margin-right: 14px; margin-left: 2px;\"><\/div>\n<div style=\"background-color: #f4f4f4; border-radius: 50%; height: 12.5px; width: 12.5px; transform: translateX(9px) translateY(-18px);\"><\/div>\n<\/div>\n<div style=\"margin-left: 8px;\">\n<div style=\"background-color: #f4f4f4; border-radius: 50%; flex-grow: 0; height: 20px; width: 20px;\"><\/div>\n<div style=\"width: 0; height: 0; border-top: 2px solid transparent; border-left: 6px solid #f4f4f4; border-bottom: 2px solid transparent; transform: translateX(16px) translateY(-4px) rotate(30deg);\"><\/div>\n<\/div>\n<div style=\"margin-left: auto;\">\n<div style=\"width: 0px; border-top: 8px solid #F4F4F4; border-right: 8px solid transparent; transform: translateY(16px);\"><\/div>\n<div style=\"background-color: #f4f4f4; flex-grow: 0; height: 12px; width: 16px; transform: translateY(-4px);\"><\/div>\n<div style=\"width: 0; height: 0; border-top: 8px solid #F4F4F4; border-left: 8px solid transparent; transform: translateY(-4px) translateX(8px);\"><\/div>\n<\/div>\n<\/div>\n<div style=\"display: flex; flex-direction: column; flex-grow: 1; justify-content: center; margin-bottom: 24px;\">\n<div style=\"background-color: #f4f4f4; border-radius: 4px; flex-grow: 0; height: 14px; margin-bottom: 6px; width: 224px;\"><\/div>\n<div style=\"background-color: #f4f4f4; border-radius: 4px; flex-grow: 0; height: 14px; width: 144px;\"><\/div>\n<\/div>\n<p>&nbsp;<\/p>\n<p style=\"color: #c9c8cd; font-family: Arial,sans-serif; font-size: 14px; line-height: 17px; margin-bottom: 0; margin-top: 8px; overflow: hidden; padding: 8px 0 7px; text-align: center; text-overflow: ellipsis; white-space: nowrap;\"><a style=\"color: #c9c8cd; font-family: Arial,sans-serif; font-size: 14px; font-style: normal; font-weight: normal; line-height: 17px; text-decoration: none;\" href=\"https:\/\/www.instagram.com\/reel\/C12d1g-LHy6\/?utm_source=ig_embed&amp;utm_campaign=loading\" target=\"_blank\" rel=\"noopener\">Uma publica\u00e7\u00e3o compartilhada por TERRASSE DE LYON (@terrassedelyon)<\/a><\/p>\n<\/div>\n<\/blockquote>\n<p><script async src=\"\/\/www.instagram.com\/embed.js\"><\/script><\/p>\n<h2 class=\"\" data-start=\"2585\" data-end=\"2676\">Les cons\u00e9quences pour les Lyonnais et les restaurateurs<\/h2>\n<p class=\"\" data-start=\"2678\" data-end=\"3227\">Pour les Lyonnais, cette nouvelle l\u00e9gislation n\u2019a pas tard\u00e9 \u00e0 susciter des r\u00e9actions, particuli\u00e8rement chez les habitu\u00e9s des <strong data-start=\"2803\" data-end=\"2825\">ap\u00e9ros en terrasse<\/strong>. L\u2019ambiance conviviale qui se cr\u00e9e lorsqu\u2019on se retrouve autour d\u2019un verre, avec un petit groupe d\u2019amis, est justement le charme de ces moments en ext\u00e9rieur. Or, avec cette nouvelle r\u00e8gle, les Lyonnais se retrouvent face \u00e0 un nouveau casse-t\u00eate : faut-il obligatoirement \u00eatre assis pour boire un verre en terrasse ? Ce changement dans les habitudes modifie l\u2019exp\u00e9rience m\u00eame de la terrasse \u00e0 <a href=\"https:\/\/discover.ulysse.com\/lyon-decroche-titre-prestigieux-niveau-mondial\">Lyon<\/a>.<\/p>\n<p class=\"\" data-start=\"3229\" data-end=\"4043\">Pour les restaurateurs, c\u2019est une nouvelle difficult\u00e9 \u00e0 surmonter. En plus des incertitudes \u00e9conomiques dues \u00e0 la crise sanitaire, cette loi vient compliquer la gestion des espaces ext\u00e9rieurs. Certains \u00e9tablissements qui avaient investi dans des mange-debout (pour optimiser l\u2019espace disponible en terrasse) doivent maintenant revoir leur organisation, ce qui repr\u00e9sente un co\u00fbt suppl\u00e9mentaire et un gain de place perdu. Cette nouvelle loi, en voulant r\u00e9guler la consommation sur les terrasses, risque de nuire \u00e0 l&#8217;attractivit\u00e9 des bars et restaurants en ville, surtout en plein retour du beau temps. De plus, ce changement survient \u00e0 une \u00e9poque o\u00f9 les Lyonnais et les touristes cherchent \u00e0 profiter pleinement de la <strong data-start=\"3950\" data-end=\"3970\">vie en ext\u00e9rieur<\/strong>, apr\u00e8s des mois pass\u00e9s confin\u00e9s ou soumis \u00e0 des restrictions sanitaires.<\/p>\n<p class=\"\" data-start=\"4045\" data-end=\"4521\">Ainsi, cette nouvelle r\u00e8gle semble avoir \u00e9t\u00e9 impos\u00e9e sans une v\u00e9ritable prise en compte des <strong data-start=\"4137\" data-end=\"4170\">besoins r\u00e9els des commer\u00e7ants<\/strong> et de l&#8217;impact que cela pourrait avoir sur leur activit\u00e9. Les Lyonnais, eux, devront d\u00e9sormais ajuster leurs habitudes, se retrouver dans des endroits o\u00f9 l&#8217;on est contraint de s&#8217;asseoir pour profiter d\u2019un moment en terrasse, ce qui peut \u00eatre per\u00e7u comme une perte de libert\u00e9 dans un lieu qui \u00e9tait jusqu&#8217;alors un symbole de convivialit\u00e9 d\u00e9contract\u00e9e.<\/p>\n","protected":false},"excerpt":{"rendered":"<p>Le soleil fait son grand retour, les temp\u00e9ratures remontent, et la ville de Lyon commence \u00e0 s\u2019animer avec la r\u00e9ouverture [&hellip;]<\/p>\n","protected":false},"author":4,"featured_media":27553,"comment_status":"open","ping_status":"closed","sticky":false,"template":"","format":"standard","meta":{"_acf_changed":false,"_sitemap_exclude":false,"_sitemap_priority":"","_sitemap_frequency":"","footnotes":"","rank_math_title":"","rank_math_description":"","rank_math_canonical_url":"","rank_math_focus_keyword":"lyon"},"categories":[3],"tags":[],"class_list":["post-27550","post","type-post","status-publish","format-standard","has-post-thumbnail","hentry","category-voyage"],"acf":[],"_links":{"self":[{"href":"https:\/\/ulysse.com\/news\/wp-json\/wp\/v2\/posts\/27550","targetHints":{"allow":["GET"]}}],"collection":[{"href":"https:\/\/ulysse.com\/news\/wp-json\/wp\/v2\/posts"}],"about":[{"href":"https:\/\/ulysse.com\/news\/wp-json\/wp\/v2\/types\/post"}],"author":[{"embeddable":true,"href":"https:\/\/ulysse.com\/news\/wp-json\/wp\/v2\/users\/4"}],"replies":[{"embeddable":true,"href":"https:\/\/ulysse.com\/news\/wp-json\/wp\/v2\/comments?post=27550"}],"version-history":[{"count":3,"href":"https:\/\/ulysse.com\/news\/wp-json\/wp\/v2\/posts\/27550\/revisions"}],"predecessor-version":[{"id":27557,"href":"https:\/\/ulysse.com\/news\/wp-json\/wp\/v2\/posts\/27550\/revisions\/27557"}],"wp:featuredmedia":[{"embeddable":true,"href":"https:\/\/ulysse.com\/news\/wp-json\/wp\/v2\/media\/27553"}],"wp:attachment":[{"href":"https:\/\/ulysse.com\/news\/wp-json\/wp\/v2\/media?parent=27550"}],"wp:term":[{"taxonomy":"category","embeddable":true,"href":"https:\/\/ulysse.com\/news\/wp-json\/wp\/v2\/categories?post=27550"},{"taxonomy":"post_tag","embeddable":true,"href":"https:\/\/ulysse.com\/news\/wp-json\/wp\/v2\/tags?post=27550"}],"curies":[{"name":"wp","href":"https:\/\/api.w.org\/{rel}","templated":true}]}}