{"id":27650,"date":"2025-03-30T09:00:54","date_gmt":"2025-03-30T08:00:54","guid":{"rendered":"https:\/\/discover.ulysse.com\/?p=27650"},"modified":"2025-04-01T21:35:46","modified_gmt":"2025-04-01T20:35:46","slug":"micro-voyage-nouvelle-tendance-france","status":"publish","type":"post","link":"https:\/\/ulysse.com\/news\/micro-voyage-nouvelle-tendance-france","title":{"rendered":"Micro-voyage : la nouvelle tendance qu\u2019on rencontre en France"},"content":{"rendered":"<p class=\"\" data-start=\"71\" data-end=\"821\">Pourquoi attendre les grandes vacances pour respirer ? De plus en plus de personnes choisissent de s\u2019\u00e9vader diff\u00e9remment, plus souvent, et de mani\u00e8re plus accessible. Ce nouveau mode de voyage, aussi discret qu\u2019enthousiasmant, s\u2019appelle le <strong data-start=\"311\" data-end=\"327\">micro-voyage<\/strong>. Il bouleverse nos habitudes touristiques en transformant chaque week-end, chaque jour de cong\u00e9, en une opportunit\u00e9 de d\u00e9couverte. Moins loin, moins long, mais plus r\u00e9gulier : telle est la promesse de cette tendance qui gagne du terrain depuis quelques saisons, comme le rapporte <em data-start=\"608\" data-end=\"622\">Cosmopolitan<\/em>. Le micro-voyage s\u2019invite ainsi dans notre quotidien comme une r\u00e9ponse rafra\u00eechissante \u00e0 l\u2019agitation urbaine, \u00e0 la surcharge mentale et aux envies de nature qui s\u2019accumulent tout au long de l\u2019ann\u00e9e.<\/p>\n<h2 class=\"\" data-start=\"823\" data-end=\"875\">Voyager autrement, plus souvent, sans partir loin<\/h2>\n<p class=\"\" data-start=\"877\" data-end=\"1393\">Le micro-voyage repose sur un principe simple : privil\u00e9gier de courtes escapades r\u00e9guli\u00e8res, \u00e0 proximit\u00e9 de chez soi. Il ne s\u2019agit plus de traverser les continents pour \u00ab s\u2019\u00e9vader \u00bb, mais de red\u00e9couvrir l\u2019environnement local, le patrimoine r\u00e9gional, les coins de nature oubli\u00e9s. Une nuit dans un village de charme, une journ\u00e9e de randonn\u00e9e dans une for\u00eat voisine, un week-end dans une capitale europ\u00e9enne facilement accessible\u2026 autant de possibilit\u00e9s pour souffler sans bouleverser son emploi du temps ni son budget.<\/p>\n<p class=\"\" data-start=\"1395\" data-end=\"1828\">Plus qu\u2019une tendance, le micro-voyage devient une mani\u00e8re d\u2019int\u00e9grer le voyage dans la routine. Une fa\u00e7on de ralentir, de prendre soin de soi, de vivre des exp\u00e9riences intenses sans attendre les grandes occasions. L\u2019article de <em data-start=\"1622\" data-end=\"1636\">Cosmopolitan<\/em> souligne \u00e0 quel point ce format s\u00e9duit tous les profils, des \u00e9tudiants aux jeunes actifs, en passant par les familles et les seniors, tant il s\u2019adapte aux envies et aux contraintes de chacun.<\/p>\n<h2 class=\"\" data-start=\"1830\" data-end=\"1882\">Une tendance durable, adapt\u00e9e aux envies modernes<\/h2>\n<p class=\"\" data-start=\"1884\" data-end=\"2228\">Le micro-voyage r\u00e9pond aussi \u00e0 une aspiration plus large : celle d\u2019un tourisme plus local, plus respectueux des rythmes naturels et des territoires. Il invite \u00e0 mieux conna\u00eetre son propre pays, voire sa propre r\u00e9gion, \u00e0 s\u2019approprier autrement le territoire et \u00e0 valoriser les petites destinations, souvent \u00e9clips\u00e9es par les circuits classiques.<\/p>\n<p class=\"\" data-start=\"2230\" data-end=\"2648\">Dans un monde o\u00f9 le temps est devenu une denr\u00e9e rare, o\u00f9 l\u2019envie d\u2019\u00e9vasion se heurte aux contraintes \u00e9conomiques et climatiques, cette forme de voyage s\u2019impose comme une solution \u00e0 la fois souple et enthousiasmante. Loin d\u2019\u00eatre une version \u00ab low cost \u00bb du tourisme, le micro-voyage redonne du sens \u00e0 l\u2019id\u00e9e m\u00eame de partir : celle de faire une pause, de se reconnecter, de vivre pleinement, m\u00eame \u00e0 deux pas de chez soi.<\/p>\n<p class=\"\" data-start=\"2650\" data-end=\"2794\">Alors que la plan\u00e8te invite \u00e0 voyager autrement, cette tendance pourrait bien devenir une nouvelle norme. Plus l\u00e9g\u00e8re, plus libre, plus vivante.<\/p>\n","protected":false},"excerpt":{"rendered":"<p>Pourquoi attendre les grandes vacances pour respirer ? De plus en plus de personnes choisissent de s\u2019\u00e9vader diff\u00e9remment, plus souvent, [&hellip;]<\/p>\n","protected":false},"author":4,"featured_media":20569,"comment_status":"open","ping_status":"closed","sticky":false,"template":"","format":"standard","meta":{"_acf_changed":false,"_sitemap_exclude":false,"_sitemap_priority":"","_sitemap_frequency":"","footnotes":"","rank_math_title":"","rank_math_description":"","rank_math_canonical_url":"","rank_math_focus_keyword":"voyage"},"categories":[3],"tags":[],"class_list":["post-27650","post","type-post","status-publish","format-standard","has-post-thumbnail","hentry","category-voyage"],"acf":[],"_links":{"self":[{"href":"https:\/\/ulysse.com\/news\/wp-json\/wp\/v2\/posts\/27650","targetHints":{"allow":["GET"]}}],"collection":[{"href":"https:\/\/ulysse.com\/news\/wp-json\/wp\/v2\/posts"}],"about":[{"href":"https:\/\/ulysse.com\/news\/wp-json\/wp\/v2\/types\/post"}],"author":[{"embeddable":true,"href":"https:\/\/ulysse.com\/news\/wp-json\/wp\/v2\/users\/4"}],"replies":[{"embeddable":true,"href":"https:\/\/ulysse.com\/news\/wp-json\/wp\/v2\/comments?post=27650"}],"version-history":[{"count":3,"href":"https:\/\/ulysse.com\/news\/wp-json\/wp\/v2\/posts\/27650\/revisions"}],"predecessor-version":[{"id":27699,"href":"https:\/\/ulysse.com\/news\/wp-json\/wp\/v2\/posts\/27650\/revisions\/27699"}],"wp:featuredmedia":[{"embeddable":true,"href":"https:\/\/ulysse.com\/news\/wp-json\/wp\/v2\/media\/20569"}],"wp:attachment":[{"href":"https:\/\/ulysse.com\/news\/wp-json\/wp\/v2\/media?parent=27650"}],"wp:term":[{"taxonomy":"category","embeddable":true,"href":"https:\/\/ulysse.com\/news\/wp-json\/wp\/v2\/categories?post=27650"},{"taxonomy":"post_tag","embeddable":true,"href":"https:\/\/ulysse.com\/news\/wp-json\/wp\/v2\/tags?post=27650"}],"curies":[{"name":"wp","href":"https:\/\/api.w.org\/{rel}","templated":true}]}}