{"id":27655,"date":"2025-03-28T16:00:45","date_gmt":"2025-03-28T15:00:45","guid":{"rendered":"https:\/\/discover.ulysse.com\/?p=27655"},"modified":"2025-03-28T13:26:19","modified_gmt":"2025-03-28T12:26:19","slug":"voici-lile-la-plus-chere-au-monde-ou-les-milliardaires-trouvent-refuge","status":"publish","type":"post","link":"https:\/\/ulysse.com\/news\/voici-lile-la-plus-chere-au-monde-ou-les-milliardaires-trouvent-refuge","title":{"rendered":"Voici l\u2019\u00eele la plus ch\u00e8re au monde o\u00f9 les milliardaires trouvent refuge"},"content":{"rendered":"<p>D\u00e9penser sans compter pour go\u00fbter \u00e0 l\u2019\u00e9vasion ? C\u2019est le prix \u00e0 payer pour poser ses valises sur l\u2019\u00eele natale de Rihanna. D\u2019apr\u00e8s une \u00e9tude de Hello Safe, la Barbade s\u2019impose comme la destination la plus ch\u00e8re du monde une fois sur place. H\u00e9bergements, transports, restaurants, visites : tout est calibr\u00e9 pour un tourisme premium, r\u00e9serv\u00e9 \u00e0 ceux pour qui le mot &#8220;budget&#8221; rime avec &#8220;souvenir inoubliable&#8221;.<\/p>\n<h2 class=\"\" data-start=\"468\" data-end=\"528\">318 euros par jour : bienvenue au royaume des privil\u00e9gi\u00e9s<\/h2>\n<p class=\"\" data-start=\"530\" data-end=\"1019\">Oubliez le billet d\u2019avion : il n\u2019est m\u00eame pas pris en compte. \u00c0 la Barbade, il faut aligner <strong data-start=\"622\" data-end=\"644\">318 euros par jour<\/strong> pour profiter de ses plages, de sa cuisine cr\u00e9ole et de son hospitalit\u00e9 carib\u00e9enne. C\u2019est 21 fois plus que le Laos, champion du voyage accessible. Sur 131 pays analys\u00e9s, aucun n\u2019atteint un tel niveau de d\u00e9penses quotidiennes. Antigua-et-Barbuda (299 euros) et Saint-Kitts-et-Nevis (262 euros) compl\u00e8tent un podium 100 % Cara\u00efbes. Soleil et cocotiers, oui, mais \u00e0 quel prix ?<\/p>\n<p class=\"\" data-start=\"1021\" data-end=\"1225\">Rihanna, ambassadrice officielle de son \u00eele depuis 2018, continue de valoriser sa terre natale sur les r\u00e9seaux. Un marketing bien r\u00f4d\u00e9, qui attire les voyageurs fortun\u00e9s\u2026 et laisse les autres sur le quai.<\/p>\n<h2 class=\"\" data-start=\"1227\" data-end=\"1286\">L\u2019\u00e9vasion de luxe s\u2019\u00e9tend : Maldives, Suisse, \u00c9tats-Unis<\/h2>\n<p class=\"\" data-start=\"1288\" data-end=\"1659\">Derri\u00e8re les perles des Cara\u00efbes, on retrouve <strong data-start=\"1334\" data-end=\"1350\">les Maldives<\/strong> (258 euros\/jour) et <strong data-start=\"1371\" data-end=\"1382\">Grenade<\/strong> (249 euros\/jour), o\u00f9 l\u2019exp\u00e9rience h\u00f4teli\u00e8re tutoie l\u2019excellence. En Europe, <strong data-start=\"1459\" data-end=\"1472\">la Suisse<\/strong> tient sa r\u00e9putation : 241 euros par jour pour une semaine dans les Alpes, soit pr\u00e8s de 1700 euros hors transport. <em data-start=\"1587\" data-end=\"1599\">Hello Safe<\/em> rappelle que la vie ch\u00e8re helv\u00e9tique n\u2019est pas une l\u00e9gende.<\/p>\n<p class=\"\" data-start=\"1661\" data-end=\"1858\">Les <a href=\"https:\/\/discover.ulysse.com\/etats-unis-rayer-cette-destination-bucket-list\">\u00c9tats-Unis<\/a> suivent de pr\u00e8s (239 euros), aux c\u00f4t\u00e9s de destinations plus discr\u00e8tes mais redoutables pour le portefeuille : la Micron\u00e9sie, le Groenland, les \u00c9mirats arabes unis ou encore Oman.<\/p>\n<h2 class=\"\" data-start=\"1860\" data-end=\"1921\">Tourisme europ\u00e9en : la France sur le podium des plus chers<\/h2>\n<p class=\"\" data-start=\"1923\" data-end=\"2312\">En resserrant le zoom sur l\u2019Europe, la France se classe deuxi\u00e8me, juste derri\u00e8re la Suisse. Avec 181 euros par jour de d\u00e9penses estim\u00e9es, l\u2019Hexagone reste une terre de tourisme exigeante, entre patrimoine, gastronomie et h\u00e9bergements parfois inaccessibles. Plus surprenant, <a href=\"https:\/\/discover.ulysse.com\/meilleure-periode-partir-grece-2025\">la Gr\u00e8ce<\/a> d\u00e9passe la Norv\u00e8ge avec un co\u00fbt moyen de 168 euros\/jour, contre 153 pour le pays nordique.<\/p>\n","protected":false},"excerpt":{"rendered":"<p>D\u00e9penser sans compter pour go\u00fbter \u00e0 l\u2019\u00e9vasion ? C\u2019est le prix \u00e0 payer pour poser ses valises sur l\u2019\u00eele natale [&hellip;]<\/p>\n","protected":false},"author":4,"featured_media":27681,"comment_status":"open","ping_status":"closed","sticky":false,"template":"","format":"standard","meta":{"_acf_changed":false,"_sitemap_exclude":false,"_sitemap_priority":"","_sitemap_frequency":"","footnotes":"","rank_math_title":"","rank_math_description":"","rank_math_canonical_url":"","rank_math_focus_keyword":"ile"},"categories":[3],"tags":[],"class_list":["post-27655","post","type-post","status-publish","format-standard","has-post-thumbnail","hentry","category-voyage"],"acf":[],"_links":{"self":[{"href":"https:\/\/ulysse.com\/news\/wp-json\/wp\/v2\/posts\/27655","targetHints":{"allow":["GET"]}}],"collection":[{"href":"https:\/\/ulysse.com\/news\/wp-json\/wp\/v2\/posts"}],"about":[{"href":"https:\/\/ulysse.com\/news\/wp-json\/wp\/v2\/types\/post"}],"author":[{"embeddable":true,"href":"https:\/\/ulysse.com\/news\/wp-json\/wp\/v2\/users\/4"}],"replies":[{"embeddable":true,"href":"https:\/\/ulysse.com\/news\/wp-json\/wp\/v2\/comments?post=27655"}],"version-history":[{"count":3,"href":"https:\/\/ulysse.com\/news\/wp-json\/wp\/v2\/posts\/27655\/revisions"}],"predecessor-version":[{"id":27683,"href":"https:\/\/ulysse.com\/news\/wp-json\/wp\/v2\/posts\/27655\/revisions\/27683"}],"wp:featuredmedia":[{"embeddable":true,"href":"https:\/\/ulysse.com\/news\/wp-json\/wp\/v2\/media\/27681"}],"wp:attachment":[{"href":"https:\/\/ulysse.com\/news\/wp-json\/wp\/v2\/media?parent=27655"}],"wp:term":[{"taxonomy":"category","embeddable":true,"href":"https:\/\/ulysse.com\/news\/wp-json\/wp\/v2\/categories?post=27655"},{"taxonomy":"post_tag","embeddable":true,"href":"https:\/\/ulysse.com\/news\/wp-json\/wp\/v2\/tags?post=27655"}],"curies":[{"name":"wp","href":"https:\/\/api.w.org\/{rel}","templated":true}]}}