{"id":27789,"date":"2025-04-03T07:00:09","date_gmt":"2025-04-03T06:00:09","guid":{"rendered":"https:\/\/discover.ulysse.com\/?p=27789"},"modified":"2025-04-02T21:31:03","modified_gmt":"2025-04-02T20:31:03","slug":"vague-de-chaleur-lete-debarque-en-avance-ce-vendredi-en-france","status":"publish","type":"post","link":"https:\/\/ulysse.com\/news\/vague-de-chaleur-lete-debarque-en-avance-ce-vendredi-en-france","title":{"rendered":"Vague de chaleur : l\u2019\u00e9t\u00e9 d\u00e9barque en avance ce vendredi en France"},"content":{"rendered":"<p class=\"\" data-start=\"68\" data-end=\"753\">Alors qu\u2019avril vient \u00e0 peine de commencer, la France s\u2019appr\u00eate \u00e0 vivre un \u00e9pisode de chaleur digne d\u2019un mois de juin. Ce <strong data-start=\"189\" data-end=\"214\">vendredi 4 avril 2025<\/strong>, les thermom\u00e8tres vont s&#8217;emballer un peu partout dans l\u2019Hexagone, atteignant localement <strong data-start=\"303\" data-end=\"311\">25\u00b0C<\/strong>, soit bien au-dessus des normales de saison. Un ph\u00e9nom\u00e8ne m\u00e9t\u00e9o aussi soudain qu\u2019inhabituel, qui devrait ravir les amateurs de soleil, tout en interrogeant sur la fr\u00e9quence de ces bouff\u00e9es estivales pr\u00e9coces. Ce petit coup de chaud, attendu d\u00e8s jeudi et surtout vendredi, s\u2019explique par un cocktail d\u2019\u00e9l\u00e9ments atmosph\u00e9riques bien particuliers. D\u00e9cryptage d\u2019un ph\u00e9nom\u00e8ne qui sent bon la cr\u00e8me solaire\u2026 mais qui n\u2019est pas sans arri\u00e8re-pens\u00e9es.<\/p>\n<h2 class=\"\" data-start=\"755\" data-end=\"812\">Une configuration m\u00e9t\u00e9o tr\u00e8s atypique pour d\u00e9but avril<\/h2>\n<p class=\"\" data-start=\"814\" data-end=\"1210\">Tout commence avec une temp\u00eate, baptis\u00e9e Nuria, qui a balay\u00e9 une partie de la fa\u00e7ade ouest en d\u00e9but de semaine. Une fois \u00e9vacu\u00e9e, elle laisse derri\u00e8re elle une atmosph\u00e8re plus calme\u2026 et surtout une porte grande ouverte \u00e0 l\u2019air chaud en provenance directe du sud. Et pas un petit courant ti\u00e8de : on parle ici de remont\u00e9es d\u2019air chaud alg\u00e9rien qui s\u2019invitent sans g\u00eane jusqu\u2019au centre de la France.<\/p>\n<p class=\"\" data-start=\"1212\" data-end=\"1645\">Le ph\u00e9nom\u00e8ne est renforc\u00e9 par un anticyclone particuli\u00e8rement costaud qui s\u2019est install\u00e9 sur les \u00eeles Britanniques. Cet anticyclone agit comme un v\u00e9ritable bouclier, bloquant les perturbations et formant ce que les m\u00e9t\u00e9orologues appellent une &#8220;configuration en om\u00e9ga&#8221; \u2013 en gros, une sorte de d\u00f4me qui emp\u00eache les nuages et la pluie de s\u2019aventurer chez nous. R\u00e9sultat : le ciel se d\u00e9gage, le soleil tape, et les temp\u00e9ratures grimpent.<\/p>\n<p class=\"\" data-start=\"1647\" data-end=\"1988\">Ajoutez \u00e0 cela un vortex polaire qui a d\u00e9cid\u00e9 de lever le pied depuis la mi-mars, et vous obtenez les conditions id\u00e9ales pour que l\u2019air chaud s\u2019infiltre jusqu\u2019\u00e0 nos latitudes. Ce n\u2019est pas un hasard si les mod\u00e8les m\u00e9t\u00e9o annoncent des maximales entre 21 et 25\u00b0C dans de nombreuses r\u00e9gions, avec quelques pointes possibles encore plus \u00e9lev\u00e9es.<\/p>\n<h2 class=\"\" data-start=\"1990\" data-end=\"2035\">Soleil, chaleur\u2026 et r\u00e9flexions climatiques<\/h2>\n<p class=\"\" data-start=\"2037\" data-end=\"2354\">\u00c0 <a href=\"https:\/\/discover.ulysse.com\/meconnue-des-francais-cette-plage-de-reve-est-a-3h-de-paris\">Paris<\/a>, on attend autour de 23\u00b0C, soit plus de 7\u00b0C au-dessus des normales saisonni\u00e8res pour un mois d\u2019avril. \u00c0 Orl\u00e9ans, les 25\u00b0C sont \u00e0 port\u00e9e de main, alors que la moyenne tourne autour de 16\u00b0C pour cette p\u00e9riode. Un \u00e9cart qui donne envie de sortir les lunettes de soleil, mais qui soul\u00e8ve aussi quelques questions.<\/p>\n<p class=\"\" data-start=\"2356\" data-end=\"2705\">Car si ce &#8220;pic de chaud&#8221; ne battra pas forc\u00e9ment de records absolus \u2013 en 2024, le mois d\u2019avril avait d\u00e9j\u00e0 flirt\u00e9 avec les 26\u00b0C \u2013, il s\u2019inscrit dans une s\u00e9rie de printemps plus chauds, plus secs, plus pr\u00e9coces. Pour certains experts, ce type d\u2019\u00e9pisode, encore consid\u00e9r\u00e9 comme atypique il y a quelques ann\u00e9es, pourrait bien devenir la nouvelle norme.<\/p>\n<p class=\"\" data-start=\"2707\" data-end=\"2966\">Le beau temps ne va pas s\u2019envoler tout de suite : si le vent devrait tourner un peu ce week-end, apportant un air un peu plus frais, le soleil, lui, compte bien rester. L\u2019anticyclone ne semble pas vouloir bouger, et la moiti\u00e9 nord du pays devrait en profiter.<\/p>\n<p class=\"\" data-start=\"2968\" data-end=\"3221\">En attendant, sortez les t-shirts, rangez les parapluies et, pourquoi pas, pr\u00e9voyez un pique-nique. Mais gardez en t\u00eate que derri\u00e8re ces journ\u00e9es dignes d\u2019un mois de juin, c\u2019est peut-\u00eatre tout le calendrier des saisons qui commence \u00e0 perdre ses rep\u00e8res.<\/p>\n","protected":false},"excerpt":{"rendered":"<p>Alors qu\u2019avril vient \u00e0 peine de commencer, la France s\u2019appr\u00eate \u00e0 vivre un \u00e9pisode de chaleur digne d\u2019un mois de [&hellip;]<\/p>\n","protected":false},"author":4,"featured_media":27790,"comment_status":"open","ping_status":"closed","sticky":false,"template":"","format":"standard","meta":{"_acf_changed":false,"_sitemap_exclude":false,"_sitemap_priority":"","_sitemap_frequency":"","footnotes":"","rank_math_title":"","rank_math_description":"","rank_math_canonical_url":"","rank_math_focus_keyword":"chaleur"},"categories":[3],"tags":[],"class_list":["post-27789","post","type-post","status-publish","format-standard","has-post-thumbnail","hentry","category-voyage"],"acf":[],"_links":{"self":[{"href":"https:\/\/ulysse.com\/news\/wp-json\/wp\/v2\/posts\/27789","targetHints":{"allow":["GET"]}}],"collection":[{"href":"https:\/\/ulysse.com\/news\/wp-json\/wp\/v2\/posts"}],"about":[{"href":"https:\/\/ulysse.com\/news\/wp-json\/wp\/v2\/types\/post"}],"author":[{"embeddable":true,"href":"https:\/\/ulysse.com\/news\/wp-json\/wp\/v2\/users\/4"}],"replies":[{"embeddable":true,"href":"https:\/\/ulysse.com\/news\/wp-json\/wp\/v2\/comments?post=27789"}],"version-history":[{"count":1,"href":"https:\/\/ulysse.com\/news\/wp-json\/wp\/v2\/posts\/27789\/revisions"}],"predecessor-version":[{"id":27791,"href":"https:\/\/ulysse.com\/news\/wp-json\/wp\/v2\/posts\/27789\/revisions\/27791"}],"wp:featuredmedia":[{"embeddable":true,"href":"https:\/\/ulysse.com\/news\/wp-json\/wp\/v2\/media\/27790"}],"wp:attachment":[{"href":"https:\/\/ulysse.com\/news\/wp-json\/wp\/v2\/media?parent=27789"}],"wp:term":[{"taxonomy":"category","embeddable":true,"href":"https:\/\/ulysse.com\/news\/wp-json\/wp\/v2\/categories?post=27789"},{"taxonomy":"post_tag","embeddable":true,"href":"https:\/\/ulysse.com\/news\/wp-json\/wp\/v2\/tags?post=27789"}],"curies":[{"name":"wp","href":"https:\/\/api.w.org\/{rel}","templated":true}]}}