{"id":27800,"date":"2025-04-03T13:00:54","date_gmt":"2025-04-03T12:00:54","guid":{"rendered":"https:\/\/discover.ulysse.com\/?p=27800"},"modified":"2025-04-03T10:48:09","modified_gmt":"2025-04-03T09:48:09","slug":"festival-cinema-gratuit-vieux-lyon-ete","status":"publish","type":"post","link":"https:\/\/ulysse.com\/news\/festival-cinema-gratuit-vieux-lyon-ete","title":{"rendered":"Un festival de cin\u00e9ma gratuit dans l\u2019embl\u00e9matique Vieux-Lyon, cet \u00e9t\u00e9"},"content":{"rendered":"<p class=\"\" data-start=\"54\" data-end=\"1307\">Du 19 au 23 juillet 2025, la cour du Palais Saint-Jean, en plein c\u0153ur du Vieux-Lyon, accueillera la toute premi\u00e8re \u00e9dition du <strong data-start=\"180\" data-end=\"213\">festival Cin\u00e9ma du Vieux-Lyon<\/strong>, un rendez-vous culturel <strong data-start=\"239\" data-end=\"262\">enti\u00e8rement gratuit<\/strong> consacr\u00e9 au cin\u00e9ma europ\u00e9en. Organis\u00e9 par l\u2019association ARGAYA en partenariat avec l\u2019Institut Lumi\u00e8re et le Mus\u00e9e Cin\u00e9ma et Miniature, cet \u00e9v\u00e9nement s\u2019annonce d\u00e9j\u00e0 comme un moment fort de l\u2019\u00e9t\u00e9 lyonnais. Pens\u00e9 pour \u00eatre accessible \u00e0 tous, il transforme un lieu patrimonial en une salle de projection \u00e0 ciel ouvert.<\/p>\n<p class=\"\" data-start=\"54\" data-end=\"1307\">\u00c0 la crois\u00e9e de la culture populaire et de l\u2019exigence artistique, ce festival entend rendre hommage au cin\u00e9ma d\u2019auteur tout en offrant un espace convivial, familial et festif. L\u2019initiative illustre parfaitement l\u2019ambition de faire de <a href=\"https:\/\/discover.ulysse.com\/lyon-decroche-titre-prestigieux-niveau-mondial\">Lyon<\/a> non seulement la ville o\u00f9 le cin\u00e9ma est n\u00e9, mais aussi celle o\u00f9 il continue de se vivre intens\u00e9ment, dans l\u2019espace public comme dans ses institutions. Cette premi\u00e8re \u00e9dition esp\u00e8re attirer aussi bien les cin\u00e9philes passionn\u00e9s que les simples fl\u00e2neurs estivaux, curieux de vivre une exp\u00e9rience collective hors du commun. Elle s\u2019inscrit dans une dynamique plus large port\u00e9e par l\u2019Institut Lumi\u00e8re, qui multiplie les actions en faveur d\u2019un cin\u00e9ma vivant, ancr\u00e9 dans le quotidien des habitants.<\/p>\n<h2 class=\"\" data-start=\"1309\" data-end=\"1393\">Cinq soir\u00e9es, cinq films cultes et un voyage cin\u00e9matographique \u00e0 travers l\u2019Europe<\/h2>\n<p class=\"\" data-start=\"1395\" data-end=\"2688\">Le c\u0153ur du festival repose sur une programmation qui mise sur la qualit\u00e9 autant que sur la diversit\u00e9. Chaque soir, un film embl\u00e9matique du patrimoine cin\u00e9matographique europ\u00e9en sera projet\u00e9 gratuitement en plein air. Parmi les titres retenus, des \u0153uvres majeures comme <em data-start=\"1664\" data-end=\"1682\">La Vie est Belle<\/em> de Roberto Benigni, <em data-start=\"1703\" data-end=\"1721\">Tout sur ma M\u00e8re<\/em> de Pedro Almod\u00f3var, <em data-start=\"1742\" data-end=\"1762\">Les Ailes du D\u00e9sir<\/em> de Wim Wenders, <em data-start=\"1779\" data-end=\"1796\">The Commitments<\/em> d\u2019Alan Parker et <em data-start=\"1814\" data-end=\"1843\">Simone, le Voyage du Si\u00e8cle<\/em> d\u2019Olivier Dahan. Ce choix de films traduit une volont\u00e9 de c\u00e9l\u00e9brer des regards d\u2019auteur singuliers, ancr\u00e9s dans leur \u00e9poque et leur culture, tout en explorant des th\u00e9matiques universelles : la m\u00e9moire, la transmission, l\u2019identit\u00e9 ou encore l\u2019utopie.<\/p>\n<p class=\"\" data-start=\"1395\" data-end=\"2688\">Le cin\u00e9ma devient ici un vecteur de dialogue entre les peuples et les g\u00e9n\u00e9rations. Chaque projection s\u2019accompagne d\u2019un dispositif d\u2019accueil chaleureux, avec des places assises, une sonorisation soign\u00e9e et une atmosph\u00e8re propice \u00e0 la discussion. Le cadre, la cour Renaissance du Palais Saint-Jean, sublime l\u2019exp\u00e9rience visuelle et sensorielle.<\/p>\n<p class=\"\" data-start=\"1395\" data-end=\"2688\">La tomb\u00e9e de la nuit, les fa\u00e7ades historiques, le silence attentif du public, tout concourt \u00e0 faire de ces soir\u00e9es une exp\u00e9rience unique. Loin d\u2019un simple divertissement estival, le festival propose une r\u00e9elle immersion culturelle au c\u0153ur de l\u2019Europe.<\/p>\n<h2 class=\"\" data-start=\"2690\" data-end=\"2749\">Une initiative citoyenne port\u00e9e par la passion du cin\u00e9ma<\/h2>\n<p class=\"\" data-start=\"2751\" data-end=\"4034\">Ce projet est n\u00e9 de la volont\u00e9 de l\u2019association lyonnaise ARGAYA de cr\u00e9er un \u00e9v\u00e9nement cin\u00e9matographique populaire, sans barri\u00e8re financi\u00e8re ni symbolique. Son ambition est d\u2019\u00e9largir l\u2019acc\u00e8s au cin\u00e9ma, d\u2019en faire un bien commun \u00e0 partager dans l\u2019espace urbain. Gr\u00e2ce au soutien actif de l\u2019Institut Lumi\u00e8re \u2013 qui renforce ainsi son r\u00f4le de pilier culturel local \u2013 et du Mus\u00e9e Cin\u00e9ma et Miniature, le festival b\u00e9n\u00e9ficie d\u2019une expertise reconnue et d\u2019un r\u00e9seau solide. Il s\u2019inscrit aussi dans la tradition des projections en plein air, qui connaissent un renouveau depuis quelques ann\u00e9es, port\u00e9es par une demande croissante de culture en dehors des circuits habituels. L\u2019enjeu est autant culturel que social : recr\u00e9er du lien autour d\u2019une \u0153uvre, provoquer la rencontre entre habitants de tous horizons, renforcer l\u2019ancrage local par des \u00e9v\u00e9nements gratuits et ouverts.<\/p>\n<p class=\"\" data-start=\"2751\" data-end=\"4034\">Le festival Cin\u00e9ma du Vieux-Lyon se positionne comme un espace de respiration dans l\u2019agenda culturel, o\u00f9 l\u2019on peut se retrouver sans contrainte, simplement pour voir un film ensemble. Pour les organisateurs, ce premier essai est une \u00e9tape : l\u2019objectif est d\u2019en faire un rendez-vous annuel, avec des formats \u00e9largis, des ateliers, des rencontres avec des cin\u00e9astes, et pourquoi pas, des collaborations internationales.<\/p>\n<p class=\"\" data-start=\"0\" data-end=\"121\">Voici le tableau r\u00e9capitulatif des films projet\u00e9s durant le <strong data-start=\"60\" data-end=\"93\">festival Cin\u00e9ma du Vieux-Lyon<\/strong>, du 19 au 23 juillet 2025 :<\/p>\n<div class=\"overflow-x-auto contain-inline-size\">\n<table data-start=\"123\" data-end=\"1047\">\n<thead data-start=\"123\" data-end=\"253\">\n<tr data-start=\"123\" data-end=\"253\">\n<th data-start=\"123\" data-end=\"142\"><strong data-start=\"125\" data-end=\"133\">Date<\/strong><\/th>\n<th data-start=\"142\" data-end=\"184\"><strong data-start=\"144\" data-end=\"160\">Film projet\u00e9<\/strong><\/th>\n<th data-start=\"184\" data-end=\"215\"><strong data-start=\"186\" data-end=\"201\">R\u00e9alisateur<\/strong><\/th>\n<th data-start=\"215\" data-end=\"240\"><strong data-start=\"217\" data-end=\"225\">Pays<\/strong><\/th>\n<th data-start=\"240\" data-end=\"253\"><strong data-start=\"242\" data-end=\"251\">Ann\u00e9e<\/strong><\/th>\n<\/tr>\n<\/thead>\n<tbody data-start=\"387\" data-end=\"1047\">\n<tr data-start=\"387\" data-end=\"519\">\n<td>Samedi 19 juillet<\/td>\n<td><em data-start=\"409\" data-end=\"438\">Simone, le Voyage du Si\u00e8cle<\/em><\/td>\n<td>Olivier Dahan<\/td>\n<td>France<\/td>\n<td>2022<\/td>\n<\/tr>\n<tr data-start=\"520\" data-end=\"651\">\n<td>Dimanche 20 juillet<\/td>\n<td><em data-start=\"544\" data-end=\"561\">The Commitments<\/em><\/td>\n<td>Alan Parker<\/td>\n<td>Irlande \/ Royaume-Uni<\/td>\n<td>1991<\/td>\n<\/tr>\n<tr data-start=\"652\" data-end=\"783\">\n<td>Lundi 21 juillet<\/td>\n<td><em data-start=\"673\" data-end=\"693\">Les Ailes du D\u00e9sir<\/em><\/td>\n<td>Wim Wenders<\/td>\n<td>Allemagne<\/td>\n<td>1987<\/td>\n<\/tr>\n<tr data-start=\"784\" data-end=\"915\">\n<td>Mardi 22 juillet<\/td>\n<td><em data-start=\"805\" data-end=\"823\">La Vie est Belle<\/em><\/td>\n<td>Roberto Benigni<\/td>\n<td>Italie<\/td>\n<td>1997<\/td>\n<\/tr>\n<tr data-start=\"916\" data-end=\"1047\">\n<td>Mercredi 23 juillet<\/td>\n<td><em data-start=\"940\" data-end=\"958\">Tout sur ma M\u00e8re<\/em><\/td>\n<td>Pedro Almod\u00f3var<\/td>\n<td>Espagne<\/td>\n<td>1999<\/td>\n<\/tr>\n<\/tbody>\n<\/table>\n<\/div>\n<p class=\"\" data-start=\"1049\" data-end=\"1503\">Chaque projection aura lieu \u00e0 la tomb\u00e9e de la nuit, dans la cour du <strong data-start=\"1121\" data-end=\"1142\">Palais Saint-Jean<\/strong>, situ\u00e9e dans le <a href=\"https:\/\/discover.ulysse.com\/nouvelle-loi-terrasses-lyon\">quartier du Vieux-Lyon<\/a>. L\u2019acc\u00e8s est <strong data-start=\"1195\" data-end=\"1224\">libre et sans r\u00e9servation<\/strong>, dans la limite des places disponibles. Il est conseill\u00e9 d\u2019arriver en avance pour b\u00e9n\u00e9ficier d\u2019une bonne visibilit\u00e9. Des assises seront mises \u00e0 disposition, mais les spectateurs peuvent \u00e9galement venir avec des coussins ou couvertures pour profiter confortablement de la soir\u00e9e.<\/p>\n","protected":false},"excerpt":{"rendered":"<p>Du 19 au 23 juillet 2025, la cour du Palais Saint-Jean, en plein c\u0153ur du Vieux-Lyon, accueillera la toute premi\u00e8re [&hellip;]<\/p>\n","protected":false},"author":4,"featured_media":27801,"comment_status":"open","ping_status":"closed","sticky":false,"template":"","format":"standard","meta":{"_acf_changed":false,"_sitemap_exclude":false,"_sitemap_priority":"","_sitemap_frequency":"","footnotes":"","rank_math_title":"","rank_math_description":"","rank_math_canonical_url":"","rank_math_focus_keyword":"cinema"},"categories":[3],"tags":[],"class_list":["post-27800","post","type-post","status-publish","format-standard","has-post-thumbnail","hentry","category-voyage"],"acf":[],"_links":{"self":[{"href":"https:\/\/ulysse.com\/news\/wp-json\/wp\/v2\/posts\/27800","targetHints":{"allow":["GET"]}}],"collection":[{"href":"https:\/\/ulysse.com\/news\/wp-json\/wp\/v2\/posts"}],"about":[{"href":"https:\/\/ulysse.com\/news\/wp-json\/wp\/v2\/types\/post"}],"author":[{"embeddable":true,"href":"https:\/\/ulysse.com\/news\/wp-json\/wp\/v2\/users\/4"}],"replies":[{"embeddable":true,"href":"https:\/\/ulysse.com\/news\/wp-json\/wp\/v2\/comments?post=27800"}],"version-history":[{"count":1,"href":"https:\/\/ulysse.com\/news\/wp-json\/wp\/v2\/posts\/27800\/revisions"}],"predecessor-version":[{"id":27802,"href":"https:\/\/ulysse.com\/news\/wp-json\/wp\/v2\/posts\/27800\/revisions\/27802"}],"wp:featuredmedia":[{"embeddable":true,"href":"https:\/\/ulysse.com\/news\/wp-json\/wp\/v2\/media\/27801"}],"wp:attachment":[{"href":"https:\/\/ulysse.com\/news\/wp-json\/wp\/v2\/media?parent=27800"}],"wp:term":[{"taxonomy":"category","embeddable":true,"href":"https:\/\/ulysse.com\/news\/wp-json\/wp\/v2\/categories?post=27800"},{"taxonomy":"post_tag","embeddable":true,"href":"https:\/\/ulysse.com\/news\/wp-json\/wp\/v2\/tags?post=27800"}],"curies":[{"name":"wp","href":"https:\/\/api.w.org\/{rel}","templated":true}]}}