{"id":27886,"date":"2025-04-04T17:00:48","date_gmt":"2025-04-04T16:00:48","guid":{"rendered":"https:\/\/discover.ulysse.com\/?p=27886"},"modified":"2025-04-04T10:51:17","modified_gmt":"2025-04-04T09:51:17","slug":"algarve-5-randonnees-sud-portugais","status":"publish","type":"post","link":"https:\/\/ulysse.com\/news\/algarve-5-randonnees-sud-portugais","title":{"rendered":"Algarve \u00e0 pied : 5 randonn\u00e9es pour explorer le sud portugais"},"content":{"rendered":"<p class=\"\" data-start=\"239\" data-end=\"671\">Dans l\u2019imaginaire collectif, l\u2019Algarve \u00e9voque souvent les plages ensoleill\u00e9es, les falaises dor\u00e9es et les villages blancs tourn\u00e9s vers l\u2019Atlantique. Mais cette r\u00e9gion, \u00e0 l\u2019extr\u00e9mit\u00e9 sud du Portugal, ne se r\u00e9sume pas \u00e0 son littoral. Loin des zones les plus fr\u00e9quent\u00e9es, une multitude de sentiers permet de d\u00e9couvrir une Algarve discr\u00e8te, fa\u00e7onn\u00e9e par les vents, les collines, les villages de l\u2019arri\u00e8re-pays et les traditions rurales.<\/p>\n<p class=\"\" data-start=\"673\" data-end=\"946\">\u00c0 travers ces cinq itin\u00e9raires, on d\u00e9couvre une diversit\u00e9 inattendue de paysages : criques secr\u00e8tes, massifs forestiers, terres agricoles et sites historiques. Chaque randonn\u00e9e offre une perspective diff\u00e9rente sur ce territoire multiple, \u00e0 parcourir au rythme de la marche.<\/p>\n<h2 class=\"\" data-start=\"948\" data-end=\"992\">De Ferragudo \u00e0 Carvoeiro par les falaises<\/h2>\n<p class=\"\" data-start=\"994\" data-end=\"1336\">Ce sentier c\u00f4tier d\u2019environ <strong>6 \u00e0 7 kilom\u00e8tres<\/strong> suit les cr\u00eates entre les villages de Ferragudo et Carvoeiro. Le parcours, accessible \u00e0 tous mais parfois expos\u00e9, longe les falaises surplombant l\u2019oc\u00e9an et traverse plusieurs criques isol\u00e9es. Il est recommand\u00e9 d\u2019y aller entre avril et juin ou en septembre, pour profiter de temp\u00e9ratures cl\u00e9mentes.<\/p>\n<p class=\"\" data-start=\"1338\" data-end=\"1608\">Le chemin d\u00e9bute pr\u00e8s du phare de Ponta do Altar, passe par la plage de Caneiros, puis rejoint les formations rocheuses spectaculaires autour d\u2019Algar Seco. L\u2019aller-retour peut se faire en 3 heures, en pr\u00e9voyant de l\u2019eau et des chaussures adapt\u00e9es au terrain caillouteux.<\/p>\n<h2 class=\"\" data-start=\"1610\" data-end=\"1657\">Circuit des moulins autour du village d\u2019Alte<\/h2>\n<p class=\"\" data-start=\"1659\" data-end=\"1989\">Dans l\u2019int\u00e9rieur des terres, autour du village d\u2019Alte, un <strong>circuit balis\u00e9 de 10 kilom\u00e8tres<\/strong> permet de relier plusieurs anciens moulins \u00e0 eau restaur\u00e9s. Le parcours, sans difficult\u00e9 particuli\u00e8re, traverse des paysages d\u2019amandiers, d\u2019oliviers et de caroubiers, typiques du Barrocal, la zone de transition entre la c\u00f4te et la montagne.<\/p>\n<p class=\"\" data-start=\"1991\" data-end=\"2323\">Il est conseill\u00e9 de partir t\u00f4t le matin l\u2019\u00e9t\u00e9 pour \u00e9viter les fortes chaleurs, car le sentier est peu ombrag\u00e9 sur certaines portions. La rivi\u00e8re Alte, pr\u00e9sente sur une partie du parcours, permet quelques pauses rafra\u00eechissantes. Le village lui-m\u00eame m\u00e9rite une visite, avec sa fontaine, ses ruelles pav\u00e9es et ses sp\u00e9cialit\u00e9s locales.<\/p>\n<h2 class=\"\" data-start=\"2325\" data-end=\"2367\">Ascension de la Picota depuis Marmelete<\/h2>\n<p class=\"\" data-start=\"2369\" data-end=\"2712\">La Picota, <strong>deuxi\u00e8me plus haut sommet de l\u2019Algarve avec ses 774 m\u00e8tres d\u2019altitude<\/strong>, offre une alternative plus tranquille \u00e0 la F\u00f3ia. Depuis le hameau de Marmelete, un itin\u00e9raire de 8 kilom\u00e8tres (aller-retour) grimpe \u00e0 travers une for\u00eat d\u2019eucalyptus et de pins. La mont\u00e9e est progressive mais r\u00e9guli\u00e8re, accessible \u00e0 tout marcheur en bonne forme.<\/p>\n<p class=\"\" data-start=\"2714\" data-end=\"2935\">Par temps d\u00e9gag\u00e9, la vue depuis le sommet embrasse toute la r\u00e9gion jusqu\u2019\u00e0 la mer. Ce sentier est particuli\u00e8rement agr\u00e9able au printemps et en automne, lorsque la v\u00e9g\u00e9tation est plus verte et les temp\u00e9ratures plus douces.<\/p>\n<h2 class=\"\" data-start=\"2937\" data-end=\"2977\">Falaises de Cacela Velha \u00e0 Manta Rota<\/h2>\n<p class=\"\" data-start=\"2979\" data-end=\"3267\">Dans le parc naturel de la Ria Formosa, cette <strong>balade de 5 \u00e0 6 kilom\u00e8tres<\/strong> suit un cordon dunaire entre le village de Cacela Velha et la plage de Manta Rota. Le sentier, plat et bien entretenu, traverse des paysages de maquis et de falaises rouges, avec des vues sur les lagunes et l\u2019oc\u00e9an.<\/p>\n<p class=\"\" data-start=\"3269\" data-end=\"3524\">Accessible en toute saison, cette promenade est id\u00e9ale pour les familles ou pour une marche en fin de journ\u00e9e. Cacela Velha, petit village fortifi\u00e9, est un excellent point de d\u00e9part ou d\u2019arriv\u00e9e, avec des caf\u00e9s surplombant la mer et une ambiance paisible.<\/p>\n<h2 class=\"\" data-start=\"3526\" data-end=\"3581\">Sentier des chapelles rurales \u00e0 S\u00e3o Br\u00e1s de Alportel<\/h2>\n<p class=\"\" data-start=\"3583\" data-end=\"3858\">Autour de S\u00e3o Br\u00e1s de Alportel, ancienne ville de l\u2019industrie du li\u00e8ge, un itin\u00e9raire culturel et naturel relie plusieurs chapelles isol\u00e9es dans la campagne environnante. Ce parcours de 12 kilom\u00e8tres alterne collines, chemins bord\u00e9s de murets et petits bois de ch\u00eanes-li\u00e8ges.<\/p>\n<p class=\"\" data-start=\"3860\" data-end=\"4154\">Il peut se faire en demi-journ\u00e9e, avec plusieurs points d\u2019int\u00e9r\u00eat en route : la chapelle de S\u00e3o Rom\u00e3o, la fontaine de Tareja, ou encore de vieilles fermes abandonn\u00e9es. Le sentier est bien balis\u00e9, praticable toute l\u2019ann\u00e9e, et tr\u00e8s appr\u00e9ci\u00e9 pour sa tranquillit\u00e9 et ses ambiances m\u00e9diterran\u00e9ennes.<\/p>\n<p data-start=\"4161\" data-end=\"4435\">\n<p class=\"\" data-start=\"4161\" data-end=\"4435\">Loin des itin\u00e9raires les plus fr\u00e9quent\u00e9s, ces cinq <a href=\"https:\/\/discover.ulysse.com\/5-randonnees-spectaculaires-monde\">randonn\u00e9es<\/a> montrent une Algarve plus intime, entre oc\u00e9an, collines, culture et nature pr\u00e9serv\u00e9e. Pour les amateurs de marche, c\u2019est une mani\u00e8re d\u2019entrer en contact avec l\u2019essence m\u00eame de cette r\u00e9gion, pas \u00e0 pas, sans bruit.<\/p>\n","protected":false},"excerpt":{"rendered":"<p>Dans l\u2019imaginaire collectif, l\u2019Algarve \u00e9voque souvent les plages ensoleill\u00e9es, les falaises dor\u00e9es et les villages blancs tourn\u00e9s vers l\u2019Atlantique. Mais [&hellip;]<\/p>\n","protected":false},"author":4,"featured_media":27887,"comment_status":"open","ping_status":"closed","sticky":false,"template":"","format":"standard","meta":{"_acf_changed":false,"_sitemap_exclude":false,"_sitemap_priority":"","_sitemap_frequency":"","footnotes":"","rank_math_title":"","rank_math_description":"","rank_math_canonical_url":"","rank_math_focus_keyword":"algarve"},"categories":[3],"tags":[],"class_list":["post-27886","post","type-post","status-publish","format-standard","has-post-thumbnail","hentry","category-voyage"],"acf":[],"_links":{"self":[{"href":"https:\/\/ulysse.com\/news\/wp-json\/wp\/v2\/posts\/27886","targetHints":{"allow":["GET"]}}],"collection":[{"href":"https:\/\/ulysse.com\/news\/wp-json\/wp\/v2\/posts"}],"about":[{"href":"https:\/\/ulysse.com\/news\/wp-json\/wp\/v2\/types\/post"}],"author":[{"embeddable":true,"href":"https:\/\/ulysse.com\/news\/wp-json\/wp\/v2\/users\/4"}],"replies":[{"embeddable":true,"href":"https:\/\/ulysse.com\/news\/wp-json\/wp\/v2\/comments?post=27886"}],"version-history":[{"count":1,"href":"https:\/\/ulysse.com\/news\/wp-json\/wp\/v2\/posts\/27886\/revisions"}],"predecessor-version":[{"id":27889,"href":"https:\/\/ulysse.com\/news\/wp-json\/wp\/v2\/posts\/27886\/revisions\/27889"}],"wp:featuredmedia":[{"embeddable":true,"href":"https:\/\/ulysse.com\/news\/wp-json\/wp\/v2\/media\/27887"}],"wp:attachment":[{"href":"https:\/\/ulysse.com\/news\/wp-json\/wp\/v2\/media?parent=27886"}],"wp:term":[{"taxonomy":"category","embeddable":true,"href":"https:\/\/ulysse.com\/news\/wp-json\/wp\/v2\/categories?post=27886"},{"taxonomy":"post_tag","embeddable":true,"href":"https:\/\/ulysse.com\/news\/wp-json\/wp\/v2\/tags?post=27886"}],"curies":[{"name":"wp","href":"https:\/\/api.w.org\/{rel}","templated":true}]}}