{"id":27901,"date":"2025-04-05T12:00:02","date_gmt":"2025-04-05T11:00:02","guid":{"rendered":"https:\/\/discover.ulysse.com\/?p=27901"},"modified":"2025-04-05T10:40:27","modified_gmt":"2025-04-05T09:40:27","slug":"randonnee-nice-itineraire-mer-turquoise","status":"publish","type":"post","link":"https:\/\/ulysse.com\/news\/randonnee-nice-itineraire-mer-turquoise","title":{"rendered":"Randonn\u00e9e \u00e0 Nice : Un itin\u00e9raire de r\u00eave entre mer turquoise et ruelles m\u00e9di\u00e9vales"},"content":{"rendered":"<p class=\"\" data-start=\"88\" data-end=\"774\">Si vous \u00eates en qu\u00eate d&#8217;une escapade alliant nature sauvage et immersion dans l\u2019histoire, ne cherchez plus. \u00c0 quelques pas de Nice, le sentier Nietzsche vous offre une randonn\u00e9e m\u00e9morable, m\u00ealant panoramas m\u00e9diterran\u00e9ens et patrimoine historique. Nich\u00e9 dans le magnifique village d\u2019\u00c8ze, ce parcours de 2,1 kilom\u00e8tres traverse des paysages spectaculaires, mais aussi des lieux qui ont inspir\u00e9 l&#8217;un des plus grands penseurs de l\u2019histoire moderne. Mais attention, cette randonn\u00e9e n\u2019est pas qu\u2019un simple chemin : elle vous plonge dans l\u2019essence m\u00eame du territoire, vous invite \u00e0 marcher sur les traces de Nietzsche, et vous fait d\u00e9couvrir des points de vue d\u2019une beaut\u00e9 \u00e0 couper le souffle.<\/p>\n<p class=\"\" data-start=\"776\" data-end=\"1251\">Ce sentier est un v\u00e9ritable voyage entre mer et montagne, mais aussi un plongeon dans l\u2019histoire de la C\u00f4te d&#8217;Azur. Le philosophe Friedrich Nietzsche, lui-m\u00eame, n\u2019a cess\u00e9 de vanter la beaut\u00e9 de cet itin\u00e9raire escarp\u00e9, et \u00e0 juste titre. Avec ses vues imprenables sur la mer M\u00e9diterran\u00e9e et ses paysages naturels grandioses, cette randonn\u00e9e permet de se ressourcer tout en d\u00e9couvrant une r\u00e9gion d\u2019une richesse exceptionnelle. Reste \u00e0 savoir : \u00eates-vous pr\u00eat \u00e0 relever le d\u00e9fi ?<\/p>\n<h2 data-start=\"1253\" data-end=\"1317\">Marchez sur les traces de Nietzsche \u00e0 travers ce parcous l\u00e9gendaire<\/h2>\n<p class=\"\" data-start=\"1319\" data-end=\"1897\">Ce n&#8217;est pas tous les jours que l\u2019on peut emprunter un sentier qui a marqu\u00e9 l\u2019histoire. Le <strong>sentier Nietzsche<\/strong>, en plus de ses paysages magnifiques, porte une histoire fascinante, puisque c\u2019est sur cette m\u00eame route que Friedrich Nietzsche a trouv\u00e9 l\u2019inspiration pour certaines parties de son c\u00e9l\u00e8bre ouvrage <em data-start=\"1625\" data-end=\"1653\">Ainsi parlait Zarathoustra<\/em>. Ce parcours est un hommage \u00e0 ce philosophe, qui a s\u00e9journ\u00e9 plusieurs fois dans la r\u00e9gion dans les ann\u00e9es 1880. En empruntant ce sentier escarp\u00e9, vous marchez l\u00e0 o\u00f9 l\u2019un des plus grands penseurs modernes a trouv\u00e9 une partie de son inspiration.<\/p>\n<p class=\"\" data-start=\"1899\" data-end=\"2476\">Mais ne vous y trompez pas, cette <a href=\"https:\/\/discover.ulysse.com\/algarve-5-randonnees-sud-portugais\">randonn\u00e9e<\/a> n\u2019est pas seulement un hommage \u00e0 Nietzsche. C\u2019est un parcours o\u00f9 l\u2019histoire se m\u00eale \u00e0 la nature. Ce sentier, emprunt\u00e9 depuis des si\u00e8cles par les habitants locaux, servait autrefois pour transporter des marchandises comme l\u2019huile d\u2019olive, v\u00e9ritable tr\u00e9sor de la r\u00e9gion. En chemin, vous traverserez des paysages typiques de la C\u00f4te d&#8217;Azur, des vall\u00e9es verdoyantes aux cr\u00eates montagneuses, avec des vues spectaculaires sur la mer. La mont\u00e9e, qui dure environ 1h30, est une exp\u00e9rience immersive dans un cadre naturel \u00e0 couper le souffle.<\/p>\n<p class=\"\" data-start=\"2478\" data-end=\"2880\">Le parcours est accessible, mais attention, il demande un minimum de pr\u00e9paration. Bien que la difficult\u00e9 soit mod\u00e9r\u00e9e, la <a href=\"https:\/\/discover.ulysse.com\/5-randonnees-spectaculaires-monde\">randonn\u00e9e se m\u00e9rite<\/a>. Il est donc recommand\u00e9 de porter des chaussures adapt\u00e9es, car les terrains peuvent \u00eatre assez accident\u00e9s. Mais, au bout de l\u2019effort, la vue sur la mer M\u00e9diterran\u00e9e et le vieux village d\u2019\u00c8ze, perch\u00e9 sur les hauteurs, r\u00e9compensent largement les efforts fournis.<\/p>\n<blockquote class=\"instagram-media\" style=\"background: #FFF; border: 0; border-radius: 3px; box-shadow: 0 0 1px 0 rgba(0,0,0,0.5),0 1px 10px 0 rgba(0,0,0,0.15); margin: 1px; max-width: 540px; min-width: 326px; padding: 0; width: calc(100% - 2px);\" data-instgrm-permalink=\"https:\/\/www.instagram.com\/p\/CNKJ23Pnap6\/?utm_source=ig_embed&amp;utm_campaign=loading\" data-instgrm-version=\"14\">\n<div style=\"padding: 16px;\">\n<p>&nbsp;<\/p>\n<div style=\"display: flex; flex-direction: row; align-items: center;\">\n<div style=\"background-color: #f4f4f4; border-radius: 50%; flex-grow: 0; height: 40px; margin-right: 14px; width: 40px;\"><\/div>\n<div style=\"display: flex; flex-direction: column; flex-grow: 1; justify-content: center;\">\n<div style=\"background-color: #f4f4f4; border-radius: 4px; flex-grow: 0; height: 14px; margin-bottom: 6px; width: 100px;\"><\/div>\n<div style=\"background-color: #f4f4f4; border-radius: 4px; flex-grow: 0; height: 14px; width: 60px;\"><\/div>\n<\/div>\n<\/div>\n<div style=\"padding: 19% 0;\"><\/div>\n<div style=\"display: block; height: 50px; margin: 0 auto 12px; width: 50px;\"><\/div>\n<div style=\"padding-top: 8px;\">\n<div style=\"color: #3897f0; font-family: Arial,sans-serif; font-size: 14px; font-style: normal; font-weight: 550; line-height: 18px;\">Voir cette publication sur Instagram<\/div>\n<\/div>\n<div style=\"padding: 12.5% 0;\"><\/div>\n<div style=\"display: flex; flex-direction: row; margin-bottom: 14px; align-items: center;\">\n<div>\n<div style=\"background-color: #f4f4f4; border-radius: 50%; height: 12.5px; width: 12.5px; transform: translateX(0px) translateY(7px);\"><\/div>\n<div style=\"background-color: #f4f4f4; height: 12.5px; transform: rotate(-45deg) translateX(3px) translateY(1px); width: 12.5px; flex-grow: 0; margin-right: 14px; margin-left: 2px;\"><\/div>\n<div style=\"background-color: #f4f4f4; border-radius: 50%; height: 12.5px; width: 12.5px; transform: translateX(9px) translateY(-18px);\"><\/div>\n<\/div>\n<div style=\"margin-left: 8px;\">\n<div style=\"background-color: #f4f4f4; border-radius: 50%; flex-grow: 0; height: 20px; width: 20px;\"><\/div>\n<div style=\"width: 0; height: 0; border-top: 2px solid transparent; border-left: 6px solid #f4f4f4; border-bottom: 2px solid transparent; transform: translateX(16px) translateY(-4px) rotate(30deg);\"><\/div>\n<\/div>\n<div style=\"margin-left: auto;\">\n<div style=\"width: 0px; border-top: 8px solid #F4F4F4; border-right: 8px solid transparent; transform: translateY(16px);\"><\/div>\n<div style=\"background-color: #f4f4f4; flex-grow: 0; height: 12px; width: 16px; transform: translateY(-4px);\"><\/div>\n<div style=\"width: 0; height: 0; border-top: 8px solid #F4F4F4; border-left: 8px solid transparent; transform: translateY(-4px) translateX(8px);\"><\/div>\n<\/div>\n<\/div>\n<div style=\"display: flex; flex-direction: column; flex-grow: 1; justify-content: center; margin-bottom: 24px;\">\n<div style=\"background-color: #f4f4f4; border-radius: 4px; flex-grow: 0; height: 14px; margin-bottom: 6px; width: 224px;\"><\/div>\n<div style=\"background-color: #f4f4f4; border-radius: 4px; flex-grow: 0; height: 14px; width: 144px;\"><\/div>\n<\/div>\n<p>&nbsp;<\/p>\n<p style=\"color: #c9c8cd; font-family: Arial,sans-serif; font-size: 14px; line-height: 17px; margin-bottom: 0; margin-top: 8px; overflow: hidden; padding: 8px 0 7px; text-align: center; text-overflow: ellipsis; white-space: nowrap;\"><a style=\"color: #c9c8cd; font-family: Arial,sans-serif; font-size: 14px; font-style: normal; font-weight: normal; line-height: 17px; text-decoration: none;\" href=\"https:\/\/www.instagram.com\/p\/CNKJ23Pnap6\/?utm_source=ig_embed&amp;utm_campaign=loading\" target=\"_blank\" rel=\"noopener\">Une publication partag\u00e9e par Alyona Albertovna (@zlaya_fitonyasha)<\/a><\/p>\n<\/div>\n<\/blockquote>\n<p><script async src=\"\/\/www.instagram.com\/embed.js\"><\/script><\/p>\n<h2 data-start=\"2882\" data-end=\"2955\">La beaut\u00e9 de la C\u00f4te d&#8217;Azur sous un angle plus sportif<\/h2>\n<p class=\"\" data-start=\"2957\" data-end=\"3363\">\u00c0 chaque pas, le sentier Nietzsche vous d\u00e9voile des panoramas incroyables sur la mer M\u00e9diterran\u00e9e et les montagnes environnantes. L\u2019ascension, bien que relativement courte, vous m\u00e8ne au sommet d\u2019\u00c8ze, un village m\u00e9di\u00e9val o\u00f9 le temps semble s\u2019\u00eatre arr\u00eat\u00e9. Imaginez-vous fl\u00e2ner dans ses ruelles pav\u00e9es, d\u00e9couvrir des maisons anciennes aux couleurs ocres, et vous perdre dans ses petites boutiques artisanales.<\/p>\n<p class=\"\" data-start=\"3365\" data-end=\"3969\">Ce n\u2019est pas seulement un lieu charg\u00e9 d\u2019histoire, mais un v\u00e9ritable havre de paix o\u00f9 l\u2019air pur de la montagne se m\u00eale \u00e0 la <a href=\"https:\/\/discover.ulysse.com\/station-balneaire-mediterraneenne\">douceur m\u00e9diterran\u00e9enne<\/a>. Une fois au sommet, vous d\u00e9couvrirez des vues \u00e0 couper le souffle sur le littoral et les montagnes de l\u2019arri\u00e8re-pays. De plus, la pr\u00e9sence de la cascade sur le parcours apporte une touche de fra\u00eecheur bienvenue apr\u00e8s l\u2019ascension, tout comme le jardin exotique d\u2019\u00c8ze, qui vous invite \u00e0 faire une pause. Ce jardin, suspendu entre ciel et mer, abrite une collection impressionnante de cactus et de plantes grasses, prosp\u00e9rant sous le soleil azur de la r\u00e9gion.<\/p>\n<p class=\"\" data-start=\"3971\" data-end=\"4305\">Cette randonn\u00e9e est donc bien plus qu\u2019une simple mont\u00e9e. C\u2019est une v\u00e9ritable aventure sensorielle, o\u00f9 chaque arr\u00eat vous permet de d\u00e9couvrir de nouvelles perspectives, de nouvelles odeurs et de nouvelles sensations. C\u2019est aussi l\u2019occasion r\u00eav\u00e9e de s\u2019immerger dans l\u2019ambiance unique de la C\u00f4te d&#8217;Azur, loin du tumulte de la vie urbaine.<\/p>\n<h2 data-start=\"4307\" data-end=\"4390\">Comment se rendre au d\u00e9part de la randonn\u00e9e ?<\/h2>\n<p class=\"\" data-start=\"4392\" data-end=\"5023\">La randonn\u00e9e d\u00e9marre \u00e0 proximit\u00e9 de la gare SNCF d\u2019\u00c8ze, ce qui rend l\u2019acc\u00e8s assez simple depuis les grandes villes fran\u00e7aises. Si vous partez de Paris, il vous suffira de prendre un train en direction de Nice, un trajet d\u2019environ 5h30 en TGV. Depuis Lyon, comptez environ 4 heures, et depuis Strasbourg, un peu plus de 6 heures. Il est \u00e9galement possible de prendre un train depuis d&#8217;autres villes comme Marseille ou Toulouse, avec des trajets qui varient entre 3 et 5 heures, selon l&#8217;itin\u00e9raire choisi. Une fois arriv\u00e9 \u00e0 la gare de Nice, un court trajet en bus ou en taxi vous am\u00e8ne directement au point de d\u00e9part de la randonn\u00e9e.<\/p>\n<p class=\"\" data-start=\"5025\" data-end=\"5626\">Bien que le transport en train soit une option pratique et relativement confortable, il est important de noter que le co\u00fbt peut varier. Un billet aller-retour depuis Paris en TGV peut osciller entre 100 et 150 euros selon la p\u00e9riode, tandis que pour des d\u00e9parts depuis Lyon ou Marseille, les prix seront l\u00e9g\u00e8rement plus bas. N\u00e9anmoins, le train reste l\u2019une des meilleures options pour rejoindre la r\u00e9gion, offrant un confort et une rapidit\u00e9 de voyage incomparables. Une fois sur place, vous n\u2019aurez plus qu\u2019\u00e0 vous immerger dans ce cadre exceptionnel et \u00e0 profiter de chaque instant de votre randonn\u00e9e.<\/p>\n<blockquote class=\"instagram-media\" style=\"background: #FFF; border: 0; border-radius: 3px; box-shadow: 0 0 1px 0 rgba(0,0,0,0.5),0 1px 10px 0 rgba(0,0,0,0.15); margin: 1px; max-width: 540px; min-width: 326px; padding: 0; width: calc(100% - 2px);\" data-instgrm-permalink=\"https:\/\/www.instagram.com\/p\/CesY1vejcVs\/?utm_source=ig_embed&amp;utm_campaign=loading\" data-instgrm-version=\"14\">\n<div style=\"padding: 16px;\">\n<p>&nbsp;<\/p>\n<div style=\"display: flex; flex-direction: row; align-items: center;\">\n<div style=\"background-color: #f4f4f4; border-radius: 50%; flex-grow: 0; height: 40px; margin-right: 14px; width: 40px;\"><\/div>\n<div style=\"display: flex; flex-direction: column; flex-grow: 1; justify-content: center;\">\n<div style=\"background-color: #f4f4f4; border-radius: 4px; flex-grow: 0; height: 14px; margin-bottom: 6px; width: 100px;\"><\/div>\n<div style=\"background-color: #f4f4f4; border-radius: 4px; flex-grow: 0; height: 14px; width: 60px;\"><\/div>\n<\/div>\n<\/div>\n<div style=\"padding: 19% 0;\"><\/div>\n<div style=\"display: block; height: 50px; margin: 0 auto 12px; width: 50px;\"><\/div>\n<div style=\"padding-top: 8px;\">\n<div style=\"color: #3897f0; font-family: Arial,sans-serif; font-size: 14px; font-style: normal; font-weight: 550; line-height: 18px;\">Voir cette publication sur Instagram<\/div>\n<\/div>\n<div style=\"padding: 12.5% 0;\"><\/div>\n<div style=\"display: flex; flex-direction: row; margin-bottom: 14px; align-items: center;\">\n<div>\n<div style=\"background-color: #f4f4f4; border-radius: 50%; height: 12.5px; width: 12.5px; transform: translateX(0px) translateY(7px);\"><\/div>\n<div style=\"background-color: #f4f4f4; height: 12.5px; transform: rotate(-45deg) translateX(3px) translateY(1px); width: 12.5px; flex-grow: 0; margin-right: 14px; margin-left: 2px;\"><\/div>\n<div style=\"background-color: #f4f4f4; border-radius: 50%; height: 12.5px; width: 12.5px; transform: translateX(9px) translateY(-18px);\"><\/div>\n<\/div>\n<div style=\"margin-left: 8px;\">\n<div style=\"background-color: #f4f4f4; border-radius: 50%; flex-grow: 0; height: 20px; width: 20px;\"><\/div>\n<div style=\"width: 0; height: 0; border-top: 2px solid transparent; border-left: 6px solid #f4f4f4; border-bottom: 2px solid transparent; transform: translateX(16px) translateY(-4px) rotate(30deg);\"><\/div>\n<\/div>\n<div style=\"margin-left: auto;\">\n<div style=\"width: 0px; border-top: 8px solid #F4F4F4; border-right: 8px solid transparent; transform: translateY(16px);\"><\/div>\n<div style=\"background-color: #f4f4f4; flex-grow: 0; height: 12px; width: 16px; transform: translateY(-4px);\"><\/div>\n<div style=\"width: 0; height: 0; border-top: 8px solid #F4F4F4; border-left: 8px solid transparent; transform: translateY(-4px) translateX(8px);\"><\/div>\n<\/div>\n<\/div>\n<div style=\"display: flex; flex-direction: column; flex-grow: 1; justify-content: center; margin-bottom: 24px;\">\n<div style=\"background-color: #f4f4f4; border-radius: 4px; flex-grow: 0; height: 14px; margin-bottom: 6px; width: 224px;\"><\/div>\n<div style=\"background-color: #f4f4f4; border-radius: 4px; flex-grow: 0; height: 14px; width: 144px;\"><\/div>\n<\/div>\n<p>&nbsp;<\/p>\n<p style=\"color: #c9c8cd; font-family: Arial,sans-serif; font-size: 14px; line-height: 17px; margin-bottom: 0; margin-top: 8px; overflow: hidden; padding: 8px 0 7px; text-align: center; text-overflow: ellipsis; white-space: nowrap;\"><a style=\"color: #c9c8cd; font-family: Arial,sans-serif; font-size: 14px; font-style: normal; font-weight: normal; line-height: 17px; text-decoration: none;\" href=\"https:\/\/www.instagram.com\/p\/CesY1vejcVs\/?utm_source=ig_embed&amp;utm_campaign=loading\" target=\"_blank\" rel=\"noopener\">Une publication partag\u00e9e par Jon Haber (@jonhaber1)<\/a><\/p>\n<\/div>\n<\/blockquote>\n<p><script async src=\"\/\/www.instagram.com\/embed.js\"><\/script><\/p>\n<h2 data-start=\"5628\" data-end=\"5693\">L&#8217;attrait de la r\u00e9gion : entre nature, culture et gastronomie<\/h2>\n<p class=\"\" data-start=\"5695\" data-end=\"6095\">La r\u00e9gion autour d&#8217;\u00c8ze regorge de tr\u00e9sors \u00e0 d\u00e9couvrir, au-del\u00e0 de la randonn\u00e9e elle-m\u00eame. Le <a href=\"https:\/\/discover.ulysse.com\/1h-de-nice-village-perche-balcon-mediterranee\">village d\u2019\u00c8ze<\/a> est un v\u00e9ritable bijou m\u00e9di\u00e9val, o\u00f9 chaque ruelle \u00e9troite vous plonge dans une autre \u00e9poque. Apr\u00e8s votre ascension, ne manquez pas de fl\u00e2ner dans ce village pittoresque et de visiter la chapelle de la Sainte Croix ou le jardin exotique, un lieu unique offrant des vues panoramiques sur la mer.<\/p>\n<p class=\"\" data-start=\"6097\" data-end=\"6512\">L\u2019arri\u00e8re-pays ni\u00e7ois, avec ses collines et ses montagnes, offre \u00e9galement une multitude d&#8217;activit\u00e9s pour les amateurs de nature. Entre randonn\u00e9es, balades \u00e0 v\u00e9lo, et baignades dans les criques sauvages de la M\u00e9diterran\u00e9e, il y en a pour tous les go\u00fbts. Pour ceux qui pr\u00e9f\u00e8rent la culture, les mus\u00e9es et les galeries d\u2019art sont l\u00e9gion, notamment \u00e0 Nice, o\u00f9 vous pourrez d\u00e9couvrir l\u2019histoire artistique de la r\u00e9gion.<\/p>\n<blockquote class=\"instagram-media\" style=\"background: #FFF; border: 0; border-radius: 3px; box-shadow: 0 0 1px 0 rgba(0,0,0,0.5),0 1px 10px 0 rgba(0,0,0,0.15); margin: 1px; max-width: 540px; min-width: 326px; padding: 0; width: calc(100% - 2px);\" data-instgrm-captioned=\"\" data-instgrm-permalink=\"https:\/\/www.instagram.com\/p\/Cd_lKuODudq\/?utm_source=ig_embed&amp;utm_campaign=loading\" data-instgrm-version=\"14\">\n<div style=\"padding: 16px;\">\n<p>&nbsp;<\/p>\n<div style=\"display: flex; flex-direction: row; align-items: center;\">\n<div style=\"background-color: #f4f4f4; border-radius: 50%; flex-grow: 0; height: 40px; margin-right: 14px; width: 40px;\"><\/div>\n<div style=\"display: flex; flex-direction: column; flex-grow: 1; justify-content: center;\">\n<div style=\"background-color: #f4f4f4; border-radius: 4px; flex-grow: 0; height: 14px; margin-bottom: 6px; width: 100px;\"><\/div>\n<div style=\"background-color: #f4f4f4; border-radius: 4px; flex-grow: 0; height: 14px; width: 60px;\"><\/div>\n<\/div>\n<\/div>\n<div style=\"padding: 19% 0;\"><\/div>\n<div style=\"display: block; height: 50px; margin: 0 auto 12px; width: 50px;\"><\/div>\n<div style=\"padding-top: 8px;\">\n<div style=\"color: #3897f0; font-family: Arial,sans-serif; font-size: 14px; font-style: normal; font-weight: 550; line-height: 18px;\">Voir cette publication sur Instagram<\/div>\n<\/div>\n<div style=\"padding: 12.5% 0;\"><\/div>\n<div style=\"display: flex; flex-direction: row; margin-bottom: 14px; align-items: center;\">\n<div>\n<div style=\"background-color: #f4f4f4; border-radius: 50%; height: 12.5px; width: 12.5px; transform: translateX(0px) translateY(7px);\"><\/div>\n<div style=\"background-color: #f4f4f4; height: 12.5px; transform: rotate(-45deg) translateX(3px) translateY(1px); width: 12.5px; flex-grow: 0; margin-right: 14px; margin-left: 2px;\"><\/div>\n<div style=\"background-color: #f4f4f4; border-radius: 50%; height: 12.5px; width: 12.5px; transform: translateX(9px) translateY(-18px);\"><\/div>\n<\/div>\n<div style=\"margin-left: 8px;\">\n<div style=\"background-color: #f4f4f4; border-radius: 50%; flex-grow: 0; height: 20px; width: 20px;\"><\/div>\n<div style=\"width: 0; height: 0; border-top: 2px solid transparent; border-left: 6px solid #f4f4f4; border-bottom: 2px solid transparent; transform: translateX(16px) translateY(-4px) rotate(30deg);\"><\/div>\n<\/div>\n<div style=\"margin-left: auto;\">\n<div style=\"width: 0px; border-top: 8px solid #F4F4F4; border-right: 8px solid transparent; transform: translateY(16px);\"><\/div>\n<div style=\"background-color: #f4f4f4; flex-grow: 0; height: 12px; width: 16px; transform: translateY(-4px);\"><\/div>\n<div style=\"width: 0; height: 0; border-top: 8px solid #F4F4F4; border-left: 8px solid transparent; transform: translateY(-4px) translateX(8px);\"><\/div>\n<\/div>\n<\/div>\n<div style=\"display: flex; flex-direction: column; flex-grow: 1; justify-content: center; margin-bottom: 24px;\">\n<div style=\"background-color: #f4f4f4; border-radius: 4px; flex-grow: 0; height: 14px; margin-bottom: 6px; width: 224px;\"><\/div>\n<div style=\"background-color: #f4f4f4; border-radius: 4px; flex-grow: 0; height: 14px; width: 144px;\"><\/div>\n<\/div>\n<p>&nbsp;<\/p>\n<p style=\"color: #c9c8cd; font-family: Arial,sans-serif; font-size: 14px; line-height: 17px; margin-bottom: 0; margin-top: 8px; overflow: hidden; padding: 8px 0 7px; text-align: center; text-overflow: ellipsis; white-space: nowrap;\"><a style=\"color: #c9c8cd; font-family: Arial,sans-serif; font-size: 14px; font-style: normal; font-weight: normal; line-height: 17px; text-decoration: none;\" href=\"https:\/\/www.instagram.com\/p\/Cd_lKuODudq\/?utm_source=ig_embed&amp;utm_campaign=loading\" target=\"_blank\" rel=\"noopener\">Une publication partag\u00e9e par Jon Haber (@jonhaber1)<\/a><\/p>\n<\/div>\n<\/blockquote>\n<p><script async src=\"\/\/www.instagram.com\/embed.js\"><\/script><\/p>\n<p class=\"\" data-start=\"6514\" data-end=\"6889\">La C\u00f4te d&#8217;Azur n&#8217;est pas seulement un lieu de beaut\u00e9 naturelle, elle est \u00e9galement un paradis gastronomique. L\u2019huile d\u2019olive, le fromage, et bien s\u00fbr, les fruits de mer frais, sont \u00e0 l&#8217;honneur dans les nombreux restaurants qui jalonnent la r\u00e9gion. Apr\u00e8s une longue journ\u00e9e de randonn\u00e9e, quoi de mieux que de savourer un repas en terrasse, avec une vue imprenable sur la mer ?<\/p>\n","protected":false},"excerpt":{"rendered":"<p>Si vous \u00eates en qu\u00eate d&#8217;une escapade alliant nature sauvage et immersion dans l\u2019histoire, ne cherchez plus. \u00c0 quelques pas [&hellip;]<\/p>\n","protected":false},"author":4,"featured_media":27902,"comment_status":"open","ping_status":"closed","sticky":false,"template":"","format":"standard","meta":{"_acf_changed":false,"_sitemap_exclude":false,"_sitemap_priority":"","_sitemap_frequency":"","footnotes":"","rank_math_title":"","rank_math_description":"","rank_math_canonical_url":"","rank_math_focus_keyword":"randonn\u00e9e"},"categories":[3],"tags":[],"class_list":["post-27901","post","type-post","status-publish","format-standard","has-post-thumbnail","hentry","category-voyage"],"acf":[],"_links":{"self":[{"href":"https:\/\/ulysse.com\/news\/wp-json\/wp\/v2\/posts\/27901","targetHints":{"allow":["GET"]}}],"collection":[{"href":"https:\/\/ulysse.com\/news\/wp-json\/wp\/v2\/posts"}],"about":[{"href":"https:\/\/ulysse.com\/news\/wp-json\/wp\/v2\/types\/post"}],"author":[{"embeddable":true,"href":"https:\/\/ulysse.com\/news\/wp-json\/wp\/v2\/users\/4"}],"replies":[{"embeddable":true,"href":"https:\/\/ulysse.com\/news\/wp-json\/wp\/v2\/comments?post=27901"}],"version-history":[{"count":1,"href":"https:\/\/ulysse.com\/news\/wp-json\/wp\/v2\/posts\/27901\/revisions"}],"predecessor-version":[{"id":27903,"href":"https:\/\/ulysse.com\/news\/wp-json\/wp\/v2\/posts\/27901\/revisions\/27903"}],"wp:featuredmedia":[{"embeddable":true,"href":"https:\/\/ulysse.com\/news\/wp-json\/wp\/v2\/media\/27902"}],"wp:attachment":[{"href":"https:\/\/ulysse.com\/news\/wp-json\/wp\/v2\/media?parent=27901"}],"wp:term":[{"taxonomy":"category","embeddable":true,"href":"https:\/\/ulysse.com\/news\/wp-json\/wp\/v2\/categories?post=27901"},{"taxonomy":"post_tag","embeddable":true,"href":"https:\/\/ulysse.com\/news\/wp-json\/wp\/v2\/tags?post=27901"}],"curies":[{"name":"wp","href":"https:\/\/api.w.org\/{rel}","templated":true}]}}