{"id":27916,"date":"2025-04-06T13:00:43","date_gmt":"2025-04-06T12:00:43","guid":{"rendered":"https:\/\/discover.ulysse.com\/?p=27916"},"modified":"2025-04-05T22:24:50","modified_gmt":"2025-04-05T21:24:50","slug":"coup-froid-europe-stations-alpines","status":"publish","type":"post","link":"https:\/\/ulysse.com\/news\/coup-froid-europe-stations-alpines","title":{"rendered":"Coup de froid sur l&#8217;Europe : un bol d&#8217;air frais pour les stations alpines"},"content":{"rendered":"<p class=\"\" data-start=\"77\" data-end=\"848\">Alors que le printemps s\u2019installe lentement en plaine, les montagnes reprennent des couleurs hivernales. D\u00e8s ce dimanche 6 avril, une coul\u00e9e d\u2019air froid venue d\u2019Europe centrale va s\u2019abattre sur une large partie du continent, entra\u00eenant une baisse marqu\u00e9e des temp\u00e9ratures dans le nord, le centre et l\u2019est de la France. Dans les Alpes, ce retour du froid est une aubaine pour les amateurs de glisse. Entre gel\u00e9es matinales, ciel d\u00e9gag\u00e9 et pr\u00e9cipitations attendues au sud, les conditions s\u2019annoncent id\u00e9ales pour une semaine de ski tardive. Dans certaines stations, la neige pourrait m\u00eame refaire son apparition, redonnant un coup de blanc aux pentes. Une situation m\u00e9t\u00e9o aussi inattendue que r\u00e9jouissante pour celles et ceux qui ont choisi de profiter des pistes en avril.<\/p>\n<h2 class=\"\" data-start=\"850\" data-end=\"914\">Des temp\u00e9ratures hivernales pour un ski de printemps revigor\u00e9<\/h2>\n<p class=\"\" data-start=\"916\" data-end=\"1702\">L\u2019arriv\u00e9e de l\u2019air froid va entra\u00eener un net rafra\u00eechissement dans les stations alpines, avec des temp\u00e9ratures n\u00e9gatives le matin et une remont\u00e9e mod\u00e9r\u00e9e en journ\u00e9e. Lundi 7 avril, on pr\u00e9voit de -4\u00b0C \u00e0 6\u00b0C \u00e0 Avoriaz, -3\u00b0C \u00e0 8\u00b0C \u00e0 <a href=\"https:\/\/discover.ulysse.com\/1h30-nice-station-de-ski-vue-sur-mer\">Isola 2000<\/a>, ou encore -2\u00b0C \u00e0 6\u00b0C \u00e0 Val Thorens. Les jours suivants, les valeurs continueront de descendre : jusqu\u2019\u00e0 -7\u00b0C le matin \u00e0 Val Thorens le mercredi 9 avril. Ces temp\u00e9ratures basses garantissent une neige ferme en matin\u00e9e, parfaite pour le ski, et limitent la fonte en altitude. Ce sont des conditions particuli\u00e8rement favorables pour ceux qui souhaitent prolonger la saison dans des domaines encore bien enneig\u00e9s. Le ciel d\u00e9gag\u00e9 annonc\u00e9 dans les Alpes du Nord promet aussi des journ\u00e9es lumineuses, id\u00e9ales pour profiter des pistes et des panoramas.<\/p>\n<h2 class=\"\" data-start=\"1704\" data-end=\"1749\">Des flocons annonc\u00e9s dans le sud du massif<\/h2>\n<p class=\"\" data-start=\"1751\" data-end=\"2556\">Si le <a href=\"https:\/\/discover.ulysse.com\/alpes-village-savoyard-300-jours-ensoleillement\">nord des Alpes<\/a> devrait rester au sec en d\u00e9but de semaine, le sud pourrait b\u00e9n\u00e9ficier de nouvelles chutes de neige. Selon M\u00e9t\u00e9o France, des pr\u00e9cipitations sont attendues d\u00e8s mardi 8 avril \u00e0 Isola 2000, avec une forte probabilit\u00e9 (indice de confiance 4\/5). D&#8217;autres stations comme Orci\u00e8res, Risoul ou Sauze Supersauze pourraient \u00e9galement voir tomber quelques centim\u00e8tres dans la nuit de mardi \u00e0 mercredi, puis tout au long de la journ\u00e9e du 9 avril. Une belle opportunit\u00e9 pour ces domaines de rafra\u00eechir leur manteau neigeux et d\u2019attirer les skieurs de derni\u00e8re minute. Apr\u00e8s ces quelques jours de froid, un redoux est attendu \u00e0 partir du jeudi 10 avril, avec un nouveau week-end doux et ensoleill\u00e9 \u00e0 l\u2019horizon. Un dernier rebond hivernal qui pourrait bien prolonger la magie de l\u2019hiver encore un peu.<\/p>\n","protected":false},"excerpt":{"rendered":"<p>Alors que le printemps s\u2019installe lentement en plaine, les montagnes reprennent des couleurs hivernales. D\u00e8s ce dimanche 6 avril, une [&hellip;]<\/p>\n","protected":false},"author":4,"featured_media":21124,"comment_status":"open","ping_status":"closed","sticky":false,"template":"","format":"standard","meta":{"_acf_changed":false,"_sitemap_exclude":false,"_sitemap_priority":"","_sitemap_frequency":"","footnotes":"","rank_math_title":"","rank_math_description":"","rank_math_canonical_url":"","rank_math_focus_keyword":"froid"},"categories":[3],"tags":[],"class_list":["post-27916","post","type-post","status-publish","format-standard","has-post-thumbnail","hentry","category-voyage"],"acf":[],"_links":{"self":[{"href":"https:\/\/ulysse.com\/news\/wp-json\/wp\/v2\/posts\/27916","targetHints":{"allow":["GET"]}}],"collection":[{"href":"https:\/\/ulysse.com\/news\/wp-json\/wp\/v2\/posts"}],"about":[{"href":"https:\/\/ulysse.com\/news\/wp-json\/wp\/v2\/types\/post"}],"author":[{"embeddable":true,"href":"https:\/\/ulysse.com\/news\/wp-json\/wp\/v2\/users\/4"}],"replies":[{"embeddable":true,"href":"https:\/\/ulysse.com\/news\/wp-json\/wp\/v2\/comments?post=27916"}],"version-history":[{"count":1,"href":"https:\/\/ulysse.com\/news\/wp-json\/wp\/v2\/posts\/27916\/revisions"}],"predecessor-version":[{"id":27917,"href":"https:\/\/ulysse.com\/news\/wp-json\/wp\/v2\/posts\/27916\/revisions\/27917"}],"wp:featuredmedia":[{"embeddable":true,"href":"https:\/\/ulysse.com\/news\/wp-json\/wp\/v2\/media\/21124"}],"wp:attachment":[{"href":"https:\/\/ulysse.com\/news\/wp-json\/wp\/v2\/media?parent=27916"}],"wp:term":[{"taxonomy":"category","embeddable":true,"href":"https:\/\/ulysse.com\/news\/wp-json\/wp\/v2\/categories?post=27916"},{"taxonomy":"post_tag","embeddable":true,"href":"https:\/\/ulysse.com\/news\/wp-json\/wp\/v2\/tags?post=27916"}],"curies":[{"name":"wp","href":"https:\/\/api.w.org\/{rel}","templated":true}]}}