{"id":27954,"date":"2025-04-07T08:00:42","date_gmt":"2025-04-07T07:00:42","guid":{"rendered":"https:\/\/discover.ulysse.com\/?p=27954"},"modified":"2025-04-06T13:11:24","modified_gmt":"2025-04-06T12:11:24","slug":"village-medieval-frontiere-espagnole","status":"publish","type":"post","link":"https:\/\/ulysse.com\/news\/village-medieval-frontiere-espagnole","title":{"rendered":"Envie de d\u00e9couvrir un village m\u00e9di\u00e9val encore authentique ? Franchissez la fronti\u00e8re esapgnole"},"content":{"rendered":"<p class=\"\" data-start=\"100\" data-end=\"688\">Au d\u00e9tour d\u2019une route, loin des grandes m\u00e9tropoles et des itin\u00e9raires touristiques classiques, un village m\u00e9di\u00e9val d\u2019une beaut\u00e9 pr\u00e9serv\u00e9e attend ceux qui veulent s\u2019aventurer dans une \u00e9poque r\u00e9volue. <strong data-start=\"299\" data-end=\"311\">Betanzos<\/strong>, petit tr\u00e9sor nich\u00e9 en Galice, en Espagne, semble fig\u00e9 dans le temps. Une destination qui vous plonge dans l\u2019histoire m\u00e9di\u00e9vale, au c\u0153ur d\u2019une ville o\u00f9 chaque ruelle, chaque monument raconte un pass\u00e9 glorieux. Betanzos est bien plus qu&#8217;un simple village : c\u2019est un v\u00e9ritable voyage dans l\u2019histoire, une invitation \u00e0 red\u00e9couvrir un monde o\u00f9 le Moyen \u00c2ge est encore bien vivant.<\/p>\n<h2 data-start=\"690\" data-end=\"737\">Une ville o\u00f9 l\u2019histoire m\u00e9di\u00e9vale prend vie<\/h2>\n<p class=\"\" data-start=\"739\" data-end=\"1411\">Lorsqu\u2019on arpente les rues de Betanzos, on a l\u2019impression que le temps s\u2019est suspendu. Fond\u00e9e il y a plus de mille ans, cette ville a \u00e9t\u00e9 l\u2019un des sept lieux royaux du royaume de <a href=\"https:\/\/discover.ulysse.com\/galice-lieux-uniques-visiter\">Galice<\/a>, un centre strat\u00e9gique et commercial de premier plan au Moyen \u00c2ge. Si l\u2019histoire vous fascine, vous trouverez \u00e0 Betanzos de quoi satisfaire votre curiosit\u00e9, \u00e0 commencer par son imposante <strong data-start=\"1112\" data-end=\"1145\">\u00e9glise Santa Mar\u00eda del Azogue<\/strong>. Cet \u00e9difice gothique est l\u2019un des plus remarquables de la ville, avec ses portails finement sculpt\u00e9s et son atmosph\u00e8re solennelle. L\u2019\u00e9glise t\u00e9moigne de la grandeur religieuse de Betanzos \u00e0 une \u00e9poque o\u00f9 la foi occupait une place centrale dans la vie des habitants.<\/p>\n<p class=\"\" data-start=\"1413\" data-end=\"1930\">En vous promenant dans le centre historique, vous serez immerg\u00e9 dans un d\u00e9cor o\u00f9 chaque ruelle pav\u00e9e et chaque fa\u00e7ade color\u00e9e semblent avoir travers\u00e9 les si\u00e8cles sans perdre de leur authenticit\u00e9. Les b\u00e2timents en pierre et les petites places tranquilles r\u00e9v\u00e8lent un pass\u00e9 o\u00f9 la ville \u00e9tait un carrefour de cultures et de pouvoir, fr\u00e9quent\u00e9 par des marchands, des chevaliers et des nobles. Betanzos a su pr\u00e9server cette <a href=\"https:\/\/discover.ulysse.com\/ce-village-medieval-qui-fait-la-fierte-de-lauvergne-est-a-visiter-ce-printemps\">atmosph\u00e8re m\u00e9di\u00e9vale<\/a>, tout en restant un lieu de vie anim\u00e9 par ses habitants et sa culture locale.<\/p>\n<p class=\"\" data-start=\"1932\" data-end=\"2628\">Un autre t\u00e9moignage de la richesse m\u00e9di\u00e9vale de Betanzos est son <strong data-start=\"1997\" data-end=\"2008\">ch\u00e2teau<\/strong>, aujourd\u2019hui en ruines, mais qui offre un aper\u00e7u fascinant de la forteresse qui prot\u00e9geait la ville au XIVe si\u00e8cle. Perch\u00e9 sur une colline, il surplombe le village et offre une vue spectaculaire sur les montagnes environnantes. M\u00eame en ruines, le ch\u00e2teau conserve une majest\u00e9 certaine, et une visite sur ses vestiges permet d\u2019imaginer les \u00e9v\u00e9nements historiques qui s\u2019y sont d\u00e9roul\u00e9s. Les pierres du ch\u00e2teau semblent chuchoter des histoires de batailles, de chevaliers et de d\u00e9fense d\u2019un territoire strat\u00e9gique, et c\u2019est dans cet \u00e9crin naturel que Betanzos prend tout son sens : un lieu charg\u00e9 de m\u00e9moire et de myst\u00e8re.<\/p>\n<blockquote class=\"instagram-media\" style=\"background: #FFF; border: 0; border-radius: 3px; box-shadow: 0 0 1px 0 rgba(0,0,0,0.5),0 1px 10px 0 rgba(0,0,0,0.15); margin: 1px; max-width: 540px; min-width: 326px; padding: 0; width: calc(100% - 2px);\" data-instgrm-captioned=\"\" data-instgrm-permalink=\"https:\/\/www.instagram.com\/p\/CyrHk1ztuDm\/?utm_source=ig_embed&amp;utm_campaign=loading\" data-instgrm-version=\"14\">\n<div style=\"padding: 16px;\">\n<p>&nbsp;<\/p>\n<div style=\"display: flex; flex-direction: row; align-items: center;\">\n<div style=\"background-color: #f4f4f4; border-radius: 50%; flex-grow: 0; height: 40px; margin-right: 14px; width: 40px;\"><\/div>\n<div style=\"display: flex; flex-direction: column; flex-grow: 1; justify-content: center;\">\n<div style=\"background-color: #f4f4f4; border-radius: 4px; flex-grow: 0; height: 14px; margin-bottom: 6px; width: 100px;\"><\/div>\n<div style=\"background-color: #f4f4f4; border-radius: 4px; flex-grow: 0; height: 14px; width: 60px;\"><\/div>\n<\/div>\n<\/div>\n<div style=\"padding: 19% 0;\"><\/div>\n<div style=\"display: block; height: 50px; margin: 0 auto 12px; width: 50px;\"><\/div>\n<div style=\"padding-top: 8px;\">\n<div style=\"color: #3897f0; font-family: Arial,sans-serif; font-size: 14px; font-style: normal; font-weight: 550; line-height: 18px;\">Voir cette publication sur Instagram<\/div>\n<\/div>\n<div style=\"padding: 12.5% 0;\"><\/div>\n<div style=\"display: flex; flex-direction: row; margin-bottom: 14px; align-items: center;\">\n<div>\n<div style=\"background-color: #f4f4f4; border-radius: 50%; height: 12.5px; width: 12.5px; transform: translateX(0px) translateY(7px);\"><\/div>\n<div style=\"background-color: #f4f4f4; height: 12.5px; transform: rotate(-45deg) translateX(3px) translateY(1px); width: 12.5px; flex-grow: 0; margin-right: 14px; margin-left: 2px;\"><\/div>\n<div style=\"background-color: #f4f4f4; border-radius: 50%; height: 12.5px; width: 12.5px; transform: translateX(9px) translateY(-18px);\"><\/div>\n<\/div>\n<div style=\"margin-left: 8px;\">\n<div style=\"background-color: #f4f4f4; border-radius: 50%; flex-grow: 0; height: 20px; width: 20px;\"><\/div>\n<div style=\"width: 0; height: 0; border-top: 2px solid transparent; border-left: 6px solid #f4f4f4; border-bottom: 2px solid transparent; transform: translateX(16px) translateY(-4px) rotate(30deg);\"><\/div>\n<\/div>\n<div style=\"margin-left: auto;\">\n<div style=\"width: 0px; border-top: 8px solid #F4F4F4; border-right: 8px solid transparent; transform: translateY(16px);\"><\/div>\n<div style=\"background-color: #f4f4f4; flex-grow: 0; height: 12px; width: 16px; transform: translateY(-4px);\"><\/div>\n<div style=\"width: 0; height: 0; border-top: 8px solid #F4F4F4; border-left: 8px solid transparent; transform: translateY(-4px) translateX(8px);\"><\/div>\n<\/div>\n<\/div>\n<div style=\"display: flex; flex-direction: column; flex-grow: 1; justify-content: center; margin-bottom: 24px;\">\n<div style=\"background-color: #f4f4f4; border-radius: 4px; flex-grow: 0; height: 14px; margin-bottom: 6px; width: 224px;\"><\/div>\n<div style=\"background-color: #f4f4f4; border-radius: 4px; flex-grow: 0; height: 14px; width: 144px;\"><\/div>\n<\/div>\n<p>&nbsp;<\/p>\n<p style=\"color: #c9c8cd; font-family: Arial,sans-serif; font-size: 14px; line-height: 17px; margin-bottom: 0; margin-top: 8px; overflow: hidden; padding: 8px 0 7px; text-align: center; text-overflow: ellipsis; white-space: nowrap;\"><a style=\"color: #c9c8cd; font-family: Arial,sans-serif; font-size: 14px; font-style: normal; font-weight: normal; line-height: 17px; text-decoration: none;\" href=\"https:\/\/www.instagram.com\/p\/CyrHk1ztuDm\/?utm_source=ig_embed&amp;utm_campaign=loading\" target=\"_blank\" rel=\"noopener\">Une publication partag\u00e9e par Leopoldo Emperador Altzola (@leopoldo_emperador)<\/a><\/p>\n<\/div>\n<\/blockquote>\n<p><script async src=\"\/\/www.instagram.com\/embed.js\"><\/script><\/p>\n<h2 data-start=\"2630\" data-end=\"2686\">Une immersion totale dans un cadre m\u00e9di\u00e9val pr\u00e9serv\u00e9<\/h2>\n<p class=\"\" data-start=\"2688\" data-end=\"3342\">Le v\u00e9ritable charme de Betanzos r\u00e9side dans sa capacit\u00e9 \u00e0 transporter les visiteurs dans un pass\u00e9 lointain tout en conservant une atmosph\u00e8re contemporaine et vivante. L\u2019un des endroits les plus embl\u00e9matiques de la ville est la <strong data-start=\"2915\" data-end=\"2940\">Plaza de las Galer\u00edas<\/strong>, une place m\u00e9di\u00e9vale bord\u00e9e d\u2019arcades pittoresques qui offrent une exp\u00e9rience unique. En fl\u00e2nant sous ces galeries couvertes, vous ressentirez l\u2019\u00e2me du Moyen \u00c2ge, quand les marchands se retrouvaient ici pour vendre leurs biens et \u00e9changer des nouvelles. La place, calme et paisible, est aujourd\u2019hui le c\u0153ur de la ville, entour\u00e9e de caf\u00e9s et de restaurants o\u00f9 l\u2019on peut go\u00fbter aux sp\u00e9cialit\u00e9s locales.<\/p>\n<p class=\"\" data-start=\"3344\" data-end=\"3854\">Ces galeries ne sont pas seulement un h\u00e9ritage architectural, elles sont le t\u00e9moin de la mani\u00e8re dont Betanzos a \u00e9volu\u00e9 tout en restant fid\u00e8le \u00e0 ses racines m\u00e9di\u00e9vales. C\u2019est aussi un lieu o\u00f9 les habitants de la ville continuent \u00e0 vivre au rythme des saisons, en cultivant une tradition de bien-\u00eatre et de convivialit\u00e9. La ville, bien que pr\u00e9serv\u00e9e, n\u2019est pas fig\u00e9e dans le temps : elle reste dynamique, avec une population chaleureuse qui n\u2019h\u00e9site pas \u00e0 partager son amour pour son histoire et ses traditions.<\/p>\n<p class=\"\" data-start=\"3856\" data-end=\"4247\">En parcourant la ville, vous d\u00e9couvrirez aussi d\u2019autres petits d\u00e9tails qui font de Betanzos un lieu unique : des fontaines m\u00e9di\u00e9vales encore en fonction, des portes et fen\u00eatres datant de plusieurs si\u00e8cles, et une architecture qui respire le pass\u00e9 tout en accueillant la modernit\u00e9. Ici, le Moyen \u00c2ge et le quotidien se rencontrent, et chaque coin de rue semble offrir une nouvelle d\u00e9couverte.<\/p>\n<blockquote class=\"instagram-media\" style=\"background: #FFF; border: 0; border-radius: 3px; box-shadow: 0 0 1px 0 rgba(0,0,0,0.5),0 1px 10px 0 rgba(0,0,0,0.15); margin: 1px; max-width: 540px; min-width: 326px; padding: 0; width: calc(100% - 2px);\" data-instgrm-captioned=\"\" data-instgrm-permalink=\"https:\/\/www.instagram.com\/p\/CyrGs1zNEtl\/?utm_source=ig_embed&amp;utm_campaign=loading\" data-instgrm-version=\"14\">\n<div style=\"padding: 16px;\">\n<p>&nbsp;<\/p>\n<div style=\"display: flex; flex-direction: row; align-items: center;\">\n<div style=\"background-color: #f4f4f4; border-radius: 50%; flex-grow: 0; height: 40px; margin-right: 14px; width: 40px;\"><\/div>\n<div style=\"display: flex; flex-direction: column; flex-grow: 1; justify-content: center;\">\n<div style=\"background-color: #f4f4f4; border-radius: 4px; flex-grow: 0; height: 14px; margin-bottom: 6px; width: 100px;\"><\/div>\n<div style=\"background-color: #f4f4f4; border-radius: 4px; flex-grow: 0; height: 14px; width: 60px;\"><\/div>\n<\/div>\n<\/div>\n<div style=\"padding: 19% 0;\"><\/div>\n<div style=\"display: block; height: 50px; margin: 0 auto 12px; width: 50px;\"><\/div>\n<div style=\"padding-top: 8px;\">\n<div style=\"color: #3897f0; font-family: Arial,sans-serif; font-size: 14px; font-style: normal; font-weight: 550; line-height: 18px;\">Voir cette publication sur Instagram<\/div>\n<\/div>\n<div style=\"padding: 12.5% 0;\"><\/div>\n<div style=\"display: flex; flex-direction: row; margin-bottom: 14px; align-items: center;\">\n<div>\n<div style=\"background-color: #f4f4f4; border-radius: 50%; height: 12.5px; width: 12.5px; transform: translateX(0px) translateY(7px);\"><\/div>\n<div style=\"background-color: #f4f4f4; height: 12.5px; transform: rotate(-45deg) translateX(3px) translateY(1px); width: 12.5px; flex-grow: 0; margin-right: 14px; margin-left: 2px;\"><\/div>\n<div style=\"background-color: #f4f4f4; border-radius: 50%; height: 12.5px; width: 12.5px; transform: translateX(9px) translateY(-18px);\"><\/div>\n<\/div>\n<div style=\"margin-left: 8px;\">\n<div style=\"background-color: #f4f4f4; border-radius: 50%; flex-grow: 0; height: 20px; width: 20px;\"><\/div>\n<div style=\"width: 0; height: 0; border-top: 2px solid transparent; border-left: 6px solid #f4f4f4; border-bottom: 2px solid transparent; transform: translateX(16px) translateY(-4px) rotate(30deg);\"><\/div>\n<\/div>\n<div style=\"margin-left: auto;\">\n<div style=\"width: 0px; border-top: 8px solid #F4F4F4; border-right: 8px solid transparent; transform: translateY(16px);\"><\/div>\n<div style=\"background-color: #f4f4f4; flex-grow: 0; height: 12px; width: 16px; transform: translateY(-4px);\"><\/div>\n<div style=\"width: 0; height: 0; border-top: 8px solid #F4F4F4; border-left: 8px solid transparent; transform: translateY(-4px) translateX(8px);\"><\/div>\n<\/div>\n<\/div>\n<div style=\"display: flex; flex-direction: column; flex-grow: 1; justify-content: center; margin-bottom: 24px;\">\n<div style=\"background-color: #f4f4f4; border-radius: 4px; flex-grow: 0; height: 14px; margin-bottom: 6px; width: 224px;\"><\/div>\n<div style=\"background-color: #f4f4f4; border-radius: 4px; flex-grow: 0; height: 14px; width: 144px;\"><\/div>\n<\/div>\n<p>&nbsp;<\/p>\n<p style=\"color: #c9c8cd; font-family: Arial,sans-serif; font-size: 14px; line-height: 17px; margin-bottom: 0; margin-top: 8px; overflow: hidden; padding: 8px 0 7px; text-align: center; text-overflow: ellipsis; white-space: nowrap;\"><a style=\"color: #c9c8cd; font-family: Arial,sans-serif; font-size: 14px; font-style: normal; font-weight: normal; line-height: 17px; text-decoration: none;\" href=\"https:\/\/www.instagram.com\/p\/CyrGs1zNEtl\/?utm_source=ig_embed&amp;utm_campaign=loading\" target=\"_blank\" rel=\"noopener\">Une publication partag\u00e9e par Leopoldo Emperador Altzola (@leopoldo_emperador)<\/a><\/p>\n<\/div>\n<\/blockquote>\n<p><script async src=\"\/\/www.instagram.com\/embed.js\"><\/script><\/p>\n<h2 data-start=\"4249\" data-end=\"4321\">Betanzos et ses paysages : un \u00e9crin naturel pour un village m\u00e9di\u00e9val<\/h2>\n<p class=\"\" data-start=\"4323\" data-end=\"4932\">Si l\u2019histoire de Betanzos est fascinante, ses paysages ne sont pas en reste. En plus de son patrimoine historique, la ville b\u00e9n\u00e9ficie d\u2019un cadre naturel exceptionnel. Les <strong data-start=\"4494\" data-end=\"4518\">collines verdoyantes<\/strong> qui entourent Betanzos, avec leurs for\u00eats denses et leurs montagnes, offrent des panoramas spectaculaires sur le village et ses environs. Le <strong data-start=\"4660\" data-end=\"4677\">fleuve Mandeo<\/strong>, qui serpente \u00e0 travers la ville, est l\u2019un des atouts majeurs de la r\u00e9gion. Ses eaux claires apportent une tranquillit\u00e9 sans \u00e9gale et forment un cadre idyllique pour se promener, faire du v\u00e9lo ou tout simplement se d\u00e9tendre en \u00e9coutant le bruit de l\u2019eau.<\/p>\n<p class=\"\" data-start=\"4934\" data-end=\"5349\">Betanzos est un endroit o\u00f9 la nature et l\u2019histoire se rencontrent harmonieusement. Les<a href=\"https:\/\/discover.ulysse.com\/randonnee-nice-itineraire-mer-turquoise\"> sentiers de randonn\u00e9e<\/a> autour de la ville vous permettent d\u2019explorer cette r\u00e9gion intacte et pr\u00e9serv\u00e9e, avec des vues magnifiques sur les vall\u00e9es et les montagnes galiciennes. Ce m\u00e9lange de patrimoine historique et de beaut\u00e9 naturelle fait de Betanzos une destination id\u00e9ale pour les voyageurs en qu\u00eate de calme et de d\u00e9couverte.<\/p>\n<p class=\"\" data-start=\"5351\" data-end=\"5618\">En \u00e9t\u00e9, le climat doux de la Galice rend cette r\u00e9gion particuli\u00e8rement agr\u00e9able pour les activit\u00e9s de plein air. Les paysages verdoyants et les panoramas impressionnants se r\u00e9v\u00e8lent sous un ciel bleu \u00e9clatant, offrant une exp\u00e9rience de voyage unique et enrichissante.<\/p>\n<blockquote class=\"instagram-media\" style=\"background: #FFF; border: 0; border-radius: 3px; box-shadow: 0 0 1px 0 rgba(0,0,0,0.5),0 1px 10px 0 rgba(0,0,0,0.15); margin: 1px; max-width: 540px; min-width: 326px; padding: 0; width: calc(100% - 2px);\" data-instgrm-captioned=\"\" data-instgrm-permalink=\"https:\/\/www.instagram.com\/p\/CyrHvakNWJG\/?utm_source=ig_embed&amp;utm_campaign=loading\" data-instgrm-version=\"14\">\n<div style=\"padding: 16px;\">\n<p>&nbsp;<\/p>\n<div style=\"display: flex; flex-direction: row; align-items: center;\">\n<div style=\"background-color: #f4f4f4; border-radius: 50%; flex-grow: 0; height: 40px; margin-right: 14px; width: 40px;\"><\/div>\n<div style=\"display: flex; flex-direction: column; flex-grow: 1; justify-content: center;\">\n<div style=\"background-color: #f4f4f4; border-radius: 4px; flex-grow: 0; height: 14px; margin-bottom: 6px; width: 100px;\"><\/div>\n<div style=\"background-color: #f4f4f4; border-radius: 4px; flex-grow: 0; height: 14px; width: 60px;\"><\/div>\n<\/div>\n<\/div>\n<div style=\"padding: 19% 0;\"><\/div>\n<div style=\"display: block; height: 50px; margin: 0 auto 12px; width: 50px;\"><\/div>\n<div style=\"padding-top: 8px;\">\n<div style=\"color: #3897f0; font-family: Arial,sans-serif; font-size: 14px; font-style: normal; font-weight: 550; line-height: 18px;\">Voir cette publication sur Instagram<\/div>\n<\/div>\n<div style=\"padding: 12.5% 0;\"><\/div>\n<div style=\"display: flex; flex-direction: row; margin-bottom: 14px; align-items: center;\">\n<div>\n<div style=\"background-color: #f4f4f4; border-radius: 50%; height: 12.5px; width: 12.5px; transform: translateX(0px) translateY(7px);\"><\/div>\n<div style=\"background-color: #f4f4f4; height: 12.5px; transform: rotate(-45deg) translateX(3px) translateY(1px); width: 12.5px; flex-grow: 0; margin-right: 14px; margin-left: 2px;\"><\/div>\n<div style=\"background-color: #f4f4f4; border-radius: 50%; height: 12.5px; width: 12.5px; transform: translateX(9px) translateY(-18px);\"><\/div>\n<\/div>\n<div style=\"margin-left: 8px;\">\n<div style=\"background-color: #f4f4f4; border-radius: 50%; flex-grow: 0; height: 20px; width: 20px;\"><\/div>\n<div style=\"width: 0; height: 0; border-top: 2px solid transparent; border-left: 6px solid #f4f4f4; border-bottom: 2px solid transparent; transform: translateX(16px) translateY(-4px) rotate(30deg);\"><\/div>\n<\/div>\n<div style=\"margin-left: auto;\">\n<div style=\"width: 0px; border-top: 8px solid #F4F4F4; border-right: 8px solid transparent; transform: translateY(16px);\"><\/div>\n<div style=\"background-color: #f4f4f4; flex-grow: 0; height: 12px; width: 16px; transform: translateY(-4px);\"><\/div>\n<div style=\"width: 0; height: 0; border-top: 8px solid #F4F4F4; border-left: 8px solid transparent; transform: translateY(-4px) translateX(8px);\"><\/div>\n<\/div>\n<\/div>\n<div style=\"display: flex; flex-direction: column; flex-grow: 1; justify-content: center; margin-bottom: 24px;\">\n<div style=\"background-color: #f4f4f4; border-radius: 4px; flex-grow: 0; height: 14px; margin-bottom: 6px; width: 224px;\"><\/div>\n<div style=\"background-color: #f4f4f4; border-radius: 4px; flex-grow: 0; height: 14px; width: 144px;\"><\/div>\n<\/div>\n<p>&nbsp;<\/p>\n<p style=\"color: #c9c8cd; font-family: Arial,sans-serif; font-size: 14px; line-height: 17px; margin-bottom: 0; margin-top: 8px; overflow: hidden; padding: 8px 0 7px; text-align: center; text-overflow: ellipsis; white-space: nowrap;\"><a style=\"color: #c9c8cd; font-family: Arial,sans-serif; font-size: 14px; font-style: normal; font-weight: normal; line-height: 17px; text-decoration: none;\" href=\"https:\/\/www.instagram.com\/p\/CyrHvakNWJG\/?utm_source=ig_embed&amp;utm_campaign=loading\" target=\"_blank\" rel=\"noopener\">Une publication partag\u00e9e par Leopoldo Emperador Altzola (@leopoldo_emperador)<\/a><\/p>\n<\/div>\n<\/blockquote>\n<p><script async src=\"\/\/www.instagram.com\/embed.js\"><\/script><\/p>\n<p class=\"\" data-start=\"6698\" data-end=\"6921\">C\u2019est un lieu o\u00f9 le pass\u00e9 est encore vivant, o\u00f9 l\u2019histoire se m\u00eale \u00e0 la vie quotidienne, cr\u00e9ant une atmosph\u00e8re \u00e0 la fois magique et intemporelle. Betanzos, c\u2019est un voyage dans le temps que vous ne serez pas pr\u00e8s d\u2019oublier.<\/p>\n","protected":false},"excerpt":{"rendered":"<p>Au d\u00e9tour d\u2019une route, loin des grandes m\u00e9tropoles et des itin\u00e9raires touristiques classiques, un village m\u00e9di\u00e9val d\u2019une beaut\u00e9 pr\u00e9serv\u00e9e attend [&hellip;]<\/p>\n","protected":false},"author":4,"featured_media":27955,"comment_status":"open","ping_status":"closed","sticky":false,"template":"","format":"standard","meta":{"_acf_changed":false,"_sitemap_exclude":false,"_sitemap_priority":"","_sitemap_frequency":"","footnotes":"","rank_math_title":"","rank_math_description":"Un village m\u00e9di\u00e9val en plein c\u0153ur de la Galice, Betanzos vous invite \u00e0 voyager dans l\u2019histoire et la beaut\u00e9.","rank_math_canonical_url":"","rank_math_focus_keyword":"village m\u00e9di\u00e9val"},"categories":[3],"tags":[],"class_list":["post-27954","post","type-post","status-publish","format-standard","has-post-thumbnail","hentry","category-voyage"],"acf":[],"_links":{"self":[{"href":"https:\/\/ulysse.com\/news\/wp-json\/wp\/v2\/posts\/27954","targetHints":{"allow":["GET"]}}],"collection":[{"href":"https:\/\/ulysse.com\/news\/wp-json\/wp\/v2\/posts"}],"about":[{"href":"https:\/\/ulysse.com\/news\/wp-json\/wp\/v2\/types\/post"}],"author":[{"embeddable":true,"href":"https:\/\/ulysse.com\/news\/wp-json\/wp\/v2\/users\/4"}],"replies":[{"embeddable":true,"href":"https:\/\/ulysse.com\/news\/wp-json\/wp\/v2\/comments?post=27954"}],"version-history":[{"count":2,"href":"https:\/\/ulysse.com\/news\/wp-json\/wp\/v2\/posts\/27954\/revisions"}],"predecessor-version":[{"id":27957,"href":"https:\/\/ulysse.com\/news\/wp-json\/wp\/v2\/posts\/27954\/revisions\/27957"}],"wp:featuredmedia":[{"embeddable":true,"href":"https:\/\/ulysse.com\/news\/wp-json\/wp\/v2\/media\/27955"}],"wp:attachment":[{"href":"https:\/\/ulysse.com\/news\/wp-json\/wp\/v2\/media?parent=27954"}],"wp:term":[{"taxonomy":"category","embeddable":true,"href":"https:\/\/ulysse.com\/news\/wp-json\/wp\/v2\/categories?post=27954"},{"taxonomy":"post_tag","embeddable":true,"href":"https:\/\/ulysse.com\/news\/wp-json\/wp\/v2\/tags?post=27954"}],"curies":[{"name":"wp","href":"https:\/\/api.w.org\/{rel}","templated":true}]}}