{"id":28021,"date":"2025-04-07T16:00:49","date_gmt":"2025-04-07T15:00:49","guid":{"rendered":"https:\/\/discover.ulysse.com\/?p=28021"},"modified":"2025-04-07T11:29:32","modified_gmt":"2025-04-07T10:29:32","slug":"lisbonne-capitale-portugaise-tourisme","status":"publish","type":"post","link":"https:\/\/ulysse.com\/news\/lisbonne-capitale-portugaise-tourisme","title":{"rendered":"Lisbonne : la capitale portugaise condamn\u00e9e \u00e0 dispara\u00eetre sous le poids du tourisme ?"},"content":{"rendered":"<p class=\"\" data-start=\"92\" data-end=\"525\">Lisbonne, autrefois un mod\u00e8le de destination touristique incontournable, se trouve aujourd&#8217;hui confront\u00e9e \u00e0 une crise silencieuse mais profonde. Class\u00e9e parmi les destinations \u00e0 \u00e9viter par le guide Fodor\u2019s en 2025, la ville n\u2019\u00e9chappe plus aux effets n\u00e9fastes du tourisme de masse. Cette inscription dans la No List des villes menac\u00e9es par un tourisme incontr\u00f4l\u00e9 lance une alerte : la capitale portugaise risque de perdre son \u00e2me.<\/p>\n<h2 class=\"\" data-start=\"527\" data-end=\"587\">Lisbonne, une ville en train de se vider de ses habitants<\/h2>\n<p class=\"\" data-start=\"589\" data-end=\"1296\">Depuis 2013, pr\u00e8s de <strong>30 % des Lisbo\u00e8tes ont d\u00e9sert\u00e9 le centre-ville<\/strong>. La raison ? Une augmentation vertigineuse des loyers et l\u2019invasion des locations de courte dur\u00e9e destin\u00e9es aux touristes. Aujourd\u2019hui, plus de 60 % des logements du centre historique sont d\u00e9di\u00e9s \u00e0 l\u2019accueil des visiteurs. Cette gentrification a entra\u00een\u00e9 la disparition des commerces de proximit\u00e9 et la transformation de quartiers embl\u00e9matiques comme Alfama ou Bairro Alto en zones touristiques sans vie, surtout la journ\u00e9e. Ces changements ne sont pas seulement visibles dans l\u2019urbanisme, mais aussi dans le quotidien des habitants, qui subissent de plein fouet les nuisances li\u00e9es \u00e0 l\u2019afflux massif de touristes.<\/p>\n<p class=\"\" data-start=\"1298\" data-end=\"1641\"><a href=\"https:\/\/discover.ulysse.com\/lisbonne-archipel-ecologique-20c\">Lisbonne<\/a> est d\u00e9sormais l\u2019une des <a href=\"https:\/\/discover.ulysse.com\/une-des-destinations-moins-cheres-europe\">villes les plus ch\u00e8res d\u2019Europe<\/a> pour ses r\u00e9sidents. Le prix des loyers a consid\u00e9rablement grimp\u00e9, ce qui rend la vie impossible pour une grande partie de la population locale. Les familles, jeunes actifs et retrait\u00e9s se retrouvent chass\u00e9s du centre, cr\u00e9ant une fracture sociale de plus en plus visible.<\/p>\n<h2 class=\"\" data-start=\"1643\" data-end=\"1724\">L\u2019effritement du quotidien lisbo\u00e8te<\/h2>\n<p class=\"\" data-start=\"1726\" data-end=\"2331\">Si Lisbonne est aujourd\u2019hui l\u2019une des <a href=\"https:\/\/discover.ulysse.com\/villes-culturelles-tout-le-monde-oublie-a-tort\">villes europ\u00e9ennes les plus touristiques<\/a>, cet afflux de visiteurs a profond\u00e9ment perturb\u00e9 la vie quotidienne des Lisbo\u00e8tes. En 2024, la capitale portugaise a enregistr\u00e9 une augmentation record de touristes \u00e9trangers. Ce ph\u00e9nom\u00e8ne a entra\u00een\u00e9 des rues bond\u00e9es, des transports satur\u00e9s et des attentes interminables devant les principaux sites touristiques. Un quotidien devenu de plus en plus insupportable pour ceux qui vivent et travaillent dans la ville. \u00c0 tel point que certains r\u00e9sidents pr\u00e9f\u00e8rent d\u00e9sormais \u00e9viter leur propre centre-ville.<\/p>\n<p class=\"\" data-start=\"2333\" data-end=\"3010\">Les tensions entre r\u00e9sidents et touristes sont de plus en plus palpables. Bien que des manifestations contre la touristification de la ville restent rares, les plaintes concernant le bruit, la disparition des commerces locaux et l\u2019aspect de plus en plus \u201cparc \u00e0 th\u00e8me\u201d de certains quartiers sont en forte hausse. Ce ph\u00e9nom\u00e8ne, bien qu\u2019il rappelle ce qui se passe dans d\u2019autres grandes villes comme Barcelone ou Venise, touche d\u00e9sormais le c\u0153ur m\u00eame de Lisbonne. Les quartiers historiques, qui faisaient autrefois la fiert\u00e9 de la ville, sont devenus de simples attractions d\u00e9nu\u00e9es de leur authenticit\u00e9, r\u00e9duisant peu \u00e0 peu Lisbonne \u00e0 une ville d\u00e9natur\u00e9e.<\/p>\n<h2 class=\"\" data-start=\"3012\" data-end=\"3071\">Peut-on encore sauver Lisbonne ?<\/h2>\n<p class=\"\" data-start=\"3073\" data-end=\"3518\">Le classement de Lisbonne parmi les <a href=\"https:\/\/discover.ulysse.com\/destination-eviter-absolument-ete-2025\">villes \u00e0 \u00e9viter en 2025<\/a> n\u2019est pas qu\u2019un simple coup de semonce. Il s\u2019agit d\u2019un appel \u00e0 une prise de conscience urgente sur les cons\u00e9quences du tourisme de masse. La capitale portugaise doit absolument repenser son mod\u00e8le touristique. Le tourisme durable n\u2019est plus une option, mais une n\u00e9cessit\u00e9. Comment accueillir sans d\u00e9truire ? Comment pr\u00e9server l&#8217;\u00e2me de la ville sans exclure les touristes ?<\/p>\n<p class=\"\" data-start=\"3520\" data-end=\"3934\">Certaines solutions commencent \u00e0 \u00e9merger : plafonnement des locations de courte dur\u00e9e, promotion du tourisme hors saison, ou encore d\u00e9veloppement d\u2019offres culturelles moins centr\u00e9es sur les zones satur\u00e9es. Mais ces mesures, bien qu\u2019int\u00e9ressantes, n\u00e9cessitent une volont\u00e9 politique forte, sans laquelle Lisbonne pourrait bien finir par ressembler \u00e0 une simple carte postale d\u00e9nu\u00e9e de vie locale.<\/p>\n","protected":false},"excerpt":{"rendered":"<p>Lisbonne, autrefois un mod\u00e8le de destination touristique incontournable, se trouve aujourd&#8217;hui confront\u00e9e \u00e0 une crise silencieuse mais profonde. Class\u00e9e parmi [&hellip;]<\/p>\n","protected":false},"author":4,"featured_media":28022,"comment_status":"open","ping_status":"closed","sticky":false,"template":"","format":"standard","meta":{"_acf_changed":false,"_sitemap_exclude":false,"_sitemap_priority":"","_sitemap_frequency":"","footnotes":"","rank_math_title":"","rank_math_description":"","rank_math_canonical_url":"","rank_math_focus_keyword":"lisbonne"},"categories":[3],"tags":[],"class_list":["post-28021","post","type-post","status-publish","format-standard","has-post-thumbnail","hentry","category-voyage"],"acf":[],"_links":{"self":[{"href":"https:\/\/ulysse.com\/news\/wp-json\/wp\/v2\/posts\/28021","targetHints":{"allow":["GET"]}}],"collection":[{"href":"https:\/\/ulysse.com\/news\/wp-json\/wp\/v2\/posts"}],"about":[{"href":"https:\/\/ulysse.com\/news\/wp-json\/wp\/v2\/types\/post"}],"author":[{"embeddable":true,"href":"https:\/\/ulysse.com\/news\/wp-json\/wp\/v2\/users\/4"}],"replies":[{"embeddable":true,"href":"https:\/\/ulysse.com\/news\/wp-json\/wp\/v2\/comments?post=28021"}],"version-history":[{"count":1,"href":"https:\/\/ulysse.com\/news\/wp-json\/wp\/v2\/posts\/28021\/revisions"}],"predecessor-version":[{"id":28023,"href":"https:\/\/ulysse.com\/news\/wp-json\/wp\/v2\/posts\/28021\/revisions\/28023"}],"wp:featuredmedia":[{"embeddable":true,"href":"https:\/\/ulysse.com\/news\/wp-json\/wp\/v2\/media\/28022"}],"wp:attachment":[{"href":"https:\/\/ulysse.com\/news\/wp-json\/wp\/v2\/media?parent=28021"}],"wp:term":[{"taxonomy":"category","embeddable":true,"href":"https:\/\/ulysse.com\/news\/wp-json\/wp\/v2\/categories?post=28021"},{"taxonomy":"post_tag","embeddable":true,"href":"https:\/\/ulysse.com\/news\/wp-json\/wp\/v2\/tags?post=28021"}],"curies":[{"name":"wp","href":"https:\/\/api.w.org\/{rel}","templated":true}]}}