{"id":28071,"date":"2025-04-08T18:00:21","date_gmt":"2025-04-08T17:00:21","guid":{"rendered":"https:\/\/discover.ulysse.com\/?p=28071"},"modified":"2025-04-08T08:28:06","modified_gmt":"2025-04-08T07:28:06","slug":"plus-petite-commune-ile-de-france","status":"publish","type":"post","link":"https:\/\/ulysse.com\/news\/plus-petite-commune-ile-de-france","title":{"rendered":"La plus petite commune d\u2019Ile-de-France est aux portes de Paris et attire les foules"},"content":{"rendered":"<p class=\"\" data-start=\"0\" data-end=\"817\">On se perd parfois dans la gigantesque mosa\u00efque de l\u2019\u00cele-de-France, o\u00f9 des villes aux multiples visages s\u2019enchev\u00eatrent juste aux portes de la capitale. Pourtant, au milieu de ce foisonnement urbain, une commune minuscule et m\u00e9connue a de quoi surprendre les voyageurs en qu\u00eate de nouveaut\u00e9 et de contrastes. Au premier coup d\u2019\u0153il, sa discr\u00e9tion semble indiquer un lieu calme et sans pr\u00e9tention. Mais derri\u00e8re cette apparence se cache un petit monde anim\u00e9, \u00e0 l\u2019atmosph\u00e8re presque villageoise, qui vibre au rythme de Paris toute proche. \u00c0 travers les ruelles ombrag\u00e9es ou les b\u00e2timents historiques, l\u2019exploration de ce coin atypique r\u00e9serve des rencontres inattendues et des aventures urbaines plus exaltantes qu\u2019on ne l\u2019imagine. Le Pr\u00e9-Saint-Gervais fait d\u00e9cid\u00e9ment parler de lui.<\/p>\n<h2 class=\"\" data-start=\"822\" data-end=\"891\">Quand la discr\u00e9tion rencontre l\u2019effervescence<\/h2>\n<p class=\"\" data-start=\"892\" data-end=\"1625\">Le Pr\u00e9-Saint-Gervais est souvent d\u00e9peint comme la plus petite commune d\u2019<a href=\"https:\/\/discover.ulysse.com\/echapper-stress-ile-de-france-meilleures-villes\">\u00cele-de-France<\/a>, un titre qui peut sembler anodin jusqu\u2019\u00e0 ce que l\u2019on r\u00e9alise \u00e0 quel point la densit\u00e9 de vie y est unique. Sur \u00e0 peine 70 hectares, la ville s\u2019\u00e9panouit avec une intensit\u00e9 qui contraste avec sa superficie. D\u2019un c\u00f4t\u00e9, elle conserve cet esprit convivial h\u00e9rit\u00e9 du pass\u00e9, quand ses terres \u00e9taient encore parcourues par des troupeaux et des cultures agricoles. De l\u2019autre, son \u00e9volution contemporaine offre une v\u00e9ritable immersion dans la vie tr\u00e9pidante de la <strong>petite couronne parisienne<\/strong>, o\u00f9 l\u2019on peut facilement croiser \u00e0 la fois des familles qui y vivent depuis plusieurs g\u00e9n\u00e9rations et de nouveaux arrivants s\u00e9duits par sa proximit\u00e9 avec la capitale.<\/p>\n<p class=\"\" data-start=\"1627\" data-end=\"2319\">Cette dualit\u00e9 se ressent dans l\u2019architecture : certaines maisons conservent leur charme d\u2019antan, avec de petites cours fleuries, tandis que des immeubles modernes se dressent fi\u00e8rement, rappelant que Paris n\u2019est jamais bien loin. En fl\u00e2nant dans le centre, on per\u00e7oit ce m\u00e9lange harmonieux de traditions et d\u2019\u00e9nergies urbaines, agr\u00e9ment\u00e9 de caf\u00e9s de quartier, d\u2019\u00e9piceries ind\u00e9pendantes et d\u2019espaces verts plus discrets que dans les grandes m\u00e9tropoles, mais tout aussi appr\u00e9ciables pour une pause d\u00e9tente. Les Gervaisiens, quant \u00e0 eux, n\u2019h\u00e9sitent pas \u00e0 faire la conversation, \u00e0 recommander un petit restaurant local ou \u00e0 indiquer le chemin vers une vue \u00e9tonnante sur la skyline de la capitale.<\/p>\n<p class=\"\" data-start=\"2321\" data-end=\"2855\">Du c\u00f4t\u00e9 du co\u00fbt de la vie, Le Pr\u00e9-Saint-Gervais se positionne dans la moyenne haute de la <a href=\"https:\/\/discover.ulysse.com\/5-villes-plus-dangereuses-france-2025\">Seine-Saint-Denis<\/a>, sans atteindre les extr\u00eames parisiens, mais refl\u00e9tant tout de m\u00eame cette tension immobili\u00e8re typique de l\u2019\u00cele-de-France. Louer un appartement ou acqu\u00e9rir un bien peut repr\u00e9senter un investissement cons\u00e9quent, car l\u2019offre y est naturellement limit\u00e9e. Cependant, la convivialit\u00e9 et la facilit\u00e9 d\u2019acc\u00e8s \u00e0 Paris rendent ce choix de plus en plus populaire pour ceux qui aiment conjuguer ambiance villageoise et dynamisme urbain.<\/p>\n<blockquote class=\"instagram-media\" style=\"background: #FFF; border: 0; border-radius: 3px; box-shadow: 0 0 1px 0 rgba(0,0,0,0.5),0 1px 10px 0 rgba(0,0,0,0.15); margin: 1px; max-width: 540px; min-width: 326px; padding: 0; width: calc(100% - 2px);\" data-instgrm-captioned=\"\" data-instgrm-permalink=\"https:\/\/www.instagram.com\/p\/DD1hZwwpOl8\/?utm_source=ig_embed&amp;utm_campaign=loading\" data-instgrm-version=\"14\">\n<div style=\"padding: 16px;\">\n<p>&nbsp;<\/p>\n<div style=\"display: flex; flex-direction: row; align-items: center;\">\n<div style=\"background-color: #f4f4f4; border-radius: 50%; flex-grow: 0; height: 40px; margin-right: 14px; width: 40px;\"><\/div>\n<div style=\"display: flex; flex-direction: column; flex-grow: 1; justify-content: center;\">\n<div style=\"background-color: #f4f4f4; border-radius: 4px; flex-grow: 0; height: 14px; margin-bottom: 6px; width: 100px;\"><\/div>\n<div style=\"background-color: #f4f4f4; border-radius: 4px; flex-grow: 0; height: 14px; width: 60px;\"><\/div>\n<\/div>\n<\/div>\n<div style=\"padding: 19% 0;\"><\/div>\n<div style=\"display: block; height: 50px; margin: 0 auto 12px; width: 50px;\"><\/div>\n<div style=\"padding-top: 8px;\">\n<div style=\"color: #3897f0; font-family: Arial,sans-serif; font-size: 14px; font-style: normal; font-weight: 550; line-height: 18px;\">Voir cette publication sur Instagram<\/div>\n<\/div>\n<div style=\"padding: 12.5% 0;\"><\/div>\n<div style=\"display: flex; flex-direction: row; margin-bottom: 14px; align-items: center;\">\n<div>\n<div style=\"background-color: #f4f4f4; border-radius: 50%; height: 12.5px; width: 12.5px; transform: translateX(0px) translateY(7px);\"><\/div>\n<div style=\"background-color: #f4f4f4; height: 12.5px; transform: rotate(-45deg) translateX(3px) translateY(1px); width: 12.5px; flex-grow: 0; margin-right: 14px; margin-left: 2px;\"><\/div>\n<div style=\"background-color: #f4f4f4; border-radius: 50%; height: 12.5px; width: 12.5px; transform: translateX(9px) translateY(-18px);\"><\/div>\n<\/div>\n<div style=\"margin-left: 8px;\">\n<div style=\"background-color: #f4f4f4; border-radius: 50%; flex-grow: 0; height: 20px; width: 20px;\"><\/div>\n<div style=\"width: 0; height: 0; border-top: 2px solid transparent; border-left: 6px solid #f4f4f4; border-bottom: 2px solid transparent; transform: translateX(16px) translateY(-4px) rotate(30deg);\"><\/div>\n<\/div>\n<div style=\"margin-left: auto;\">\n<div style=\"width: 0px; border-top: 8px solid #F4F4F4; border-right: 8px solid transparent; transform: translateY(16px);\"><\/div>\n<div style=\"background-color: #f4f4f4; flex-grow: 0; height: 12px; width: 16px; transform: translateY(-4px);\"><\/div>\n<div style=\"width: 0; height: 0; border-top: 8px solid #F4F4F4; border-left: 8px solid transparent; transform: translateY(-4px) translateX(8px);\"><\/div>\n<\/div>\n<\/div>\n<div style=\"display: flex; flex-direction: column; flex-grow: 1; justify-content: center; margin-bottom: 24px;\">\n<div style=\"background-color: #f4f4f4; border-radius: 4px; flex-grow: 0; height: 14px; margin-bottom: 6px; width: 224px;\"><\/div>\n<div style=\"background-color: #f4f4f4; border-radius: 4px; flex-grow: 0; height: 14px; width: 144px;\"><\/div>\n<\/div>\n<p>&nbsp;<\/p>\n<p style=\"color: #c9c8cd; font-family: Arial,sans-serif; font-size: 14px; line-height: 17px; margin-bottom: 0; margin-top: 8px; overflow: hidden; padding: 8px 0 7px; text-align: center; text-overflow: ellipsis; white-space: nowrap;\"><a style=\"color: #c9c8cd; font-family: Arial,sans-serif; font-size: 14px; font-style: normal; font-weight: normal; line-height: 17px; text-decoration: none;\" href=\"https:\/\/www.instagram.com\/p\/DD1hZwwpOl8\/?utm_source=ig_embed&amp;utm_campaign=loading\" target=\"_blank\" rel=\"noopener\">Une publication partag\u00e9e par Ville Du Pr\u00e9 Saint-Gervais (@villedupre)<\/a><\/p>\n<\/div>\n<\/blockquote>\n<p><script async src=\"\/\/www.instagram.com\/embed.js\"><\/script><\/p>\n<h2 class=\"\" data-start=\"2860\" data-end=\"2927\">Au fil des rues et des panoramas inattendus<\/h2>\n<p class=\"\" data-start=\"2928\" data-end=\"3591\">Une visite au Pr\u00e9-Saint-Gervais ne se limite pas \u00e0 observer de jolies fa\u00e7ades : cette commune regorge aussi d\u2019activit\u00e9s culturelles et de petits recoins verts qui invitent \u00e0 la d\u00e9couverte. Les amateurs de patrimoine seront ravis de traverser la rue Andr\u00e9 Joineau, qui porte encore les traces de l\u2019histoire locale, ou de contempler quelques immeubles datant de la fin du XIX\u1d49 si\u00e8cle. Le fameux mur des ortolans, vestige d\u2019un pass\u00e9 campagnard, intrigue par son anciennet\u00e9 et la mani\u00e8re dont il s\u2019int\u00e8gre d\u00e9sormais dans le tissu urbain. La mairie, elle aussi, se d\u00e9marque par son architecture typique et son petit parvis souvent anim\u00e9 lors des \u00e9v\u00e9nements municipaux.<\/p>\n<p class=\"\" data-start=\"3593\" data-end=\"4379\">C\u00f4t\u00e9 loisirs, les parcs et jardins de poche offrent une respiration fort agr\u00e9able. M\u00eame si ces espaces verts peuvent sembler plus discrets qu\u2019ailleurs, ils cr\u00e9ent de v\u00e9ritables bulles de tranquillit\u00e9, notamment pour ceux qui souhaitent \u00e9chapper \u00e0 l\u2019agitation voisine de la capitale. <strong>Le Parc de la Butte du Chapeau-Rouge<\/strong>, bien que situ\u00e9 dans le 19\u1d49 arrondissement de Paris tout proche, est d\u2019un acc\u00e8s ais\u00e9 et propose un panorama sublime sur les toits parisiens, rappelant qu\u2019ici, la fronti\u00e8re entre la ville-lumi\u00e8re et Le Pr\u00e9-Saint-Gervais est presque imperceptible. On profite aussi d\u2019une programmation culturelle riche, gr\u00e2ce \u00e0 la M\u00e9diath\u00e8que ou encore \u00e0 des associations locales qui organisent r\u00e9guli\u00e8rement des expositions, des rencontres et des ateliers cr\u00e9atifs pour tous les \u00e2ges.<\/p>\n<blockquote class=\"instagram-media\" style=\"background: #FFF; border: 0; border-radius: 3px; box-shadow: 0 0 1px 0 rgba(0,0,0,0.5),0 1px 10px 0 rgba(0,0,0,0.15); margin: 1px; max-width: 540px; min-width: 326px; padding: 0; width: calc(100% - 2px);\" data-instgrm-captioned=\"\" data-instgrm-permalink=\"https:\/\/www.instagram.com\/p\/CxFzfAgMHIT\/?utm_source=ig_embed&amp;utm_campaign=loading\" data-instgrm-version=\"14\">\n<div style=\"padding: 16px;\">\n<p>&nbsp;<\/p>\n<div style=\"display: flex; flex-direction: row; align-items: center;\">\n<div style=\"background-color: #f4f4f4; border-radius: 50%; flex-grow: 0; height: 40px; margin-right: 14px; width: 40px;\"><\/div>\n<div style=\"display: flex; flex-direction: column; flex-grow: 1; justify-content: center;\">\n<div style=\"background-color: #f4f4f4; border-radius: 4px; flex-grow: 0; height: 14px; margin-bottom: 6px; width: 100px;\"><\/div>\n<div style=\"background-color: #f4f4f4; border-radius: 4px; flex-grow: 0; height: 14px; width: 60px;\"><\/div>\n<\/div>\n<\/div>\n<div style=\"padding: 19% 0;\"><\/div>\n<div style=\"display: block; height: 50px; margin: 0 auto 12px; width: 50px;\"><\/div>\n<div style=\"padding-top: 8px;\">\n<div style=\"color: #3897f0; font-family: Arial,sans-serif; font-size: 14px; font-style: normal; font-weight: 550; line-height: 18px;\">Voir cette publication sur Instagram<\/div>\n<\/div>\n<div style=\"padding: 12.5% 0;\"><\/div>\n<div style=\"display: flex; flex-direction: row; margin-bottom: 14px; align-items: center;\">\n<div>\n<div style=\"background-color: #f4f4f4; border-radius: 50%; height: 12.5px; width: 12.5px; transform: translateX(0px) translateY(7px);\"><\/div>\n<div style=\"background-color: #f4f4f4; height: 12.5px; transform: rotate(-45deg) translateX(3px) translateY(1px); width: 12.5px; flex-grow: 0; margin-right: 14px; margin-left: 2px;\"><\/div>\n<div style=\"background-color: #f4f4f4; border-radius: 50%; height: 12.5px; width: 12.5px; transform: translateX(9px) translateY(-18px);\"><\/div>\n<\/div>\n<div style=\"margin-left: 8px;\">\n<div style=\"background-color: #f4f4f4; border-radius: 50%; flex-grow: 0; height: 20px; width: 20px;\"><\/div>\n<div style=\"width: 0; height: 0; border-top: 2px solid transparent; border-left: 6px solid #f4f4f4; border-bottom: 2px solid transparent; transform: translateX(16px) translateY(-4px) rotate(30deg);\"><\/div>\n<\/div>\n<div style=\"margin-left: auto;\">\n<div style=\"width: 0px; border-top: 8px solid #F4F4F4; border-right: 8px solid transparent; transform: translateY(16px);\"><\/div>\n<div style=\"background-color: #f4f4f4; flex-grow: 0; height: 12px; width: 16px; transform: translateY(-4px);\"><\/div>\n<div style=\"width: 0; height: 0; border-top: 8px solid #F4F4F4; border-left: 8px solid transparent; transform: translateY(-4px) translateX(8px);\"><\/div>\n<\/div>\n<\/div>\n<div style=\"display: flex; flex-direction: column; flex-grow: 1; justify-content: center; margin-bottom: 24px;\">\n<div style=\"background-color: #f4f4f4; border-radius: 4px; flex-grow: 0; height: 14px; margin-bottom: 6px; width: 224px;\"><\/div>\n<div style=\"background-color: #f4f4f4; border-radius: 4px; flex-grow: 0; height: 14px; width: 144px;\"><\/div>\n<\/div>\n<p>&nbsp;<\/p>\n<p style=\"color: #c9c8cd; font-family: Arial,sans-serif; font-size: 14px; line-height: 17px; margin-bottom: 0; margin-top: 8px; overflow: hidden; padding: 8px 0 7px; text-align: center; text-overflow: ellipsis; white-space: nowrap;\"><a style=\"color: #c9c8cd; font-family: Arial,sans-serif; font-size: 14px; font-style: normal; font-weight: normal; line-height: 17px; text-decoration: none;\" href=\"https:\/\/www.instagram.com\/p\/CxFzfAgMHIT\/?utm_source=ig_embed&amp;utm_campaign=loading\" target=\"_blank\" rel=\"noopener\">Une publication partag\u00e9e par Ville Du Pr\u00e9 Saint-Gervais (@villedupre)<\/a><\/p>\n<\/div>\n<\/blockquote>\n<p><script async src=\"\/\/www.instagram.com\/embed.js\"><\/script><\/p>\n<p class=\"\" data-start=\"4381\" data-end=\"4982\">Le co\u00fbt de la vie quotidienne est \u00e0 l\u2019image de la commune : concentr\u00e9 et dynamique. Les restaurants affichent souvent des prix plus doux que dans le c\u0153ur de Paris, et l\u2019on trouve quelques adresses branch\u00e9es qui participent \u00e0 la renomm\u00e9e naissante de ce petit \u00e9crin urbain. Entre un caf\u00e9 partag\u00e9 en terrasse et un passage dans les boutiques artisanales, les voyageurs en qu\u00eate d\u2019authenticit\u00e9 auront de quoi s\u2019occuper tout en restant \u00e0 l\u2019\u00e9chelle humaine. Les march\u00e9s locaux demeurent un rendez-vous convivial, o\u00f9 les \u00e9tals color\u00e9s et la bonne humeur donnent un avant-go\u00fbt du vrai mode de vie gervaisien.<\/p>\n","protected":false},"excerpt":{"rendered":"<p>On se perd parfois dans la gigantesque mosa\u00efque de l\u2019\u00cele-de-France, o\u00f9 des villes aux multiples visages s\u2019enchev\u00eatrent juste aux portes [&hellip;]<\/p>\n","protected":false},"author":4,"featured_media":28072,"comment_status":"open","ping_status":"closed","sticky":false,"template":"","format":"standard","meta":{"_acf_changed":false,"_sitemap_exclude":false,"_sitemap_priority":"","_sitemap_frequency":"","footnotes":"","rank_math_title":"","rank_math_description":"","rank_math_canonical_url":"","rank_math_focus_keyword":"Ile-de-France"},"categories":[3],"tags":[],"class_list":["post-28071","post","type-post","status-publish","format-standard","has-post-thumbnail","hentry","category-voyage"],"acf":[],"_links":{"self":[{"href":"https:\/\/ulysse.com\/news\/wp-json\/wp\/v2\/posts\/28071","targetHints":{"allow":["GET"]}}],"collection":[{"href":"https:\/\/ulysse.com\/news\/wp-json\/wp\/v2\/posts"}],"about":[{"href":"https:\/\/ulysse.com\/news\/wp-json\/wp\/v2\/types\/post"}],"author":[{"embeddable":true,"href":"https:\/\/ulysse.com\/news\/wp-json\/wp\/v2\/users\/4"}],"replies":[{"embeddable":true,"href":"https:\/\/ulysse.com\/news\/wp-json\/wp\/v2\/comments?post=28071"}],"version-history":[{"count":1,"href":"https:\/\/ulysse.com\/news\/wp-json\/wp\/v2\/posts\/28071\/revisions"}],"predecessor-version":[{"id":28073,"href":"https:\/\/ulysse.com\/news\/wp-json\/wp\/v2\/posts\/28071\/revisions\/28073"}],"wp:featuredmedia":[{"embeddable":true,"href":"https:\/\/ulysse.com\/news\/wp-json\/wp\/v2\/media\/28072"}],"wp:attachment":[{"href":"https:\/\/ulysse.com\/news\/wp-json\/wp\/v2\/media?parent=28071"}],"wp:term":[{"taxonomy":"category","embeddable":true,"href":"https:\/\/ulysse.com\/news\/wp-json\/wp\/v2\/categories?post=28071"},{"taxonomy":"post_tag","embeddable":true,"href":"https:\/\/ulysse.com\/news\/wp-json\/wp\/v2\/tags?post=28071"}],"curies":[{"name":"wp","href":"https:\/\/api.w.org\/{rel}","templated":true}]}}