{"id":28081,"date":"2025-04-08T20:00:30","date_gmt":"2025-04-08T19:00:30","guid":{"rendered":"https:\/\/discover.ulysse.com\/?p=28081"},"modified":"2025-04-08T09:24:07","modified_gmt":"2025-04-08T08:24:07","slug":"fermeture-axe-lyonnais-nouvelle-zone-pietonne","status":"publish","type":"post","link":"https:\/\/ulysse.com\/news\/fermeture-axe-lyonnais-nouvelle-zone-pietonne","title":{"rendered":"Fermeture d\u00e9finitive de cet axe lyonnais : une nouvelle zone pi\u00e9tonne et v\u00e9g\u00e9talis\u00e9e voit le jour"},"content":{"rendered":"<p class=\"\" data-start=\"78\" data-end=\"770\">Lyon fait un grand pas vers la <strong data-start=\"109\" data-end=\"130\">slow life urbaine<\/strong> avec la transformation du <strong data-start=\"157\" data-end=\"178\">cours Charlemagne<\/strong>, au c\u0153ur du quartier Confluence. D\u00e8s l&#8217;\u00e9t\u00e9 2025, cette art\u00e8re majeure de la ville se m\u00e9tamorphosera en une v\u00e9ritable rambla pi\u00e9tonne. \u00c0 la mani\u00e8re de Barcelone, ce projet spectaculaire pr\u00e9voit la cr\u00e9ation d&#8217;un espace de 6000 m\u00b2 d\u00e9di\u00e9 aux pi\u00e9tons, avec des bancs confortables, des arbres, des tables de pique-nique et des zones d\u2019ombre pour offrir aux habitants un lieu parfait pour fl\u00e2ner, se d\u00e9tendre et profiter de l\u2019urbanisme apais\u00e9. Le tout dans un cadre agr\u00e9able, \u00e0 l\u2019abri du bruit et de la circulation intense, tout en cr\u00e9ant un environnement propice \u00e0 la d\u00e9tente en ville.<\/p>\n<p class=\"\" data-start=\"772\" data-end=\"1378\">Ce projet s\u2019inscrit dans une dynamique plus large de transformation de Confluence, un quartier qui \u00e9volue rapidement. \u00c0 l&#8217;heure actuelle, cette art\u00e8re est un point central du quartier, mais l\u2019arriv\u00e9e du <strong>tramway T2 et du futur Tram Express de l&#8217;Ouest lyonnais<\/strong> a d\u00e9j\u00e0 fait de cette zone un v\u00e9ritable carrefour pi\u00e9ton. En renfor\u00e7ant l\u2019accessibilit\u00e9 pi\u00e9tonne, le projet vise \u00e0 faire de cette zone un v\u00e9ritable lieu de rencontre et de confort pour les habitants, tout en favorisant les d\u00e9placements durables comme le v\u00e9lo, gr\u00e2ce \u00e0 la cr\u00e9ation d&#8217;une piste cyclable verte de 4 m\u00e8tres de large.<\/p>\n<h2 class=\"\" data-start=\"1380\" data-end=\"1436\">Une nouvelle dynamique pour le quartier de Confluence<\/h2>\n<p class=\"\" data-start=\"1438\" data-end=\"2081\">Ce projet va bien au-del\u00e0 d\u2019une simple requalification d\u2019espace. Il s&#8217;agit de donner un nouveau souffle \u00e0 Confluence, un quartier en pleine expansion, pour en faire un lieu o\u00f9 se m\u00ealent nature et modernit\u00e9. En supprimant une grande partie de la circulation automobile, les autorit\u00e9s visent \u00e0 offrir une alternative apais\u00e9e \u00e0 l\u2019urbanisation dense. Le cours Charlemagne deviendra ainsi un lieu de rencontre, de d\u00e9tente, mais aussi de mobilit\u00e9 durable avec la cr\u00e9ation d\u2019une <a href=\"https:\/\/discover.ulysse.com\/5-itineraires-velo-france-epoustouflants\">voie verte pour les cyclistes<\/a>. Ce projet promet d\u2019apporter une v\u00e9ritable bouff\u00e9e d\u2019air frais dans un quartier o\u00f9 le b\u00e9ton fait souvent office de d\u00e9cor.<\/p>\n<blockquote class=\"instagram-media\" style=\"background: #FFF; border: 0; border-radius: 3px; box-shadow: 0 0 1px 0 rgba(0,0,0,0.5),0 1px 10px 0 rgba(0,0,0,0.15); margin: 1px; max-width: 540px; min-width: 326px; padding: 0; width: calc(100% - 2px);\" data-instgrm-captioned=\"\" data-instgrm-permalink=\"https:\/\/www.instagram.com\/p\/BSMEd06DuSw\/?utm_source=ig_embed&amp;utm_campaign=loading\" data-instgrm-version=\"14\">\n<div style=\"padding: 16px;\">\n<p>&nbsp;<\/p>\n<div style=\"display: flex; flex-direction: row; align-items: center;\">\n<div style=\"background-color: #f4f4f4; border-radius: 50%; flex-grow: 0; height: 40px; margin-right: 14px; width: 40px;\"><\/div>\n<div style=\"display: flex; flex-direction: column; flex-grow: 1; justify-content: center;\">\n<div style=\"background-color: #f4f4f4; border-radius: 4px; flex-grow: 0; height: 14px; margin-bottom: 6px; width: 100px;\"><\/div>\n<div style=\"background-color: #f4f4f4; border-radius: 4px; flex-grow: 0; height: 14px; width: 60px;\"><\/div>\n<\/div>\n<\/div>\n<div style=\"padding: 19% 0;\"><\/div>\n<div style=\"display: block; height: 50px; margin: 0 auto 12px; width: 50px;\"><\/div>\n<div style=\"padding-top: 8px;\">\n<div style=\"color: #3897f0; font-family: Arial,sans-serif; font-size: 14px; font-style: normal; font-weight: 550; line-height: 18px;\">Voir cette publication sur Instagram<\/div>\n<\/div>\n<div style=\"padding: 12.5% 0;\"><\/div>\n<div style=\"display: flex; flex-direction: row; margin-bottom: 14px; align-items: center;\">\n<div>\n<div style=\"background-color: #f4f4f4; border-radius: 50%; height: 12.5px; width: 12.5px; transform: translateX(0px) translateY(7px);\"><\/div>\n<div style=\"background-color: #f4f4f4; height: 12.5px; transform: rotate(-45deg) translateX(3px) translateY(1px); width: 12.5px; flex-grow: 0; margin-right: 14px; margin-left: 2px;\"><\/div>\n<div style=\"background-color: #f4f4f4; border-radius: 50%; height: 12.5px; width: 12.5px; transform: translateX(9px) translateY(-18px);\"><\/div>\n<\/div>\n<div style=\"margin-left: 8px;\">\n<div style=\"background-color: #f4f4f4; border-radius: 50%; flex-grow: 0; height: 20px; width: 20px;\"><\/div>\n<div style=\"width: 0; height: 0; border-top: 2px solid transparent; border-left: 6px solid #f4f4f4; border-bottom: 2px solid transparent; transform: translateX(16px) translateY(-4px) rotate(30deg);\"><\/div>\n<\/div>\n<div style=\"margin-left: auto;\">\n<div style=\"width: 0px; border-top: 8px solid #F4F4F4; border-right: 8px solid transparent; transform: translateY(16px);\"><\/div>\n<div style=\"background-color: #f4f4f4; flex-grow: 0; height: 12px; width: 16px; transform: translateY(-4px);\"><\/div>\n<div style=\"width: 0; height: 0; border-top: 8px solid #F4F4F4; border-left: 8px solid transparent; transform: translateY(-4px) translateX(8px);\"><\/div>\n<\/div>\n<\/div>\n<div style=\"display: flex; flex-direction: column; flex-grow: 1; justify-content: center; margin-bottom: 24px;\">\n<div style=\"background-color: #f4f4f4; border-radius: 4px; flex-grow: 0; height: 14px; margin-bottom: 6px; width: 224px;\"><\/div>\n<div style=\"background-color: #f4f4f4; border-radius: 4px; flex-grow: 0; height: 14px; width: 144px;\"><\/div>\n<\/div>\n<p>&nbsp;<\/p>\n<p style=\"color: #c9c8cd; font-family: Arial,sans-serif; font-size: 14px; line-height: 17px; margin-bottom: 0; margin-top: 8px; overflow: hidden; padding: 8px 0 7px; text-align: center; text-overflow: ellipsis; white-space: nowrap;\"><a style=\"color: #c9c8cd; font-family: Arial,sans-serif; font-size: 14px; font-style: normal; font-weight: normal; line-height: 17px; text-decoration: none;\" href=\"https:\/\/www.instagram.com\/p\/BSMEd06DuSw\/?utm_source=ig_embed&amp;utm_campaign=loading\" target=\"_blank\" rel=\"noopener\">Une publication partag\u00e9e par La Confluence (@laconfluence)<\/a><\/p>\n<\/div>\n<\/blockquote>\n<p><script async src=\"\/\/www.instagram.com\/embed.js\"><\/script><\/p>\n<p class=\"\" data-start=\"2083\" data-end=\"2779\">Cette transformation ne concerne pas uniquement l\u2019aspect esth\u00e9tique du quartier. L\u2019infrastructure prendra en compte des ombri\u00e8res pour le confort des pi\u00e9tons, ainsi que des tables de pique-nique et du mobilier urbain (m\u00e9ridiennes, bancs \u00e0 deux places). L&#8217;id\u00e9e est d&#8217;apporter un maximum de confort et de bien-\u00eatre dans un environnement urbain tout en permettant de profiter du plein air. Ce projet devrait aussi avoir un impact significatif sur le commerce local, en attirant les habitants dans un espace public bien con\u00e7u, propice \u00e0 la fl\u00e2nerie et aux rencontres. En attendant sa r\u00e9alisation compl\u00e8te d\u2019ici 2030, les Lyonnais peuvent d\u00e9j\u00e0 r\u00eaver de leur futur espace de d\u00e9tente urbain.<\/p>\n","protected":false},"excerpt":{"rendered":"<p>Lyon fait un grand pas vers la slow life urbaine avec la transformation du cours Charlemagne, au c\u0153ur du quartier [&hellip;]<\/p>\n","protected":false},"author":4,"featured_media":28082,"comment_status":"open","ping_status":"closed","sticky":false,"template":"","format":"standard","meta":{"_acf_changed":false,"_sitemap_exclude":false,"_sitemap_priority":"","_sitemap_frequency":"","footnotes":"","rank_math_title":"","rank_math_description":"","rank_math_canonical_url":"","rank_math_focus_keyword":"lyon"},"categories":[3],"tags":[],"class_list":["post-28081","post","type-post","status-publish","format-standard","has-post-thumbnail","hentry","category-voyage"],"acf":[],"_links":{"self":[{"href":"https:\/\/ulysse.com\/news\/wp-json\/wp\/v2\/posts\/28081","targetHints":{"allow":["GET"]}}],"collection":[{"href":"https:\/\/ulysse.com\/news\/wp-json\/wp\/v2\/posts"}],"about":[{"href":"https:\/\/ulysse.com\/news\/wp-json\/wp\/v2\/types\/post"}],"author":[{"embeddable":true,"href":"https:\/\/ulysse.com\/news\/wp-json\/wp\/v2\/users\/4"}],"replies":[{"embeddable":true,"href":"https:\/\/ulysse.com\/news\/wp-json\/wp\/v2\/comments?post=28081"}],"version-history":[{"count":2,"href":"https:\/\/ulysse.com\/news\/wp-json\/wp\/v2\/posts\/28081\/revisions"}],"predecessor-version":[{"id":28084,"href":"https:\/\/ulysse.com\/news\/wp-json\/wp\/v2\/posts\/28081\/revisions\/28084"}],"wp:featuredmedia":[{"embeddable":true,"href":"https:\/\/ulysse.com\/news\/wp-json\/wp\/v2\/media\/28082"}],"wp:attachment":[{"href":"https:\/\/ulysse.com\/news\/wp-json\/wp\/v2\/media?parent=28081"}],"wp:term":[{"taxonomy":"category","embeddable":true,"href":"https:\/\/ulysse.com\/news\/wp-json\/wp\/v2\/categories?post=28081"},{"taxonomy":"post_tag","embeddable":true,"href":"https:\/\/ulysse.com\/news\/wp-json\/wp\/v2\/tags?post=28081"}],"curies":[{"name":"wp","href":"https:\/\/api.w.org\/{rel}","templated":true}]}}