{"id":28188,"date":"2025-04-11T17:00:05","date_gmt":"2025-04-11T16:00:05","guid":{"rendered":"https:\/\/discover.ulysse.com\/?p=28188"},"modified":"2025-04-11T09:38:17","modified_gmt":"2025-04-11T08:38:17","slug":"se-baigner-espagne-sera-interdit-ete","status":"publish","type":"post","link":"https:\/\/ulysse.com\/news\/se-baigner-espagne-sera-interdit-ete","title":{"rendered":"Se baigner en Espagne sera interdit cet \u00e9t\u00e9 : voici pourquoi"},"content":{"rendered":"<p class=\"\" data-start=\"258\" data-end=\"974\">L\u2019Espagne, l\u2019un des joyaux baln\u00e9aires de l\u2019Europe, s\u2019appr\u00eate \u00e0 vivre un \u00e9t\u00e9 sous haute tension. Alors que les plages andalouses, catalanes ou bal\u00e9ares s\u2019emplissent habituellement de vacanciers, l\u2019\u00e9t\u00e9 2025 pourrait bien marquer un tournant. En 2024, les autorit\u00e9s espagnoles ont enregistr\u00e9 une hausse de <strong data-start=\"561\" data-end=\"599\">40 % des interdictions de baignade<\/strong> par rapport \u00e0 2023. Une tendance inqui\u00e9tante, aliment\u00e9e par deux fl\u00e9aux bien identifi\u00e9s : la prolif\u00e9ration massive de m\u00e9duses et la d\u00e9gradation alarmante de la qualit\u00e9 de l\u2019eau. Ces signaux ne sont pas isol\u00e9s, et les projections pour 2025 annoncent une saison encore plus perturb\u00e9e, o\u00f9 la baignade pourrait devenir un luxe temporairement inaccessible dans certaines r\u00e9gions.<\/p>\n<h2 class=\"\" data-start=\"976\" data-end=\"1055\">Plus de 2 500 fermetures de plages en 2024<\/h2>\n<p class=\"\" data-start=\"1057\" data-end=\"2092\">L\u2019ann\u00e9e derni\u00e8re, les <a href=\"https:\/\/discover.ulysse.com\/destinations-espagnoles-black-lister-printemps\">plages espagnoles<\/a> ont connu plus de <strong data-start=\"1115\" data-end=\"1147\">2 500 fermetures temporaires<\/strong> en raison de la pr\u00e9sence de m\u00e9duses, en particulier de physalies, surnomm\u00e9es \u00e0 tort \u00ab m\u00e9duses portugaises \u00bb. Ces organismes marins, dont les tentacules peuvent atteindre 30 m\u00e8tres, sont capables de provoquer de graves br\u00fblures et des r\u00e9actions allergiques s\u00e9v\u00e8res. Leur multiplication est directement li\u00e9e au r\u00e9chauffement des eaux : les temp\u00e9ratures de surface ont atteint jusqu\u2019\u00e0 <strong data-start=\"1530\" data-end=\"1539\">28 \u00b0C<\/strong> dans certaines zones m\u00e9diterran\u00e9ennes \u00e0 la fin juillet 2024, un record historique. Le d\u00e9s\u00e9quilibre \u00e9cologique, caus\u00e9 notamment par la rar\u00e9faction des tortues caouannes \u2014 leurs principaux pr\u00e9dateurs \u2014 favorise leur prolif\u00e9ration. Et si le ph\u00e9nom\u00e8ne reste localis\u00e9 en hiver, les premi\u00e8res remont\u00e9es du printemps 2025 font craindre une invasion plus pr\u00e9coce cette ann\u00e9e encore. Des dispositifs de surveillance renforc\u00e9s sont en place, mais les municipalit\u00e9s, prises de court en 2024, peinent \u00e0 s\u2019organiser pour prot\u00e9ger efficacement les zones de baignade.<\/p>\n<blockquote class=\"instagram-media\" style=\"background: #FFF; border: 0; border-radius: 3px; box-shadow: 0 0 1px 0 rgba(0,0,0,0.5),0 1px 10px 0 rgba(0,0,0,0.15); margin: 1px; max-width: 540px; min-width: 326px; padding: 0; width: calc(100% - 2px);\" data-instgrm-captioned=\"\" data-instgrm-permalink=\"https:\/\/www.instagram.com\/p\/DBVsg0KNkfm\/?utm_source=ig_embed&amp;utm_campaign=loading\" data-instgrm-version=\"14\">\n<div style=\"padding: 16px;\">\n<p>&nbsp;<\/p>\n<div style=\"display: flex; flex-direction: row; align-items: center;\">\n<div style=\"background-color: #f4f4f4; border-radius: 50%; flex-grow: 0; height: 40px; margin-right: 14px; width: 40px;\"><\/div>\n<div style=\"display: flex; flex-direction: column; flex-grow: 1; justify-content: center;\">\n<div style=\"background-color: #f4f4f4; border-radius: 4px; flex-grow: 0; height: 14px; margin-bottom: 6px; width: 100px;\"><\/div>\n<div style=\"background-color: #f4f4f4; border-radius: 4px; flex-grow: 0; height: 14px; width: 60px;\"><\/div>\n<\/div>\n<\/div>\n<div style=\"padding: 19% 0;\"><\/div>\n<div style=\"display: block; height: 50px; margin: 0 auto 12px; width: 50px;\"><\/div>\n<div style=\"padding-top: 8px;\">\n<div style=\"color: #3897f0; font-family: Arial,sans-serif; font-size: 14px; font-style: normal; font-weight: 550; line-height: 18px;\">Voir cette publication sur Instagram<\/div>\n<\/div>\n<div style=\"padding: 12.5% 0;\"><\/div>\n<div style=\"display: flex; flex-direction: row; margin-bottom: 14px; align-items: center;\">\n<div>\n<div style=\"background-color: #f4f4f4; border-radius: 50%; height: 12.5px; width: 12.5px; transform: translateX(0px) translateY(7px);\"><\/div>\n<div style=\"background-color: #f4f4f4; height: 12.5px; transform: rotate(-45deg) translateX(3px) translateY(1px); width: 12.5px; flex-grow: 0; margin-right: 14px; margin-left: 2px;\"><\/div>\n<div style=\"background-color: #f4f4f4; border-radius: 50%; height: 12.5px; width: 12.5px; transform: translateX(9px) translateY(-18px);\"><\/div>\n<\/div>\n<div style=\"margin-left: 8px;\">\n<div style=\"background-color: #f4f4f4; border-radius: 50%; flex-grow: 0; height: 20px; width: 20px;\"><\/div>\n<div style=\"width: 0; height: 0; border-top: 2px solid transparent; border-left: 6px solid #f4f4f4; border-bottom: 2px solid transparent; transform: translateX(16px) translateY(-4px) rotate(30deg);\"><\/div>\n<\/div>\n<div style=\"margin-left: auto;\">\n<div style=\"width: 0px; border-top: 8px solid #F4F4F4; border-right: 8px solid transparent; transform: translateY(16px);\"><\/div>\n<div style=\"background-color: #f4f4f4; flex-grow: 0; height: 12px; width: 16px; transform: translateY(-4px);\"><\/div>\n<div style=\"width: 0; height: 0; border-top: 8px solid #F4F4F4; border-left: 8px solid transparent; transform: translateY(-4px) translateX(8px);\"><\/div>\n<\/div>\n<\/div>\n<div style=\"display: flex; flex-direction: column; flex-grow: 1; justify-content: center; margin-bottom: 24px;\">\n<div style=\"background-color: #f4f4f4; border-radius: 4px; flex-grow: 0; height: 14px; margin-bottom: 6px; width: 224px;\"><\/div>\n<div style=\"background-color: #f4f4f4; border-radius: 4px; flex-grow: 0; height: 14px; width: 144px;\"><\/div>\n<\/div>\n<p>&nbsp;<\/p>\n<p style=\"color: #c9c8cd; font-family: Arial,sans-serif; font-size: 14px; line-height: 17px; margin-bottom: 0; margin-top: 8px; overflow: hidden; padding: 8px 0 7px; text-align: center; text-overflow: ellipsis; white-space: nowrap;\"><a style=\"color: #c9c8cd; font-family: Arial,sans-serif; font-size: 14px; font-style: normal; font-weight: normal; line-height: 17px; text-decoration: none;\" href=\"https:\/\/www.instagram.com\/p\/DBVsg0KNkfm\/?utm_source=ig_embed&amp;utm_campaign=loading\" target=\"_blank\" rel=\"noopener\">Une publication partag\u00e9e par Maude Carrier (@mcglobetrotteuse)<\/a><\/p>\n<\/div>\n<\/blockquote>\n<p><script async src=\"\/\/www.instagram.com\/embed.js\"><\/script><\/p>\n<h2 class=\"\" data-start=\"2094\" data-end=\"2178\">18 % des plages non conformes aux normes europ\u00e9ennes<\/h2>\n<p class=\"\" data-start=\"2180\" data-end=\"3235\">Parall\u00e8lement aux m\u00e9duses, la pollution des eaux littorales a atteint un seuil critique. En 2024, pr\u00e8s de 1 plage sur 5 en Espagne (18 %) n\u2019\u00e9tait plus conforme aux normes europ\u00e9ennes de qualit\u00e9 de l\u2019eau, selon un rapport de l\u2019Agence europ\u00e9enne pour l\u2019environnement. Le sud du pays et <a href=\"https:\/\/discover.ulysse.com\/meilleures-activites-aventure-nautique-iles-baleares\">les Bal\u00e9ares<\/a> sont particuli\u00e8rement concern\u00e9s. Les causes sont multiples : rejets d\u2019eaux us\u00e9es non trait\u00e9es, d\u00e9versements agricoles charg\u00e9s en nitrates, et afflux massif de touristes g\u00e9n\u00e9rant une surcharge des infrastructures. R\u00e9sultat : des eaux troubles, charg\u00e9es en bact\u00e9ries et microplastiques, impropres \u00e0 la baignade pendant plusieurs jours voire semaines dans certains cas. Pour l\u2019\u00e9t\u00e9 2025, les pr\u00e9visions sont sombres : sans plan de traitement acc\u00e9l\u00e9r\u00e9 des eaux us\u00e9es et contr\u00f4le strict des rejets, les interdictions de baignade pourraient d\u00e9passer les 3 000 incidents. Au-del\u00e0 du d\u00e9sagr\u00e9ment touristique, c\u2019est la sant\u00e9 publique qui est en jeu, notamment pour les enfants et les personnes \u00e2g\u00e9es plus vuln\u00e9rables aux infections dermatologiques et intestinales.<\/p>\n","protected":false},"excerpt":{"rendered":"<p>L\u2019Espagne, l\u2019un des joyaux baln\u00e9aires de l\u2019Europe, s\u2019appr\u00eate \u00e0 vivre un \u00e9t\u00e9 sous haute tension. Alors que les plages andalouses, [&hellip;]<\/p>\n","protected":false},"author":4,"featured_media":28189,"comment_status":"open","ping_status":"closed","sticky":false,"template":"","format":"standard","meta":{"_acf_changed":false,"_sitemap_exclude":false,"_sitemap_priority":"","_sitemap_frequency":"","footnotes":"","rank_math_title":"","rank_math_description":"","rank_math_canonical_url":"","rank_math_focus_keyword":"espagne"},"categories":[3],"tags":[],"class_list":["post-28188","post","type-post","status-publish","format-standard","has-post-thumbnail","hentry","category-voyage"],"acf":[],"_links":{"self":[{"href":"https:\/\/ulysse.com\/news\/wp-json\/wp\/v2\/posts\/28188","targetHints":{"allow":["GET"]}}],"collection":[{"href":"https:\/\/ulysse.com\/news\/wp-json\/wp\/v2\/posts"}],"about":[{"href":"https:\/\/ulysse.com\/news\/wp-json\/wp\/v2\/types\/post"}],"author":[{"embeddable":true,"href":"https:\/\/ulysse.com\/news\/wp-json\/wp\/v2\/users\/4"}],"replies":[{"embeddable":true,"href":"https:\/\/ulysse.com\/news\/wp-json\/wp\/v2\/comments?post=28188"}],"version-history":[{"count":2,"href":"https:\/\/ulysse.com\/news\/wp-json\/wp\/v2\/posts\/28188\/revisions"}],"predecessor-version":[{"id":28191,"href":"https:\/\/ulysse.com\/news\/wp-json\/wp\/v2\/posts\/28188\/revisions\/28191"}],"wp:featuredmedia":[{"embeddable":true,"href":"https:\/\/ulysse.com\/news\/wp-json\/wp\/v2\/media\/28189"}],"wp:attachment":[{"href":"https:\/\/ulysse.com\/news\/wp-json\/wp\/v2\/media?parent=28188"}],"wp:term":[{"taxonomy":"category","embeddable":true,"href":"https:\/\/ulysse.com\/news\/wp-json\/wp\/v2\/categories?post=28188"},{"taxonomy":"post_tag","embeddable":true,"href":"https:\/\/ulysse.com\/news\/wp-json\/wp\/v2\/tags?post=28188"}],"curies":[{"name":"wp","href":"https:\/\/api.w.org\/{rel}","templated":true}]}}