{"id":28224,"date":"2025-04-13T13:00:03","date_gmt":"2025-04-13T12:00:03","guid":{"rendered":"https:\/\/discover.ulysse.com\/?p=28224"},"modified":"2025-04-13T11:43:33","modified_gmt":"2025-04-13T10:43:33","slug":"vacances-de-printemps-la-cote-dazur-snobee","status":"publish","type":"post","link":"https:\/\/ulysse.com\/news\/vacances-de-printemps-la-cote-dazur-snobee","title":{"rendered":"Vacances de printemps : la Co\u0302te d\u2019Azur snob\u00e9e ?"},"content":{"rendered":"<p class=\"\" data-start=\"221\" data-end=\"801\">Annonc\u00e9e en perte de vitesse, accus\u00e9e d\u2019\u00eatre devenue hors de prix, la Provence-Alpes-C\u00f4te d\u2019Azur semblait, selon certains, avoir perdu de sa superbe. \u00c9tudes alarmistes \u00e0 l\u2019appui, on murmurait que les vacanciers boudaient d\u00e9sormais ses plages, ses calanques et ses march\u00e9s proven\u00e7aux. Mais que disent r\u00e9ellement les chiffres ? Les premi\u00e8res donn\u00e9es tomb\u00e9es d\u00e9but avril viennent balayer d\u2019un revers de main ce sc\u00e9nario catastrophiste. Oui, les prix ont flamb\u00e9. Oui, le Sud n\u2019est pas une destination bon march\u00e9. Mais non, la r\u00e9gion ne fait pas fuir les vacanciers. Bien au contraire.<\/p>\n<h2 class=\"\" data-start=\"803\" data-end=\"867\">Le mythe de la d\u00e9sertion : une proph\u00e9tie bien vite contredite<\/h2>\n<p class=\"\" data-start=\"869\" data-end=\"1351\">On annon\u00e7ait la fin d\u2019un r\u00e8gne, une d\u00e9saffection progressive, un repli touristique vers des contr\u00e9es moins co\u00fbteuses. \u00c0 croire que le Sud-Est allait devenir une coquille vide une fois P\u00e2ques arriv\u00e9. R\u00e9sultat ? Une pr\u00e9vision de <strong data-start=\"1096\" data-end=\"1122\">16 millions de nuit\u00e9es<\/strong> pour le mois d\u2019avril, en nette hausse par rapport \u00e0 2024. Une &#8220;p\u00e9riode prometteuse&#8221; selon la collectivit\u00e9 r\u00e9gionale, qui se f\u00e9licite d\u2019un <strong data-start=\"1261\" data-end=\"1304\">taux de r\u00e9servation h\u00f4teli\u00e8re en avance<\/strong> sur celui de l\u2019an dernier. Alors, qui croire ?<\/p>\n<p class=\"\" data-start=\"1353\" data-end=\"1774\">Pendant que certains pr\u00e9disent l\u2019exil des touristes vers <a href=\"https:\/\/discover.ulysse.com\/villages-la-crete-sejour-loin-de-foule\">la Cr\u00e8te<\/a> ou les Balkans, la r\u00e9alit\u00e9 est beaucoup plus nuanc\u00e9e. Le <strong data-start=\"1476\" data-end=\"1506\">taux d\u2019occupation h\u00f4telier<\/strong>, proche des 70 % en avril, d\u00e9montre une fid\u00e9lit\u00e9 bien enracin\u00e9e. Les visiteurs sont l\u00e0, les chambres se remplissent, et la c\u00f4te azur\u00e9enne n\u2019a rien perdu de son pouvoir d\u2019attraction. Il serait peut-\u00eatre temps d\u2019arr\u00eater de fantasmer un effondrement qui ne vient jamais.<\/p>\n<h2 class=\"\" data-start=\"1776\" data-end=\"1836\">Le Sud co\u00fbte cher ? C\u2019est vrai, mais ce n\u2019est pas nouveau<\/h2>\n<p class=\"\" data-start=\"1838\" data-end=\"2227\">L\u2019un des grands coupables d\u00e9sign\u00e9s : l\u2019inflation des tarifs. Un s\u00e9jour sur la <a href=\"https:\/\/discover.ulysse.com\/secret-garde-cote-dazur-sapprete-exploser-2025\">C\u00f4te d\u2019Azur<\/a> en avril co\u00fbte en moyenne <strong data-start=\"1954\" data-end=\"1970\">30 % de plus<\/strong> qu\u2019il y a cinq ans. Une hausse r\u00e9elle, document\u00e9e, difficile \u00e0 ignorer. Sauf qu\u2019on oublie vite que la r\u00e9gion n\u2019a jamais \u00e9t\u00e9 une destination bon march\u00e9. Ce n\u2019est pas la Cr\u00e8te, ni le Portugal des ann\u00e9es 2000. Et ce n\u2019est pas ce que cherchent ceux qui y vont.<\/p>\n<p class=\"\" data-start=\"2229\" data-end=\"2785\">Le public vis\u00e9 est diff\u00e9rent, plus haut de gamme, et pr\u00eat \u00e0 payer pour du soleil, du luxe et un art de vivre unique. D\u2019ailleurs, les <strong data-start=\"2362\" data-end=\"2388\">locations saisonni\u00e8res<\/strong> enregistrent une <strong data-start=\"2406\" data-end=\"2424\">hausse de 18 %<\/strong>, ce qui n\u2019est pas exactement le signe d\u2019un territoire d\u00e9sert\u00e9. Les villes comme <strong data-start=\"2505\" data-end=\"2523\">Nice et Cannes<\/strong> affichent m\u00eame des performances dignes de concurrencer <strong data-start=\"2579\" data-end=\"2588\">Paris<\/strong> sur le segment du tourisme de luxe international. Ce n\u2019est plus simplement la mer qui attire, c\u2019est l\u2019exp\u00e9rience globale, du ros\u00e9 au bord de la piscine aux boutiques de cr\u00e9ateurs sur <a href=\"https:\/\/discover.ulysse.com\/venice-beach-nice-projet-cote-dazur-ete\">la Croisette<\/a>.<\/p>\n<blockquote class=\"instagram-media\" style=\"background: #FFF; border: 0; border-radius: 3px; box-shadow: 0 0 1px 0 rgba(0,0,0,0.5),0 1px 10px 0 rgba(0,0,0,0.15); margin: 1px; max-width: 540px; min-width: 326px; padding: 0; width: calc(100% - 2px);\" data-instgrm-captioned=\"\" data-instgrm-permalink=\"https:\/\/www.instagram.com\/p\/C6WJ-BIRTHL\/?utm_source=ig_embed&amp;utm_campaign=loading\" data-instgrm-version=\"14\">\n<div style=\"padding: 16px;\">\n<p>&nbsp;<\/p>\n<div style=\"display: flex; flex-direction: row; align-items: center;\">\n<div style=\"background-color: #f4f4f4; border-radius: 50%; flex-grow: 0; height: 40px; margin-right: 14px; width: 40px;\"><\/div>\n<div style=\"display: flex; flex-direction: column; flex-grow: 1; justify-content: center;\">\n<div style=\"background-color: #f4f4f4; border-radius: 4px; flex-grow: 0; height: 14px; margin-bottom: 6px; width: 100px;\"><\/div>\n<div style=\"background-color: #f4f4f4; border-radius: 4px; flex-grow: 0; height: 14px; width: 60px;\"><\/div>\n<\/div>\n<\/div>\n<div style=\"padding: 19% 0;\"><\/div>\n<div style=\"display: block; height: 50px; margin: 0 auto 12px; width: 50px;\"><\/div>\n<div style=\"padding-top: 8px;\">\n<div style=\"color: #3897f0; font-family: Arial,sans-serif; font-size: 14px; font-style: normal; font-weight: 550; line-height: 18px;\">Voir cette publication sur Instagram<\/div>\n<\/div>\n<div style=\"padding: 12.5% 0;\"><\/div>\n<div style=\"display: flex; flex-direction: row; margin-bottom: 14px; align-items: center;\">\n<div>\n<div style=\"background-color: #f4f4f4; border-radius: 50%; height: 12.5px; width: 12.5px; transform: translateX(0px) translateY(7px);\"><\/div>\n<div style=\"background-color: #f4f4f4; height: 12.5px; transform: rotate(-45deg) translateX(3px) translateY(1px); width: 12.5px; flex-grow: 0; margin-right: 14px; margin-left: 2px;\"><\/div>\n<div style=\"background-color: #f4f4f4; border-radius: 50%; height: 12.5px; width: 12.5px; transform: translateX(9px) translateY(-18px);\"><\/div>\n<\/div>\n<div style=\"margin-left: 8px;\">\n<div style=\"background-color: #f4f4f4; border-radius: 50%; flex-grow: 0; height: 20px; width: 20px;\"><\/div>\n<div style=\"width: 0; height: 0; border-top: 2px solid transparent; border-left: 6px solid #f4f4f4; border-bottom: 2px solid transparent; transform: translateX(16px) translateY(-4px) rotate(30deg);\"><\/div>\n<\/div>\n<div style=\"margin-left: auto;\">\n<div style=\"width: 0px; border-top: 8px solid #F4F4F4; border-right: 8px solid transparent; transform: translateY(16px);\"><\/div>\n<div style=\"background-color: #f4f4f4; flex-grow: 0; height: 12px; width: 16px; transform: translateY(-4px);\"><\/div>\n<div style=\"width: 0; height: 0; border-top: 8px solid #F4F4F4; border-left: 8px solid transparent; transform: translateY(-4px) translateX(8px);\"><\/div>\n<\/div>\n<\/div>\n<div style=\"display: flex; flex-direction: column; flex-grow: 1; justify-content: center; margin-bottom: 24px;\">\n<div style=\"background-color: #f4f4f4; border-radius: 4px; flex-grow: 0; height: 14px; margin-bottom: 6px; width: 224px;\"><\/div>\n<div style=\"background-color: #f4f4f4; border-radius: 4px; flex-grow: 0; height: 14px; width: 144px;\"><\/div>\n<\/div>\n<p>&nbsp;<\/p>\n<p style=\"color: #c9c8cd; font-family: Arial,sans-serif; font-size: 14px; line-height: 17px; margin-bottom: 0; margin-top: 8px; overflow: hidden; padding: 8px 0 7px; text-align: center; text-overflow: ellipsis; white-space: nowrap;\"><a style=\"color: #c9c8cd; font-family: Arial,sans-serif; font-size: 14px; font-style: normal; font-weight: normal; line-height: 17px; text-decoration: none;\" href=\"https:\/\/www.instagram.com\/p\/C6WJ-BIRTHL\/?utm_source=ig_embed&amp;utm_campaign=loading\" target=\"_blank\" rel=\"noopener\">Une publication partag\u00e9e par MESHKI (@meshki)<\/a><\/p>\n<\/div>\n<\/blockquote>\n<p><script async src=\"\/\/www.instagram.com\/embed.js\"><\/script><\/p>\n<h2 class=\"\" data-start=\"2787\" data-end=\"2829\">Le vrai pari : s\u00e9duire au-del\u00e0 de l\u2019\u00e9t\u00e9<\/h2>\n<p class=\"\" data-start=\"2831\" data-end=\"3385\">Plut\u00f4t que de se lamenter sur une baisse estivale \u2013 qui, soit dit en passant, n\u2019est pas av\u00e9r\u00e9e \u2013 la r\u00e9gion joue une autre carte : celle du <strong data-start=\"2970\" data-end=\"2997\">tourisme quatre saisons<\/strong>. Un pari sur la r\u00e9gularit\u00e9 plut\u00f4t que sur la flamb\u00e9e ponctuelle. Et \u00e7a commence \u00e0 porter ses fruits. En dix ans, les <strong data-start=\"3115\" data-end=\"3192\">r\u00e9servations h\u00f4teli\u00e8res ont progress\u00e9 de 10 % au printemps et \u00e0 l\u2019automne<\/strong>, et m\u00eame <strong data-start=\"3202\" data-end=\"3219\">13 % en hiver<\/strong>. Des chiffres solides qui montrent que la r\u00e9gion a su diversifier son offre, s\u2019adresser \u00e0 de nouveaux profils de voyageurs, et s\u2019\u00e9manciper d\u2019une d\u00e9pendance estivale.<\/p>\n<p class=\"\" data-start=\"3387\" data-end=\"3818\">Pendant que certains territoires peinent \u00e0 se r\u00e9inventer, la Provence-Alpes-C\u00f4te d\u2019Azur continue de capitaliser sur son <strong data-start=\"3507\" data-end=\"3525\">attrait global<\/strong> : plages, montagnes, culture, gastronomie. Et elle le fait avec une strat\u00e9gie claire, pens\u00e9e, structur\u00e9e. Les 150 000 emplois et les 21 milliards d\u2019euros de retomb\u00e9es annuelles t\u00e9moignent de la place strat\u00e9gique qu\u2019occupe le tourisme dans l\u2019\u00e9conomie r\u00e9gionale. Boud\u00e9e ? Non. Redessin\u00e9e ? Oui.<\/p>\n","protected":false},"excerpt":{"rendered":"<p>Annonc\u00e9e en perte de vitesse, accus\u00e9e d\u2019\u00eatre devenue hors de prix, la Provence-Alpes-C\u00f4te d\u2019Azur semblait, selon certains, avoir perdu de [&hellip;]<\/p>\n","protected":false},"author":4,"featured_media":28225,"comment_status":"open","ping_status":"closed","sticky":false,"template":"","format":"standard","meta":{"_acf_changed":false,"_sitemap_exclude":false,"_sitemap_priority":"","_sitemap_frequency":"","footnotes":"","rank_math_title":"","rank_math_description":"Le Sud serait-il victime de son succ\u00e8s ou simplement incompris ? Les chiffres, eux, ne mentent pas.","rank_math_canonical_url":"","rank_math_focus_keyword":"vacances"},"categories":[3],"tags":[],"class_list":["post-28224","post","type-post","status-publish","format-standard","has-post-thumbnail","hentry","category-voyage"],"acf":[],"_links":{"self":[{"href":"https:\/\/ulysse.com\/news\/wp-json\/wp\/v2\/posts\/28224","targetHints":{"allow":["GET"]}}],"collection":[{"href":"https:\/\/ulysse.com\/news\/wp-json\/wp\/v2\/posts"}],"about":[{"href":"https:\/\/ulysse.com\/news\/wp-json\/wp\/v2\/types\/post"}],"author":[{"embeddable":true,"href":"https:\/\/ulysse.com\/news\/wp-json\/wp\/v2\/users\/4"}],"replies":[{"embeddable":true,"href":"https:\/\/ulysse.com\/news\/wp-json\/wp\/v2\/comments?post=28224"}],"version-history":[{"count":1,"href":"https:\/\/ulysse.com\/news\/wp-json\/wp\/v2\/posts\/28224\/revisions"}],"predecessor-version":[{"id":28226,"href":"https:\/\/ulysse.com\/news\/wp-json\/wp\/v2\/posts\/28224\/revisions\/28226"}],"wp:featuredmedia":[{"embeddable":true,"href":"https:\/\/ulysse.com\/news\/wp-json\/wp\/v2\/media\/28225"}],"wp:attachment":[{"href":"https:\/\/ulysse.com\/news\/wp-json\/wp\/v2\/media?parent=28224"}],"wp:term":[{"taxonomy":"category","embeddable":true,"href":"https:\/\/ulysse.com\/news\/wp-json\/wp\/v2\/categories?post=28224"},{"taxonomy":"post_tag","embeddable":true,"href":"https:\/\/ulysse.com\/news\/wp-json\/wp\/v2\/tags?post=28224"}],"curies":[{"name":"wp","href":"https:\/\/api.w.org\/{rel}","templated":true}]}}