{"id":28279,"date":"2025-04-14T17:00:29","date_gmt":"2025-04-14T16:00:29","guid":{"rendered":"https:\/\/discover.ulysse.com\/?p=28279"},"modified":"2025-04-13T22:31:08","modified_gmt":"2025-04-13T21:31:08","slug":"ce-lieu-idyllique-sur-la-cote-dazur-en-passe-de-disparaitre","status":"publish","type":"post","link":"https:\/\/ulysse.com\/news\/ce-lieu-idyllique-sur-la-cote-dazur-en-passe-de-disparaitre","title":{"rendered":"Ce lieu idyllique sur la C\u00f4te d&#8217;Azur en passe de dispara\u00eetre"},"content":{"rendered":"<p class=\"\" data-start=\"64\" data-end=\"617\">\u00c0 Saint-Jean-Cap-Ferrat, un lieu embl\u00e9matique de la C\u00f4te d\u2019Azur s\u2019appr\u00eate \u00e0 changer \u00e0 jamais. Situ\u00e9e \u00e0 quelques kilom\u00e8tres de Nice, la plage de l\u2019Anse de la Scaletta, r\u00e9put\u00e9e pour sa beaut\u00e9 naturelle et ses panoramas spectaculaires, est sur le point de subir une transformation radicale. En raison de travaux importants, une grande partie de cette plage mythique sera inaccessible cet \u00e9t\u00e9, modifiant ainsi l&#8217;exp\u00e9rience des visiteurs. Ce projet de r\u00e9am\u00e9nagement suscite des r\u00e9actions partag\u00e9es et soul\u00e8ve des questions sur l&#8217;avenir de ce coin de paradis.<\/p>\n<h2 class=\"\" data-start=\"619\" data-end=\"671\">Des travaux qui changent l\u2019exp\u00e9rience de la plage<\/h2>\n<p class=\"\" data-start=\"673\" data-end=\"1206\">La plage de l\u2019Anse de la Scaletta, pris\u00e9e des Ni\u00e7ois et des touristes pour sa tranquillit\u00e9 et son cadre naturel, va subir d\u2019importantes modifications. Les travaux de consolidation de la falaise adjacente \u00e0 la plage, qui d\u00e9buteront cet \u00e9t\u00e9, entra\u00eeneront la fermeture d\u2019une grande portion de cette \u00e9tendue de sable. Les baigneurs pourront toujours acc\u00e9der \u00e0 une petite partie du site, mais l\u2019absence de services comme la restauration, pr\u00e9c\u00e9demment propos\u00e9s par le c\u00e9l\u00e8bre restaurant Paloma Beach, perturbera l\u2019exp\u00e9rience des visiteurs.<\/p>\n<p class=\"\" data-start=\"1208\" data-end=\"1701\">Ce chantier, pr\u00e9vu pour plusieurs mois, aura un impact imm\u00e9diat sur l&#8217;attractivit\u00e9 de la plage. Le restaurant Paloma Beach, lieu incontournable de la C\u00f4te d&#8217;Azur, a \u00e9t\u00e9 d\u00e9moli dans le cadre de ces travaux, et il ne rouvrira pas cette saison. Les habitu\u00e9s et les touristes de passage regretteront la perte d&#8217;un \u00e9tablissement historique, qui faisait partie int\u00e9grante de l\u2019atmosph\u00e8re unique du lieu. M\u00eame si la beaut\u00e9 naturelle du site reste pr\u00e9serv\u00e9e, la plage ne sera plus tout \u00e0 fait la m\u00eame.<\/p>\n<blockquote class=\"instagram-media\" style=\"background: #FFF; border: 0; border-radius: 3px; box-shadow: 0 0 1px 0 rgba(0,0,0,0.5),0 1px 10px 0 rgba(0,0,0,0.15); margin: 1px; max-width: 540px; min-width: 326px; padding: 0; width: calc(100% - 2px);\" data-instgrm-captioned=\"\" data-instgrm-permalink=\"https:\/\/www.instagram.com\/p\/CruH5UnIe0-\/?utm_source=ig_embed&amp;utm_campaign=loading\" data-instgrm-version=\"14\">\n<div style=\"padding: 16px;\">\n<p>&nbsp;<\/p>\n<div style=\"display: flex; flex-direction: row; align-items: center;\">\n<div style=\"background-color: #f4f4f4; border-radius: 50%; flex-grow: 0; height: 40px; margin-right: 14px; width: 40px;\"><\/div>\n<div style=\"display: flex; flex-direction: column; flex-grow: 1; justify-content: center;\">\n<div style=\"background-color: #f4f4f4; border-radius: 4px; flex-grow: 0; height: 14px; margin-bottom: 6px; width: 100px;\"><\/div>\n<div style=\"background-color: #f4f4f4; border-radius: 4px; flex-grow: 0; height: 14px; width: 60px;\"><\/div>\n<\/div>\n<\/div>\n<div style=\"padding: 19% 0;\"><\/div>\n<div style=\"display: block; height: 50px; margin: 0 auto 12px; width: 50px;\"><\/div>\n<div style=\"padding-top: 8px;\">\n<div style=\"color: #3897f0; font-family: Arial,sans-serif; font-size: 14px; font-style: normal; font-weight: 550; line-height: 18px;\">Voir cette publication sur Instagram<\/div>\n<\/div>\n<div style=\"padding: 12.5% 0;\"><\/div>\n<div style=\"display: flex; flex-direction: row; margin-bottom: 14px; align-items: center;\">\n<div>\n<div style=\"background-color: #f4f4f4; border-radius: 50%; height: 12.5px; width: 12.5px; transform: translateX(0px) translateY(7px);\"><\/div>\n<div style=\"background-color: #f4f4f4; height: 12.5px; transform: rotate(-45deg) translateX(3px) translateY(1px); width: 12.5px; flex-grow: 0; margin-right: 14px; margin-left: 2px;\"><\/div>\n<div style=\"background-color: #f4f4f4; border-radius: 50%; height: 12.5px; width: 12.5px; transform: translateX(9px) translateY(-18px);\"><\/div>\n<\/div>\n<div style=\"margin-left: 8px;\">\n<div style=\"background-color: #f4f4f4; border-radius: 50%; flex-grow: 0; height: 20px; width: 20px;\"><\/div>\n<div style=\"width: 0; height: 0; border-top: 2px solid transparent; border-left: 6px solid #f4f4f4; border-bottom: 2px solid transparent; transform: translateX(16px) translateY(-4px) rotate(30deg);\"><\/div>\n<\/div>\n<div style=\"margin-left: auto;\">\n<div style=\"width: 0px; border-top: 8px solid #F4F4F4; border-right: 8px solid transparent; transform: translateY(16px);\"><\/div>\n<div style=\"background-color: #f4f4f4; flex-grow: 0; height: 12px; width: 16px; transform: translateY(-4px);\"><\/div>\n<div style=\"width: 0; height: 0; border-top: 8px solid #F4F4F4; border-left: 8px solid transparent; transform: translateY(-4px) translateX(8px);\"><\/div>\n<\/div>\n<\/div>\n<div style=\"display: flex; flex-direction: column; flex-grow: 1; justify-content: center; margin-bottom: 24px;\">\n<div style=\"background-color: #f4f4f4; border-radius: 4px; flex-grow: 0; height: 14px; margin-bottom: 6px; width: 224px;\"><\/div>\n<div style=\"background-color: #f4f4f4; border-radius: 4px; flex-grow: 0; height: 14px; width: 144px;\"><\/div>\n<\/div>\n<p>&nbsp;<\/p>\n<p style=\"color: #c9c8cd; font-family: Arial,sans-serif; font-size: 14px; line-height: 17px; margin-bottom: 0; margin-top: 8px; overflow: hidden; padding: 8px 0 7px; text-align: center; text-overflow: ellipsis; white-space: nowrap;\"><a style=\"color: #c9c8cd; font-family: Arial,sans-serif; font-size: 14px; font-style: normal; font-weight: normal; line-height: 17px; text-decoration: none;\" href=\"https:\/\/www.instagram.com\/p\/CruH5UnIe0-\/?utm_source=ig_embed&amp;utm_campaign=loading\" target=\"_blank\" rel=\"noopener\">Une publication partag\u00e9e par French Riviera (@frenchriviera.explore)<\/a><\/p>\n<\/div>\n<\/blockquote>\n<p><script async src=\"\/\/www.instagram.com\/embed.js\"><\/script><\/p>\n<h2 class=\"\" data-start=\"1703\" data-end=\"1752\">Des r\u00e9actions partag\u00e9es et un avenir incertain<\/h2>\n<p class=\"\" data-start=\"1754\" data-end=\"2314\">Les travaux qui modifient en profondeur le paysage de la plage de l\u2019Anse de la Scaletta suscitent des r\u00e9actions divergentes parmi les habitants et les visiteurs. Certains, comme C\u00e9line, une habitante de Nice, sont particuli\u00e8rement d\u00e9\u00e7us par la perte de l\u2019atmosph\u00e8re qui faisait de ce lieu un v\u00e9ritable sanctuaire. &#8220;C\u2019est vraiment dommage, \u00e7a ajoutait une touche \u00e0 la plage qui est d\u00e9j\u00e0 tr\u00e8s belle au naturel&#8221;, confie-t-elle. Pour ces personnes, la fermeture de cette partie de la plage et la destruction du restaurant Paloma Beach marquent la fin d\u2019une \u00e9poque.<\/p>\n<blockquote class=\"instagram-media\" style=\"background: #FFF; border: 0; border-radius: 3px; box-shadow: 0 0 1px 0 rgba(0,0,0,0.5),0 1px 10px 0 rgba(0,0,0,0.15); margin: 1px; max-width: 540px; min-width: 326px; padding: 0; width: calc(100% - 2px);\" data-instgrm-permalink=\"https:\/\/www.instagram.com\/p\/C0nQFWzxRb_\/?utm_source=ig_embed&amp;utm_campaign=loading\" data-instgrm-version=\"14\">\n<div style=\"padding: 16px;\">\n<p>&nbsp;<\/p>\n<div style=\"display: flex; flex-direction: row; align-items: center;\">\n<div style=\"background-color: #f4f4f4; border-radius: 50%; flex-grow: 0; height: 40px; margin-right: 14px; width: 40px;\"><\/div>\n<div style=\"display: flex; flex-direction: column; flex-grow: 1; justify-content: center;\">\n<div style=\"background-color: #f4f4f4; border-radius: 4px; flex-grow: 0; height: 14px; margin-bottom: 6px; width: 100px;\"><\/div>\n<div style=\"background-color: #f4f4f4; border-radius: 4px; flex-grow: 0; height: 14px; width: 60px;\"><\/div>\n<\/div>\n<\/div>\n<div style=\"padding: 19% 0;\"><\/div>\n<div style=\"display: block; height: 50px; margin: 0 auto 12px; width: 50px;\"><\/div>\n<div style=\"padding-top: 8px;\">\n<div style=\"color: #3897f0; font-family: Arial,sans-serif; font-size: 14px; font-style: normal; font-weight: 550; line-height: 18px;\">Voir cette publication sur Instagram<\/div>\n<\/div>\n<div style=\"padding: 12.5% 0;\"><\/div>\n<div style=\"display: flex; flex-direction: row; margin-bottom: 14px; align-items: center;\">\n<div>\n<div style=\"background-color: #f4f4f4; border-radius: 50%; height: 12.5px; width: 12.5px; transform: translateX(0px) translateY(7px);\"><\/div>\n<div style=\"background-color: #f4f4f4; height: 12.5px; transform: rotate(-45deg) translateX(3px) translateY(1px); width: 12.5px; flex-grow: 0; margin-right: 14px; margin-left: 2px;\"><\/div>\n<div style=\"background-color: #f4f4f4; border-radius: 50%; height: 12.5px; width: 12.5px; transform: translateX(9px) translateY(-18px);\"><\/div>\n<\/div>\n<div style=\"margin-left: 8px;\">\n<div style=\"background-color: #f4f4f4; border-radius: 50%; flex-grow: 0; height: 20px; width: 20px;\"><\/div>\n<div style=\"width: 0; height: 0; border-top: 2px solid transparent; border-left: 6px solid #f4f4f4; border-bottom: 2px solid transparent; transform: translateX(16px) translateY(-4px) rotate(30deg);\"><\/div>\n<\/div>\n<div style=\"margin-left: auto;\">\n<div style=\"width: 0px; border-top: 8px solid #F4F4F4; border-right: 8px solid transparent; transform: translateY(16px);\"><\/div>\n<div style=\"background-color: #f4f4f4; flex-grow: 0; height: 12px; width: 16px; transform: translateY(-4px);\"><\/div>\n<div style=\"width: 0; height: 0; border-top: 8px solid #F4F4F4; border-left: 8px solid transparent; transform: translateY(-4px) translateX(8px);\"><\/div>\n<\/div>\n<\/div>\n<div style=\"display: flex; flex-direction: column; flex-grow: 1; justify-content: center; margin-bottom: 24px;\">\n<div style=\"background-color: #f4f4f4; border-radius: 4px; flex-grow: 0; height: 14px; margin-bottom: 6px; width: 224px;\"><\/div>\n<div style=\"background-color: #f4f4f4; border-radius: 4px; flex-grow: 0; height: 14px; width: 144px;\"><\/div>\n<\/div>\n<p>&nbsp;<\/p>\n<p style=\"color: #c9c8cd; font-family: Arial,sans-serif; font-size: 14px; line-height: 17px; margin-bottom: 0; margin-top: 8px; overflow: hidden; padding: 8px 0 7px; text-align: center; text-overflow: ellipsis; white-space: nowrap;\"><a style=\"color: #c9c8cd; font-family: Arial,sans-serif; font-size: 14px; font-style: normal; font-weight: normal; line-height: 17px; text-decoration: none;\" href=\"https:\/\/www.instagram.com\/p\/C0nQFWzxRb_\/?utm_source=ig_embed&amp;utm_campaign=loading\" target=\"_blank\" rel=\"noopener\">Une publication partag\u00e9e par Where Is Football (@whereisfootball)<\/a><\/p>\n<\/div>\n<\/blockquote>\n<p><script async src=\"\/\/www.instagram.com\/embed.js\"><\/script><\/p>\n<p class=\"\" data-start=\"2316\" data-end=\"2861\">En revanche, d&#8217;autres voient dans ce changement une opportunit\u00e9 d\u2019appr\u00e9cier le site d\u2019une nouvelle mani\u00e8re. Un couple de touristes anglais, arriv\u00e9 sur place par hasard, souligne que &#8220;le lieu est incroyable, pas besoin d\u2019installation pour venir&#8221;. Effectivement, le panorama magnifique sur la baie de Beaulieu-sur-Mer et les montagnes environnantes continue de justifier le d\u00e9placement. Mais le manque de services, m\u00eame si cela ne d\u00e9range pas certains, pourrait laisser un go\u00fbt d\u2019inachev\u00e9 pour ceux qui appr\u00e9ciaient la commodit\u00e9 de l\u2019ancien cadre.<\/p>\n<p class=\"\" data-start=\"2863\" data-end=\"3061\">En attendant le r\u00e9sultat des travaux, les habitants et visiteurs devront patienter, esp\u00e9rant que l\u2019avenir de ce lieu pr\u00e9serv\u00e9 saura combiner s\u00e9curit\u00e9, accessibilit\u00e9 et respect du patrimoine naturel.<\/p>\n","protected":false},"excerpt":{"rendered":"<p>\u00c0 Saint-Jean-Cap-Ferrat, un lieu embl\u00e9matique de la C\u00f4te d\u2019Azur s\u2019appr\u00eate \u00e0 changer \u00e0 jamais. Situ\u00e9e \u00e0 quelques kilom\u00e8tres de Nice, [&hellip;]<\/p>\n","protected":false},"author":4,"featured_media":28280,"comment_status":"open","ping_status":"closed","sticky":false,"template":"","format":"standard","meta":{"_acf_changed":false,"_sitemap_exclude":false,"_sitemap_priority":"","_sitemap_frequency":"","footnotes":"","rank_math_title":"","rank_math_description":"","rank_math_canonical_url":"","rank_math_focus_keyword":"lieu"},"categories":[3],"tags":[],"class_list":["post-28279","post","type-post","status-publish","format-standard","has-post-thumbnail","hentry","category-voyage"],"acf":[],"_links":{"self":[{"href":"https:\/\/ulysse.com\/news\/wp-json\/wp\/v2\/posts\/28279","targetHints":{"allow":["GET"]}}],"collection":[{"href":"https:\/\/ulysse.com\/news\/wp-json\/wp\/v2\/posts"}],"about":[{"href":"https:\/\/ulysse.com\/news\/wp-json\/wp\/v2\/types\/post"}],"author":[{"embeddable":true,"href":"https:\/\/ulysse.com\/news\/wp-json\/wp\/v2\/users\/4"}],"replies":[{"embeddable":true,"href":"https:\/\/ulysse.com\/news\/wp-json\/wp\/v2\/comments?post=28279"}],"version-history":[{"count":1,"href":"https:\/\/ulysse.com\/news\/wp-json\/wp\/v2\/posts\/28279\/revisions"}],"predecessor-version":[{"id":28281,"href":"https:\/\/ulysse.com\/news\/wp-json\/wp\/v2\/posts\/28279\/revisions\/28281"}],"wp:featuredmedia":[{"embeddable":true,"href":"https:\/\/ulysse.com\/news\/wp-json\/wp\/v2\/media\/28280"}],"wp:attachment":[{"href":"https:\/\/ulysse.com\/news\/wp-json\/wp\/v2\/media?parent=28279"}],"wp:term":[{"taxonomy":"category","embeddable":true,"href":"https:\/\/ulysse.com\/news\/wp-json\/wp\/v2\/categories?post=28279"},{"taxonomy":"post_tag","embeddable":true,"href":"https:\/\/ulysse.com\/news\/wp-json\/wp\/v2\/tags?post=28279"}],"curies":[{"name":"wp","href":"https:\/\/api.w.org\/{rel}","templated":true}]}}