{"id":28295,"date":"2025-04-16T17:00:24","date_gmt":"2025-04-16T16:00:24","guid":{"rendered":"https:\/\/discover.ulysse.com\/?p=28295"},"modified":"2025-04-16T11:24:31","modified_gmt":"2025-04-16T10:24:31","slug":"enfer-glace-hiver-eden-chaleur-ete-village-jura","status":"publish","type":"post","link":"https:\/\/ulysse.com\/news\/enfer-glace-hiver-eden-chaleur-ete-village-jura","title":{"rendered":"D&#8217;enfer glac\u00e9 en hiver \u00e0 petit \u00e9den chaleureux en \u00e9t\u00e9, ce village du Jura va vous en mettre plein les yeux"},"content":{"rendered":"<p>Situ\u00e9 dans les montagnes du Jura, Mouthe, surnomm\u00e9e la \u00ab Petite Sib\u00e9rie de France \u00bb, s\u2019impose comme l\u2019un des endroits les plus fascinants et extr\u00eames de l\u2019Hexagone. Bien qu\u2019elle soit mondialement reconnue pour ses hivers rigoureux, cette commune de 1 000 m\u00e8tres d\u2019altitude vous d\u00e9voile toute sa beaut\u00e9 et son charme tout au long de l\u2019ann\u00e9e. Entre froid mordant et douce chaleur estivale, ce petit village vous promet des sensations fortes et une d\u00e9connexion totale. D\u00e9couvrez un lieu qui s\u00e9duit par ses contrastes saisissants et ses tr\u00e9sors cach\u00e9s.<\/p>\n<h2>L&#8217;hiver, un d\u00e9cor glac\u00e9 et majestueux<\/h2>\n<p>Lorsque l\u2019hiver s\u2019installe, Mouthe rev\u00eat son manteau blanc et devient un v\u00e9ritable paradis pour les amateurs de sports de neige. Si vous recherchez une exp\u00e9rience unique en plein c\u0153ur de la nature, les kilom\u00e8tres de pistes de ski de fond, les sentiers pour raquettes et la station de ski alpin sauront combler vos attentes. Les temp\u00e9ratures extr\u00eames, souvent <strong>en dessous de -20 \u00b0C<\/strong>, font partie int\u00e9grante de son identit\u00e9, avec des records de froid battus comme en 1985, o\u00f9 la temp\u00e9rature a atteint -41,2 \u00b0C.<\/p>\n<p>Les paysages d\u2019hiver,<strong> dignes de la ta\u00efga<\/strong>, offrent un cadre parfait pour s\u2019adonner \u00e0 des activit\u00e9s comme le ski nordique ou l\u2019observation des animaux sauvages. La r\u00e9gion abrite m\u00eame un <strong>Parc polaire<\/strong>, o\u00f9 vous pourrez rencontrer des rennes, des bisons et des chamois dans un d\u00e9cor rappelant le Grand Nord. Si vous pr\u00e9f\u00e9rez une aventure plus extr\u00eame, le tremplin de saut \u00e0 ski de <a href=\"https:\/\/discover.ulysse.com\/paradis-enneige-meconnu-a-2h30-de-lyon-ski\">Chaux-Neuve<\/a>, \u00e0 proximit\u00e9, vous plonge dans l&#8217;univers du sport de haut niveau, avec des installations homologu\u00e9es internationalement.<\/p>\n<blockquote class=\"instagram-media\" style=\"background: #FFF; border: 0; border-radius: 3px; margin: 1px; max-width: 540px; min-width: 326px; padding: 0; width: calc(100% - 2px);\" data-instgrm-permalink=\"https:\/\/www.instagram.com\/p\/C2xeh8nM7_j\/?utm_source=ig_embed&amp;utm_campaign=loading\" data-instgrm-version=\"14\">\n<div style=\"padding: 16px;\">\n<p>&nbsp;<\/p>\n<div style=\"flex-direction: row; align-items: center;\">\n<div style=\"background-color: #f4f4f4; border-radius: 50%; flex-grow: 0; height: 40px; margin-right: 14px; width: 40px;\"><\/div>\n<div style=\"flex-direction: column; flex-grow: 1; justify-content: center;\">\n<div style=\"background-color: #f4f4f4; border-radius: 4px; flex-grow: 0; height: 14px; margin-bottom: 6px; width: 100px;\"><\/div>\n<div style=\"background-color: #f4f4f4; border-radius: 4px; flex-grow: 0; height: 14px; width: 60px;\"><\/div>\n<\/div>\n<\/div>\n<div style=\"padding: 19% 0;\"><\/div>\n<div style=\"height: 50px; margin: 0 auto 12px; width: 50px;\"><\/div>\n<div style=\"padding-top: 8px;\">\n<div style=\"color: #3897f0; font-family: Arial,sans-serif; font-size: 14px; font-style: normal; font-weight: 550; line-height: 18px;\">Voir cette publication sur Instagram<\/div>\n<\/div>\n<div style=\"padding: 12.5% 0;\"><\/div>\n<div style=\"flex-direction: row; margin-bottom: 14px; align-items: center;\">\n<div>\n<div style=\"background-color: #f4f4f4; border-radius: 50%; height: 12.5px; width: 12.5px;\"><\/div>\n<div style=\"background-color: #f4f4f4; height: 12.5px; width: 12.5px; flex-grow: 0; margin-right: 14px; margin-left: 2px;\"><\/div>\n<div style=\"background-color: #f4f4f4; border-radius: 50%; height: 12.5px; width: 12.5px;\"><\/div>\n<\/div>\n<div style=\"margin-left: 8px;\">\n<div style=\"background-color: #f4f4f4; border-radius: 50%; flex-grow: 0; height: 20px; width: 20px;\"><\/div>\n<div style=\"width: 0; height: 0; border-top: 2px solid transparent; border-left: 6px solid #f4f4f4; border-bottom: 2px solid transparent;\"><\/div>\n<\/div>\n<div style=\"margin-left: auto;\">\n<div style=\"width: 0px; border-top: 8px solid #F4F4F4; border-right: 8px solid transparent;\"><\/div>\n<div style=\"background-color: #f4f4f4; flex-grow: 0; height: 12px; width: 16px;\"><\/div>\n<div style=\"width: 0; height: 0; border-top: 8px solid #F4F4F4; border-left: 8px solid transparent;\"><\/div>\n<\/div>\n<\/div>\n<div style=\"flex-direction: column; flex-grow: 1; justify-content: center; margin-bottom: 24px;\">\n<div style=\"background-color: #f4f4f4; border-radius: 4px; flex-grow: 0; height: 14px; margin-bottom: 6px; width: 224px;\"><\/div>\n<div style=\"background-color: #f4f4f4; border-radius: 4px; flex-grow: 0; height: 14px; width: 144px;\"><\/div>\n<\/div>\n<p>&nbsp;<\/p>\n<p style=\"color: #c9c8cd; font-family: Arial,sans-serif; font-size: 14px; line-height: 17px; margin-bottom: 0; margin-top: 8px; overflow: hidden; padding: 8px 0 7px; text-align: center;\"><a style=\"color: #c9c8cd; font-family: Arial,sans-serif; font-size: 14px; font-style: normal; font-weight: normal; line-height: 17px; text-decoration: none;\" href=\"https:\/\/www.instagram.com\/p\/C2xeh8nM7_j\/?utm_source=ig_embed&amp;utm_campaign=loading\" target=\"_blank\" rel=\"noopener\">Une publication partag\u00e9e par Aleksi \ud83e\ude93 \u16df\u16b1\u16b9\u16d6 (@alex_terieur2560)<\/a><\/p>\n<\/div>\n<\/blockquote>\n<h2>Un \u00e9t\u00e9 au c\u0153ur de la nature<\/h2>\n<p>D\u00e8s que le soleil r\u00e9chauffe l\u2019air, le village de Mouthe se transforme en un v\u00e9ritable havre de paix, avec ses <strong>vastes<\/strong> <strong>\u00e9tendues de verdure<\/strong>, ses lacs cristallins et ses for\u00eats denses. Le Val de Mouthe devient un terrain de jeu id\u00e9al pour ceux qui souhaitent profiter d\u2019une escapade estivale loin de la fr\u00e9n\u00e9sie urbaine. Les sentiers de randonn\u00e9e vous m\u00e8neront \u00e0 travers des paysages vari\u00e9s, entre lacs et for\u00eats, pour des balades inoubliables.<\/p>\n<p>L&#8217;une des attractions incontournables de la r\u00e9gion est<strong> la Source du Doubs<\/strong>, un lieu magique o\u00f9 l\u2019eau jaillit des montagnes pour former une rivi\u00e8re qui traverse la r\u00e9gion sur 430 km. La beaut\u00e9 de ce site naturel, entour\u00e9 de tourbi\u00e8res prot\u00e9g\u00e9es et de for\u00eats d\u2019\u00e9pic\u00e9as, vous plonge dans une <strong>atmosph\u00e8re mystique et apaisante<\/strong>. Si vous \u00eates amateur de VTT, le single track de Mouthe offre un parcours passionnant, serpentant \u00e0 travers la for\u00eat, pour une exp\u00e9rience sportive unique.<\/p>\n<blockquote class=\"instagram-media\" style=\"background: #FFF; border: 0; border-radius: 3px; margin: 1px; max-width: 540px; min-width: 326px; padding: 0; width: calc(100% - 2px);\" data-instgrm-permalink=\"https:\/\/www.instagram.com\/p\/C9fNRzotm6d\/?utm_source=ig_embed&amp;utm_campaign=loading\" data-instgrm-version=\"14\">\n<div style=\"padding: 16px;\">\n<p>&nbsp;<\/p>\n<div style=\"flex-direction: row; align-items: center;\">\n<div style=\"background-color: #f4f4f4; border-radius: 50%; flex-grow: 0; height: 40px; margin-right: 14px; width: 40px;\"><\/div>\n<div style=\"flex-direction: column; flex-grow: 1; justify-content: center;\">\n<div style=\"background-color: #f4f4f4; border-radius: 4px; flex-grow: 0; height: 14px; margin-bottom: 6px; width: 100px;\"><\/div>\n<div style=\"background-color: #f4f4f4; border-radius: 4px; flex-grow: 0; height: 14px; width: 60px;\"><\/div>\n<\/div>\n<\/div>\n<div style=\"padding: 19% 0;\"><\/div>\n<div style=\"height: 50px; margin: 0 auto 12px; width: 50px;\"><\/div>\n<div style=\"padding-top: 8px;\">\n<div style=\"color: #3897f0; font-family: Arial,sans-serif; font-size: 14px; font-style: normal; font-weight: 550; line-height: 18px;\">Voir cette publication sur Instagram<\/div>\n<\/div>\n<div style=\"padding: 12.5% 0;\"><\/div>\n<div style=\"flex-direction: row; margin-bottom: 14px; align-items: center;\">\n<div>\n<div style=\"background-color: #f4f4f4; border-radius: 50%; height: 12.5px; width: 12.5px;\"><\/div>\n<div style=\"background-color: #f4f4f4; height: 12.5px; width: 12.5px; flex-grow: 0; margin-right: 14px; margin-left: 2px;\"><\/div>\n<div style=\"background-color: #f4f4f4; border-radius: 50%; height: 12.5px; width: 12.5px;\"><\/div>\n<\/div>\n<div style=\"margin-left: 8px;\">\n<div style=\"background-color: #f4f4f4; border-radius: 50%; flex-grow: 0; height: 20px; width: 20px;\"><\/div>\n<div style=\"width: 0; height: 0; border-top: 2px solid transparent; border-left: 6px solid #f4f4f4; border-bottom: 2px solid transparent;\"><\/div>\n<\/div>\n<div style=\"margin-left: auto;\">\n<div style=\"width: 0px; border-top: 8px solid #F4F4F4; border-right: 8px solid transparent;\"><\/div>\n<div style=\"background-color: #f4f4f4; flex-grow: 0; height: 12px; width: 16px;\"><\/div>\n<div style=\"width: 0; height: 0; border-top: 8px solid #F4F4F4; border-left: 8px solid transparent;\"><\/div>\n<\/div>\n<\/div>\n<div style=\"flex-direction: column; flex-grow: 1; justify-content: center; margin-bottom: 24px;\">\n<div style=\"background-color: #f4f4f4; border-radius: 4px; flex-grow: 0; height: 14px; margin-bottom: 6px; width: 224px;\"><\/div>\n<div style=\"background-color: #f4f4f4; border-radius: 4px; flex-grow: 0; height: 14px; width: 144px;\"><\/div>\n<\/div>\n<p>&nbsp;<\/p>\n<p style=\"color: #c9c8cd; font-family: Arial,sans-serif; font-size: 14px; line-height: 17px; margin-bottom: 0; margin-top: 8px; overflow: hidden; padding: 8px 0 7px; text-align: center;\"><a style=\"color: #c9c8cd; font-family: Arial,sans-serif; font-size: 14px; font-style: normal; font-weight: normal; line-height: 17px; text-decoration: none;\" href=\"https:\/\/www.instagram.com\/p\/C9fNRzotm6d\/?utm_source=ig_embed&amp;utm_campaign=loading\" target=\"_blank\" rel=\"noopener\">Une publication partag\u00e9e par Quentin Divet (@tinkan61160)<\/a><\/p>\n<\/div>\n<\/blockquote>\n<h2>Mouthe, un lieu d&#8217;isolement et de convivialit\u00e9<\/h2>\n<p>Au-del\u00e0 de ses paysages spectaculaires, le village de Mouthe s\u00e9duit aussi par la chaleur de ses habitants et son atmosph\u00e8re authentique. Surnomm\u00e9e la \u00ab <strong>Petite Sib\u00e9rie<\/strong> \u00bb, la commune attire de plus en plus de personnes en qu\u00eate de d\u00e9connexion. Artistes, \u00e9crivains et citadins cherchent ici un refuge paisible, loin des contraintes du quotidien. Les Meuthiards, comme on appelle les habitants, sont fiers de leur village et accueillent chaleureusement les visiteurs, offrant une<strong> hospitalit\u00e9 rare et sinc\u00e8re<\/strong>.<\/p>\n<p>Lors de votre s\u00e9jour, ne manquez pas de <strong>go\u00fbter aux sp\u00e9cialit\u00e9s locales<\/strong>, telles que la saucisse de Morteau ou le d\u00e9licieux Mont d\u2019Or au four, qui r\u00e9chaufferont vos papilles apr\u00e8s une journ\u00e9e pass\u00e9e \u00e0 explorer les environs. L\u2019exp\u00e9rience d\u2019une veill\u00e9e traditionnelle dans une ferme isol\u00e9e, autour d\u2019un feu de bois, est un moment unique pour plonger dans la culture locale.<\/p>\n<blockquote class=\"instagram-media\" style=\"background: #FFF; border: 0; border-radius: 3px; margin: 1px; max-width: 540px; min-width: 326px; padding: 0; width: calc(100% - 2px);\" data-instgrm-permalink=\"https:\/\/www.instagram.com\/p\/CzjzcFNCTRE\/?utm_source=ig_embed&amp;utm_campaign=loading\" data-instgrm-version=\"14\">\n<div style=\"padding: 16px;\">\n<p>&nbsp;<\/p>\n<div style=\"flex-direction: row; align-items: center;\">\n<div style=\"background-color: #f4f4f4; border-radius: 50%; flex-grow: 0; height: 40px; margin-right: 14px; width: 40px;\"><\/div>\n<div style=\"flex-direction: column; flex-grow: 1; justify-content: center;\">\n<div style=\"background-color: #f4f4f4; border-radius: 4px; flex-grow: 0; height: 14px; margin-bottom: 6px; width: 100px;\"><\/div>\n<div style=\"background-color: #f4f4f4; border-radius: 4px; flex-grow: 0; height: 14px; width: 60px;\"><\/div>\n<\/div>\n<\/div>\n<div style=\"padding: 19% 0;\"><\/div>\n<div style=\"height: 50px; margin: 0 auto 12px; width: 50px;\"><\/div>\n<div style=\"padding-top: 8px;\">\n<div style=\"color: #3897f0; font-family: Arial,sans-serif; font-size: 14px; font-style: normal; font-weight: 550; line-height: 18px;\">Voir cette publication sur Instagram<\/div>\n<\/div>\n<div style=\"padding: 12.5% 0;\"><\/div>\n<div style=\"flex-direction: row; margin-bottom: 14px; align-items: center;\">\n<div>\n<div style=\"background-color: #f4f4f4; border-radius: 50%; height: 12.5px; width: 12.5px;\"><\/div>\n<div style=\"background-color: #f4f4f4; height: 12.5px; width: 12.5px; flex-grow: 0; margin-right: 14px; margin-left: 2px;\"><\/div>\n<div style=\"background-color: #f4f4f4; border-radius: 50%; height: 12.5px; width: 12.5px;\"><\/div>\n<\/div>\n<div style=\"margin-left: 8px;\">\n<div style=\"background-color: #f4f4f4; border-radius: 50%; flex-grow: 0; height: 20px; width: 20px;\"><\/div>\n<div style=\"width: 0; height: 0; border-top: 2px solid transparent; border-left: 6px solid #f4f4f4; border-bottom: 2px solid transparent;\"><\/div>\n<\/div>\n<div style=\"margin-left: auto;\">\n<div style=\"width: 0px; border-top: 8px solid #F4F4F4; border-right: 8px solid transparent;\"><\/div>\n<div style=\"background-color: #f4f4f4; flex-grow: 0; height: 12px; width: 16px;\"><\/div>\n<div style=\"width: 0; height: 0; border-top: 8px solid #F4F4F4; border-left: 8px solid transparent;\"><\/div>\n<\/div>\n<\/div>\n<div style=\"flex-direction: column; flex-grow: 1; justify-content: center; margin-bottom: 24px;\">\n<div style=\"background-color: #f4f4f4; border-radius: 4px; flex-grow: 0; height: 14px; margin-bottom: 6px; width: 224px;\"><\/div>\n<div style=\"background-color: #f4f4f4; border-radius: 4px; flex-grow: 0; height: 14px; width: 144px;\"><\/div>\n<\/div>\n<p>&nbsp;<\/p>\n<p style=\"color: #c9c8cd; font-family: Arial,sans-serif; font-size: 14px; line-height: 17px; margin-bottom: 0; margin-top: 8px; overflow: hidden; padding: 8px 0 7px; text-align: center;\"><a style=\"color: #c9c8cd; font-family: Arial,sans-serif; font-size: 14px; font-style: normal; font-weight: normal; line-height: 17px; text-decoration: none;\" href=\"https:\/\/www.instagram.com\/p\/CzjzcFNCTRE\/?utm_source=ig_embed&amp;utm_campaign=loading\" target=\"_blank\" rel=\"noopener\">Une publication partag\u00e9e par Tiffany Chazot (@maggymauve2811)<\/a><\/p>\n<\/div>\n<\/blockquote>\n<h2>Un lieu de tournage et d\u2019histoire, dans un village hors du commun<\/h2>\n<p>Ce n\u2019est pas un hasard si le village de Mouthe a \u00e9t\u00e9 choisie comme <strong>d\u00e9cor pour plusieurs films et s\u00e9ries<\/strong>. Son atmosph\u00e8re myst\u00e9rieuse, aliment\u00e9e par les temp\u00e9ratures glaciales et ses paysages dignes d\u2019un film d\u2019aventure, fait de ce village un lieu propice \u00e0 l\u2019imaginaire. Des films comme Le Miracle des Loups ou Poupoupidou ont immortalis\u00e9 ce petit coin du <a href=\"https:\/\/discover.ulysse.com\/village-jura-les-anglais-sarrachent-vous-ignore\">Jura<\/a>. Mouthe est aussi un lieu qui fait parler de lui \u00e0 l\u2019international <strong>gr\u00e2ce \u00e0 son histoire<\/strong>, notamment celle de Fabrice Guy, un enfant du pays sacr\u00e9 champion olympique de combin\u00e9 nordique en 1992.<\/p>\n<blockquote class=\"instagram-media\" style=\"background: #FFF; border: 0; border-radius: 3px; margin: 1px; max-width: 540px; min-width: 326px; padding: 0; width: calc(100% - 2px);\" data-instgrm-permalink=\"https:\/\/www.instagram.com\/p\/DD_c9j9NW73\/?utm_source=ig_embed&amp;utm_campaign=loading\" data-instgrm-version=\"14\">\n<div style=\"padding: 16px;\">\n<p>&nbsp;<\/p>\n<div style=\"flex-direction: row; align-items: center;\">\n<div style=\"background-color: #f4f4f4; border-radius: 50%; flex-grow: 0; height: 40px; margin-right: 14px; width: 40px;\"><\/div>\n<div style=\"flex-direction: column; flex-grow: 1; justify-content: center;\">\n<div style=\"background-color: #f4f4f4; border-radius: 4px; flex-grow: 0; height: 14px; margin-bottom: 6px; width: 100px;\"><\/div>\n<div style=\"background-color: #f4f4f4; border-radius: 4px; flex-grow: 0; height: 14px; width: 60px;\"><\/div>\n<\/div>\n<\/div>\n<div style=\"padding: 19% 0;\"><\/div>\n<div style=\"height: 50px; margin: 0 auto 12px; width: 50px;\"><\/div>\n<div style=\"padding-top: 8px;\">\n<div style=\"color: #3897f0; font-family: Arial,sans-serif; font-size: 14px; font-style: normal; font-weight: 550; line-height: 18px;\">Voir cette publication sur Instagram<\/div>\n<\/div>\n<div style=\"padding: 12.5% 0;\"><\/div>\n<div style=\"flex-direction: row; margin-bottom: 14px; align-items: center;\">\n<div>\n<div style=\"background-color: #f4f4f4; border-radius: 50%; height: 12.5px; width: 12.5px;\"><\/div>\n<div style=\"background-color: #f4f4f4; height: 12.5px; width: 12.5px; flex-grow: 0; margin-right: 14px; margin-left: 2px;\"><\/div>\n<div style=\"background-color: #f4f4f4; border-radius: 50%; height: 12.5px; width: 12.5px;\"><\/div>\n<\/div>\n<div style=\"margin-left: 8px;\">\n<div style=\"background-color: #f4f4f4; border-radius: 50%; flex-grow: 0; height: 20px; width: 20px;\"><\/div>\n<div style=\"width: 0; height: 0; border-top: 2px solid transparent; border-left: 6px solid #f4f4f4; border-bottom: 2px solid transparent;\"><\/div>\n<\/div>\n<div style=\"margin-left: auto;\">\n<div style=\"width: 0px; border-top: 8px solid #F4F4F4; border-right: 8px solid transparent;\"><\/div>\n<div style=\"background-color: #f4f4f4; flex-grow: 0; height: 12px; width: 16px;\"><\/div>\n<div style=\"width: 0; height: 0; border-top: 8px solid #F4F4F4; border-left: 8px solid transparent;\"><\/div>\n<\/div>\n<\/div>\n<div style=\"flex-direction: column; flex-grow: 1; justify-content: center; margin-bottom: 24px;\">\n<div style=\"background-color: #f4f4f4; border-radius: 4px; flex-grow: 0; height: 14px; margin-bottom: 6px; width: 224px;\"><\/div>\n<div style=\"background-color: #f4f4f4; border-radius: 4px; flex-grow: 0; height: 14px; width: 144px;\"><\/div>\n<\/div>\n<p>&nbsp;<\/p>\n<p style=\"color: #c9c8cd; font-family: Arial,sans-serif; font-size: 14px; line-height: 17px; margin-bottom: 0; margin-top: 8px; overflow: hidden; padding: 8px 0 7px; text-align: center;\"><a style=\"color: #c9c8cd; font-family: Arial,sans-serif; font-size: 14px; font-style: normal; font-weight: normal; line-height: 17px; text-decoration: none;\" href=\"https:\/\/www.instagram.com\/p\/DD_c9j9NW73\/?utm_source=ig_embed&amp;utm_campaign=loading\" target=\"_blank\" rel=\"noopener\">Une publication partag\u00e9e par Olivier (@jura_nature)<\/a><\/p>\n<\/div>\n<\/blockquote>\n<p>Que vous soyez en qu\u00eate de sensations fortes en hiver ou de tranquillit\u00e9 en \u00e9t\u00e9, le village de Mouthe vous offre un cadre unique pour <strong>vivre une exp\u00e9rience hors du commun<\/strong>. Avec ses contrastes saisissants, son climat extr\u00eame et ses paysages \u00e0 couper le souffle, ce village du Jura va d\u00e9finitivement vous en mettre plein les yeux. Vivez l&#8217;isolement et la chaleur de l&#8217;\u00e2me humaine, et laissez-vous s\u00e9duire par un lieu qui<strong> marie \u00e0 la perfection nature et convivialit\u00e9.<\/strong><\/p>\n","protected":false},"excerpt":{"rendered":"<p>Situ\u00e9 dans les montagnes du Jura, Mouthe, surnomm\u00e9e la \u00ab Petite Sib\u00e9rie de France \u00bb, s\u2019impose comme l\u2019un des endroits [&hellip;]<\/p>\n","protected":false},"author":3,"featured_media":28296,"comment_status":"open","ping_status":"closed","sticky":false,"template":"","format":"standard","meta":{"_acf_changed":false,"_sitemap_exclude":false,"_sitemap_priority":"","_sitemap_frequency":"","footnotes":"","rank_math_title":"","rank_math_description":"De la Sib\u00e9rie fran\u00e7aise en hiver \u00e0 un paradis estival, ce village du Jura vous surprendra par ses contrastes saisissants \u00e0 chaque saison.","rank_math_canonical_url":"","rank_math_focus_keyword":"village"},"categories":[3],"tags":[],"class_list":["post-28295","post","type-post","status-publish","format-standard","has-post-thumbnail","hentry","category-voyage"],"acf":[],"_links":{"self":[{"href":"https:\/\/ulysse.com\/news\/wp-json\/wp\/v2\/posts\/28295","targetHints":{"allow":["GET"]}}],"collection":[{"href":"https:\/\/ulysse.com\/news\/wp-json\/wp\/v2\/posts"}],"about":[{"href":"https:\/\/ulysse.com\/news\/wp-json\/wp\/v2\/types\/post"}],"author":[{"embeddable":true,"href":"https:\/\/ulysse.com\/news\/wp-json\/wp\/v2\/users\/3"}],"replies":[{"embeddable":true,"href":"https:\/\/ulysse.com\/news\/wp-json\/wp\/v2\/comments?post=28295"}],"version-history":[{"count":2,"href":"https:\/\/ulysse.com\/news\/wp-json\/wp\/v2\/posts\/28295\/revisions"}],"predecessor-version":[{"id":28363,"href":"https:\/\/ulysse.com\/news\/wp-json\/wp\/v2\/posts\/28295\/revisions\/28363"}],"wp:featuredmedia":[{"embeddable":true,"href":"https:\/\/ulysse.com\/news\/wp-json\/wp\/v2\/media\/28296"}],"wp:attachment":[{"href":"https:\/\/ulysse.com\/news\/wp-json\/wp\/v2\/media?parent=28295"}],"wp:term":[{"taxonomy":"category","embeddable":true,"href":"https:\/\/ulysse.com\/news\/wp-json\/wp\/v2\/categories?post=28295"},{"taxonomy":"post_tag","embeddable":true,"href":"https:\/\/ulysse.com\/news\/wp-json\/wp\/v2\/tags?post=28295"}],"curies":[{"name":"wp","href":"https:\/\/api.w.org\/{rel}","templated":true}]}}