{"id":28430,"date":"2025-04-20T08:00:24","date_gmt":"2025-04-20T07:00:24","guid":{"rendered":"https:\/\/discover.ulysse.com\/?p=28430"},"modified":"2025-04-19T21:39:27","modified_gmt":"2025-04-19T20:39:27","slug":"ce-jardin-medieval-est-lun-des-plus-hauts-de-france","status":"publish","type":"post","link":"https:\/\/ulysse.com\/news\/ce-jardin-medieval-est-lun-des-plus-hauts-de-france","title":{"rendered":"Ce jardin m\u00e9di\u00e9val est l&#8217;un des plus hauts de France (et les plus difficiles d\u2019acc\u00e8s)"},"content":{"rendered":"<p class=\"\" data-start=\"100\" data-end=\"658\">Si vous r\u00eavez de d\u00e9couvrir un jardin o\u00f9 l\u2019histoire, la nature et la magie du Moyen \u00c2ge se rencontrent, direction Sainte-Agn\u00e8s ! Perch\u00e9 \u00e0 800 m\u00e8tres d\u2019altitude, ce village de la Riviera abrite l\u2019un des jardins m\u00e9di\u00e9vaux les plus hauts de France. Un lieu o\u00f9 chaque parcelle raconte son histoire et vous plonge dans l\u2019univers fascinant des jardins d\u2019antan. Au c\u0153ur de ce village perch\u00e9, le jardin offre bien plus qu\u2019une simple promenade : il vous invite \u00e0 voyager dans le temps, tout en profitant d\u2019un cadre absolument idyllique.<\/p>\n<p class=\"\" data-start=\"660\" data-end=\"1037\">Entre ses remparts historiques, ses vues panoramiques sur la baie de Menton et son ambiance paisible, ce jardin est un v\u00e9ritable havre de paix pour les amoureux de nature et d\u2019histoire. Vous allez adorer fl\u00e2ner dans cet endroit o\u00f9 vertus, vices, et plantes m\u00e9dicinales se croisent, tout en admirant un panorama spectaculaire sur la M\u00e9diterran\u00e9e.<\/p>\n<h2 data-start=\"1039\" data-end=\"1086\">Un jardin suspendu entre histoire et nature<\/h2>\n<p class=\"\" data-start=\"1088\" data-end=\"1640\">Le jardin m\u00e9di\u00e9val de Sainte-Agn\u00e8s ne ressemble \u00e0 aucun autre. Cach\u00e9 derri\u00e8re les remparts du ch\u00e2teau, ce jardin en terrasse regroupe plusieurs petites parcelles, chacune ayant son propre nom et sa propre identit\u00e9. Vous y trouverez des espaces comme le jardin des vertus, o\u00f9 poussent des plantes cens\u00e9es purifier l\u2019\u00e2me, ou le jardin des vices, pour une exp\u00e9rience un peu plus piquante. Les plantes tinctoriales, utilis\u00e9es pour teindre les tissus au Moyen \u00c2ge, vous rappelleront l\u2019importance des jardins dans l\u2019histoire du quotidien.<\/p>\n<p class=\"\" data-start=\"1642\" data-end=\"2119\">Les autres parcelles, comme la Fontaine de vie, vous feront voyager \u00e0 travers les sens et l\u2019imaginaire m\u00e9di\u00e9val. C\u2019est un v\u00e9ritable labyrinthe de verdure, o\u00f9 vous pouvez vous perdre et d\u00e9couvrir une multitude de plantes, des aromatiques aux m\u00e9dicinales, en passant par des potagers et des fleurs ornementales. Chaque coin de ce jardin est une invitation \u00e0 la d\u00e9couverte, avec ses haies de buis et de santoline qui d\u00e9limitent les espaces.<\/p>\n<h2 data-start=\"2121\" data-end=\"2186\">Sainte-Agn\u00e8s : un point de vue imprenable sur la M\u00e9diterran\u00e9e<\/h2>\n<p class=\"\" data-start=\"2188\" data-end=\"2797\">Mais ce n\u2019est pas seulement le jardin qui vous envo\u00fbte \u00e0 Sainte-Agn\u00e8s. Ce village perch\u00e9 offre un panorama \u00e0 couper le souffle sur la baie de Menton et la <a href=\"https:\/\/discover.ulysse.com\/combien-coute-sejour-destination-1-francais-ete\">mer M\u00e9diterran\u00e9e<\/a>. De l\u00e0-haut, vous aurez l\u2019impression d\u2019avoir le monde \u00e0 vos pieds. Le ch\u00e2teau fort, dont il ne reste que des vestiges, surplombe le jardin et veille sur la commune, offrant ainsi un d\u00e9cor historique parfait pour votre promenade. Vous \u00eates litt\u00e9ralement au sommet de la Riviera, avec une vue imprenable sur la mer et les montagnes environnantes. Un cadre id\u00e9al pour se poser, r\u00eaver et profiter du calme absolu.<\/p>\n<h2 data-start=\"2799\" data-end=\"2844\">Un voyage dans le temps au c\u0153ur du jardin<\/h2>\n<p class=\"\" data-start=\"2846\" data-end=\"3323\">Le jardin de Sainte-Agn\u00e8s n\u2019est pas seulement un lieu de beaut\u00e9 naturelle, il est aussi un t\u00e9moignage vivant du pass\u00e9 m\u00e9di\u00e9val. En fl\u00e2nant sous les remparts du ch\u00e2teau, vous comprendrez comment ces jardins \u00e9taient utilis\u00e9s au Moyen \u00c2ge : pour la culture de plantes m\u00e9dicinales, mais aussi pour nourrir les habitants avec des l\u00e9gumes et des herbes aromatiques. Le jardin est donc un v\u00e9ritable voyage dans le temps, o\u00f9 chaque plante et chaque espace raconte une histoire.<\/p>\n<p class=\"\" data-start=\"3325\" data-end=\"3691\">Ce jardin a \u00e9t\u00e9 restaur\u00e9 gr\u00e2ce \u00e0 l\u2019association &#8220;Les Peintres du Soleil&#8221;, qui a redonn\u00e9 vie \u00e0 ce site historique. Ce travail de r\u00e9habilitation permet de maintenir et de pr\u00e9server un patrimoine vivant, tout en le rendant accessible aux visiteurs d\u2019aujourd\u2019hui. Il suffit de s\u2019y promener pour comprendre combien ce lieu est un lien entre le pass\u00e9 et le pr\u00e9sent.<\/p>\n<h3 class=\"\" data-start=\"3693\" data-end=\"3716\">Comment y acc\u00e9der ?<\/h3>\n<p class=\"\" data-start=\"3718\" data-end=\"4123\">Sainte-Agn\u00e8s est facilement accessible depuis Menton, \u00e0 20 minutes en voiture, et depuis Nice, \u00e0 moins d\u2019une heure de route. Si vous \u00eates un passionn\u00e9 de randonn\u00e9e, vous pouvez aussi partir \u00e0 la d\u00e9couverte du village \u00e0 pied en empruntant l\u2019un des nombreux sentiers de montagne qui m\u00e8nent au sommet. Une fois sur place, le jardin vous attend, bien \u00e0 l\u2019abri derri\u00e8re les remparts du ch\u00e2teau.<\/p>\n<p class=\"\" data-start=\"4125\" data-end=\"4408\">Le village, avec ses ruelles pittoresques et ses vues incroyables, est un endroit parfait pour une escapade d\u2019un jour ou un week-end au grand air. Vous pourrez \u00e9galement profiter des restaurants locaux et des caf\u00e9s en terrasse, parfaits pour une pause apr\u00e8s votre balade.<\/p>\n","protected":false},"excerpt":{"rendered":"<p>Si vous r\u00eavez de d\u00e9couvrir un jardin o\u00f9 l\u2019histoire, la nature et la magie du Moyen \u00c2ge se rencontrent, direction [&hellip;]<\/p>\n","protected":false},"author":4,"featured_media":28471,"comment_status":"open","ping_status":"closed","sticky":false,"template":"","format":"standard","meta":{"_acf_changed":false,"_sitemap_exclude":false,"_sitemap_priority":"","_sitemap_frequency":"","footnotes":"","rank_math_title":"","rank_math_description":"","rank_math_canonical_url":"","rank_math_focus_keyword":"france"},"categories":[3],"tags":[],"class_list":["post-28430","post","type-post","status-publish","format-standard","has-post-thumbnail","hentry","category-voyage"],"acf":[],"_links":{"self":[{"href":"https:\/\/ulysse.com\/news\/wp-json\/wp\/v2\/posts\/28430","targetHints":{"allow":["GET"]}}],"collection":[{"href":"https:\/\/ulysse.com\/news\/wp-json\/wp\/v2\/posts"}],"about":[{"href":"https:\/\/ulysse.com\/news\/wp-json\/wp\/v2\/types\/post"}],"author":[{"embeddable":true,"href":"https:\/\/ulysse.com\/news\/wp-json\/wp\/v2\/users\/4"}],"replies":[{"embeddable":true,"href":"https:\/\/ulysse.com\/news\/wp-json\/wp\/v2\/comments?post=28430"}],"version-history":[{"count":2,"href":"https:\/\/ulysse.com\/news\/wp-json\/wp\/v2\/posts\/28430\/revisions"}],"predecessor-version":[{"id":28472,"href":"https:\/\/ulysse.com\/news\/wp-json\/wp\/v2\/posts\/28430\/revisions\/28472"}],"wp:featuredmedia":[{"embeddable":true,"href":"https:\/\/ulysse.com\/news\/wp-json\/wp\/v2\/media\/28471"}],"wp:attachment":[{"href":"https:\/\/ulysse.com\/news\/wp-json\/wp\/v2\/media?parent=28430"}],"wp:term":[{"taxonomy":"category","embeddable":true,"href":"https:\/\/ulysse.com\/news\/wp-json\/wp\/v2\/categories?post=28430"},{"taxonomy":"post_tag","embeddable":true,"href":"https:\/\/ulysse.com\/news\/wp-json\/wp\/v2\/tags?post=28430"}],"curies":[{"name":"wp","href":"https:\/\/api.w.org\/{rel}","templated":true}]}}