{"id":28518,"date":"2025-04-20T19:00:57","date_gmt":"2025-04-20T18:00:57","guid":{"rendered":"https:\/\/discover.ulysse.com\/?p=28518"},"modified":"2025-04-20T18:27:05","modified_gmt":"2025-04-20T17:27:05","slug":"explorer-le-jura-autrement-a-travers-randonnees","status":"publish","type":"post","link":"https:\/\/ulysse.com\/news\/explorer-le-jura-autrement-a-travers-randonnees","title":{"rendered":"Explorez le Jura autrement \u00e0 travers ces randonn\u00e9es in\u00e9dites"},"content":{"rendered":"<p>Le Jura, une r\u00e9gion souvent n\u00e9glig\u00e9e par les randonneurs en qu\u00eate de grandes montagnes, rec\u00e8le pourtant des tr\u00e9sors naturels d&#8217;une rare beaut\u00e9. Entre lacs cristallins, gorges impressionnantes et sommets qui offrent des panoramas inoubliables, le Jura m\u00e9rite amplement d&#8217;\u00eatre explor\u00e9 \u00e0 pied. D\u00e9couvrez trois sentiers qui vous feront vivre une exp\u00e9rience unique, au c\u0153ur de la nature sauvage de ce massif montagneux : le tour des 4 lacs, les gorges de l\u2019Ab\u00eeme et le Cr\u00eat de la Neige. Ces parcours, \u00e0 la fois accessibles et spectaculaires, d\u00e9voilent des paysages \u00e9poustouflants, parfaits pour une aventure en pleine nature.<\/p>\n<h2>Le tour des 4 lacs : un voyage au c\u0153ur des paysages jurassiens<\/h2>\n<p>Si vous cherchez une randonn\u00e9e qui combine beaut\u00e9 des paysages et atmosph\u00e8re tranquille, le tour des 4 lacs est fait pour vous. Ce <strong>parcours de 12 km<\/strong> serpente autour de quatre lacs glaciaires majestueux : les lacs d\u2019Ilay, de Narlay, du Petit Maclu et du Grand Maclu. Chacun de ces lacs offre une palette de couleurs allant du bleu turquoise au vert profond, entour\u00e9 de for\u00eats paisibles et de falaises calcaires qui viennent souligner leur caract\u00e8re sauvage.<\/p>\n<p>Le sentier, qui pr\u00e9sente une<strong> difficult\u00e9 mod\u00e9r\u00e9e<\/strong>, permet de d\u00e9couvrir la diversit\u00e9 du <a href=\"https:\/\/discover.ulysse.com\/jura-region-ou-il-faut-vivre-2025\">Jura<\/a>. En empruntant des sentiers bien balis\u00e9s, vous profiterez de vues exceptionnelles depuis les belv\u00e9d\u00e8res, dont celui du <a href=\"https:\/\/discover.ulysse.com\/jura-entre-nature-et-villages-pittoresques\">Pic de l\u2019Aigle<\/a>, qui surplombe la <a href=\"https:\/\/discover.ulysse.com\/pourquoi-jura-destination-parfaite-ce-moment\">vall\u00e9e du H\u00e9risson<\/a>. Ce parcours est id\u00e9al pour ceux qui veulent vivre une randonn\u00e9e d\u2019une demi-journ\u00e9e ou d\u2019une journ\u00e9e, en admirant les <strong>paysages typiques des montagnes jurassiennes<\/strong>. En plus de son cadre pittoresque, ce circuit est une invitation \u00e0 la contemplation et \u00e0 la s\u00e9r\u00e9nit\u00e9, loin des foules.<\/p>\n<blockquote class=\"instagram-media\" style=\"background: #FFF; border: 0; border-radius: 3px; margin: 1px; max-width: 540px; min-width: 326px; padding: 0; width: calc(100% - 2px);\" data-instgrm-permalink=\"https:\/\/www.instagram.com\/p\/CzwjUeashoO\/?utm_source=ig_embed&amp;utm_campaign=loading\" data-instgrm-version=\"14\">\n<div style=\"padding: 16px;\">\n<p>&nbsp;<\/p>\n<div style=\"flex-direction: row; align-items: center;\">\n<div style=\"background-color: #f4f4f4; border-radius: 50%; flex-grow: 0; height: 40px; margin-right: 14px; width: 40px;\"><\/div>\n<div style=\"flex-direction: column; flex-grow: 1; justify-content: center;\">\n<div style=\"background-color: #f4f4f4; border-radius: 4px; flex-grow: 0; height: 14px; margin-bottom: 6px; width: 100px;\"><\/div>\n<div style=\"background-color: #f4f4f4; border-radius: 4px; flex-grow: 0; height: 14px; width: 60px;\"><\/div>\n<\/div>\n<\/div>\n<div style=\"padding: 19% 0;\"><\/div>\n<div style=\"height: 50px; margin: 0 auto 12px; width: 50px;\"><\/div>\n<div style=\"padding-top: 8px;\">\n<div style=\"color: #3897f0; font-family: Arial,sans-serif; font-size: 14px; font-style: normal; font-weight: 550; line-height: 18px;\">Voir cette publication sur Instagram<\/div>\n<\/div>\n<div style=\"padding: 12.5% 0;\"><\/div>\n<div style=\"flex-direction: row; margin-bottom: 14px; align-items: center;\">\n<div>\n<div style=\"background-color: #f4f4f4; border-radius: 50%; height: 12.5px; width: 12.5px;\"><\/div>\n<div style=\"background-color: #f4f4f4; height: 12.5px; width: 12.5px; flex-grow: 0; margin-right: 14px; margin-left: 2px;\"><\/div>\n<div style=\"background-color: #f4f4f4; border-radius: 50%; height: 12.5px; width: 12.5px;\"><\/div>\n<\/div>\n<div style=\"margin-left: 8px;\">\n<div style=\"background-color: #f4f4f4; border-radius: 50%; flex-grow: 0; height: 20px; width: 20px;\"><\/div>\n<div style=\"width: 0; height: 0; border-top: 2px solid transparent; border-left: 6px solid #f4f4f4; border-bottom: 2px solid transparent;\"><\/div>\n<\/div>\n<div style=\"margin-left: auto;\">\n<div style=\"width: 0px; border-top: 8px solid #F4F4F4; border-right: 8px solid transparent;\"><\/div>\n<div style=\"background-color: #f4f4f4; flex-grow: 0; height: 12px; width: 16px;\"><\/div>\n<div style=\"width: 0; height: 0; border-top: 8px solid #F4F4F4; border-left: 8px solid transparent;\"><\/div>\n<\/div>\n<\/div>\n<div style=\"flex-direction: column; flex-grow: 1; justify-content: center; margin-bottom: 24px;\">\n<div style=\"background-color: #f4f4f4; border-radius: 4px; flex-grow: 0; height: 14px; margin-bottom: 6px; width: 224px;\"><\/div>\n<div style=\"background-color: #f4f4f4; border-radius: 4px; flex-grow: 0; height: 14px; width: 144px;\"><\/div>\n<\/div>\n<p>&nbsp;<\/p>\n<p style=\"color: #c9c8cd; font-family: Arial,sans-serif; font-size: 14px; line-height: 17px; margin-bottom: 0; margin-top: 8px; overflow: hidden; padding: 8px 0 7px; text-align: center;\"><a style=\"color: #c9c8cd; font-family: Arial,sans-serif; font-size: 14px; font-style: normal; font-weight: normal; line-height: 17px; text-decoration: none;\" href=\"https:\/\/www.instagram.com\/p\/CzwjUeashoO\/?utm_source=ig_embed&amp;utm_campaign=loading\" target=\"_blank\" rel=\"noopener\">Une publication partag\u00e9e par \ud835\ude48\ud835\ude56\ud835\ude67\ud835\ude5e\ud835\ude63\ud835\ude5a &#8211; \ud835\ude4f\ud835\ude67\ud835\ude56\ud835\ude6b\ud835\ude5a\ud835\ude61 \ud835\ude65\ud835\ude61\ud835\ude56\ud835\ude63\ud835\ude63\ud835\ude5a\ud835\ude67 &amp; \ud835\ude65\ud835\ude5d\ud835\ude64\ud835\ude69\ud835\ude64\ud835\ude5c\ud835\ude67\ud835\ude56\ud835\ude65\ud835\ude5d\ud835\ude5a\ud835\ude67 (@marine__jj)<\/a><\/p>\n<\/div>\n<\/blockquote>\n<h2>Une aventure entre roches et passerelles suspendues dans les gorges de l\u2019Ab\u00eeme<\/h2>\n<p>\u00c0 la <strong>recherche de sensations fortes<\/strong> tout en restant proche de la nature ? Les gorges de l\u2019Ab\u00eeme offrent une exp\u00e9rience \u00e0 couper le souffle. Ce sentier court, mais intense, d&#8217;<strong>environ 2 km<\/strong>, vous plonge dans un d\u00e9cor spectaculaire, o\u00f9 la rivi\u00e8re se faufile entre des falaises vertigineuses. Ce lieu est id\u00e9al pour ceux qui cherchent \u00e0 s\u2019aventurer dans un espace sauvage et pr\u00e9serv\u00e9.<\/p>\n<p>Le sentier est<strong> jalonn\u00e9 de passerelles suspendues<\/strong>, offrant une vue vertigineuse sur les gorges \u00e9troites et la rivi\u00e8re tumultueuse en contrebas. Le parcours permet d&#8217;explorer ces formations g\u00e9ologiques impressionnantes, tout en profitant du bruit apaisant de l&#8217;eau qui s&#8217;\u00e9coule. Avec une <strong>difficult\u00e9 facile \u00e0 mod\u00e9r\u00e9e<\/strong>, cette randonn\u00e9e est accessible \u00e0 tous, mais les passages suspendus et les points de vue peuvent \u00e9veiller un frisson d\u2019excitation. Ce lieu, en plus de son c\u00f4t\u00e9 spectaculaire, est un v\u00e9ritable havre de paix, avec une faune et une flore vari\u00e9es \u00e0 observer le long du chemin.<\/p>\n<blockquote class=\"instagram-media\" style=\"background: #FFF; border: 0; border-radius: 3px; margin: 1px; max-width: 540px; min-width: 326px; padding: 0; width: calc(100% - 2px);\" data-instgrm-permalink=\"https:\/\/www.instagram.com\/p\/CEUXf12Ii3D\/?utm_source=ig_embed&amp;utm_campaign=loading\" data-instgrm-version=\"14\">\n<div style=\"padding: 16px;\">\n<p>&nbsp;<\/p>\n<div style=\"flex-direction: row; align-items: center;\">\n<div style=\"background-color: #f4f4f4; border-radius: 50%; flex-grow: 0; height: 40px; margin-right: 14px; width: 40px;\"><\/div>\n<div style=\"flex-direction: column; flex-grow: 1; justify-content: center;\">\n<div style=\"background-color: #f4f4f4; border-radius: 4px; flex-grow: 0; height: 14px; margin-bottom: 6px; width: 100px;\"><\/div>\n<div style=\"background-color: #f4f4f4; border-radius: 4px; flex-grow: 0; height: 14px; width: 60px;\"><\/div>\n<\/div>\n<\/div>\n<div style=\"padding: 19% 0;\"><\/div>\n<div style=\"height: 50px; margin: 0 auto 12px; width: 50px;\"><\/div>\n<div style=\"padding-top: 8px;\">\n<div style=\"color: #3897f0; font-family: Arial,sans-serif; font-size: 14px; font-style: normal; font-weight: 550; line-height: 18px;\">Voir cette publication sur Instagram<\/div>\n<\/div>\n<div style=\"padding: 12.5% 0;\"><\/div>\n<div style=\"flex-direction: row; margin-bottom: 14px; align-items: center;\">\n<div>\n<div style=\"background-color: #f4f4f4; border-radius: 50%; height: 12.5px; width: 12.5px;\"><\/div>\n<div style=\"background-color: #f4f4f4; height: 12.5px; width: 12.5px; flex-grow: 0; margin-right: 14px; margin-left: 2px;\"><\/div>\n<div style=\"background-color: #f4f4f4; border-radius: 50%; height: 12.5px; width: 12.5px;\"><\/div>\n<\/div>\n<div style=\"margin-left: 8px;\">\n<div style=\"background-color: #f4f4f4; border-radius: 50%; flex-grow: 0; height: 20px; width: 20px;\"><\/div>\n<div style=\"width: 0; height: 0; border-top: 2px solid transparent; border-left: 6px solid #f4f4f4; border-bottom: 2px solid transparent;\"><\/div>\n<\/div>\n<div style=\"margin-left: auto;\">\n<div style=\"width: 0px; border-top: 8px solid #F4F4F4; border-right: 8px solid transparent;\"><\/div>\n<div style=\"background-color: #f4f4f4; flex-grow: 0; height: 12px; width: 16px;\"><\/div>\n<div style=\"width: 0; height: 0; border-top: 8px solid #F4F4F4; border-left: 8px solid transparent;\"><\/div>\n<\/div>\n<\/div>\n<div style=\"flex-direction: column; flex-grow: 1; justify-content: center; margin-bottom: 24px;\">\n<div style=\"background-color: #f4f4f4; border-radius: 4px; flex-grow: 0; height: 14px; margin-bottom: 6px; width: 224px;\"><\/div>\n<div style=\"background-color: #f4f4f4; border-radius: 4px; flex-grow: 0; height: 14px; width: 144px;\"><\/div>\n<\/div>\n<p>&nbsp;<\/p>\n<p style=\"color: #c9c8cd; font-family: Arial,sans-serif; font-size: 14px; line-height: 17px; margin-bottom: 0; margin-top: 8px; overflow: hidden; padding: 8px 0 7px; text-align: center;\"><a style=\"color: #c9c8cd; font-family: Arial,sans-serif; font-size: 14px; font-style: normal; font-weight: normal; line-height: 17px; text-decoration: none;\" href=\"https:\/\/www.instagram.com\/p\/CEUXf12Ii3D\/?utm_source=ig_embed&amp;utm_campaign=loading\" target=\"_blank\" rel=\"noopener\">Une publication partag\u00e9e par Haut-Jura Saint-Claude Tourisme (@haut_jura_saint_claude)<\/a><\/p>\n<\/div>\n<\/blockquote>\n<h2>Le Cr\u00eat de la Neige, le sommet embl\u00e9matique du Jura<\/h2>\n<p>Le Cr\u00eat de la Neige est l&#8217;un des sommets les plus c\u00e9l\u00e8bres du Jura,<strong> culminant \u00e0 1 720 m\u00e8tres d\u2019altitude<\/strong>. Ce sentier, qui peut \u00eatre parcouru en 5 \u00e0 6 heures aller-retour, propose une ascension de <strong>niveau moyen \u00e0 difficile,<\/strong> mais r\u00e9compense les randonneurs par une vue panoramique exceptionnelle. Depuis le sommet, par temps clair, vous pourrez admirer un panorama qui s&#8217;\u00e9tend du Mont-Blanc aux Alpes et au <a href=\"https:\/\/discover.ulysse.com\/joyau-medieval-lac-leman\">lac L\u00e9man<\/a>, une image \u00e0 couper le souffle.<\/p>\n<p>La randonn\u00e9e <strong>d\u00e9bute \u00e0 L\u00e9lex,<\/strong> un village pittoresque au pied du Cr\u00eat de la Neige. Vous pouvez choisir de monter \u00e0 pied, en suivant le GR9, ou prendre la t\u00e9l\u00e9cabine de La Catheline pour r\u00e9duire la dur\u00e9e de l\u2019ascension. Une fois en haut, apr\u00e8s avoir affront\u00e9 les pentes parfois raides, <strong>le spectacle est in\u00e9gal\u00e9<\/strong>. Pour les plus aventuriers, il est possible de continuer vers le sommet voisin du Reculet, offrant une autre perspective sur le massif du Jura. Ce sentier est id\u00e9al pour les amoureux de la montagne, recherchant \u00e0 la fois un d\u00e9fi physique et des paysages grandioses.<\/p>\n<blockquote class=\"instagram-media\" style=\"background: #FFF; border: 0; border-radius: 3px; margin: 1px; max-width: 540px; min-width: 326px; padding: 0; width: calc(100% - 2px);\" data-instgrm-permalink=\"https:\/\/www.instagram.com\/p\/DFrjUolsLd_\/?utm_source=ig_embed&amp;utm_campaign=loading\" data-instgrm-version=\"14\">\n<div style=\"padding: 16px;\">\n<p>&nbsp;<\/p>\n<div style=\"flex-direction: row; align-items: center;\">\n<div style=\"background-color: #f4f4f4; border-radius: 50%; flex-grow: 0; height: 40px; margin-right: 14px; width: 40px;\"><\/div>\n<div style=\"flex-direction: column; flex-grow: 1; justify-content: center;\">\n<div style=\"background-color: #f4f4f4; border-radius: 4px; flex-grow: 0; height: 14px; margin-bottom: 6px; width: 100px;\"><\/div>\n<div style=\"background-color: #f4f4f4; border-radius: 4px; flex-grow: 0; height: 14px; width: 60px;\"><\/div>\n<\/div>\n<\/div>\n<div style=\"padding: 19% 0;\"><\/div>\n<div style=\"height: 50px; margin: 0 auto 12px; width: 50px;\"><\/div>\n<div style=\"padding-top: 8px;\">\n<div style=\"color: #3897f0; font-family: Arial,sans-serif; font-size: 14px; font-style: normal; font-weight: 550; line-height: 18px;\">Voir cette publication sur Instagram<\/div>\n<\/div>\n<div style=\"padding: 12.5% 0;\"><\/div>\n<div style=\"flex-direction: row; margin-bottom: 14px; align-items: center;\">\n<div>\n<div style=\"background-color: #f4f4f4; border-radius: 50%; height: 12.5px; width: 12.5px;\"><\/div>\n<div style=\"background-color: #f4f4f4; height: 12.5px; width: 12.5px; flex-grow: 0; margin-right: 14px; margin-left: 2px;\"><\/div>\n<div style=\"background-color: #f4f4f4; border-radius: 50%; height: 12.5px; width: 12.5px;\"><\/div>\n<\/div>\n<div style=\"margin-left: 8px;\">\n<div style=\"background-color: #f4f4f4; border-radius: 50%; flex-grow: 0; height: 20px; width: 20px;\"><\/div>\n<div style=\"width: 0; height: 0; border-top: 2px solid transparent; border-left: 6px solid #f4f4f4; border-bottom: 2px solid transparent;\"><\/div>\n<\/div>\n<div style=\"margin-left: auto;\">\n<div style=\"width: 0px; border-top: 8px solid #F4F4F4; border-right: 8px solid transparent;\"><\/div>\n<div style=\"background-color: #f4f4f4; flex-grow: 0; height: 12px; width: 16px;\"><\/div>\n<div style=\"width: 0; height: 0; border-top: 8px solid #F4F4F4; border-left: 8px solid transparent;\"><\/div>\n<\/div>\n<\/div>\n<div style=\"flex-direction: column; flex-grow: 1; justify-content: center; margin-bottom: 24px;\">\n<div style=\"background-color: #f4f4f4; border-radius: 4px; flex-grow: 0; height: 14px; margin-bottom: 6px; width: 224px;\"><\/div>\n<div style=\"background-color: #f4f4f4; border-radius: 4px; flex-grow: 0; height: 14px; width: 144px;\"><\/div>\n<\/div>\n<p>&nbsp;<\/p>\n<p style=\"color: #c9c8cd; font-family: Arial,sans-serif; font-size: 14px; line-height: 17px; margin-bottom: 0; margin-top: 8px; overflow: hidden; padding: 8px 0 7px; text-align: center;\"><a style=\"color: #c9c8cd; font-family: Arial,sans-serif; font-size: 14px; font-style: normal; font-weight: normal; line-height: 17px; text-decoration: none;\" href=\"https:\/\/www.instagram.com\/p\/DFrjUolsLd_\/?utm_source=ig_embed&amp;utm_campaign=loading\" target=\"_blank\" rel=\"noopener\">Une publication partag\u00e9e par Wngr Isa (@wngr_isa)<\/a><\/p>\n<\/div>\n<\/blockquote>\n<p>Ces trois <a href=\"https:\/\/discover.ulysse.com\/5-randonnees-hivernales-vrais-randonneurs\">randonn\u00e9es<\/a>, bien qu&#8217;elles soient parmi <strong>les plus c\u00e9l\u00e8bres du Jura<\/strong>, restent une mani\u00e8re in\u00e9dite et unique de d\u00e9couvrir cette r\u00e9gion montagneuse. Qu&#8217;il s&#8217;agisse de fl\u00e2ner autour des lacs aux eaux cristallines, de traverser des gorges impressionnantes ou d&#8217;atteindre le sommet du Cr\u00eat de la Neige, chaque sentier vous offrira <strong>une exp\u00e9rience immersive et authentique.<\/strong> Alors, n&#8217;attendez plus pour explorer ces tr\u00e9sors cach\u00e9s du Jura, et laissez-vous emporter par la beaut\u00e9 brute de ses paysages.<\/p>\n","protected":false},"excerpt":{"rendered":"<p>Le Jura, une r\u00e9gion souvent n\u00e9glig\u00e9e par les randonneurs en qu\u00eate de grandes montagnes, rec\u00e8le pourtant des tr\u00e9sors naturels d&#8217;une [&hellip;]<\/p>\n","protected":false},"author":3,"featured_media":28519,"comment_status":"open","ping_status":"closed","sticky":false,"template":"","format":"standard","meta":{"_acf_changed":false,"_sitemap_exclude":false,"_sitemap_priority":"","_sitemap_frequency":"","footnotes":"","rank_math_title":"","rank_math_description":"Explorez le Jura \u00e0 travers ces trois sentiers de randonn\u00e9es incontournables, entre lacs cristallins, gorges spectaculaires et panoramas saisissants.","rank_math_canonical_url":"","rank_math_focus_keyword":"jura"},"categories":[3],"tags":[],"class_list":["post-28518","post","type-post","status-publish","format-standard","has-post-thumbnail","hentry","category-voyage"],"acf":[],"_links":{"self":[{"href":"https:\/\/ulysse.com\/news\/wp-json\/wp\/v2\/posts\/28518","targetHints":{"allow":["GET"]}}],"collection":[{"href":"https:\/\/ulysse.com\/news\/wp-json\/wp\/v2\/posts"}],"about":[{"href":"https:\/\/ulysse.com\/news\/wp-json\/wp\/v2\/types\/post"}],"author":[{"embeddable":true,"href":"https:\/\/ulysse.com\/news\/wp-json\/wp\/v2\/users\/3"}],"replies":[{"embeddable":true,"href":"https:\/\/ulysse.com\/news\/wp-json\/wp\/v2\/comments?post=28518"}],"version-history":[{"count":3,"href":"https:\/\/ulysse.com\/news\/wp-json\/wp\/v2\/posts\/28518\/revisions"}],"predecessor-version":[{"id":28525,"href":"https:\/\/ulysse.com\/news\/wp-json\/wp\/v2\/posts\/28518\/revisions\/28525"}],"wp:featuredmedia":[{"embeddable":true,"href":"https:\/\/ulysse.com\/news\/wp-json\/wp\/v2\/media\/28519"}],"wp:attachment":[{"href":"https:\/\/ulysse.com\/news\/wp-json\/wp\/v2\/media?parent=28518"}],"wp:term":[{"taxonomy":"category","embeddable":true,"href":"https:\/\/ulysse.com\/news\/wp-json\/wp\/v2\/categories?post=28518"},{"taxonomy":"post_tag","embeddable":true,"href":"https:\/\/ulysse.com\/news\/wp-json\/wp\/v2\/tags?post=28518"}],"curies":[{"name":"wp","href":"https:\/\/api.w.org\/{rel}","templated":true}]}}