{"id":28578,"date":"2025-04-25T16:00:22","date_gmt":"2025-04-25T15:00:22","guid":{"rendered":"https:\/\/discover.ulysse.com\/?p=28578"},"modified":"2025-04-24T12:00:31","modified_gmt":"2025-04-24T11:00:31","slug":"perche-sur-les-collines-du-ventoux-ce-village-provencal-ou-lartisanat-bat-son-plein","status":"publish","type":"post","link":"https:\/\/ulysse.com\/news\/perche-sur-les-collines-du-ventoux-ce-village-provencal-ou-lartisanat-bat-son-plein","title":{"rendered":"Perch\u00e9 sur les collines du Ventoux, ce village proven\u00e7al o\u00f9 l\u2019artisanat bat son plein"},"content":{"rendered":"<p class=\"\" data-start=\"69\" data-end=\"685\">Dans le Vaucluse, nich\u00e9 sous l&#8217;imposant Mont Ventoux, Brantes semble sorti tout droit d&#8217;un r\u00eave proven\u00e7al. Ce petit village perch\u00e9, \u00e0 peine connu des foules, offre une exp\u00e9rience authentique de la Provence, loin des sentiers battus. Ici, les montagnes sculptent le paysage, les ruelles pav\u00e9es racontent des si\u00e8cles d\u2019histoire, et les habitants, aussi discrets que chaleureux, vous feront sentir chez vous. Brantes est un v\u00e9ritable refuge pour les amoureux de nature, d\u2019artisanat et de tranquillit\u00e9. Mais que cache ce village cach\u00e9 ? D\u00e9couvrez-le sans attendre, vous pourriez bien \u00eatre surpris par ses tr\u00e9sors cach\u00e9s.<\/p>\n<h2 class=\"\" data-start=\"687\" data-end=\"733\">L\u2019histoire en pierres et ruelles de Brantes<\/h2>\n<p class=\"\" data-start=\"735\" data-end=\"1317\">Derri\u00e8re ses petites rues sinueuses et ses maisons en pierre, Brantes poss\u00e8de une histoire aussi fascinante que son paysage. Ce village, au pass\u00e9 marqu\u00e9 par la papaut\u00e9 et la noblesse, cache des vestiges qui racontent des si\u00e8cles de lutte, de pouvoir et de renaissance. \u00c0 l\u2019origine, Brantes \u00e9tait un fief des familles les plus influentes du Moyen \u00c2ge, notamment les Baux et les Vincens de Mauleon de Causans. Mais ce qui rend Brantes encore plus int\u00e9ressant, c\u2019est son statut de marquisat en 1667, sous l\u2019\u00e9gide du pape Cl\u00e9ment X, un d\u00e9tail qui semble presque oubli\u00e9 du grand public.<\/p>\n<blockquote class=\"instagram-media\" style=\"background: #FFF; border: 0; border-radius: 3px; box-shadow: 0 0 1px 0 rgba(0,0,0,0.5),0 1px 10px 0 rgba(0,0,0,0.15); margin: 1px; max-width: 540px; min-width: 326px; padding: 0; width: calc(100% - 2px);\" data-instgrm-captioned=\"\" data-instgrm-permalink=\"https:\/\/www.instagram.com\/p\/DHoURT-M0sB\/?utm_source=ig_embed&amp;utm_campaign=loading\" data-instgrm-version=\"14\">\n<div style=\"padding: 16px;\">\n<p>&nbsp;<\/p>\n<div style=\"display: flex; flex-direction: row; align-items: center;\">\n<div style=\"background-color: #f4f4f4; border-radius: 50%; flex-grow: 0; height: 40px; margin-right: 14px; width: 40px;\"><\/div>\n<div style=\"display: flex; flex-direction: column; flex-grow: 1; justify-content: center;\">\n<div style=\"background-color: #f4f4f4; border-radius: 4px; flex-grow: 0; height: 14px; margin-bottom: 6px; width: 100px;\"><\/div>\n<div style=\"background-color: #f4f4f4; border-radius: 4px; flex-grow: 0; height: 14px; width: 60px;\"><\/div>\n<\/div>\n<\/div>\n<div style=\"padding: 19% 0;\"><\/div>\n<div style=\"display: block; height: 50px; margin: 0 auto 12px; width: 50px;\"><\/div>\n<div style=\"padding-top: 8px;\">\n<div style=\"color: #3897f0; font-family: Arial,sans-serif; font-size: 14px; font-style: normal; font-weight: 550; line-height: 18px;\">Voir cette publication sur Instagram<\/div>\n<\/div>\n<div style=\"padding: 12.5% 0;\"><\/div>\n<div style=\"display: flex; flex-direction: row; margin-bottom: 14px; align-items: center;\">\n<div>\n<div style=\"background-color: #f4f4f4; border-radius: 50%; height: 12.5px; width: 12.5px; transform: translateX(0px) translateY(7px);\"><\/div>\n<div style=\"background-color: #f4f4f4; height: 12.5px; transform: rotate(-45deg) translateX(3px) translateY(1px); width: 12.5px; flex-grow: 0; margin-right: 14px; margin-left: 2px;\"><\/div>\n<div style=\"background-color: #f4f4f4; border-radius: 50%; height: 12.5px; width: 12.5px; transform: translateX(9px) translateY(-18px);\"><\/div>\n<\/div>\n<div style=\"margin-left: 8px;\">\n<div style=\"background-color: #f4f4f4; border-radius: 50%; flex-grow: 0; height: 20px; width: 20px;\"><\/div>\n<div style=\"width: 0; height: 0; border-top: 2px solid transparent; border-left: 6px solid #f4f4f4; border-bottom: 2px solid transparent; transform: translateX(16px) translateY(-4px) rotate(30deg);\"><\/div>\n<\/div>\n<div style=\"margin-left: auto;\">\n<div style=\"width: 0px; border-top: 8px solid #F4F4F4; border-right: 8px solid transparent; transform: translateY(16px);\"><\/div>\n<div style=\"background-color: #f4f4f4; flex-grow: 0; height: 12px; width: 16px; transform: translateY(-4px);\"><\/div>\n<div style=\"width: 0; height: 0; border-top: 8px solid #F4F4F4; border-left: 8px solid transparent; transform: translateY(-4px) translateX(8px);\"><\/div>\n<\/div>\n<\/div>\n<div style=\"display: flex; flex-direction: column; flex-grow: 1; justify-content: center; margin-bottom: 24px;\">\n<div style=\"background-color: #f4f4f4; border-radius: 4px; flex-grow: 0; height: 14px; margin-bottom: 6px; width: 224px;\"><\/div>\n<div style=\"background-color: #f4f4f4; border-radius: 4px; flex-grow: 0; height: 14px; width: 144px;\"><\/div>\n<\/div>\n<p>&nbsp;<\/p>\n<p style=\"color: #c9c8cd; font-family: Arial,sans-serif; font-size: 14px; line-height: 17px; margin-bottom: 0; margin-top: 8px; overflow: hidden; padding: 8px 0 7px; text-align: center; text-overflow: ellipsis; white-space: nowrap;\"><a style=\"color: #c9c8cd; font-family: Arial,sans-serif; font-size: 14px; font-style: normal; font-weight: normal; line-height: 17px; text-decoration: none;\" href=\"https:\/\/www.instagram.com\/p\/DHoURT-M0sB\/?utm_source=ig_embed&amp;utm_campaign=loading\" target=\"_blank\" rel=\"noopener\">Une publication partag\u00e9e par Avignon et ses alentours \u2600\ufe0f\ud83c\uddeb\ud83c\uddf7 (@avignon.fr_)<\/a><\/p>\n<\/div>\n<\/blockquote>\n<p><script async src=\"\/\/www.instagram.com\/embed.js\"><\/script><\/p>\n<p class=\"\" data-start=\"1319\" data-end=\"1919\">La ville a su conserver une architecture typiquement proven\u00e7ale, avec des maisons en pierre qui ont r\u00e9sist\u00e9 \u00e0 l\u2019\u00e9preuve du temps. L\u2019\u00e9glise Saint-Sidoine, construite au XVIIe si\u00e8cle, est un point de rep\u00e8re majeur de l\u2019histoire locale. Les ruelles pav\u00e9es, les passages vo\u00fbt\u00e9s et les vestiges de l\u2019ancien ch\u00e2teau m\u00e9di\u00e9val offrent une atmosph\u00e8re magique, comme si le temps s\u2019\u00e9tait arr\u00eat\u00e9 dans ce village authentique. Il est facile de se laisser emporter par cette ambiance hors du temps, loin des bruits du monde moderne, et de s\u2019imaginer les habitants du pass\u00e9 \u00e9voluant dans ces m\u00eames rues pittoresques.<\/p>\n<p class=\"\" data-start=\"1921\" data-end=\"2219\">Les vestiges du ch\u00e2teau, \u00e9rig\u00e9 au XIIIe si\u00e8cle, t\u00e9moignent encore de la grandeur pass\u00e9e de ce village fortifi\u00e9, qui servait autrefois de bastion aux seigneurs locaux. En vous promenant dans le village, vous pouvez presque entendre l\u2019\u00e9cho des pas des chevaliers d\u2019antan dans les ruines silencieuses.<\/p>\n<blockquote class=\"instagram-media\" style=\"background: #FFF; border: 0; border-radius: 3px; box-shadow: 0 0 1px 0 rgba(0,0,0,0.5),0 1px 10px 0 rgba(0,0,0,0.15); margin: 1px; max-width: 540px; min-width: 326px; padding: 0; width: calc(100% - 2px);\" data-instgrm-captioned=\"\" data-instgrm-permalink=\"https:\/\/www.instagram.com\/p\/CgYv-lJIw4d\/?utm_source=ig_embed&amp;utm_campaign=loading\" data-instgrm-version=\"14\">\n<div style=\"padding: 16px;\">\n<p>&nbsp;<\/p>\n<div style=\"display: flex; flex-direction: row; align-items: center;\">\n<div style=\"background-color: #f4f4f4; border-radius: 50%; flex-grow: 0; height: 40px; margin-right: 14px; width: 40px;\"><\/div>\n<div style=\"display: flex; flex-direction: column; flex-grow: 1; justify-content: center;\">\n<div style=\"background-color: #f4f4f4; border-radius: 4px; flex-grow: 0; height: 14px; margin-bottom: 6px; width: 100px;\"><\/div>\n<div style=\"background-color: #f4f4f4; border-radius: 4px; flex-grow: 0; height: 14px; width: 60px;\"><\/div>\n<\/div>\n<\/div>\n<div style=\"padding: 19% 0;\"><\/div>\n<div style=\"display: block; height: 50px; margin: 0 auto 12px; width: 50px;\"><\/div>\n<div style=\"padding-top: 8px;\">\n<div style=\"color: #3897f0; font-family: Arial,sans-serif; font-size: 14px; font-style: normal; font-weight: 550; line-height: 18px;\">Voir cette publication sur Instagram<\/div>\n<\/div>\n<div style=\"padding: 12.5% 0;\"><\/div>\n<div style=\"display: flex; flex-direction: row; margin-bottom: 14px; align-items: center;\">\n<div>\n<div style=\"background-color: #f4f4f4; border-radius: 50%; height: 12.5px; width: 12.5px; transform: translateX(0px) translateY(7px);\"><\/div>\n<div style=\"background-color: #f4f4f4; height: 12.5px; transform: rotate(-45deg) translateX(3px) translateY(1px); width: 12.5px; flex-grow: 0; margin-right: 14px; margin-left: 2px;\"><\/div>\n<div style=\"background-color: #f4f4f4; border-radius: 50%; height: 12.5px; width: 12.5px; transform: translateX(9px) translateY(-18px);\"><\/div>\n<\/div>\n<div style=\"margin-left: 8px;\">\n<div style=\"background-color: #f4f4f4; border-radius: 50%; flex-grow: 0; height: 20px; width: 20px;\"><\/div>\n<div style=\"width: 0; height: 0; border-top: 2px solid transparent; border-left: 6px solid #f4f4f4; border-bottom: 2px solid transparent; transform: translateX(16px) translateY(-4px) rotate(30deg);\"><\/div>\n<\/div>\n<div style=\"margin-left: auto;\">\n<div style=\"width: 0px; border-top: 8px solid #F4F4F4; border-right: 8px solid transparent; transform: translateY(16px);\"><\/div>\n<div style=\"background-color: #f4f4f4; flex-grow: 0; height: 12px; width: 16px; transform: translateY(-4px);\"><\/div>\n<div style=\"width: 0; height: 0; border-top: 8px solid #F4F4F4; border-left: 8px solid transparent; transform: translateY(-4px) translateX(8px);\"><\/div>\n<\/div>\n<\/div>\n<div style=\"display: flex; flex-direction: column; flex-grow: 1; justify-content: center; margin-bottom: 24px;\">\n<div style=\"background-color: #f4f4f4; border-radius: 4px; flex-grow: 0; height: 14px; margin-bottom: 6px; width: 224px;\"><\/div>\n<div style=\"background-color: #f4f4f4; border-radius: 4px; flex-grow: 0; height: 14px; width: 144px;\"><\/div>\n<\/div>\n<p>&nbsp;<\/p>\n<p style=\"color: #c9c8cd; font-family: Arial,sans-serif; font-size: 14px; line-height: 17px; margin-bottom: 0; margin-top: 8px; overflow: hidden; padding: 8px 0 7px; text-align: center; text-overflow: ellipsis; white-space: nowrap;\"><a style=\"color: #c9c8cd; font-family: Arial,sans-serif; font-size: 14px; font-style: normal; font-weight: normal; line-height: 17px; text-decoration: none;\" href=\"https:\/\/www.instagram.com\/p\/CgYv-lJIw4d\/?utm_source=ig_embed&amp;utm_campaign=loading\" target=\"_blank\" rel=\"noopener\">Une publication partag\u00e9e par Vaucluse ProvenceGuide (@provenceguide)<\/a><\/p>\n<\/div>\n<\/blockquote>\n<p><script async src=\"\/\/www.instagram.com\/embed.js\"><\/script><\/p>\n<h2 class=\"\" data-start=\"2221\" data-end=\"2299\">Un cadre naturel \u00e9poustouflant : Entre Mont Ventoux et vall\u00e9e du Toulourenc<\/h2>\n<p class=\"\" data-start=\"2301\" data-end=\"2850\">Brantes, c\u2019est aussi un voyage au c\u0153ur de la nature proven\u00e7ale. Le Mont Ventoux, majestueux et imposant, surveille ce village paisible, et sa silhouette, reconnaissable entre toutes, dessine une fronti\u00e8re entre <a href=\"https:\/\/discover.ulysse.com\/alpes-village-savoyard-300-jours-ensoleillement\">les Alpes<\/a> et la vall\u00e9e du Rh\u00f4ne. L\u2019air y est pur et les panoramas \u00e0 couper le souffle. Depuis le village, les <a href=\"https:\/\/discover.ulysse.com\/voyagez-montagnes-europe-randonnees-faciles\">sentiers de randonn\u00e9e<\/a> vous invitent \u00e0 explorer des paysages sauvages et prot\u00e9g\u00e9s. Que vous soyez un passionn\u00e9 de nature ou un amateur de sports en plein air, Brantes est le point de d\u00e9part id\u00e9al pour des excursions inoubliables.<\/p>\n<blockquote class=\"instagram-media\" style=\"background: #FFF; border: 0; border-radius: 3px; box-shadow: 0 0 1px 0 rgba(0,0,0,0.5),0 1px 10px 0 rgba(0,0,0,0.15); margin: 1px; max-width: 540px; min-width: 326px; padding: 0; width: calc(100% - 2px);\" data-instgrm-captioned=\"\" data-instgrm-permalink=\"https:\/\/www.instagram.com\/p\/CBtDRBzAiCv\/?utm_source=ig_embed&amp;utm_campaign=loading\" data-instgrm-version=\"14\">\n<div style=\"padding: 16px;\">\n<p>&nbsp;<\/p>\n<div style=\"display: flex; flex-direction: row; align-items: center;\">\n<div style=\"background-color: #f4f4f4; border-radius: 50%; flex-grow: 0; height: 40px; margin-right: 14px; width: 40px;\"><\/div>\n<div style=\"display: flex; flex-direction: column; flex-grow: 1; justify-content: center;\">\n<div style=\"background-color: #f4f4f4; border-radius: 4px; flex-grow: 0; height: 14px; margin-bottom: 6px; width: 100px;\"><\/div>\n<div style=\"background-color: #f4f4f4; border-radius: 4px; flex-grow: 0; height: 14px; width: 60px;\"><\/div>\n<\/div>\n<\/div>\n<div style=\"padding: 19% 0;\"><\/div>\n<div style=\"display: block; height: 50px; margin: 0 auto 12px; width: 50px;\"><\/div>\n<div style=\"padding-top: 8px;\">\n<div style=\"color: #3897f0; font-family: Arial,sans-serif; font-size: 14px; font-style: normal; font-weight: 550; line-height: 18px;\">Voir cette publication sur Instagram<\/div>\n<\/div>\n<div style=\"padding: 12.5% 0;\"><\/div>\n<div style=\"display: flex; flex-direction: row; margin-bottom: 14px; align-items: center;\">\n<div>\n<div style=\"background-color: #f4f4f4; border-radius: 50%; height: 12.5px; width: 12.5px; transform: translateX(0px) translateY(7px);\"><\/div>\n<div style=\"background-color: #f4f4f4; height: 12.5px; transform: rotate(-45deg) translateX(3px) translateY(1px); width: 12.5px; flex-grow: 0; margin-right: 14px; margin-left: 2px;\"><\/div>\n<div style=\"background-color: #f4f4f4; border-radius: 50%; height: 12.5px; width: 12.5px; transform: translateX(9px) translateY(-18px);\"><\/div>\n<\/div>\n<div style=\"margin-left: 8px;\">\n<div style=\"background-color: #f4f4f4; border-radius: 50%; flex-grow: 0; height: 20px; width: 20px;\"><\/div>\n<div style=\"width: 0; height: 0; border-top: 2px solid transparent; border-left: 6px solid #f4f4f4; border-bottom: 2px solid transparent; transform: translateX(16px) translateY(-4px) rotate(30deg);\"><\/div>\n<\/div>\n<div style=\"margin-left: auto;\">\n<div style=\"width: 0px; border-top: 8px solid #F4F4F4; border-right: 8px solid transparent; transform: translateY(16px);\"><\/div>\n<div style=\"background-color: #f4f4f4; flex-grow: 0; height: 12px; width: 16px; transform: translateY(-4px);\"><\/div>\n<div style=\"width: 0; height: 0; border-top: 8px solid #F4F4F4; border-left: 8px solid transparent; transform: translateY(-4px) translateX(8px);\"><\/div>\n<\/div>\n<\/div>\n<div style=\"display: flex; flex-direction: column; flex-grow: 1; justify-content: center; margin-bottom: 24px;\">\n<div style=\"background-color: #f4f4f4; border-radius: 4px; flex-grow: 0; height: 14px; margin-bottom: 6px; width: 224px;\"><\/div>\n<div style=\"background-color: #f4f4f4; border-radius: 4px; flex-grow: 0; height: 14px; width: 144px;\"><\/div>\n<\/div>\n<p>&nbsp;<\/p>\n<p style=\"color: #c9c8cd; font-family: Arial,sans-serif; font-size: 14px; line-height: 17px; margin-bottom: 0; margin-top: 8px; overflow: hidden; padding: 8px 0 7px; text-align: center; text-overflow: ellipsis; white-space: nowrap;\"><a style=\"color: #c9c8cd; font-family: Arial,sans-serif; font-size: 14px; font-style: normal; font-weight: normal; line-height: 17px; text-decoration: none;\" href=\"https:\/\/www.instagram.com\/p\/CBtDRBzAiCv\/?utm_source=ig_embed&amp;utm_campaign=loading\" target=\"_blank\" rel=\"noopener\">Une publication partag\u00e9e par Nadine Bessiere (@nadoche84)<\/a><\/p>\n<\/div>\n<\/blockquote>\n<p><script async src=\"\/\/www.instagram.com\/embed.js\"><\/script><\/p>\n<p class=\"\" data-start=\"2852\" data-end=\"3417\">Le village est travers\u00e9 par plusieurs sentiers de grande randonn\u00e9e, dont les fameux GR9 et GR91, qui vous guideront \u00e0 travers les for\u00eats, les prairies et les montagnes qui entourent Brantes. L\u2019un des joyaux du coin est la vall\u00e9e du Toulourenc, un \u00e9crin de verdure qui serpente autour du village. Elle offre des paysages sereins o\u00f9 la beaut\u00e9 des lieux est souvent soulign\u00e9e par les couleurs changeantes des cieux proven\u00e7aux. En \u00e9t\u00e9, les senteurs de lavande et de thym embaument l\u2019air, et le silence est seulement bris\u00e9 par le chant des oiseaux et le souffle du vent.<\/p>\n<p class=\"\" data-start=\"3419\" data-end=\"3837\">Les amoureux de la nature trouveront \u00e9galement leur bonheur au Jardin de Brantes, un espace paysager cr\u00e9\u00e9 au XVIIIe si\u00e8cle par le marquis de Brantes. Ce jardin d\u2019exception est un v\u00e9ritable havre de paix o\u00f9 se m\u00ealent harmonieusement plantes locales et esp\u00e8ces m\u00e9diterran\u00e9ennes. Promenez-vous \u00e0 travers ce jardin et laissez-vous emporter par la tranquillit\u00e9 des lieux, entre all\u00e9es fleuries et points de vue imprenables.<\/p>\n<h2 class=\"\" data-start=\"3839\" data-end=\"3917\">L\u2019authenticit\u00e9 proven\u00e7ale et l\u2019artisanat local sont l&#8217;expertise de Brantes<\/h2>\n<p class=\"\" data-start=\"3919\" data-end=\"4434\">Brantes n\u2019est pas qu\u2019un simple village de passage, c\u2019est aussi un lieu o\u00f9 la culture proven\u00e7ale est encore bien vivante. Si l\u2019histoire de ce village est fascinante, ses habitants le sont tout autant. Depuis plusieurs ann\u00e9es, Brantes est devenu un v\u00e9ritable centre pour les artistes et artisans de la r\u00e9gion. Leur travail est un hommage \u00e0 la tradition proven\u00e7ale, qu\u2019il s\u2019agisse de poterie, de tissage, ou de sculpture. Chaque ruelle semble abriter un artisanat local, dans une atmosph\u00e8re chaleureuse et authentique.<\/p>\n<p class=\"\" data-start=\"4436\" data-end=\"5054\">Le village organise tous les deux ans un \u00e9v\u00e9nement unique en son genre : &#8220;Brantes dans les \u00e9toiles&#8221;. Il s&#8217;agit d\u2019une biennale des m\u00e9tiers d&#8217;art, o\u00f9 les habitants ouvrent leurs portes pour accueillir des artisans locaux. C\u2019est l\u2019occasion r\u00eav\u00e9e de d\u00e9couvrir des m\u00e9tiers ancestraux comme la poterie, la sculpture sur bois ou le tissage, mais aussi de discuter avec ceux qui font vivre ces traditions. Ce n\u2019est pas juste une foire, mais une immersion totale dans l\u2019artisanat proven\u00e7al. Un moment parfait pour ramener un souvenir authentique de votre visite, qu\u2019il s\u2019agisse d\u2019un objet fait main ou d\u2019une \u0153uvre d\u2019art unique.<\/p>\n<p class=\"\" data-start=\"5056\" data-end=\"5391\">L\u2019atmosph\u00e8re du village pendant cet \u00e9v\u00e9nement est conviviale et festive, avec des d\u00e9monstrations, des ateliers participatifs et des rencontres avec des cr\u00e9ateurs passionn\u00e9s. C\u2019est \u00e9galement un moment id\u00e9al pour go\u00fbter aux sp\u00e9cialit\u00e9s locales dans l\u2019une des petites auberges du village, o\u00f9 l\u2019accueil est aussi chaleureux que la cuisine.<\/p>\n","protected":false},"excerpt":{"rendered":"<p>Dans le Vaucluse, nich\u00e9 sous l&#8217;imposant Mont Ventoux, Brantes semble sorti tout droit d&#8217;un r\u00eave proven\u00e7al. Ce petit village perch\u00e9, [&hellip;]<\/p>\n","protected":false},"author":4,"featured_media":28739,"comment_status":"open","ping_status":"closed","sticky":false,"template":"","format":"standard","meta":{"_acf_changed":false,"_sitemap_exclude":false,"_sitemap_priority":"","_sitemap_frequency":"","footnotes":"","rank_math_title":"","rank_math_description":"","rank_math_canonical_url":"","rank_math_focus_keyword":"village"},"categories":[3],"tags":[],"class_list":["post-28578","post","type-post","status-publish","format-standard","has-post-thumbnail","hentry","category-voyage"],"acf":[],"_links":{"self":[{"href":"https:\/\/ulysse.com\/news\/wp-json\/wp\/v2\/posts\/28578","targetHints":{"allow":["GET"]}}],"collection":[{"href":"https:\/\/ulysse.com\/news\/wp-json\/wp\/v2\/posts"}],"about":[{"href":"https:\/\/ulysse.com\/news\/wp-json\/wp\/v2\/types\/post"}],"author":[{"embeddable":true,"href":"https:\/\/ulysse.com\/news\/wp-json\/wp\/v2\/users\/4"}],"replies":[{"embeddable":true,"href":"https:\/\/ulysse.com\/news\/wp-json\/wp\/v2\/comments?post=28578"}],"version-history":[{"count":2,"href":"https:\/\/ulysse.com\/news\/wp-json\/wp\/v2\/posts\/28578\/revisions"}],"predecessor-version":[{"id":28740,"href":"https:\/\/ulysse.com\/news\/wp-json\/wp\/v2\/posts\/28578\/revisions\/28740"}],"wp:featuredmedia":[{"embeddable":true,"href":"https:\/\/ulysse.com\/news\/wp-json\/wp\/v2\/media\/28739"}],"wp:attachment":[{"href":"https:\/\/ulysse.com\/news\/wp-json\/wp\/v2\/media?parent=28578"}],"wp:term":[{"taxonomy":"category","embeddable":true,"href":"https:\/\/ulysse.com\/news\/wp-json\/wp\/v2\/categories?post=28578"},{"taxonomy":"post_tag","embeddable":true,"href":"https:\/\/ulysse.com\/news\/wp-json\/wp\/v2\/tags?post=28578"}],"curies":[{"name":"wp","href":"https:\/\/api.w.org\/{rel}","templated":true}]}}