{"id":28580,"date":"2025-04-23T19:00:55","date_gmt":"2025-04-23T18:00:55","guid":{"rendered":"https:\/\/discover.ulysse.com\/?p=28580"},"modified":"2025-04-23T09:45:06","modified_gmt":"2025-04-23T08:45:06","slug":"montagnes-village-aux-mimosas-nice","status":"publish","type":"post","link":"https:\/\/ulysse.com\/news\/montagnes-village-aux-mimosas-nice","title":{"rendered":"Au pied des montagnes, le village aux mimosas vous ouvre ses portes, \u00e0 35 minutes de Nice"},"content":{"rendered":"<p class=\"\" data-start=\"171\" data-end=\"776\">Au c\u0153ur des Alpes-Maritimes, \u00e0 seulement 35 minutes de Nice, un village suspendu entre ciel et mer semble veiller sur la c\u00f4te. Berre-les-Alpes, surnomm\u00e9e la \u00ab sentinelle des mimosas \u00bb, offre \u00e0 ses visiteurs un cadre idyllique o\u00f9 se m\u00ealent art, histoire et nature. Avec ses ruelles pittoresques, ses panoramas vertigineux et ses tr\u00e9sors architecturaux, ce village proven\u00e7al semble avoir travers\u00e9 les si\u00e8cles sans perdre de son charme. Mais au-del\u00e0 de ses vues imprenables, Berre-les-Alpes est aussi un lieu o\u00f9 la cr\u00e9ativit\u00e9 et la culture s\u2019\u00e9panouissent, un v\u00e9ritable havre pour les amoureux d&#8217;authenticit\u00e9.<\/p>\n<h2 class=\"\" data-start=\"778\" data-end=\"825\">Un patrimoine historique \u00e0 couper le souffle<\/h2>\n<p class=\"\" data-start=\"827\" data-end=\"1410\">Le voyage \u00e0 Berre-les-Alpes n\u2019est pas seulement une immersion dans la nature, c\u2019est aussi un plongeon dans l\u2019histoire de la r\u00e9gion. Ce <a href=\"https:\/\/discover.ulysse.com\/1h30-paris-village-medieval-ideale-printemps\">village m\u00e9di\u00e9val<\/a>, perch\u00e9 \u00e0 682 m\u00e8tres d&#8217;altitude, est le t\u00e9moin d\u2019un pass\u00e9 riche et captivant. Mentionn\u00e9 d\u00e8s 1108 sous le nom de &#8220;Castel Berre&#8221;, il fait partie de ces villages proven\u00e7aux qui ont su pr\u00e9server leur caract\u00e8re tout en racontant les diff\u00e9rentes \u00e9poques de l\u2019histoire de la r\u00e9gion. Berre-les-Alpes fut un fief important au Moyen \u00c2ge, notamment sous la domination de la famille des Berre, une lign\u00e9e noble influente dans le comt\u00e9 de Nice.<\/p>\n<p class=\"\" data-start=\"1412\" data-end=\"2016\">L\u2019un des plus beaux t\u00e9moignages de cette \u00e9poque se trouve dans son ch\u00e2teau, \u00e9difi\u00e9 au XIVe si\u00e8cle par la famille Graglieri. Bien que partiellement en ruines, ce ch\u00e2teau continue de marquer le paysage, nous rappelant la grandeur d\u2019un pass\u00e9 m\u00e9di\u00e9val qui a forg\u00e9 l\u2019identit\u00e9 du village. Les amateurs d\u2019histoire pourront \u00e9galement se perdre dans les ruelles \u00e9troites et pav\u00e9es, bord\u00e9es de maisons anciennes o\u00f9 chaque pierre semble avoir une histoire \u00e0 raconter. Ces t\u00e9moignages architecturaux ajoutent au charme de Berre-les-Alpes, tout en apportant une touche d\u2019authenticit\u00e9 \u00e0 une r\u00e9gion pleine de caract\u00e8re.<\/p>\n<p class=\"\" data-start=\"2018\" data-end=\"2325\">Les visiteurs pourront \u00e9galement d\u00e9couvrir des chapelles anciennes comme la chapelle Sainte-Croix des P\u00e9nitents Blancs et la chapelle Saint-Roch, qui t\u00e9moignent de la d\u00e9votion religieuse de la communaut\u00e9 au fil des si\u00e8cles. Ces \u00e9difices sacr\u00e9s ajoutent encore au caract\u00e8re mystique et intemporel du village.<\/p>\n<h2 class=\"\" data-start=\"2327\" data-end=\"2406\">Plong\u00e9e dans la nature : Berre-les-Alpes, un point de d\u00e9part pour l\u2019aventure<\/h2>\n<p class=\"\" data-start=\"2408\" data-end=\"2927\">Berre-les-Alpes est un v\u00e9ritable paradis pour les amoureux de la nature. Perch\u00e9 sur sa montagne, le village b\u00e9n\u00e9ficie d\u2019une vue imprenable sur les vall\u00e9es environnantes et la mer M\u00e9diterran\u00e9e au loin. Ce cadre naturel pr\u00e9serv\u00e9 offre une multitude de possibilit\u00e9s pour les randonneurs, mais aussi pour ceux qui cherchent simplement \u00e0 s\u2019\u00e9vader dans un environnement serein et apaisant. Entour\u00e9 de for\u00eats de ch\u00e2taigniers, de pins et de mimosas, le village est l\u2019endroit id\u00e9al pour se ressourcer et profiter de l&#8217;air frais.<\/p>\n<p class=\"\" data-start=\"2929\" data-end=\"3489\">Le climat m\u00e9diterran\u00e9en de la r\u00e9gion, avec ses hivers doux et ses \u00e9t\u00e9s chauds, est une invitation \u00e0 explorer les sentiers qui serpentent autour du village. Que ce soit pour une promenade tranquille ou une randonn\u00e9e plus sportive, Berre-les-Alpes est le point de d\u00e9part parfait pour partir \u00e0 la d\u00e9couverte des paysages spectaculaires qui l\u2019entourent. Les montagnes de l&#8217;Authion et du Mont Agel, visibles depuis le village, offrent des panoramas \u00e0 couper le souffle, que l\u2019on soit sur un <a href=\"https:\/\/discover.ulysse.com\/explorer-le-jura-autrement-a-travers-randonnees\">sentier de randonn\u00e9e<\/a> ou simplement en fl\u00e2nant dans les ruelles du village.<\/p>\n<p class=\"\" data-start=\"3491\" data-end=\"3899\">Le village est \u00e9galement un excellent point de d\u00e9part pour explorer les magnifiques paysages du parc naturel des Pr\u00e9alpes d\u2019Azur, un territoire pr\u00e9serv\u00e9 o\u00f9 la faune et la flore m\u00e9diterran\u00e9ennes s\u2019\u00e9panouissent. Avec des sentiers adapt\u00e9s \u00e0 tous les niveaux, du plus tranquille au plus sportif, Berre-les-Alpes est une v\u00e9ritable porte d\u2019entr\u00e9e vers des aventures en plein air dans un cadre naturel exceptionnel.<\/p>\n<blockquote class=\"instagram-media\" style=\"background: #FFF; border: 0; border-radius: 3px; box-shadow: 0 0 1px 0 rgba(0,0,0,0.5),0 1px 10px 0 rgba(0,0,0,0.15); margin: 1px; max-width: 540px; min-width: 326px; padding: 0; width: calc(100% - 2px);\" data-instgrm-captioned=\"\" data-instgrm-permalink=\"https:\/\/www.instagram.com\/p\/BU7Vyx8Fzlp\/?utm_source=ig_embed&amp;utm_campaign=loading\" data-instgrm-version=\"14\">\n<div style=\"padding: 16px;\">\n<p>&nbsp;<\/p>\n<div style=\"display: flex; flex-direction: row; align-items: center;\">\n<div style=\"background-color: #f4f4f4; border-radius: 50%; flex-grow: 0; height: 40px; margin-right: 14px; width: 40px;\"><\/div>\n<div style=\"display: flex; flex-direction: column; flex-grow: 1; justify-content: center;\">\n<div style=\"background-color: #f4f4f4; border-radius: 4px; flex-grow: 0; height: 14px; margin-bottom: 6px; width: 100px;\"><\/div>\n<div style=\"background-color: #f4f4f4; border-radius: 4px; flex-grow: 0; height: 14px; width: 60px;\"><\/div>\n<\/div>\n<\/div>\n<div style=\"padding: 19% 0;\"><\/div>\n<div style=\"display: block; height: 50px; margin: 0 auto 12px; width: 50px;\"><\/div>\n<div style=\"padding-top: 8px;\">\n<div style=\"color: #3897f0; font-family: Arial,sans-serif; font-size: 14px; font-style: normal; font-weight: 550; line-height: 18px;\">Voir cette publication sur Instagram<\/div>\n<\/div>\n<div style=\"padding: 12.5% 0;\"><\/div>\n<div style=\"display: flex; flex-direction: row; margin-bottom: 14px; align-items: center;\">\n<div>\n<div style=\"background-color: #f4f4f4; border-radius: 50%; height: 12.5px; width: 12.5px; transform: translateX(0px) translateY(7px);\"><\/div>\n<div style=\"background-color: #f4f4f4; height: 12.5px; transform: rotate(-45deg) translateX(3px) translateY(1px); width: 12.5px; flex-grow: 0; margin-right: 14px; margin-left: 2px;\"><\/div>\n<div style=\"background-color: #f4f4f4; border-radius: 50%; height: 12.5px; width: 12.5px; transform: translateX(9px) translateY(-18px);\"><\/div>\n<\/div>\n<div style=\"margin-left: 8px;\">\n<div style=\"background-color: #f4f4f4; border-radius: 50%; flex-grow: 0; height: 20px; width: 20px;\"><\/div>\n<div style=\"width: 0; height: 0; border-top: 2px solid transparent; border-left: 6px solid #f4f4f4; border-bottom: 2px solid transparent; transform: translateX(16px) translateY(-4px) rotate(30deg);\"><\/div>\n<\/div>\n<div style=\"margin-left: auto;\">\n<div style=\"width: 0px; border-top: 8px solid #F4F4F4; border-right: 8px solid transparent; transform: translateY(16px);\"><\/div>\n<div style=\"background-color: #f4f4f4; flex-grow: 0; height: 12px; width: 16px; transform: translateY(-4px);\"><\/div>\n<div style=\"width: 0; height: 0; border-top: 8px solid #F4F4F4; border-left: 8px solid transparent; transform: translateY(-4px) translateX(8px);\"><\/div>\n<\/div>\n<\/div>\n<div style=\"display: flex; flex-direction: column; flex-grow: 1; justify-content: center; margin-bottom: 24px;\">\n<div style=\"background-color: #f4f4f4; border-radius: 4px; flex-grow: 0; height: 14px; margin-bottom: 6px; width: 224px;\"><\/div>\n<div style=\"background-color: #f4f4f4; border-radius: 4px; flex-grow: 0; height: 14px; width: 144px;\"><\/div>\n<\/div>\n<p>&nbsp;<\/p>\n<p style=\"color: #c9c8cd; font-family: Arial,sans-serif; font-size: 14px; line-height: 17px; margin-bottom: 0; margin-top: 8px; overflow: hidden; padding: 8px 0 7px; text-align: center; text-overflow: ellipsis; white-space: nowrap;\"><a style=\"color: #c9c8cd; font-family: Arial,sans-serif; font-size: 14px; font-style: normal; font-weight: normal; line-height: 17px; text-decoration: none;\" href=\"https:\/\/www.instagram.com\/p\/BU7Vyx8Fzlp\/?utm_source=ig_embed&amp;utm_campaign=loading\" target=\"_blank\" rel=\"noopener\">Une publication partag\u00e9e par Rob Petrie (@roberto.m.petrie)<\/a><\/p>\n<\/div>\n<\/blockquote>\n<p><script async src=\"\/\/www.instagram.com\/embed.js\"><\/script><\/p>\n<h2 class=\"\" data-start=\"3901\" data-end=\"3961\">Une cit\u00e9 d&#8217;art et de culture en plein c\u0153ur de la Provence<\/h2>\n<p class=\"\" data-start=\"3963\" data-end=\"4577\">Si Berre-les-Alpes s\u00e9duit par son histoire et ses paysages, c\u2019est aussi un lieu o\u00f9 l\u2019art et la culture se rencontrent dans un cadre enchanteur. Le village a une longue tradition d\u2019accueil d\u2019artistes, attir\u00e9s par la beaut\u00e9 des lieux et l\u2019inspiration qu\u2019ils en tirent. Ce n\u2019est pas un hasard si Berre-les-Alpes a accueilli dans le pass\u00e9 des musiciens de renom, tels que ceux ayant enregistr\u00e9 au fameux studio d&#8217;enregistrement Super Bear. Ce studio, install\u00e9 dans la montagne \u00e0 quelques pas du village, a vu passer des groupes l\u00e9gendaires comme Pink Floyd, Queen et Kate Bush, qui y ont cr\u00e9\u00e9 des albums embl\u00e9matiques.<\/p>\n<p class=\"\" data-start=\"4579\" data-end=\"5190\">Aujourd&#8217;hui, Berre-les-Alpes continue de nourrir cette tradition artistique. Le village accueille des artistes et artisans qui s\u2019inspirent de la lumi\u00e8re, des paysages et de l\u2019histoire du lieu pour cr\u00e9er des \u0153uvres uniques. Que vous soyez amateur d\u2019art ou simplement curieux, vous pourrez d\u00e9couvrir dans les galeries locales ou lors des \u00e9v\u00e9nements culturels du village des cr\u00e9ations qui t\u00e9moignent de la richesse de ce petit coin de Provence. Les <a href=\"https:\/\/discover.ulysse.com\/5-festivals-a-ne-pas-rater-cet-ete-2025\">festivals<\/a>, expositions et ateliers d&#8217;artisanat organis\u00e9s tout au long de l\u2019ann\u00e9e contribuent \u00e0 faire de Berre-les-Alpes un centre vivant de culture et de cr\u00e9ativit\u00e9.<\/p>\n<blockquote class=\"instagram-media\" style=\"background: #FFF; border: 0; border-radius: 3px; box-shadow: 0 0 1px 0 rgba(0,0,0,0.5),0 1px 10px 0 rgba(0,0,0,0.15); margin: 1px; max-width: 540px; min-width: 326px; padding: 0; width: calc(100% - 2px);\" data-instgrm-captioned=\"\" data-instgrm-permalink=\"https:\/\/www.instagram.com\/p\/BU7VtUbFOZ6\/?utm_source=ig_embed&amp;utm_campaign=loading\" data-instgrm-version=\"14\">\n<div style=\"padding: 16px;\">\n<p>&nbsp;<\/p>\n<div style=\"display: flex; flex-direction: row; align-items: center;\">\n<div style=\"background-color: #f4f4f4; border-radius: 50%; flex-grow: 0; height: 40px; margin-right: 14px; width: 40px;\"><\/div>\n<div style=\"display: flex; flex-direction: column; flex-grow: 1; justify-content: center;\">\n<div style=\"background-color: #f4f4f4; border-radius: 4px; flex-grow: 0; height: 14px; margin-bottom: 6px; width: 100px;\"><\/div>\n<div style=\"background-color: #f4f4f4; border-radius: 4px; flex-grow: 0; height: 14px; width: 60px;\"><\/div>\n<\/div>\n<\/div>\n<div style=\"padding: 19% 0;\"><\/div>\n<div style=\"display: block; height: 50px; margin: 0 auto 12px; width: 50px;\"><\/div>\n<div style=\"padding-top: 8px;\">\n<div style=\"color: #3897f0; font-family: Arial,sans-serif; font-size: 14px; font-style: normal; font-weight: 550; line-height: 18px;\">Voir cette publication sur Instagram<\/div>\n<\/div>\n<div style=\"padding: 12.5% 0;\"><\/div>\n<div style=\"display: flex; flex-direction: row; margin-bottom: 14px; align-items: center;\">\n<div>\n<div style=\"background-color: #f4f4f4; border-radius: 50%; height: 12.5px; width: 12.5px; transform: translateX(0px) translateY(7px);\"><\/div>\n<div style=\"background-color: #f4f4f4; height: 12.5px; transform: rotate(-45deg) translateX(3px) translateY(1px); width: 12.5px; flex-grow: 0; margin-right: 14px; margin-left: 2px;\"><\/div>\n<div style=\"background-color: #f4f4f4; border-radius: 50%; height: 12.5px; width: 12.5px; transform: translateX(9px) translateY(-18px);\"><\/div>\n<\/div>\n<div style=\"margin-left: 8px;\">\n<div style=\"background-color: #f4f4f4; border-radius: 50%; flex-grow: 0; height: 20px; width: 20px;\"><\/div>\n<div style=\"width: 0; height: 0; border-top: 2px solid transparent; border-left: 6px solid #f4f4f4; border-bottom: 2px solid transparent; transform: translateX(16px) translateY(-4px) rotate(30deg);\"><\/div>\n<\/div>\n<div style=\"margin-left: auto;\">\n<div style=\"width: 0px; border-top: 8px solid #F4F4F4; border-right: 8px solid transparent; transform: translateY(16px);\"><\/div>\n<div style=\"background-color: #f4f4f4; flex-grow: 0; height: 12px; width: 16px; transform: translateY(-4px);\"><\/div>\n<div style=\"width: 0; height: 0; border-top: 8px solid #F4F4F4; border-left: 8px solid transparent; transform: translateY(-4px) translateX(8px);\"><\/div>\n<\/div>\n<\/div>\n<div style=\"display: flex; flex-direction: column; flex-grow: 1; justify-content: center; margin-bottom: 24px;\">\n<div style=\"background-color: #f4f4f4; border-radius: 4px; flex-grow: 0; height: 14px; margin-bottom: 6px; width: 224px;\"><\/div>\n<div style=\"background-color: #f4f4f4; border-radius: 4px; flex-grow: 0; height: 14px; width: 144px;\"><\/div>\n<\/div>\n<p>&nbsp;<\/p>\n<p style=\"color: #c9c8cd; font-family: Arial,sans-serif; font-size: 14px; line-height: 17px; margin-bottom: 0; margin-top: 8px; overflow: hidden; padding: 8px 0 7px; text-align: center; text-overflow: ellipsis; white-space: nowrap;\"><a style=\"color: #c9c8cd; font-family: Arial,sans-serif; font-size: 14px; font-style: normal; font-weight: normal; line-height: 17px; text-decoration: none;\" href=\"https:\/\/www.instagram.com\/p\/BU7VtUbFOZ6\/?utm_source=ig_embed&amp;utm_campaign=loading\" target=\"_blank\" rel=\"noopener\">Une publication partag\u00e9e par Rob Petrie (@roberto.m.petrie)<\/a><\/p>\n<\/div>\n<\/blockquote>\n<p><script async src=\"\/\/www.instagram.com\/embed.js\"><\/script><\/p>\n<h2 data-start=\"5192\" data-end=\"5248\">Une escapade facile depuis Nice<\/h2>\n<p class=\"\" data-start=\"5250\" data-end=\"5754\">Rejoindre Berre-les-Alpes depuis Nice est un jeu d\u2019enfant, et ce, gr\u00e2ce \u00e0 une multitude de moyens de transport accessibles. Si vous pr\u00e9f\u00e9rez le train, vous pouvez prendre un TGV en direction de <a href=\"https:\/\/discover.ulysse.com\/village-3-heures-nice-preserve-tourisme\">Nice<\/a>, puis emprunter un train r\u00e9gional ou un bus pour rejoindre le village. Le trajet dure environ 35 minutes, ce qui fait de Berre-les-Alpes une escapade id\u00e9ale pour une journ\u00e9e ou un week-end. Les prix des billets de train varient entre 15 et 30 euros selon la p\u00e9riode et l&#8217;anticipation de votre r\u00e9servation.<\/p>\n<p class=\"\" data-start=\"5756\" data-end=\"6105\">Si vous \u00eates en voiture, le village est facilement accessible depuis Nice en empruntant la D2566, une route pittoresque qui vous emm\u00e8ne directement au c\u0153ur de ce charmant village. Pour ceux qui viennent d\u2019autres grandes villes comme Lyon ou Strasbourg, le trajet en train jusqu\u2019\u00e0 Nice est recommand\u00e9, suivi d\u2019une correspondance en bus ou en voiture.<\/p>\n","protected":false},"excerpt":{"rendered":"<p>Au c\u0153ur des Alpes-Maritimes, \u00e0 seulement 35 minutes de Nice, un village suspendu entre ciel et mer semble veiller sur [&hellip;]<\/p>\n","protected":false},"author":4,"featured_media":28677,"comment_status":"open","ping_status":"closed","sticky":false,"template":"","format":"standard","meta":{"_acf_changed":false,"_sitemap_exclude":false,"_sitemap_priority":"","_sitemap_frequency":"","footnotes":"","rank_math_title":"","rank_math_description":"","rank_math_canonical_url":"","rank_math_focus_keyword":"village"},"categories":[3],"tags":[],"class_list":["post-28580","post","type-post","status-publish","format-standard","has-post-thumbnail","hentry","category-voyage"],"acf":[],"_links":{"self":[{"href":"https:\/\/ulysse.com\/news\/wp-json\/wp\/v2\/posts\/28580","targetHints":{"allow":["GET"]}}],"collection":[{"href":"https:\/\/ulysse.com\/news\/wp-json\/wp\/v2\/posts"}],"about":[{"href":"https:\/\/ulysse.com\/news\/wp-json\/wp\/v2\/types\/post"}],"author":[{"embeddable":true,"href":"https:\/\/ulysse.com\/news\/wp-json\/wp\/v2\/users\/4"}],"replies":[{"embeddable":true,"href":"https:\/\/ulysse.com\/news\/wp-json\/wp\/v2\/comments?post=28580"}],"version-history":[{"count":2,"href":"https:\/\/ulysse.com\/news\/wp-json\/wp\/v2\/posts\/28580\/revisions"}],"predecessor-version":[{"id":28678,"href":"https:\/\/ulysse.com\/news\/wp-json\/wp\/v2\/posts\/28580\/revisions\/28678"}],"wp:featuredmedia":[{"embeddable":true,"href":"https:\/\/ulysse.com\/news\/wp-json\/wp\/v2\/media\/28677"}],"wp:attachment":[{"href":"https:\/\/ulysse.com\/news\/wp-json\/wp\/v2\/media?parent=28580"}],"wp:term":[{"taxonomy":"category","embeddable":true,"href":"https:\/\/ulysse.com\/news\/wp-json\/wp\/v2\/categories?post=28580"},{"taxonomy":"post_tag","embeddable":true,"href":"https:\/\/ulysse.com\/news\/wp-json\/wp\/v2\/tags?post=28580"}],"curies":[{"name":"wp","href":"https:\/\/api.w.org\/{rel}","templated":true}]}}