{"id":28587,"date":"2025-04-24T13:00:38","date_gmt":"2025-04-24T12:00:38","guid":{"rendered":"https:\/\/discover.ulysse.com\/?p=28587"},"modified":"2025-04-23T10:18:59","modified_gmt":"2025-04-23T09:18:59","slug":"joyau-3h-frontiere-refuge-prefere-retraites","status":"publish","type":"post","link":"https:\/\/ulysse.com\/news\/joyau-3h-frontiere-refuge-prefere-retraites","title":{"rendered":"Ce joyau \u00e0 3h de la fronti\u00e8re est le refuge paisible pr\u00e9f\u00e9r\u00e9 des retrait\u00e9s du Sud-Est"},"content":{"rendered":"<p class=\"\" data-start=\"115\" data-end=\"688\">Il y a des lieux o\u00f9 le temps semble ralentir naturellement, o\u00f9 l\u2019on respire mieux, o\u00f9 les journ\u00e9es s\u2019\u00e9tirent comme un doux apr\u00e8s-midi d\u2019\u00e9t\u00e9. Le Lac Majeur fait partie de ces endroits rares. Pos\u00e9 d\u00e9licatement entre l\u2019Italie et la Suisse, ce coin de paradis m\u00eale paysages de carte postale, villages aux fa\u00e7ades pastel et art de vivre \u00e0 l\u2019italienne. Sans pr\u00e9tention, sans exc\u00e8s. Juste ce qu\u2019il faut pour savourer pleinement la retraite, sans stress, sans foule, et surtout, sans jamais s\u2019ennuyer. Le charme op\u00e8re d\u00e8s les premiers instants\u2026 mais le meilleur est encore \u00e0 venir.<\/p>\n<h2 class=\"\" data-start=\"690\" data-end=\"754\">Le Lac Majeur, un petit go\u00fbt de paradis&#8230; sans en faire trop<\/h2>\n<p class=\"\" data-start=\"756\" data-end=\"1228\">C\u2019est vrai qu\u2019on a tendance \u00e0 penser d\u2019abord au Lac de C\u00f4me ou au Lac de Garde quand on parle de grands lacs italiens. Mais ceux qui connaissent le Lac Majeur le gardent jalousement pour eux. Et pour cause : ici, pas besoin d\u2019en faire des tonnes pour \u00e9blouir. Le spectacle est partout, dans la lumi\u00e8re dor\u00e9e qui caresse les montagnes, dans les reflets du lac qui changent au fil de la journ\u00e9e, dans les petites ruelles pav\u00e9es o\u00f9 le linge flotte entre deux balcons fleuris.<\/p>\n<p class=\"\" data-start=\"1230\" data-end=\"1735\">Stresa, s\u00fbrement la plus \u00e9l\u00e9gante des villes du lac, affiche une ambiance Belle \u00c9poque irr\u00e9sistible. On s\u2019y prom\u00e8ne tranquillement, entre les palmiers et les terrasses qui donnent sur l\u2019eau. Et puis il y a ce petit frisson d\u2019aventure quand on grimpe \u00e0 bord d\u2019un bateau pour voguer vers les \u00eeles Borrom\u00e9es. L\u2019Isola Bella et son palais baroque tapent dans l\u2019\u0153il, tandis que l\u2019Isola Madre charme en douceur avec ses jardins exub\u00e9rants et ses paons en libert\u00e9. Une vraie pause enchant\u00e9e au beau milieu du lac.<\/p>\n<p class=\"\" data-start=\"1737\" data-end=\"2177\">\u00c0 quelques kilom\u00e8tres, des villages comme Cannero Riviera, Verbania ou Arona invitent \u00e0 la lenteur. On s\u2019y installe pour un espresso face au lac, on discute avec les locaux au march\u00e9, on suit les sentiers qui serpentent entre for\u00eat et belv\u00e9d\u00e8res. Les randonn\u00e9es dans le parc national de Val Grande, tout proche, offrent des vues spectaculaires, sans n\u00e9cessiter d\u2019\u00eatre un athl\u00e8te olympique. Bref, un cadre parfait pour les jours sans agenda.<\/p>\n<p class=\"\" data-start=\"2179\" data-end=\"2454\">Et la bonne nouvelle, c\u2019est que le co\u00fbt de la vie reste \u00e9tonnamment doux. Louer un petit appartement avec vue ou profiter des trattorias locales sans exploser son budget ? C\u2019est non seulement possible, mais courant. De quoi prolonger son s\u00e9jour\u2026 ou s\u2019y installer pour de bon.<\/p>\n<h2 class=\"\" data-start=\"2456\" data-end=\"2509\">La retraite, mais version grand angle et slow life<\/h2>\n<p class=\"\" data-start=\"2511\" data-end=\"2888\">Ce qui rend le Lac Majeur aussi attrayant pour les <a href=\"https:\/\/discover.ulysse.com\/coin-paradis-coeur-provence-jeunes-retraites\">jeunes retrait\u00e9s<\/a>, ce n\u2019est pas juste sa beaut\u00e9. C\u2019est ce subtil m\u00e9lange de calme, de confort et de petites surprises du quotidien. On s\u2019y sent vite chez soi, entre un march\u00e9 en plein air, une balade au bord de l\u2019eau et un verre de vin local au coucher du soleil. Rien de compliqu\u00e9, mais tout ce qu\u2019il faut pour se sentir bien.<\/p>\n<p class=\"\" data-start=\"2890\" data-end=\"3233\">Les infrastructures sont impeccables. Les soins de sant\u00e9 sont de qualit\u00e9, les transports locaux sont pratiques, et <a href=\"https:\/\/discover.ulysse.com\/100-000-euros-italie-villages\">l\u2019Italie<\/a> offre toujours ce sens du service chaleureux qui donne envie de rester. C\u2019est aussi une r\u00e9gion qui aime la culture, avec des concerts, des expos, des \u00e9v\u00e9nements en plein air\u2026 sans jamais tomber dans l\u2019agitation urbaine.<\/p>\n<p class=\"\" data-start=\"3235\" data-end=\"3527\">Le climat y joue aussi pour beaucoup. Prot\u00e9g\u00e9 par les montagnes, le Lac Majeur b\u00e9n\u00e9ficie d\u2019un microclimat doux toute l\u2019ann\u00e9e. Pas de canicule infernale, pas d\u2019hiver glacial. Juste ce qu\u2019il faut pour jardiner en f\u00e9vrier ou d\u00e9jeuner en terrasse en octobre. Un luxe discret mais qui change tout.<\/p>\n<p class=\"\" data-start=\"3529\" data-end=\"3860\">Et puis il y a Locarno et Ascona, de l\u2019autre c\u00f4t\u00e9 du lac, c\u00f4t\u00e9 suisse. Ces petites villes pleines de charme ajoutent une touche chic et arty \u00e0 l\u2019exp\u00e9rience. On y va pour une expo, un festival ou simplement fl\u00e2ner dans leurs ruelles \u00e9l\u00e9gantes. L\u2019avantage d\u2019\u00eatre \u00e0 la fronti\u00e8re, c\u2019est de pouvoir s\u2019offrir le meilleur des deux mondes.<\/p>\n<blockquote class=\"instagram-media\" style=\"background: #FFF; border: 0; border-radius: 3px; box-shadow: 0 0 1px 0 rgba(0,0,0,0.5),0 1px 10px 0 rgba(0,0,0,0.15); margin: 1px; max-width: 540px; min-width: 326px; padding: 0; width: calc(100% - 2px);\" data-instgrm-captioned=\"\" data-instgrm-permalink=\"https:\/\/www.instagram.com\/p\/C_TNIzAMd7q\/?utm_source=ig_embed&amp;utm_campaign=loading\" data-instgrm-version=\"14\">\n<div style=\"padding: 16px;\">\n<p>&nbsp;<\/p>\n<div style=\"display: flex; flex-direction: row; align-items: center;\">\n<div style=\"background-color: #f4f4f4; border-radius: 50%; flex-grow: 0; height: 40px; margin-right: 14px; width: 40px;\"><\/div>\n<div style=\"display: flex; flex-direction: column; flex-grow: 1; justify-content: center;\">\n<div style=\"background-color: #f4f4f4; border-radius: 4px; flex-grow: 0; height: 14px; margin-bottom: 6px; width: 100px;\"><\/div>\n<div style=\"background-color: #f4f4f4; border-radius: 4px; flex-grow: 0; height: 14px; width: 60px;\"><\/div>\n<\/div>\n<\/div>\n<div style=\"padding: 19% 0;\"><\/div>\n<div style=\"display: block; height: 50px; margin: 0 auto 12px; width: 50px;\"><\/div>\n<div style=\"padding-top: 8px;\">\n<div style=\"color: #3897f0; font-family: Arial,sans-serif; font-size: 14px; font-style: normal; font-weight: 550; line-height: 18px;\">Voir cette publication sur Instagram<\/div>\n<\/div>\n<div style=\"padding: 12.5% 0;\"><\/div>\n<div style=\"display: flex; flex-direction: row; margin-bottom: 14px; align-items: center;\">\n<div>\n<div style=\"background-color: #f4f4f4; border-radius: 50%; height: 12.5px; width: 12.5px; transform: translateX(0px) translateY(7px);\"><\/div>\n<div style=\"background-color: #f4f4f4; height: 12.5px; transform: rotate(-45deg) translateX(3px) translateY(1px); width: 12.5px; flex-grow: 0; margin-right: 14px; margin-left: 2px;\"><\/div>\n<div style=\"background-color: #f4f4f4; border-radius: 50%; height: 12.5px; width: 12.5px; transform: translateX(9px) translateY(-18px);\"><\/div>\n<\/div>\n<div style=\"margin-left: 8px;\">\n<div style=\"background-color: #f4f4f4; border-radius: 50%; flex-grow: 0; height: 20px; width: 20px;\"><\/div>\n<div style=\"width: 0; height: 0; border-top: 2px solid transparent; border-left: 6px solid #f4f4f4; border-bottom: 2px solid transparent; transform: translateX(16px) translateY(-4px) rotate(30deg);\"><\/div>\n<\/div>\n<div style=\"margin-left: auto;\">\n<div style=\"width: 0px; border-top: 8px solid #F4F4F4; border-right: 8px solid transparent; transform: translateY(16px);\"><\/div>\n<div style=\"background-color: #f4f4f4; flex-grow: 0; height: 12px; width: 16px; transform: translateY(-4px);\"><\/div>\n<div style=\"width: 0; height: 0; border-top: 8px solid #F4F4F4; border-left: 8px solid transparent; transform: translateY(-4px) translateX(8px);\"><\/div>\n<\/div>\n<\/div>\n<div style=\"display: flex; flex-direction: column; flex-grow: 1; justify-content: center; margin-bottom: 24px;\">\n<div style=\"background-color: #f4f4f4; border-radius: 4px; flex-grow: 0; height: 14px; margin-bottom: 6px; width: 224px;\"><\/div>\n<div style=\"background-color: #f4f4f4; border-radius: 4px; flex-grow: 0; height: 14px; width: 144px;\"><\/div>\n<\/div>\n<p>&nbsp;<\/p>\n<p style=\"color: #c9c8cd; font-family: Arial,sans-serif; font-size: 14px; line-height: 17px; margin-bottom: 0; margin-top: 8px; overflow: hidden; padding: 8px 0 7px; text-align: center; text-overflow: ellipsis; white-space: nowrap;\"><a style=\"color: #c9c8cd; font-family: Arial,sans-serif; font-size: 14px; font-style: normal; font-weight: normal; line-height: 17px; text-decoration: none;\" href=\"https:\/\/www.instagram.com\/p\/C_TNIzAMd7q\/?utm_source=ig_embed&amp;utm_campaign=loading\" target=\"_blank\" rel=\"noopener\">Une publication partag\u00e9e par c la mayo (@c_la_mayo)<\/a><\/p>\n<\/div>\n<\/blockquote>\n<p><script async src=\"\/\/www.instagram.com\/embed.js\"><\/script><\/p>\n<h2 class=\"\" data-start=\"3862\" data-end=\"3937\">Un aller simple vers la dolce vita ? Prenez le train, c\u2019est encore mieux<\/h2>\n<p class=\"\" data-start=\"3939\" data-end=\"4430\">C\u2019est un vrai bonheur d\u2019arriver au Lac Majeur en train. Le trajet, d\u00e9j\u00e0, donne le ton : pas de stress, pas de bouchons, juste le plaisir de regarder d\u00e9filer les Alpes et les vall\u00e9es verdoyantes. Depuis Paris, il faut environ 7 \u00e0 8 heures pour atteindre Stresa ou Verbania, avec un changement \u00e0 Milan ou Lausanne. On grimpe \u00e0 bord d\u2019un TGV Lyria jusqu\u2019en Suisse ou \u00e0 Milan, puis on poursuit tranquillement jusqu\u2019aux rives du lac. Les correspondances sont fluides, les paysages spectaculaires.<\/p>\n<p class=\"\" data-start=\"4432\" data-end=\"4711\">Depuis Lyon, le trajet est tout aussi agr\u00e9able, via Turin ou Milan, avec souvent une vue sur les sommets enneig\u00e9s en hiver, ou sur les vall\u00e9es dor\u00e9es \u00e0 l\u2019automne. Pour les Strasbourgeois, direction la Suisse avec une \u00e9tape \u00e0 Zurich ou Lugano, puis une descente douce vers le sud.<\/p>\n<p class=\"\" data-start=\"4713\" data-end=\"5043\">Et si l\u2019on r\u00e9serve un peu en avance, les tarifs restent raisonnables : entre 70 et 120 euros l\u2019aller selon la saison. Mais au fond, ce qui compte vraiment, c\u2019est que le voyage commence d\u00e8s le d\u00e9part. Parce que franchir les montagnes, traverser les vall\u00e9es, arriver au bord du lac\u2026 c\u2019est d\u00e9j\u00e0 go\u00fbter \u00e0 la douceur qui attend l\u00e0-bas.<\/p>\n<blockquote class=\"instagram-media\" style=\"background: #FFF; border: 0; border-radius: 3px; box-shadow: 0 0 1px 0 rgba(0,0,0,0.5),0 1px 10px 0 rgba(0,0,0,0.15); margin: 1px; max-width: 540px; min-width: 326px; padding: 0; width: calc(100% - 2px);\" data-instgrm-captioned=\"\" data-instgrm-permalink=\"https:\/\/www.instagram.com\/p\/CIeAxFnp08C\/?utm_source=ig_embed&amp;utm_campaign=loading\" data-instgrm-version=\"14\">\n<div style=\"padding: 16px;\">\n<p>&nbsp;<\/p>\n<div style=\"display: flex; flex-direction: row; align-items: center;\">\n<div style=\"background-color: #f4f4f4; border-radius: 50%; flex-grow: 0; height: 40px; margin-right: 14px; width: 40px;\"><\/div>\n<div style=\"display: flex; flex-direction: column; flex-grow: 1; justify-content: center;\">\n<div style=\"background-color: #f4f4f4; border-radius: 4px; flex-grow: 0; height: 14px; margin-bottom: 6px; width: 100px;\"><\/div>\n<div style=\"background-color: #f4f4f4; border-radius: 4px; flex-grow: 0; height: 14px; width: 60px;\"><\/div>\n<\/div>\n<\/div>\n<div style=\"padding: 19% 0;\"><\/div>\n<div style=\"display: block; height: 50px; margin: 0 auto 12px; width: 50px;\"><\/div>\n<div style=\"padding-top: 8px;\">\n<div style=\"color: #3897f0; font-family: Arial,sans-serif; font-size: 14px; font-style: normal; font-weight: 550; line-height: 18px;\">Voir cette publication sur Instagram<\/div>\n<\/div>\n<div style=\"padding: 12.5% 0;\"><\/div>\n<div style=\"display: flex; flex-direction: row; margin-bottom: 14px; align-items: center;\">\n<div>\n<div style=\"background-color: #f4f4f4; border-radius: 50%; height: 12.5px; width: 12.5px; transform: translateX(0px) translateY(7px);\"><\/div>\n<div style=\"background-color: #f4f4f4; height: 12.5px; transform: rotate(-45deg) translateX(3px) translateY(1px); width: 12.5px; flex-grow: 0; margin-right: 14px; margin-left: 2px;\"><\/div>\n<div style=\"background-color: #f4f4f4; border-radius: 50%; height: 12.5px; width: 12.5px; transform: translateX(9px) translateY(-18px);\"><\/div>\n<\/div>\n<div style=\"margin-left: 8px;\">\n<div style=\"background-color: #f4f4f4; border-radius: 50%; flex-grow: 0; height: 20px; width: 20px;\"><\/div>\n<div style=\"width: 0; height: 0; border-top: 2px solid transparent; border-left: 6px solid #f4f4f4; border-bottom: 2px solid transparent; transform: translateX(16px) translateY(-4px) rotate(30deg);\"><\/div>\n<\/div>\n<div style=\"margin-left: auto;\">\n<div style=\"width: 0px; border-top: 8px solid #F4F4F4; border-right: 8px solid transparent; transform: translateY(16px);\"><\/div>\n<div style=\"background-color: #f4f4f4; flex-grow: 0; height: 12px; width: 16px; transform: translateY(-4px);\"><\/div>\n<div style=\"width: 0; height: 0; border-top: 8px solid #F4F4F4; border-left: 8px solid transparent; transform: translateY(-4px) translateX(8px);\"><\/div>\n<\/div>\n<\/div>\n<div style=\"display: flex; flex-direction: column; flex-grow: 1; justify-content: center; margin-bottom: 24px;\">\n<div style=\"background-color: #f4f4f4; border-radius: 4px; flex-grow: 0; height: 14px; margin-bottom: 6px; width: 224px;\"><\/div>\n<div style=\"background-color: #f4f4f4; border-radius: 4px; flex-grow: 0; height: 14px; width: 144px;\"><\/div>\n<\/div>\n<p>&nbsp;<\/p>\n<p style=\"color: #c9c8cd; font-family: Arial,sans-serif; font-size: 14px; line-height: 17px; margin-bottom: 0; margin-top: 8px; overflow: hidden; padding: 8px 0 7px; text-align: center; text-overflow: ellipsis; white-space: nowrap;\"><a style=\"color: #c9c8cd; font-family: Arial,sans-serif; font-size: 14px; font-style: normal; font-weight: normal; line-height: 17px; text-decoration: none;\" href=\"https:\/\/www.instagram.com\/p\/CIeAxFnp08C\/?utm_source=ig_embed&amp;utm_campaign=loading\" target=\"_blank\" rel=\"noopener\">Une publication partag\u00e9e par \ud83c\udd75\ud83c\udd81\ud83c\udd74\ud83c\udd73 myPictures (@fr3d_s1m1)<\/a><\/p>\n<\/div>\n<\/blockquote>\n<p><script async src=\"\/\/www.instagram.com\/embed.js\"><\/script><\/p>\n<h2 class=\"\" data-start=\"5045\" data-end=\"5108\">Hors des sentiers battus, mais toujours les pieds dans l\u2019eau<\/h2>\n<p class=\"\" data-start=\"5110\" data-end=\"5542\">On pourrait passer des semaines au Lac Majeur sans jamais se lasser. Et pourtant, ce serait dommage de ne pas pousser la d\u00e9couverte un peu plus loin. Cannobio, par exemple, \u00e0 quelques encablures de la fronti\u00e8re suisse, est une perle rare. Son centre historique est d\u2019un charme fou, avec ses maisons color\u00e9es et ses placettes anim\u00e9es. Chaque dimanche, le march\u00e9 s\u2019installe au bord de l\u2019eau, entre parfums d\u2019\u00e9pices et fromages alpins.<\/p>\n<p class=\"\" data-start=\"5544\" data-end=\"5910\">Ghiffa, un peu plus discret, se cache dans les hauteurs. Un village tranquille, presque secret, o\u00f9 l\u2019on respire l\u2019air pur des collines en admirant les vues plongeantes sur le lac. Et puis il y a ces endroits qu\u2019on d\u00e9couvre au hasard d\u2019une balade : une petite \u00e9glise perch\u00e9e, un sentier bord\u00e9 de cypr\u00e8s, un bistrot qui sert une pasta maison avec un verre de Dolcetto.<\/p>\n<blockquote class=\"instagram-media\" style=\"background: #FFF; border: 0; border-radius: 3px; box-shadow: 0 0 1px 0 rgba(0,0,0,0.5),0 1px 10px 0 rgba(0,0,0,0.15); margin: 1px; max-width: 540px; min-width: 326px; padding: 0; width: calc(100% - 2px);\" data-instgrm-captioned=\"\" data-instgrm-permalink=\"https:\/\/www.instagram.com\/p\/BWaPoqIn_zt\/?utm_source=ig_embed&amp;utm_campaign=loading\" data-instgrm-version=\"14\">\n<div style=\"padding: 16px;\">\n<p>&nbsp;<\/p>\n<div style=\"display: flex; flex-direction: row; align-items: center;\">\n<div style=\"background-color: #f4f4f4; border-radius: 50%; flex-grow: 0; height: 40px; margin-right: 14px; width: 40px;\"><\/div>\n<div style=\"display: flex; flex-direction: column; flex-grow: 1; justify-content: center;\">\n<div style=\"background-color: #f4f4f4; border-radius: 4px; flex-grow: 0; height: 14px; margin-bottom: 6px; width: 100px;\"><\/div>\n<div style=\"background-color: #f4f4f4; border-radius: 4px; flex-grow: 0; height: 14px; width: 60px;\"><\/div>\n<\/div>\n<\/div>\n<div style=\"padding: 19% 0;\"><\/div>\n<div style=\"display: block; height: 50px; margin: 0 auto 12px; width: 50px;\"><\/div>\n<div style=\"padding-top: 8px;\">\n<div style=\"color: #3897f0; font-family: Arial,sans-serif; font-size: 14px; font-style: normal; font-weight: 550; line-height: 18px;\">Voir cette publication sur Instagram<\/div>\n<\/div>\n<div style=\"padding: 12.5% 0;\"><\/div>\n<div style=\"display: flex; flex-direction: row; margin-bottom: 14px; align-items: center;\">\n<div>\n<div style=\"background-color: #f4f4f4; border-radius: 50%; height: 12.5px; width: 12.5px; transform: translateX(0px) translateY(7px);\"><\/div>\n<div style=\"background-color: #f4f4f4; height: 12.5px; transform: rotate(-45deg) translateX(3px) translateY(1px); width: 12.5px; flex-grow: 0; margin-right: 14px; margin-left: 2px;\"><\/div>\n<div style=\"background-color: #f4f4f4; border-radius: 50%; height: 12.5px; width: 12.5px; transform: translateX(9px) translateY(-18px);\"><\/div>\n<\/div>\n<div style=\"margin-left: 8px;\">\n<div style=\"background-color: #f4f4f4; border-radius: 50%; flex-grow: 0; height: 20px; width: 20px;\"><\/div>\n<div style=\"width: 0; height: 0; border-top: 2px solid transparent; border-left: 6px solid #f4f4f4; border-bottom: 2px solid transparent; transform: translateX(16px) translateY(-4px) rotate(30deg);\"><\/div>\n<\/div>\n<div style=\"margin-left: auto;\">\n<div style=\"width: 0px; border-top: 8px solid #F4F4F4; border-right: 8px solid transparent; transform: translateY(16px);\"><\/div>\n<div style=\"background-color: #f4f4f4; flex-grow: 0; height: 12px; width: 16px; transform: translateY(-4px);\"><\/div>\n<div style=\"width: 0; height: 0; border-top: 8px solid #F4F4F4; border-left: 8px solid transparent; transform: translateY(-4px) translateX(8px);\"><\/div>\n<\/div>\n<\/div>\n<div style=\"display: flex; flex-direction: column; flex-grow: 1; justify-content: center; margin-bottom: 24px;\">\n<div style=\"background-color: #f4f4f4; border-radius: 4px; flex-grow: 0; height: 14px; margin-bottom: 6px; width: 224px;\"><\/div>\n<div style=\"background-color: #f4f4f4; border-radius: 4px; flex-grow: 0; height: 14px; width: 144px;\"><\/div>\n<\/div>\n<p>&nbsp;<\/p>\n<p style=\"color: #c9c8cd; font-family: Arial,sans-serif; font-size: 14px; line-height: 17px; margin-bottom: 0; margin-top: 8px; overflow: hidden; padding: 8px 0 7px; text-align: center; text-overflow: ellipsis; white-space: nowrap;\"><a style=\"color: #c9c8cd; font-family: Arial,sans-serif; font-size: 14px; font-style: normal; font-weight: normal; line-height: 17px; text-decoration: none;\" href=\"https:\/\/www.instagram.com\/p\/BWaPoqIn_zt\/?utm_source=ig_embed&amp;utm_campaign=loading\" target=\"_blank\" rel=\"noopener\">Une publication partag\u00e9e par Biche Around the World (@bichearoundtheworld)<\/a><\/p>\n<\/div>\n<\/blockquote>\n<p><script async src=\"\/\/www.instagram.com\/embed.js\"><\/script><\/p>\n<p class=\"\" data-start=\"5912\" data-end=\"6304\">Ce sont ces moments-l\u00e0 qui font tout le sel du s\u00e9jour. On n\u2019a pas besoin de programme charg\u00e9, juste de l\u2019envie de fl\u00e2ner, de s\u2019arr\u00eater, de savourer. M\u00eame les d\u00e9penses deviennent secondaires tant la vie ici est simple et fluide. Les loyers sont abordables, les courses se font chez les petits producteurs, et le superflu n\u2019a pas sa place. On vit mieux, on vit moins cher, on vit plus heureux.<\/p>\n","protected":false},"excerpt":{"rendered":"<p>Il y a des lieux o\u00f9 le temps semble ralentir naturellement, o\u00f9 l\u2019on respire mieux, o\u00f9 les journ\u00e9es s\u2019\u00e9tirent comme [&hellip;]<\/p>\n","protected":false},"author":4,"featured_media":28685,"comment_status":"open","ping_status":"closed","sticky":false,"template":"","format":"standard","meta":{"_acf_changed":false,"_sitemap_exclude":false,"_sitemap_priority":"","_sitemap_frequency":"","footnotes":"","rank_math_title":"","rank_math_description":"","rank_math_canonical_url":"","rank_math_focus_keyword":"retraite"},"categories":[3],"tags":[],"class_list":["post-28587","post","type-post","status-publish","format-standard","has-post-thumbnail","hentry","category-voyage"],"acf":[],"_links":{"self":[{"href":"https:\/\/ulysse.com\/news\/wp-json\/wp\/v2\/posts\/28587","targetHints":{"allow":["GET"]}}],"collection":[{"href":"https:\/\/ulysse.com\/news\/wp-json\/wp\/v2\/posts"}],"about":[{"href":"https:\/\/ulysse.com\/news\/wp-json\/wp\/v2\/types\/post"}],"author":[{"embeddable":true,"href":"https:\/\/ulysse.com\/news\/wp-json\/wp\/v2\/users\/4"}],"replies":[{"embeddable":true,"href":"https:\/\/ulysse.com\/news\/wp-json\/wp\/v2\/comments?post=28587"}],"version-history":[{"count":3,"href":"https:\/\/ulysse.com\/news\/wp-json\/wp\/v2\/posts\/28587\/revisions"}],"predecessor-version":[{"id":28687,"href":"https:\/\/ulysse.com\/news\/wp-json\/wp\/v2\/posts\/28587\/revisions\/28687"}],"wp:featuredmedia":[{"embeddable":true,"href":"https:\/\/ulysse.com\/news\/wp-json\/wp\/v2\/media\/28685"}],"wp:attachment":[{"href":"https:\/\/ulysse.com\/news\/wp-json\/wp\/v2\/media?parent=28587"}],"wp:term":[{"taxonomy":"category","embeddable":true,"href":"https:\/\/ulysse.com\/news\/wp-json\/wp\/v2\/categories?post=28587"},{"taxonomy":"post_tag","embeddable":true,"href":"https:\/\/ulysse.com\/news\/wp-json\/wp\/v2\/tags?post=28587"}],"curies":[{"name":"wp","href":"https:\/\/api.w.org\/{rel}","templated":true}]}}