{"id":28811,"date":"2025-04-27T16:00:26","date_gmt":"2025-04-27T15:00:26","guid":{"rendered":"https:\/\/discover.ulysse.com\/?p=28811"},"modified":"2025-04-27T12:20:28","modified_gmt":"2025-04-27T11:20:28","slug":"sentier-pays-basque-ferme-urgence","status":"publish","type":"post","link":"https:\/\/ulysse.com\/news\/sentier-pays-basque-ferme-urgence","title":{"rendered":"Ce sentier du Pays Basque ferm\u00e9 en urgence jusqu\u2019\u00e0 nouvel ordre"},"content":{"rendered":"<p class=\"\" data-start=\"70\" data-end=\"817\">Le sentier du littoral GR8, reliant Socoa \u00e0 Hendaye, est d\u00e9sormais ferm\u00e9 en raison d&#8217;un danger imminent li\u00e9 \u00e0 l\u2019instabilit\u00e9 des falaises. \u00c0 compter du 25 avril 2025, ce trac\u00e9 iconique est interdit d\u2019acc\u00e8s, et la fermeture pourrait durer jusqu\u2019\u00e0 nouvel ordre. Cette d\u00e9cision, relay\u00e9e par Actu.fr, survient en urgence en raison de la fragilit\u00e9 des falaises, un probl\u00e8me r\u00e9current dans la r\u00e9gion. Ce sentier, pris\u00e9 des randonneurs pour ses paysages spectaculaires, est une nouvelle fois confront\u00e9 \u00e0 des conditions de s\u00e9curit\u00e9 pr\u00e9occupantes. La fragilit\u00e9 du terrain, exacerb\u00e9e par l\u2019\u00e9rosion, ne permet plus d&#8217;assurer la s\u00e9curit\u00e9 des marcheurs, et cette d\u00e9cision, bien que regrett\u00e9e, devient une n\u00e9cessit\u00e9 pour \u00e9viter tout accident.<\/p>\n<h2 data-start=\"819\" data-end=\"860\">Pourquoi cette fermeture en urgence ?<\/h2>\n<p class=\"\" data-start=\"862\" data-end=\"1368\">Le <strong>sentier du littoral entre Socoa et Hendaye<\/strong> fait face \u00e0 un probl\u00e8me r\u00e9current : l\u2019effondrement des falaises. Ces derniers, devenus de plus en plus fr\u00e9quents, rendent le trac\u00e9 particuli\u00e8rement risqu\u00e9. En 2022, une premi\u00e8re modification du sentier avait \u00e9t\u00e9 effectu\u00e9e afin d\u2019\u00e9loigner le parcours du bord de mer et de garantir une certaine s\u00e9curit\u00e9. Mais malgr\u00e9 ces ajustements, la situation a empir\u00e9, et les autorit\u00e9s locales ont d\u00fb prendre la d\u00e9cision difficile de fermer temporairement le chemin.<\/p>\n<p class=\"\" data-start=\"1370\" data-end=\"1808\">Le d\u00e9partement des <a href=\"https:\/\/discover.ulysse.com\/gites-pyrenees-atlantiques-popularite-croitre\">Pyr\u00e9n\u00e9es-Atlantiques<\/a>, en concertation avec les communes de Urrugne et Hendaye, a donc pris la d\u00e9cision de fermer d\u00e9finitivement ce tron\u00e7on du sentier pour \u00e9viter tout accident. L\u2019\u00e9rosion de ces falaises, acc\u00e9l\u00e9r\u00e9e par les conditions m\u00e9t\u00e9orologiques et les mouvements du sol, rend le sentier impraticable pour les randonneurs. Il est d\u00e9sormais jug\u00e9 trop dangereux pour permettre un passage en toute s\u00e9curit\u00e9.<\/p>\n<h2 data-start=\"1810\" data-end=\"1871\">Les alternatives pour continuer \u00e0 explorer le Pays Basque<\/h2>\n<p class=\"\" data-start=\"1873\" data-end=\"2402\">Bien que cette fermeture soit un coup dur pour les <a href=\"https:\/\/discover.ulysse.com\/voyagez-montagnes-europe-randonnees-faciles\">amateurs de randonn\u00e9e<\/a>, le Pays Basque offre de nombreuses autres alternatives pour d\u00e9couvrir ses magnifiques paysages. Les visiteurs peuvent toujours emprunter d\u2019autres sentiers tout aussi spectaculaires, notamment autour du domaine d\u2019Abbadia, un site naturel prot\u00e9g\u00e9 qui offre des panoramas \u00e0 couper le souffle. D\u2019autres parcours autour de Hendaye et Socoa, loin des falaises fragiles, permettent de profiter de la beaut\u00e9 du littoral basque sans prendre de risques.<\/p>\n<p class=\"\" data-start=\"2404\" data-end=\"2715\">Pour ceux qui avaient pr\u00e9vu de randonner sur ce sentier, un autre moyen d\u2019acc\u00e9der \u00e0 Hendaye depuis Socoa est d\u2019utiliser le r\u00e9seau de bus Txiktxak. La ligne 26 relie Plage de Zokoa \u00e0 Asporotsttipi, \u00e0 Hendaye, permettant aux visiteurs de poursuivre leur exploration de la r\u00e9gion en toute s\u00e9curit\u00e9.<\/p>\n<blockquote class=\"instagram-media\" style=\"background: #FFF; border: 0; border-radius: 3px; box-shadow: 0 0 1px 0 rgba(0,0,0,0.5),0 1px 10px 0 rgba(0,0,0,0.15); margin: 1px; max-width: 540px; min-width: 326px; padding: 0; width: calc(100% - 2px);\" data-instgrm-captioned=\"\" data-instgrm-permalink=\"https:\/\/www.instagram.com\/p\/ChaI-QZMdAX\/?utm_source=ig_embed&amp;utm_campaign=loading\" data-instgrm-version=\"14\">\n<div style=\"padding: 16px;\">\n<p>&nbsp;<\/p>\n<div style=\"display: flex; flex-direction: row; align-items: center;\">\n<div style=\"background-color: #f4f4f4; border-radius: 50%; flex-grow: 0; height: 40px; margin-right: 14px; width: 40px;\"><\/div>\n<div style=\"display: flex; flex-direction: column; flex-grow: 1; justify-content: center;\">\n<div style=\"background-color: #f4f4f4; border-radius: 4px; flex-grow: 0; height: 14px; margin-bottom: 6px; width: 100px;\"><\/div>\n<div style=\"background-color: #f4f4f4; border-radius: 4px; flex-grow: 0; height: 14px; width: 60px;\"><\/div>\n<\/div>\n<\/div>\n<div style=\"padding: 19% 0;\"><\/div>\n<div style=\"display: block; height: 50px; margin: 0 auto 12px; width: 50px;\"><\/div>\n<div style=\"padding-top: 8px;\">\n<div style=\"color: #3897f0; font-family: Arial,sans-serif; font-size: 14px; font-style: normal; font-weight: 550; line-height: 18px;\">Voir cette publication sur Instagram<\/div>\n<\/div>\n<div style=\"padding: 12.5% 0;\"><\/div>\n<div style=\"display: flex; flex-direction: row; margin-bottom: 14px; align-items: center;\">\n<div>\n<div style=\"background-color: #f4f4f4; border-radius: 50%; height: 12.5px; width: 12.5px; transform: translateX(0px) translateY(7px);\"><\/div>\n<div style=\"background-color: #f4f4f4; height: 12.5px; transform: rotate(-45deg) translateX(3px) translateY(1px); width: 12.5px; flex-grow: 0; margin-right: 14px; margin-left: 2px;\"><\/div>\n<div style=\"background-color: #f4f4f4; border-radius: 50%; height: 12.5px; width: 12.5px; transform: translateX(9px) translateY(-18px);\"><\/div>\n<\/div>\n<div style=\"margin-left: 8px;\">\n<div style=\"background-color: #f4f4f4; border-radius: 50%; flex-grow: 0; height: 20px; width: 20px;\"><\/div>\n<div style=\"width: 0; height: 0; border-top: 2px solid transparent; border-left: 6px solid #f4f4f4; border-bottom: 2px solid transparent; transform: translateX(16px) translateY(-4px) rotate(30deg);\"><\/div>\n<\/div>\n<div style=\"margin-left: auto;\">\n<div style=\"width: 0px; border-top: 8px solid #F4F4F4; border-right: 8px solid transparent; transform: translateY(16px);\"><\/div>\n<div style=\"background-color: #f4f4f4; flex-grow: 0; height: 12px; width: 16px; transform: translateY(-4px);\"><\/div>\n<div style=\"width: 0; height: 0; border-top: 8px solid #F4F4F4; border-left: 8px solid transparent; transform: translateY(-4px) translateX(8px);\"><\/div>\n<\/div>\n<\/div>\n<div style=\"display: flex; flex-direction: column; flex-grow: 1; justify-content: center; margin-bottom: 24px;\">\n<div style=\"background-color: #f4f4f4; border-radius: 4px; flex-grow: 0; height: 14px; margin-bottom: 6px; width: 224px;\"><\/div>\n<div style=\"background-color: #f4f4f4; border-radius: 4px; flex-grow: 0; height: 14px; width: 144px;\"><\/div>\n<\/div>\n<p>&nbsp;<\/p>\n<p style=\"color: #c9c8cd; font-family: Arial,sans-serif; font-size: 14px; line-height: 17px; margin-bottom: 0; margin-top: 8px; overflow: hidden; padding: 8px 0 7px; text-align: center; text-overflow: ellipsis; white-space: nowrap;\"><a style=\"color: #c9c8cd; font-family: Arial,sans-serif; font-size: 14px; font-style: normal; font-weight: normal; line-height: 17px; text-decoration: none;\" href=\"https:\/\/www.instagram.com\/p\/ChaI-QZMdAX\/?utm_source=ig_embed&amp;utm_campaign=loading\" target=\"_blank\" rel=\"noopener\">Une publication partag\u00e9e par MV (@sonarchistr)<\/a><\/p>\n<\/div>\n<\/blockquote>\n<p><script async src=\"\/\/www.instagram.com\/embed.js\"><\/script><\/p>\n<h2 data-start=\"2717\" data-end=\"2759\">Quid du futur du sentier du littoral ?<\/h2>\n<p class=\"\" data-start=\"2761\" data-end=\"3186\">Les autorit\u00e9s travaillent actuellement sur la recherche d&#8217;une solution durable pour le <strong>sentier du littoral GR8<\/strong>. Bien que la fermeture soit temporaire, les autorit\u00e9s r\u00e9fl\u00e9chissent \u00e0 un nouveau trac\u00e9 afin de pr\u00e9server l\u2019int\u00e9grit\u00e9 du sentier tout en garantissant la s\u00e9curit\u00e9 des randonneurs. Il est donc possible que ce trac\u00e9 soit red\u00e9fini dans un avenir proche, mais pour l&#8217;instant, la priorit\u00e9 reste la s\u00e9curisation des lieux.<\/p>\n<p class=\"\" data-start=\"3188\" data-end=\"3450\">En attendant, les amoureux du Pays Basque peuvent se tourner vers d\u2019autres sites tout aussi magnifiques. La r\u00e9gion, avec ses paysages vari\u00e9s, ses montagnes, ses plages et sa riche culture, continue d\u2019offrir de nombreuses possibilit\u00e9s d\u2019exploration et d\u2019aventure.<\/p>\n","protected":false},"excerpt":{"rendered":"<p>Le sentier du littoral GR8, reliant Socoa \u00e0 Hendaye, est d\u00e9sormais ferm\u00e9 en raison d&#8217;un danger imminent li\u00e9 \u00e0 l\u2019instabilit\u00e9 [&hellip;]<\/p>\n","protected":false},"author":4,"featured_media":28812,"comment_status":"open","ping_status":"closed","sticky":false,"template":"","format":"standard","meta":{"_acf_changed":false,"_sitemap_exclude":false,"_sitemap_priority":"","_sitemap_frequency":"","footnotes":"","rank_math_title":"","rank_math_description":"","rank_math_canonical_url":"","rank_math_focus_keyword":"pays basque"},"categories":[3],"tags":[],"class_list":["post-28811","post","type-post","status-publish","format-standard","has-post-thumbnail","hentry","category-voyage"],"acf":[],"_links":{"self":[{"href":"https:\/\/ulysse.com\/news\/wp-json\/wp\/v2\/posts\/28811","targetHints":{"allow":["GET"]}}],"collection":[{"href":"https:\/\/ulysse.com\/news\/wp-json\/wp\/v2\/posts"}],"about":[{"href":"https:\/\/ulysse.com\/news\/wp-json\/wp\/v2\/types\/post"}],"author":[{"embeddable":true,"href":"https:\/\/ulysse.com\/news\/wp-json\/wp\/v2\/users\/4"}],"replies":[{"embeddable":true,"href":"https:\/\/ulysse.com\/news\/wp-json\/wp\/v2\/comments?post=28811"}],"version-history":[{"count":1,"href":"https:\/\/ulysse.com\/news\/wp-json\/wp\/v2\/posts\/28811\/revisions"}],"predecessor-version":[{"id":28813,"href":"https:\/\/ulysse.com\/news\/wp-json\/wp\/v2\/posts\/28811\/revisions\/28813"}],"wp:featuredmedia":[{"embeddable":true,"href":"https:\/\/ulysse.com\/news\/wp-json\/wp\/v2\/media\/28812"}],"wp:attachment":[{"href":"https:\/\/ulysse.com\/news\/wp-json\/wp\/v2\/media?parent=28811"}],"wp:term":[{"taxonomy":"category","embeddable":true,"href":"https:\/\/ulysse.com\/news\/wp-json\/wp\/v2\/categories?post=28811"},{"taxonomy":"post_tag","embeddable":true,"href":"https:\/\/ulysse.com\/news\/wp-json\/wp\/v2\/tags?post=28811"}],"curies":[{"name":"wp","href":"https:\/\/api.w.org\/{rel}","templated":true}]}}