{"id":28827,"date":"2025-04-27T19:00:55","date_gmt":"2025-04-27T18:00:55","guid":{"rendered":"https:\/\/discover.ulysse.com\/?p=28827"},"modified":"2025-04-27T13:02:42","modified_gmt":"2025-04-27T12:02:42","slug":"plage-marseille-interdite-acces","status":"publish","type":"post","link":"https:\/\/ulysse.com\/news\/plage-marseille-interdite-acces","title":{"rendered":"Cette plage \u00e0 Marseille sera interdite d&#8217;acc\u00e8s d\u00e8s demain : Voici pourquoi"},"content":{"rendered":"<p class=\"\" data-start=\"80\" data-end=\"727\">La plage des Catalans, l\u2019une des plus populaires de Marseille, sera ferm\u00e9e au public \u00e0 partir du 28 avril 2025 pour des travaux de maintenance essentiels. Les autorit\u00e9s municipales ont annonc\u00e9 cette fermeture temporaire, qui durera jusqu\u2019au 30 avril, afin d\u2019effectuer des travaux visant \u00e0 am\u00e9liorer la s\u00e9curit\u00e9 et l\u2019accessibilit\u00e9 de cet espace. Bien que cette interdiction puisse d\u00e9cevoir les nombreux visiteurs et habitants qui fr\u00e9quentent r\u00e9guli\u00e8rement la plage, elle s&#8217;inscrit dans une d\u00e9marche de pr\u00e9servation et de mise \u00e0 jour des installations pour garantir une meilleure exp\u00e9rience d\u00e8s l\u2019arriv\u00e9e de la haute saison estivale.<\/p>\n<h3 class=\"\" data-start=\"729\" data-end=\"796\">Des travaux n\u00e9cessaires pour une plage plus s\u00fbre et plus propre<\/h3>\n<p class=\"\" data-start=\"798\" data-end=\"1521\">La <strong>plage des Catalans<\/strong> est un lieu embl\u00e9matique de <a href=\"https:\/\/discover.ulysse.com\/une-ile-oubliee-au-large-de-marseille-rouvre-ses-portes\">Marseille<\/a>, appr\u00e9ci\u00e9 tant par les locaux que par les touristes. Toutefois, pour garantir sa p\u00e9rennit\u00e9 et sa s\u00e9curit\u00e9, des travaux de maintenance et d\u2019entretien sont indispensables. La municipalit\u00e9 a ainsi lanc\u00e9 un programme de r\u00e9novation qui d\u00e9butera d\u00e8s le 28 avril. Pendant trois jours, des actions concr\u00e8tes seront men\u00e9es pour reprofilage du sable et nettoyage approfondi, afin de rendre la plage encore plus agr\u00e9able et s\u00e9curis\u00e9e pour les baigneurs. De plus, des travaux de s\u00e9curisation seront r\u00e9alis\u00e9s, incluant la mise \u00e0 jour de l&#8217;escalier central et l\u2019am\u00e9nagement de l\u2019acc\u00e8s pompiers, pour r\u00e9pondre aux normes de s\u00e9curit\u00e9 et d\u2019urgence.<\/p>\n<h3 class=\"\" data-start=\"1523\" data-end=\"1586\">La r\u00e9ouverture de la plage pour le long week-end du 1er mai<\/h3>\n<p class=\"\" data-start=\"1588\" data-end=\"2208\">Apr\u00e8s ces quelques jours de fermeture, la plage des Catalans rouvrira ses portes le <strong>1er mai 2025<\/strong>, juste avant le long week-end du 1er mai, un moment tr\u00e8s attendu par les Marseillais et les visiteurs. Les travaux auront permis de restaurer et s\u00e9curiser l&#8217;acc\u00e8s au belv\u00e9d\u00e8re et de rendre cette plage plus accessible et propre. Les habitants de la ville pourront ainsi \u00e0 nouveau profiter de cet espace incontournable dans de meilleures conditions. Bien que la fermeture temporaire puisse perturber quelques visiteurs, elle est essentielle pour pr\u00e9server la qualit\u00e9 de l\u2019exp\u00e9rience baln\u00e9aire de tous.<\/p>\n","protected":false},"excerpt":{"rendered":"<p>La plage des Catalans, l\u2019une des plus populaires de Marseille, sera ferm\u00e9e au public \u00e0 partir du 28 avril 2025 [&hellip;]<\/p>\n","protected":false},"author":4,"featured_media":28829,"comment_status":"open","ping_status":"closed","sticky":false,"template":"","format":"standard","meta":{"_acf_changed":false,"_sitemap_exclude":false,"_sitemap_priority":"","_sitemap_frequency":"","footnotes":"","rank_math_title":"","rank_math_description":"","rank_math_canonical_url":"","rank_math_focus_keyword":"plage"},"categories":[3],"tags":[],"class_list":["post-28827","post","type-post","status-publish","format-standard","has-post-thumbnail","hentry","category-voyage"],"acf":[],"_links":{"self":[{"href":"https:\/\/ulysse.com\/news\/wp-json\/wp\/v2\/posts\/28827","targetHints":{"allow":["GET"]}}],"collection":[{"href":"https:\/\/ulysse.com\/news\/wp-json\/wp\/v2\/posts"}],"about":[{"href":"https:\/\/ulysse.com\/news\/wp-json\/wp\/v2\/types\/post"}],"author":[{"embeddable":true,"href":"https:\/\/ulysse.com\/news\/wp-json\/wp\/v2\/users\/4"}],"replies":[{"embeddable":true,"href":"https:\/\/ulysse.com\/news\/wp-json\/wp\/v2\/comments?post=28827"}],"version-history":[{"count":1,"href":"https:\/\/ulysse.com\/news\/wp-json\/wp\/v2\/posts\/28827\/revisions"}],"predecessor-version":[{"id":28830,"href":"https:\/\/ulysse.com\/news\/wp-json\/wp\/v2\/posts\/28827\/revisions\/28830"}],"wp:featuredmedia":[{"embeddable":true,"href":"https:\/\/ulysse.com\/news\/wp-json\/wp\/v2\/media\/28829"}],"wp:attachment":[{"href":"https:\/\/ulysse.com\/news\/wp-json\/wp\/v2\/media?parent=28827"}],"wp:term":[{"taxonomy":"category","embeddable":true,"href":"https:\/\/ulysse.com\/news\/wp-json\/wp\/v2\/categories?post=28827"},{"taxonomy":"post_tag","embeddable":true,"href":"https:\/\/ulysse.com\/news\/wp-json\/wp\/v2\/tags?post=28827"}],"curies":[{"name":"wp","href":"https:\/\/api.w.org\/{rel}","templated":true}]}}