{"id":32339,"date":"2025-07-18T07:00:30","date_gmt":"2025-07-18T06:00:30","guid":{"rendered":"https:\/\/discover.ulysse.com\/?p=32339"},"modified":"2025-07-17T12:26:45","modified_gmt":"2025-07-17T11:26:45","slug":"pourquoi-cette-ville-est-ideale-pour-profiter-de-vos-2000-e-de-pension-de-retraite","status":"publish","type":"post","link":"https:\/\/ulysse.com\/news\/pourquoi-cette-ville-est-ideale-pour-profiter-de-vos-2000-e-de-pension-de-retraite","title":{"rendered":"Pourquoi cette ville est id\u00e9ale pour profiter de vos 2000 \u20ac de pension de retraite"},"content":{"rendered":"<p data-start=\"18\" data-end=\"687\">De plus en plus de retrait\u00e9s choisissent de poser leurs valises dans des villes o\u00f9 qualit\u00e9 de vie rime avec tranquillit\u00e9, nature et services adapt\u00e9s \u00e0 leurs besoins. Ce ph\u00e9nom\u00e8ne, qui touche des r\u00e9gions particuli\u00e8rement pris\u00e9es, montre un v\u00e9ritable engouement pour des destinations offrant des conditions id\u00e9ales pour la retraite. Parmi ces lieux, une ville de la c\u00f4te Atlantique se distingue, attirant un grand nombre de seniors gr\u00e2ce \u00e0 son cadre exceptionnel et ses infrastructures modernes. \u00c0 seulement quelques heures de grandes m\u00e9tropoles comme Bordeaux, elle est devenue un v\u00e9ritable eldorado pour ceux qui cherchent \u00e0 profiter d&#8217;une retraite paisible et sereine.<\/p>\n<h2 data-start=\"689\" data-end=\"750\">Cette perle de la c\u00f4te Atlantique devient-elle la pr\u00e9f\u00e9r\u00e9e des retrait\u00e9s ?<\/h2>\n<p data-start=\"752\" data-end=\"1367\">Royan, une ville situ\u00e9e sur la splendide <a href=\"https:\/\/discover.ulysse.com\/perle-cote-atlantique-destination-ideale-oublie\">c\u00f4te Atlantique<\/a>, est devenue une destination phare pour les retrait\u00e9s. Avec plus de 55 % de sa population \u00e2g\u00e9e de 60 ans et plus, Royan se d\u00e9marque comme un lieu de vie id\u00e9al pour ceux qui recherchent tranquillit\u00e9 et qualit\u00e9 de vie. La proximit\u00e9 de la mer, des plages de sable fin et d&#8217;un climat doux tout au long de l\u2019ann\u00e9e en fait un endroit privil\u00e9gi\u00e9 pour se d\u00e9tendre et profiter de la nature. \u00c0 seulement 130 km de <a href=\"https:\/\/discover.ulysse.com\/bordeaux-augmente-cout-stationnement-vehicules\">Bordeaux<\/a>, la ville b\u00e9n\u00e9ficie \u00e9galement d\u2019une accessibilit\u00e9 optimale tout en offrant une atmosph\u00e8re tranquille, loin du tumulte des grandes agglom\u00e9rations.<\/p>\n<p data-start=\"1475\" data-end=\"2165\">En 2023, Royan a re\u00e7u le label &#8220;Villes amies des a\u00een\u00e9s&#8221; avec un niveau argent, un gage de qualit\u00e9 pour ses services et infrastructures d\u00e9di\u00e9s aux seniors. Ce label, d\u00e9cern\u00e9 par l&#8217;Organisation mondiale de la sant\u00e9 (OMS), t\u00e9moigne des efforts d\u00e9ploy\u00e9s par la ville pour am\u00e9liorer la qualit\u00e9 de vie des a\u00een\u00e9s. Les retrait\u00e9s peuvent ainsi b\u00e9n\u00e9ficier de services adapt\u00e9s, tels que des \u00e9tablissements de sant\u00e9 modernes, des logements s\u00e9curis\u00e9s et des transports en commun optimis\u00e9s pour faciliter leurs d\u00e9placements. La ville met \u00e9galement un accent particulier sur l\u2019autonomie des seniors, leur permettant de vivre en toute ind\u00e9pendance tout en \u00e9tant soutenus par des infrastructures de qualit\u00e9.<\/p>\n<blockquote class=\"tiktok-embed\" style=\"max-width: 605px; min-width: 325px;\" cite=\"https:\/\/www.tiktok.com\/@lexplorateur123\/video\/7521676937962458390\" data-video-id=\"7521676937962458390\">\n<section><a title=\"@lexplorateur123\" href=\"https:\/\/www.tiktok.com\/@lexplorateur123?refer=embed\" target=\"_blank\" rel=\"noopener\">@lexplorateur123<\/a> Les 10 choses \u00e0 faire \u00e0 Royan\ud83d\ude0e <a title=\"voyage\" href=\"https:\/\/www.tiktok.com\/tag\/voyage?refer=embed\" target=\"_blank\" rel=\"noopener\">#voyage<\/a> <a title=\"decouverte\" href=\"https:\/\/www.tiktok.com\/tag\/decouverte?refer=embed\" target=\"_blank\" rel=\"noopener\">#decouverte<\/a> <a title=\"bonplan\" href=\"https:\/\/www.tiktok.com\/tag\/bonplan?refer=embed\" target=\"_blank\" rel=\"noopener\">#bonplan<\/a> <a title=\"royan\" href=\"https:\/\/www.tiktok.com\/tag\/royan?refer=embed\" target=\"_blank\" rel=\"noopener\">#royan<\/a> <a title=\"\u266c Beautiful Life - Vin Music\" href=\"https:\/\/www.tiktok.com\/music\/Beautiful-Life-7114251480613275650?refer=embed\" target=\"_blank\" rel=\"noopener\">\u266c Beautiful Life &#8211; Vin Music<\/a><\/section>\n<\/blockquote>\n<p><script async src=\"https:\/\/www.tiktok.com\/embed.js\"><\/script><\/p>\n<h2 data-start=\"2167\" data-end=\"2252\">Vivre pour moins de 2 000 \u20ac ? Royan dit oui<\/h2>\n<p data-start=\"2254\" data-end=\"2843\">Le co\u00fbt de la vie \u00e0 Royan est nettement inf\u00e9rieur \u00e0 celui des <a href=\"https:\/\/discover.ulysse.com\/ete-decouvertes-villes-cotieres-espagnoles\">grandes villes c\u00f4ti\u00e8res<\/a> comme Nice ou Biarritz, ce qui en fait une destination de choix pour les retrait\u00e9s \u00e0 la recherche d\u2019une retraite abordable. Le loyer moyen pour un appartement d\u2019une chambre en centre-ville oscille entre 500 et 800 \u20ac, bien plus abordable que dans d\u2019autres r\u00e9gions du sud de la France. De plus, pour vivre confortablement \u00e0 Royan, il est estim\u00e9 qu\u2019une <strong>pension mensuelle de 1 500 \u00e0 2 000 \u20ac<\/strong> est suffisante pour couvrir les d\u00e9penses courantes, comme le logement, la nourriture, les loisirs et les transports.<\/p>\n<p data-start=\"2922\" data-end=\"3533\">Royan ne se contente pas de proposer une qualit\u00e9 de vie \u00e9lev\u00e9e. Elle offre \u00e9galement un environnement s\u00fbr et paisible, avec des statistiques de criminalit\u00e9 tr\u00e8s faibles. C&#8217;est une destination id\u00e9ale pour les retrait\u00e9s qui recherchent un lieu tranquille pour profiter de leurs ann\u00e9es de retraite, en toute s\u00e9curit\u00e9. De plus, la ville regorge de possibilit\u00e9s d&#8217;activit\u00e9s de loisirs : festivals, expositions, concerts et bien s\u00fbr, des activit\u00e9s sportives et nautiques. Les retrait\u00e9s peuvent profiter d&#8217;un environnement riche en culture, tout en ayant acc\u00e8s \u00e0 des services de qualit\u00e9 et une communaut\u00e9 accueillante.<\/p>\n","protected":false},"excerpt":{"rendered":"<p>De plus en plus de retrait\u00e9s choisissent de poser leurs valises dans des villes o\u00f9 qualit\u00e9 de vie rime avec [&hellip;]<\/p>\n","protected":false},"author":4,"featured_media":32342,"comment_status":"open","ping_status":"closed","sticky":false,"template":"","format":"standard","meta":{"_acf_changed":false,"_sitemap_exclude":false,"_sitemap_priority":"","_sitemap_frequency":"","footnotes":"","rank_math_title":"","rank_math_description":"","rank_math_canonical_url":"","rank_math_focus_keyword":"retraite"},"categories":[3],"tags":[],"class_list":["post-32339","post","type-post","status-publish","format-standard","has-post-thumbnail","hentry","category-voyage"],"acf":[],"_links":{"self":[{"href":"https:\/\/ulysse.com\/news\/wp-json\/wp\/v2\/posts\/32339","targetHints":{"allow":["GET"]}}],"collection":[{"href":"https:\/\/ulysse.com\/news\/wp-json\/wp\/v2\/posts"}],"about":[{"href":"https:\/\/ulysse.com\/news\/wp-json\/wp\/v2\/types\/post"}],"author":[{"embeddable":true,"href":"https:\/\/ulysse.com\/news\/wp-json\/wp\/v2\/users\/4"}],"replies":[{"embeddable":true,"href":"https:\/\/ulysse.com\/news\/wp-json\/wp\/v2\/comments?post=32339"}],"version-history":[{"count":3,"href":"https:\/\/ulysse.com\/news\/wp-json\/wp\/v2\/posts\/32339\/revisions"}],"predecessor-version":[{"id":32343,"href":"https:\/\/ulysse.com\/news\/wp-json\/wp\/v2\/posts\/32339\/revisions\/32343"}],"wp:featuredmedia":[{"embeddable":true,"href":"https:\/\/ulysse.com\/news\/wp-json\/wp\/v2\/media\/32342"}],"wp:attachment":[{"href":"https:\/\/ulysse.com\/news\/wp-json\/wp\/v2\/media?parent=32339"}],"wp:term":[{"taxonomy":"category","embeddable":true,"href":"https:\/\/ulysse.com\/news\/wp-json\/wp\/v2\/categories?post=32339"},{"taxonomy":"post_tag","embeddable":true,"href":"https:\/\/ulysse.com\/news\/wp-json\/wp\/v2\/tags?post=32339"}],"curies":[{"name":"wp","href":"https:\/\/api.w.org\/{rel}","templated":true}]}}