{"id":32354,"date":"2025-07-18T07:00:13","date_gmt":"2025-07-18T06:00:13","guid":{"rendered":"https:\/\/discover.ulysse.com\/?p=32354"},"modified":"2025-07-17T22:52:44","modified_gmt":"2025-07-17T21:52:44","slug":"fort-boyard-experience-catamaran-vendee","status":"publish","type":"post","link":"https:\/\/ulysse.com\/news\/fort-boyard-experience-catamaran-vendee","title":{"rendered":"\u00c0 la d\u00e9couverte de Fort Boyard : une exp\u00e9rience en catamaran depuis la Vend\u00e9e"},"content":{"rendered":"<p><span style=\"font-weight: 400;\">Quand le vent souffle, que la mer scintille sous les rayons du soleil, et que vous apercevez au loin l\u2019imposant <\/span><b>Fort Boyard<\/b><span style=\"font-weight: 400;\">, la magie op\u00e8re instantan\u00e9ment. Loin des foules et du tumulte, pourquoi ne pas embarquer \u00e0 bord d\u2019un catamaran et d\u00e9couvrir ce monument l\u00e9gendaire sous un angle unique ? La Vend\u00e9e, avec ses paysages \u00e0 couper le souffle et son ambiance chaleureuse, vous offre une aventure en mer totalement diff\u00e9rente. <\/span><b>Escapade Marine<\/b><span style=\"font-weight: 400;\"> vous propose de vivre cette exp\u00e9rience in\u00e9dite, entre voile et sensations fortes !<\/span><\/p>\n<h2><b>L\u2019aventure commence : cap sur Fort Boyard !<\/b><\/h2>\n<p><span style=\"font-weight: 400;\">Si l\u2019id\u00e9e de <\/span><b>naviguer sur l\u2019oc\u00e9an Atlantique<\/b><span style=\"font-weight: 400;\"> vous fait r\u00eaver, alors pr\u00e9parer vos sacs, car l&#8217;aventure commence \u00e0 bord du <\/span><b>PACO II<\/b><span style=\"font-weight: 400;\">, un catamaran de 12 m\u00e8tres, parfait pour une sortie en mer \u00e0 la fois confortable et pleine de sensations. Pas besoin d\u2019\u00eatre un marin chevronn\u00e9 pour embarquer \u2013 le <\/span><i><span style=\"font-weight: 400;\">PACO II<\/span><\/i><span style=\"font-weight: 400;\"> est l\u2019un des catamarans les plus stables, id\u00e9al pour les familles, les jeunes et moins jeunes, ou m\u00eame ceux qui sont un peu sensibles au mal de mer. Un vent de libert\u00e9 souffle d\u00e8s que vous prenez le large !<\/span><\/p>\n<p>Avec <strong>P<\/strong><b>atrick et Corinne<\/b><span style=\"font-weight: 400;\">, le couple aux commandes, vous ne vivrez pas simplement une promenade en mer, mais une v\u00e9ritable immersion dans l\u2019esprit maritime. Patrick rencontr\u00e9 par <a href=\"https:\/\/www.ouest-france.fr\/tourisme\/vivez-une-experience-unique-a-bord-dun-catamaran-depuis-la-vendee-738077ae-51c0-11f0-a817-71a8f19118dd#google_vignette\" target=\"_blank\" rel=\"noopener\">Ouest-France<\/a>, est un ancien moniteur de voile et passionn\u00e9 de l\u2019oc\u00e9an, sait rendre chaque sortie aussi fun que captivante. Vous partez de la baie de l\u2019Aiguillon, \u00e0 quelques encablures des c\u00f4tes vend\u00e9ennes, pour un voyage de quelques heures vers le mythique <\/span><b>Fort Boyard<\/b><span style=\"font-weight: 400;\">, ce lieu embl\u00e9matique qui a tant fait parler de lui \u00e0 la t\u00e9l\u00e9vision. Mais ici, pas de cam\u00e9ra ou de jeux t\u00e9l\u00e9vis\u00e9s, juste vous, le catamaran, et l\u2019immensit\u00e9 de l\u2019oc\u00e9an.<\/span><\/p>\n<blockquote class=\"instagram-media\" style=\"background: #FFF; border: 0; border-radius: 3px; margin: 1px; max-width: 540px; min-width: 326px; padding: 0; width: calc(100% - 2px);\" data-instgrm-captioned=\"\" data-instgrm-permalink=\"https:\/\/www.instagram.com\/p\/C_RDaAmqJQo\/?utm_source=ig_embed&amp;utm_campaign=loading\" data-instgrm-version=\"14\">\n<div style=\"padding: 16px;\">\n<p>&nbsp;<\/p>\n<div style=\"flex-direction: row; align-items: center;\">\n<div style=\"background-color: #f4f4f4; border-radius: 50%; flex-grow: 0; height: 40px; margin-right: 14px; width: 40px;\"><\/div>\n<div style=\"flex-direction: column; flex-grow: 1; justify-content: center;\">\n<div style=\"background-color: #f4f4f4; border-radius: 4px; flex-grow: 0; height: 14px; margin-bottom: 6px; width: 100px;\"><\/div>\n<div style=\"background-color: #f4f4f4; border-radius: 4px; flex-grow: 0; height: 14px; width: 60px;\"><\/div>\n<\/div>\n<\/div>\n<div style=\"padding: 19% 0;\"><\/div>\n<div style=\"height: 50px; margin: 0 auto 12px; width: 50px;\"><\/div>\n<div style=\"padding-top: 8px;\">\n<div style=\"color: #3897f0; font-family: Arial,sans-serif; font-size: 14px; font-style: normal; font-weight: 550; line-height: 18px;\">Voir cette publication sur Instagram<\/div>\n<\/div>\n<div style=\"padding: 12.5% 0;\"><\/div>\n<div style=\"flex-direction: row; margin-bottom: 14px; align-items: center;\">\n<div>\n<div style=\"background-color: #f4f4f4; border-radius: 50%; height: 12.5px; width: 12.5px;\"><\/div>\n<div style=\"background-color: #f4f4f4; height: 12.5px; width: 12.5px; flex-grow: 0; margin-right: 14px; margin-left: 2px;\"><\/div>\n<div style=\"background-color: #f4f4f4; border-radius: 50%; height: 12.5px; width: 12.5px;\"><\/div>\n<\/div>\n<div style=\"margin-left: 8px;\">\n<div style=\"background-color: #f4f4f4; border-radius: 50%; flex-grow: 0; height: 20px; width: 20px;\"><\/div>\n<div style=\"width: 0; height: 0; border-top: 2px solid transparent; border-left: 6px solid #f4f4f4; border-bottom: 2px solid transparent;\"><\/div>\n<\/div>\n<div style=\"margin-left: auto;\">\n<div style=\"width: 0px; border-top: 8px solid #F4F4F4; border-right: 8px solid transparent;\"><\/div>\n<div style=\"background-color: #f4f4f4; flex-grow: 0; height: 12px; width: 16px;\"><\/div>\n<div style=\"width: 0; height: 0; border-top: 8px solid #F4F4F4; border-left: 8px solid transparent;\"><\/div>\n<\/div>\n<\/div>\n<div style=\"flex-direction: column; flex-grow: 1; justify-content: center; margin-bottom: 24px;\">\n<div style=\"background-color: #f4f4f4; border-radius: 4px; flex-grow: 0; height: 14px; margin-bottom: 6px; width: 224px;\"><\/div>\n<div style=\"background-color: #f4f4f4; border-radius: 4px; flex-grow: 0; height: 14px; width: 144px;\"><\/div>\n<\/div>\n<p>&nbsp;<\/p>\n<p style=\"color: #c9c8cd; font-family: Arial,sans-serif; font-size: 14px; line-height: 17px; margin-bottom: 0; margin-top: 8px; overflow: hidden; padding: 8px 0 7px; text-align: center;\"><a style=\"color: #c9c8cd; font-family: Arial,sans-serif; font-size: 14px; font-style: normal; font-weight: normal; line-height: 17px; text-decoration: none;\" href=\"https:\/\/www.instagram.com\/p\/C_RDaAmqJQo\/?utm_source=ig_embed&amp;utm_campaign=loading\" target=\"_blank\" rel=\"noopener\">Une publication partag\u00e9e par Fort Boyard Aventures (@fortboyardaventures)<\/a><\/p>\n<\/div>\n<\/blockquote>\n<h2><b>La route vers Fort Boyard : cap sur l\u2019histoire !<\/b><\/h2>\n<p><span style=\"font-weight: 400;\">Le trajet en mer vous offrira une vue spectaculaire sur la <a href=\"https:\/\/discover.ulysse.com\/echappez-touristes-endroits-peu-connus-vendee\">c\u00f4te vend\u00e9enne<\/a>, un d\u00e9fil\u00e9 de paysages sauvages et de plages immacul\u00e9es. En longeant la c\u00f4te, vous aurez tout le loisir d\u2019admirer la<strong> baie de l\u2019Aiguillon<\/strong>, une r\u00e9serve naturelle o\u00f9 les oiseaux s\u2019\u00e9panouissent dans un cadre pr\u00e9serv\u00e9. L\u2019air marin est vivifiant et vous serez rapidement conquis par la tranquillit\u00e9 des lieux. Mais, bien s\u00fbr, tout cela n\u2019est qu\u2019un \u00e9chauffement avant de vous approcher de l\u2019un des lieux les plus mythiques de la r\u00e9gion : <\/span><b>Fort Boyard<\/b><span style=\"font-weight: 400;\">.<\/span><\/p>\n<p><span style=\"font-weight: 400;\">Construit entre 1804 et 1857, ce fort imposant, qui a servi de prison \u00e0 l\u2019\u00e9poque, est un incontournable pour les amateurs d\u2019histoire. Et quoi de mieux que de l\u2019observer depuis un catamaran pour en appr\u00e9cier la grandeur et l\u2019aspect imposant ? Plus qu\u2019un simple monument, Fort Boyard est une vraie star, ayant \u00e9t\u00e9 le d\u00e9cor de l\u2019\u00e9mission de t\u00e9l\u00e9vision qui porte son nom. Le voir se dessiner au loin, alors que vous glissez sur l\u2019eau, est un spectacle \u00e0 ne pas manquer.<\/span><\/p>\n<blockquote class=\"instagram-media\" style=\"background: #FFF; border: 0; border-radius: 3px; margin: 1px; max-width: 540px; min-width: 326px; padding: 0; width: calc(100% - 2px);\" data-instgrm-captioned=\"\" data-instgrm-permalink=\"https:\/\/www.instagram.com\/p\/CD2EdLZqPNd\/?utm_source=ig_embed&amp;utm_campaign=loading\" data-instgrm-version=\"14\">\n<div style=\"padding: 16px;\">\n<p>&nbsp;<\/p>\n<div style=\"flex-direction: row; align-items: center;\">\n<div style=\"background-color: #f4f4f4; border-radius: 50%; flex-grow: 0; height: 40px; margin-right: 14px; width: 40px;\"><\/div>\n<div style=\"flex-direction: column; flex-grow: 1; justify-content: center;\">\n<div style=\"background-color: #f4f4f4; border-radius: 4px; flex-grow: 0; height: 14px; margin-bottom: 6px; width: 100px;\"><\/div>\n<div style=\"background-color: #f4f4f4; border-radius: 4px; flex-grow: 0; height: 14px; width: 60px;\"><\/div>\n<\/div>\n<\/div>\n<div style=\"padding: 19% 0;\"><\/div>\n<div style=\"height: 50px; margin: 0 auto 12px; width: 50px;\"><\/div>\n<div style=\"padding-top: 8px;\">\n<div style=\"color: #3897f0; font-family: Arial,sans-serif; font-size: 14px; font-style: normal; font-weight: 550; line-height: 18px;\">Voir cette publication sur Instagram<\/div>\n<\/div>\n<div style=\"padding: 12.5% 0;\"><\/div>\n<div style=\"flex-direction: row; margin-bottom: 14px; align-items: center;\">\n<div>\n<div style=\"background-color: #f4f4f4; border-radius: 50%; height: 12.5px; width: 12.5px;\"><\/div>\n<div style=\"background-color: #f4f4f4; height: 12.5px; width: 12.5px; flex-grow: 0; margin-right: 14px; margin-left: 2px;\"><\/div>\n<div style=\"background-color: #f4f4f4; border-radius: 50%; height: 12.5px; width: 12.5px;\"><\/div>\n<\/div>\n<div style=\"margin-left: 8px;\">\n<div style=\"background-color: #f4f4f4; border-radius: 50%; flex-grow: 0; height: 20px; width: 20px;\"><\/div>\n<div style=\"width: 0; height: 0; border-top: 2px solid transparent; border-left: 6px solid #f4f4f4; border-bottom: 2px solid transparent;\"><\/div>\n<\/div>\n<div style=\"margin-left: auto;\">\n<div style=\"width: 0px; border-top: 8px solid #F4F4F4; border-right: 8px solid transparent;\"><\/div>\n<div style=\"background-color: #f4f4f4; flex-grow: 0; height: 12px; width: 16px;\"><\/div>\n<div style=\"width: 0; height: 0; border-top: 8px solid #F4F4F4; border-left: 8px solid transparent;\"><\/div>\n<\/div>\n<\/div>\n<div style=\"flex-direction: column; flex-grow: 1; justify-content: center; margin-bottom: 24px;\">\n<div style=\"background-color: #f4f4f4; border-radius: 4px; flex-grow: 0; height: 14px; margin-bottom: 6px; width: 224px;\"><\/div>\n<div style=\"background-color: #f4f4f4; border-radius: 4px; flex-grow: 0; height: 14px; width: 144px;\"><\/div>\n<\/div>\n<p>&nbsp;<\/p>\n<p style=\"color: #c9c8cd; font-family: Arial,sans-serif; font-size: 14px; line-height: 17px; margin-bottom: 0; margin-top: 8px; overflow: hidden; padding: 8px 0 7px; text-align: center;\"><a style=\"color: #c9c8cd; font-family: Arial,sans-serif; font-size: 14px; font-style: normal; font-weight: normal; line-height: 17px; text-decoration: none;\" href=\"https:\/\/www.instagram.com\/p\/CD2EdLZqPNd\/?utm_source=ig_embed&amp;utm_campaign=loading\" target=\"_blank\" rel=\"noopener\">Une publication partag\u00e9e par Sebastien de Boisheraud (@celtique28210)<\/a><\/p>\n<\/div>\n<\/blockquote>\n<h2><b>Des moments magiques en mer : dauphins, voile et d\u00e9tente<\/b><\/h2>\n<p><span style=\"font-weight: 400;\">Mais l&#8217;aventure ne s&#8217;arr\u00eate pas l\u00e0 ! Naviguer en mer n&#8217;est pas seulement une question de paysages, c\u2019est aussi un v\u00e9ritable retour aux sources, loin des pr\u00e9occupations du quotidien. \u00c0 bord du <\/span><b>PACO II<\/b><span style=\"font-weight: 400;\">, vous aurez la chance de prendre part aux man\u0153uvres du bateau : \u00e0 vous la barre, les voiles et la sensation de dominer les flots ! Vous pourrez m\u00eame tester le paddle ou vous adonner \u00e0 une s\u00e9ance de p\u00eache en mer. Si la chance vous sourit, des dauphins viendront peut-\u00eatre jouer autour du catamaran, offrant un spectacle naturel que vous n&#8217;\u00eates pas pr\u00eats d\u2019oublier.<\/span><\/p>\n<p><span style=\"font-weight: 400;\">Quand vient l&#8217;heure du d\u00e9jeuner ou du d\u00eener, Patrick et Corinne vous proposent un pique-nique convivial ou un plateau de fruits de mer, \u00e0 d\u00e9guster au rythme des vagues. C&#8217;est l&#8217;occasion r\u00eav\u00e9e pour partager un moment de d\u00e9tente, discuter et profiter de l&#8217;instant.<\/span><\/p>\n<p><span style=\"font-weight: 400;\">Le clou du spectacle ? Le <strong>coucher du soleil<\/strong> ! Vous avez la possibilit\u00e9 de partir pour une sortie en fin de journ\u00e9e et observer le soleil dispara\u00eetre derri\u00e8re l\u2019horizon. Le ciel se pare de nuances orang\u00e9es, et la mer, calme et lumineuse, semble s\u2019\u00e9tirer \u00e0 l\u2019infini. Une exp\u00e9rience qui fait appel \u00e0 tous vos sens : l\u2019odeur de l\u2019air marin, la douceur des vagues, la couleur dor\u00e9e de l\u2019eau\u2026 C&#8217;est l\u2019essence m\u00eame de l\u2019\u00e9vasion.<\/span><\/p>\n<h2><b>Se rendre en Vend\u00e9e : c\u2019est facile !<\/b><\/h2>\n<p><span style=\"font-weight: 400;\">Si vous r\u00eavez de vivre cette exp\u00e9rience en catamaran, la Vend\u00e9e est \u00e0 port\u00e9e de main ! Depuis <\/span><b>Paris<\/b><span style=\"font-weight: 400;\">, prenez le train \u00e0 grande vitesse (TGV) direction <a href=\"https:\/\/discover.ulysse.com\/petit-village-meconnu-havre-de-paix-retraites\">La Roche-sur-Yon<\/a>. En environ 3h30, vous serez au c\u0153ur de la r\u00e9gion, pr\u00eat \u00e0 embarquer. Depuis <\/span><b>Lyon<\/b><span style=\"font-weight: 400;\">, le trajet est un peu plus long, environ 5h30, mais le jeu en vaut la chandelle. Et si vous \u00eates en <\/span><b>Strasbourg<\/b><span style=\"font-weight: 400;\">, pr\u00e9voyez environ 7 heures de voyage, mais l\u00e0 encore, la destination justifie largement l\u2019effort !<\/span><\/p>\n<p><span style=\"font-weight: 400;\">Une fois sur place, vous n\u2019aurez plus qu\u2019\u00e0 profiter de l\u2019accueil chaleureux de Patrick et Corinne, et de l\u2019ambiance d\u00e9tendue qui r\u00e8gne sur le catamaran.<\/span><\/p>\n<blockquote class=\"instagram-media\" style=\"background: #FFF; border: 0; border-radius: 3px; margin: 1px; max-width: 540px; min-width: 326px; padding: 0; width: calc(100% - 2px);\" data-instgrm-captioned=\"\" data-instgrm-permalink=\"https:\/\/www.instagram.com\/p\/DJhiYuFoagH\/?utm_source=ig_embed&amp;utm_campaign=loading\" data-instgrm-version=\"14\">\n<div style=\"padding: 16px;\">\n<p>&nbsp;<\/p>\n<div style=\"flex-direction: row; align-items: center;\">\n<div style=\"background-color: #f4f4f4; border-radius: 50%; flex-grow: 0; height: 40px; margin-right: 14px; width: 40px;\"><\/div>\n<div style=\"flex-direction: column; flex-grow: 1; justify-content: center;\">\n<div style=\"background-color: #f4f4f4; border-radius: 4px; flex-grow: 0; height: 14px; margin-bottom: 6px; width: 100px;\"><\/div>\n<div style=\"background-color: #f4f4f4; border-radius: 4px; flex-grow: 0; height: 14px; width: 60px;\"><\/div>\n<\/div>\n<\/div>\n<div style=\"padding: 19% 0;\"><\/div>\n<div style=\"height: 50px; margin: 0 auto 12px; width: 50px;\"><\/div>\n<div style=\"padding-top: 8px;\">\n<div style=\"color: #3897f0; font-family: Arial,sans-serif; font-size: 14px; font-style: normal; font-weight: 550; line-height: 18px;\">Voir cette publication sur Instagram<\/div>\n<\/div>\n<div style=\"padding: 12.5% 0;\"><\/div>\n<div style=\"flex-direction: row; margin-bottom: 14px; align-items: center;\">\n<div>\n<div style=\"background-color: #f4f4f4; border-radius: 50%; height: 12.5px; width: 12.5px;\"><\/div>\n<div style=\"background-color: #f4f4f4; height: 12.5px; width: 12.5px; flex-grow: 0; margin-right: 14px; margin-left: 2px;\"><\/div>\n<div style=\"background-color: #f4f4f4; border-radius: 50%; height: 12.5px; width: 12.5px;\"><\/div>\n<\/div>\n<div style=\"margin-left: 8px;\">\n<div style=\"background-color: #f4f4f4; border-radius: 50%; flex-grow: 0; height: 20px; width: 20px;\"><\/div>\n<div style=\"width: 0; height: 0; border-top: 2px solid transparent; border-left: 6px solid #f4f4f4; border-bottom: 2px solid transparent;\"><\/div>\n<\/div>\n<div style=\"margin-left: auto;\">\n<div style=\"width: 0px; border-top: 8px solid #F4F4F4; border-right: 8px solid transparent;\"><\/div>\n<div style=\"background-color: #f4f4f4; flex-grow: 0; height: 12px; width: 16px;\"><\/div>\n<div style=\"width: 0; height: 0; border-top: 8px solid #F4F4F4; border-left: 8px solid transparent;\"><\/div>\n<\/div>\n<\/div>\n<div style=\"flex-direction: column; flex-grow: 1; justify-content: center; margin-bottom: 24px;\">\n<div style=\"background-color: #f4f4f4; border-radius: 4px; flex-grow: 0; height: 14px; margin-bottom: 6px; width: 224px;\"><\/div>\n<div style=\"background-color: #f4f4f4; border-radius: 4px; flex-grow: 0; height: 14px; width: 144px;\"><\/div>\n<\/div>\n<p>&nbsp;<\/p>\n<p style=\"color: #c9c8cd; font-family: Arial,sans-serif; font-size: 14px; line-height: 17px; margin-bottom: 0; margin-top: 8px; overflow: hidden; padding: 8px 0 7px; text-align: center;\"><a style=\"color: #c9c8cd; font-family: Arial,sans-serif; font-size: 14px; font-style: normal; font-weight: normal; line-height: 17px; text-decoration: none;\" href=\"https:\/\/www.instagram.com\/p\/DJhiYuFoagH\/?utm_source=ig_embed&amp;utm_campaign=loading\" target=\"_blank\" rel=\"noopener\">Une publication partag\u00e9e par Marc antoine \ud83e\udd19\ud83c\udffd (@marcantoinephotographie)<\/a><\/p>\n<\/div>\n<\/blockquote>\n<p><span style=\"font-weight: 400;\">L\u2019exp\u00e9rience de la mer en Vend\u00e9e, et plus particuli\u00e8rement la d\u00e9couverte de <\/span><b>Fort Boyard<\/b><span style=\"font-weight: 400;\"> en catamaran, est une aventure unique. Elle combine histoire, nature, sensations et convivialit\u00e9 dans un cadre idyllique. Entre la beaut\u00e9 des paysages, la tranquillit\u00e9 de l\u2019oc\u00e9an et les moments magiques en mer, chaque instant \u00e0 bord du <\/span><i><span style=\"font-weight: 400;\">PACO II<\/span><\/i><span style=\"font-weight: 400;\"> devient un souvenir imp\u00e9rissable. <\/span><span style=\"font-weight: 400;\">Alors, pr\u00eat \u00e0 embarquer pour cette aventure \u00e9pique et d\u00e9couvrir Fort Boyard sous un angle nouveau ?<\/span><\/p>\n","protected":false},"excerpt":{"rendered":"<p>Quand le vent souffle, que la mer scintille sous les rayons du soleil, et que vous apercevez au loin l\u2019imposant [&hellip;]<\/p>\n","protected":false},"author":3,"featured_media":32355,"comment_status":"open","ping_status":"closed","sticky":false,"template":"","format":"standard","meta":{"_acf_changed":false,"_sitemap_exclude":false,"_sitemap_priority":"","_sitemap_frequency":"","footnotes":"","rank_math_title":"","rank_math_description":"Embarquez \u00e0 bord du PACO II et vivez l\u2019aventure ultime : une rencontre magique avec Fort Boyard en catamaran !\n","rank_math_canonical_url":"","rank_math_focus_keyword":"Fort"},"categories":[3],"tags":[],"class_list":["post-32354","post","type-post","status-publish","format-standard","has-post-thumbnail","hentry","category-voyage"],"acf":[],"_links":{"self":[{"href":"https:\/\/ulysse.com\/news\/wp-json\/wp\/v2\/posts\/32354","targetHints":{"allow":["GET"]}}],"collection":[{"href":"https:\/\/ulysse.com\/news\/wp-json\/wp\/v2\/posts"}],"about":[{"href":"https:\/\/ulysse.com\/news\/wp-json\/wp\/v2\/types\/post"}],"author":[{"embeddable":true,"href":"https:\/\/ulysse.com\/news\/wp-json\/wp\/v2\/users\/3"}],"replies":[{"embeddable":true,"href":"https:\/\/ulysse.com\/news\/wp-json\/wp\/v2\/comments?post=32354"}],"version-history":[{"count":2,"href":"https:\/\/ulysse.com\/news\/wp-json\/wp\/v2\/posts\/32354\/revisions"}],"predecessor-version":[{"id":32366,"href":"https:\/\/ulysse.com\/news\/wp-json\/wp\/v2\/posts\/32354\/revisions\/32366"}],"wp:featuredmedia":[{"embeddable":true,"href":"https:\/\/ulysse.com\/news\/wp-json\/wp\/v2\/media\/32355"}],"wp:attachment":[{"href":"https:\/\/ulysse.com\/news\/wp-json\/wp\/v2\/media?parent=32354"}],"wp:term":[{"taxonomy":"category","embeddable":true,"href":"https:\/\/ulysse.com\/news\/wp-json\/wp\/v2\/categories?post=32354"},{"taxonomy":"post_tag","embeddable":true,"href":"https:\/\/ulysse.com\/news\/wp-json\/wp\/v2\/tags?post=32354"}],"curies":[{"name":"wp","href":"https:\/\/api.w.org\/{rel}","templated":true}]}}