{"id":32357,"date":"2025-07-21T13:00:37","date_gmt":"2025-07-21T12:00:37","guid":{"rendered":"https:\/\/discover.ulysse.com\/?p=32357"},"modified":"2025-07-21T09:43:32","modified_gmt":"2025-07-21T08:43:32","slug":"decouvrez-la-plus-grande-lagune-de-la-peninsule-iberique-un-lac-sauvage-et-romantique-a-explorer","status":"publish","type":"post","link":"https:\/\/ulysse.com\/news\/decouvrez-la-plus-grande-lagune-de-la-peninsule-iberique-un-lac-sauvage-et-romantique-a-explorer","title":{"rendered":"D\u00e9couvrez la plus grande lagune de la p\u00e9ninsule ib\u00e9rique, un lac sauvage et romantique \u00e0 explorer"},"content":{"rendered":"<p><span style=\"font-weight: 400;\">Envie de fuir le quotidien et de vous immerger dans un d\u00e9cor naturel \u00e9poustouflant, loin des foules ? Direction la <\/span><b>Pateira de Fermentelos<\/b><span style=\"font-weight: 400;\">, un lieu magique au c\u0153ur du Portugal. Bien cach\u00e9e dans la r\u00e9gion de <strong>Beira Litoral<\/strong>, cette lagune, la plus grande de la p\u00e9ninsule ib\u00e9rique, offre un cadre idyllique et une atmosph\u00e8re intime, propice \u00e0 l\u2019\u00e9vasion. Ici, la nature se d\u00e9voile dans toute sa splendeur : des eaux tranquilles, des paysages verdoyants, et des villages pittoresques vous attendent. Pr\u00eat pour l\u2019aventure ?<\/span><\/p>\n<h2><b>La Pateira de Fermentelos : un petit paradis naturel \u00e0 d\u00e9couvrir<\/b><\/h2>\n<p><span style=\"font-weight: 400;\">La <strong>Pateira de Fermentelos<\/strong> est un lac unique, entour\u00e9 de for\u00eats et de collines, et pourtant souvent ignor\u00e9 des grandes masses touristiques. C\u2019est d\u2019ailleurs cette discr\u00e9tion qui fait tout son charme. Ce lac d\u2019eau douce, qui s\u2019\u00e9tend sur plusieurs kilom\u00e8tres, est un v\u00e9ritable havre de paix. Que vous soyez amateur de nature, d\u2019oiseaux ou simplement en qu\u00eate de calme, la Pateira vous s\u00e9duira. Les eaux limpides du lac sont propices \u00e0 la d\u00e9tente, et les rives verdoyantes qui l\u2019entourent invitent \u00e0 la fl\u00e2nerie. Si vous \u00eates chanceux, vous pourrez m\u00eame apercevoir des h\u00e9rons, des cygnes et une multitude d\u2019autres oiseaux migrateurs qui font de ce lieu un v\u00e9ritable sanctuaire pour la faune.<\/span><\/p>\n<p><span style=\"font-weight: 400;\">Mais ce n\u2019est pas tout : la Pateira n\u2019est pas simplement un endroit pour se poser et respirer. C\u2019est aussi un terrain de jeu pour les plus aventureux. Imaginez-vous pagayant sur le lac en <\/span><b>cano\u00eb<\/b><span style=\"font-weight: 400;\"> ou en <\/span><b>p\u00e9dalo<\/b><span style=\"font-weight: 400;\">, profitant d\u2019une vue imprenable sur les petites \u00eeles et les for\u00eats alentours. Ce d\u00e9cor paisible et sauvage est parfait pour des moments de pure d\u00e9connexion, \u00e0 l\u2019\u00e9cart des tumultes de la vie quotidienne. Et si vous pr\u00e9f\u00e9rez la randonn\u00e9e, vous trouverez de nombreux sentiers qui serpentent autour du lac, offrant des panoramas spectaculaires \u00e0 chaque coin de chemin.<\/span><\/p>\n<blockquote class=\"instagram-media\" style=\"background: #FFF; border: 0; border-radius: 3px; margin: 1px; max-width: 540px; min-width: 326px; padding: 0; width: calc(100% - 2px);\" data-instgrm-captioned=\"\" data-instgrm-permalink=\"https:\/\/www.instagram.com\/p\/BiUTvreA9P7\/?utm_source=ig_embed&amp;utm_campaign=loading\" data-instgrm-version=\"14\">\n<div style=\"padding: 16px;\">\n<p>&nbsp;<\/p>\n<div style=\"flex-direction: row; align-items: center;\">\n<div style=\"background-color: #f4f4f4; border-radius: 50%; flex-grow: 0; height: 40px; margin-right: 14px; width: 40px;\"><\/div>\n<div style=\"flex-direction: column; flex-grow: 1; justify-content: center;\">\n<div style=\"background-color: #f4f4f4; border-radius: 4px; flex-grow: 0; height: 14px; margin-bottom: 6px; width: 100px;\"><\/div>\n<div style=\"background-color: #f4f4f4; border-radius: 4px; flex-grow: 0; height: 14px; width: 60px;\"><\/div>\n<\/div>\n<\/div>\n<div style=\"padding: 19% 0;\"><\/div>\n<div style=\"height: 50px; margin: 0 auto 12px; width: 50px;\"><\/div>\n<div style=\"padding-top: 8px;\">\n<div style=\"color: #3897f0; font-family: Arial,sans-serif; font-size: 14px; font-style: normal; font-weight: 550; line-height: 18px;\">Voir cette publication sur Instagram<\/div>\n<\/div>\n<div style=\"padding: 12.5% 0;\"><\/div>\n<div style=\"flex-direction: row; margin-bottom: 14px; align-items: center;\">\n<div>\n<div style=\"background-color: #f4f4f4; border-radius: 50%; height: 12.5px; width: 12.5px;\"><\/div>\n<div style=\"background-color: #f4f4f4; height: 12.5px; width: 12.5px; flex-grow: 0; margin-right: 14px; margin-left: 2px;\"><\/div>\n<div style=\"background-color: #f4f4f4; border-radius: 50%; height: 12.5px; width: 12.5px;\"><\/div>\n<\/div>\n<div style=\"margin-left: 8px;\">\n<div style=\"background-color: #f4f4f4; border-radius: 50%; flex-grow: 0; height: 20px; width: 20px;\"><\/div>\n<div style=\"width: 0; height: 0; border-top: 2px solid transparent; border-left: 6px solid #f4f4f4; border-bottom: 2px solid transparent;\"><\/div>\n<\/div>\n<div style=\"margin-left: auto;\">\n<div style=\"width: 0px; border-top: 8px solid #F4F4F4; border-right: 8px solid transparent;\"><\/div>\n<div style=\"background-color: #f4f4f4; flex-grow: 0; height: 12px; width: 16px;\"><\/div>\n<div style=\"width: 0; height: 0; border-top: 8px solid #F4F4F4; border-left: 8px solid transparent;\"><\/div>\n<\/div>\n<\/div>\n<div style=\"flex-direction: column; flex-grow: 1; justify-content: center; margin-bottom: 24px;\">\n<div style=\"background-color: #f4f4f4; border-radius: 4px; flex-grow: 0; height: 14px; margin-bottom: 6px; width: 224px;\"><\/div>\n<div style=\"background-color: #f4f4f4; border-radius: 4px; flex-grow: 0; height: 14px; width: 144px;\"><\/div>\n<\/div>\n<p>&nbsp;<\/p>\n<p style=\"color: #c9c8cd; font-family: Arial,sans-serif; font-size: 14px; line-height: 17px; margin-bottom: 0; margin-top: 8px; overflow: hidden; padding: 8px 0 7px; text-align: center;\"><a style=\"color: #c9c8cd; font-family: Arial,sans-serif; font-size: 14px; font-style: normal; font-weight: normal; line-height: 17px; text-decoration: none;\" href=\"https:\/\/www.instagram.com\/p\/BiUTvreA9P7\/?utm_source=ig_embed&amp;utm_campaign=loading\" target=\"_blank\" rel=\"noopener\">Une publication partag\u00e9e par Raquel \ud83c\udf3e (@iamraquelsousa)<\/a><\/p>\n<\/div>\n<\/blockquote>\n<h2><b>Comment s\u2019y rendre ? Un voyage en train au c\u0153ur du Portugal<\/b><\/h2>\n<p><span style=\"font-weight: 400;\">Pour rejoindre la <\/span>Pateira de Fermentelos, le train est l\u2019option id\u00e9ale pour ceux qui cherchent \u00e0 voyager confortablement et \u00e0 profiter du paysage. Depuis la France, il vous faudra un peu de temps, mais le voyage vaut largement le d\u00e9tour. Si vous partez de Paris, embarquez \u00e0 bord d\u2019un TGV direction Lisbonne<span style=\"font-weight: 400;\">. Le trajet dure environ 2h30, et une fois arriv\u00e9 dans la capitale portugaise, vous pourrez prendre un train r\u00e9gional \u00e0 destination d\u2019<\/span><b>\u00c1gueda<\/b><span style=\"font-weight: 400;\">, la ville la plus proche du lac. Comptez environ <\/span><b>30 \u00e0 60 euros<\/b><span style=\"font-weight: 400;\"> pour un billet aller-retour en seconde classe, un prix raisonnable pour un voyage aussi agr\u00e9able.<\/span><\/p>\n<p><span style=\"font-weight: 400;\">Si vous partez de <\/span>Lyon ou Strasbourg, vous pourrez opter pour une correspondance \u00e0 <a href=\"https:\/\/discover.ulysse.com\/barcelone-bientot-blacklistee-par-les-touristes-pour-cette-plage-situee-a-seulement-30-minutes\">Barcelone<\/a><span style=\"font-weight: 400;\"> avant de prendre un train \u00e0 destination de <\/span><b>Lisbonne<\/b><span style=\"font-weight: 400;\"> ou <\/span><b>Porto<\/b><span style=\"font-weight: 400;\">. Le trajet total, qui dure entre 10 et 12 heures, vous permettra de d\u00e9couvrir les magnifiques paysages de la p\u00e9ninsule ib\u00e9rique, tout en vous offrant un confort optimal. Une fois \u00e0 <\/span><b>\u00c1gueda<\/b><span style=\"font-weight: 400;\">, il vous suffira de prendre un taxi ou un bus local pour rejoindre la Pateira.<\/span><\/p>\n<blockquote class=\"instagram-media\" style=\"background: #FFF; border: 0; border-radius: 3px; margin: 1px; max-width: 540px; min-width: 326px; padding: 0; width: calc(100% - 2px);\" data-instgrm-captioned=\"\" data-instgrm-permalink=\"https:\/\/www.instagram.com\/p\/BlC1gDEjvs9\/?utm_source=ig_embed&amp;utm_campaign=loading\" data-instgrm-version=\"14\">\n<div style=\"padding: 16px;\">\n<p>&nbsp;<\/p>\n<div style=\"flex-direction: row; align-items: center;\">\n<div style=\"background-color: #f4f4f4; border-radius: 50%; flex-grow: 0; height: 40px; margin-right: 14px; width: 40px;\"><\/div>\n<div style=\"flex-direction: column; flex-grow: 1; justify-content: center;\">\n<div style=\"background-color: #f4f4f4; border-radius: 4px; flex-grow: 0; height: 14px; margin-bottom: 6px; width: 100px;\"><\/div>\n<div style=\"background-color: #f4f4f4; border-radius: 4px; flex-grow: 0; height: 14px; width: 60px;\"><\/div>\n<\/div>\n<\/div>\n<div style=\"padding: 19% 0;\"><\/div>\n<div style=\"height: 50px; margin: 0 auto 12px; width: 50px;\"><\/div>\n<div style=\"padding-top: 8px;\">\n<div style=\"color: #3897f0; font-family: Arial,sans-serif; font-size: 14px; font-style: normal; font-weight: 550; line-height: 18px;\">Voir cette publication sur Instagram<\/div>\n<\/div>\n<div style=\"padding: 12.5% 0;\"><\/div>\n<div style=\"flex-direction: row; margin-bottom: 14px; align-items: center;\">\n<div>\n<div style=\"background-color: #f4f4f4; border-radius: 50%; height: 12.5px; width: 12.5px;\"><\/div>\n<div style=\"background-color: #f4f4f4; height: 12.5px; width: 12.5px; flex-grow: 0; margin-right: 14px; margin-left: 2px;\"><\/div>\n<div style=\"background-color: #f4f4f4; border-radius: 50%; height: 12.5px; width: 12.5px;\"><\/div>\n<\/div>\n<div style=\"margin-left: 8px;\">\n<div style=\"background-color: #f4f4f4; border-radius: 50%; flex-grow: 0; height: 20px; width: 20px;\"><\/div>\n<div style=\"width: 0; height: 0; border-top: 2px solid transparent; border-left: 6px solid #f4f4f4; border-bottom: 2px solid transparent;\"><\/div>\n<\/div>\n<div style=\"margin-left: auto;\">\n<div style=\"width: 0px; border-top: 8px solid #F4F4F4; border-right: 8px solid transparent;\"><\/div>\n<div style=\"background-color: #f4f4f4; flex-grow: 0; height: 12px; width: 16px;\"><\/div>\n<div style=\"width: 0; height: 0; border-top: 8px solid #F4F4F4; border-left: 8px solid transparent;\"><\/div>\n<\/div>\n<\/div>\n<div style=\"flex-direction: column; flex-grow: 1; justify-content: center; margin-bottom: 24px;\">\n<div style=\"background-color: #f4f4f4; border-radius: 4px; flex-grow: 0; height: 14px; margin-bottom: 6px; width: 224px;\"><\/div>\n<div style=\"background-color: #f4f4f4; border-radius: 4px; flex-grow: 0; height: 14px; width: 144px;\"><\/div>\n<\/div>\n<p>&nbsp;<\/p>\n<p style=\"color: #c9c8cd; font-family: Arial,sans-serif; font-size: 14px; line-height: 17px; margin-bottom: 0; margin-top: 8px; overflow: hidden; padding: 8px 0 7px; text-align: center;\"><a style=\"color: #c9c8cd; font-family: Arial,sans-serif; font-size: 14px; font-style: normal; font-weight: normal; line-height: 17px; text-decoration: none;\" href=\"https:\/\/www.instagram.com\/p\/BlC1gDEjvs9\/?utm_source=ig_embed&amp;utm_campaign=loading\" target=\"_blank\" rel=\"noopener\">Une publication partag\u00e9e par ___k e e p d r e a m i n g___ (@___keepdreaming___)<\/a><\/p>\n<\/div>\n<\/blockquote>\n<h2><b>Que faire autour du lac ? La nature, le calme et la culture<\/b><\/h2>\n<p><span style=\"font-weight: 400;\">Lors de votre s\u00e9jour \u00e0 la Pateira de Fermentelos, vous aurez tout le loisir de vous adonner \u00e0 des activit\u00e9s en plein air. En plus de la possibilit\u00e9 de faire du <\/span><b>cano\u00eb<\/b><span style=\"font-weight: 400;\">, vous pourrez \u00e9galement louer des p\u00e9dalos pour explorer le lac \u00e0 votre rythme. Ce moment, aussi simple que magique, vous permettra de profiter de la vue imprenable sur les petites \u00eeles du lac et les for\u00eats environnantes. Si vous aimez les paysages sauvages, vous adorerez les sentiers de randonn\u00e9e qui bordent le lac. Ces parcours vous feront traverser une nature intacte, tout en offrant des panoramas spectaculaires sur le lac et les villages voisins. Les amateurs d&#8217;ornithologie seront \u00e9galement combl\u00e9s, car la r\u00e9gion abrite une grande vari\u00e9t\u00e9 d\u2019esp\u00e8ces d&#8217;oiseaux, qui viennent ici se reposer lors de leur migration.<\/span><\/p>\n<p><span style=\"font-weight: 400;\">Mais la Pateira de Fermentelos, ce n\u2019est pas seulement un endroit pour la nature. Vous pourrez aussi fl\u00e2ner dans les <\/span><b>villages alentours<\/b><span style=\"font-weight: 400;\">, comme <\/span><b>Fermentelos<\/b><span style=\"font-weight: 400;\">, o\u00f9 le temps semble s\u2019\u00eatre arr\u00eat\u00e9. Ce village typiquement portugais, avec ses maisons en pierre et ses ruelles pav\u00e9es, est un lieu o\u00f9 vous pouvez d\u00e9couvrir la culture locale. Les habitants accueillants seront ravis de vous faire d\u00e9couvrir les sp\u00e9cialit\u00e9s culinaires de la r\u00e9gion, \u00e0 base de produits frais et locaux.\u00a0<\/span><\/p>\n<p>Si vous avez un peu plus de temps, \u00c1gueda<span style=\"font-weight: 400;\">, la ville la plus proche, m\u00e9rite \u00e9galement une visite. Avec ses rues color\u00e9es et son ambiance d\u00e9contract\u00e9e, cette petite ville regorge de charme et d\u2019histoire. Vous pourrez y visiter des mus\u00e9es, d\u00e9couvrir des march\u00e9s anim\u00e9s et fl\u00e2ner dans des boutiques artisanales.<\/span><\/p>\n<blockquote class=\"instagram-media\" style=\"background: #FFF; border: 0; border-radius: 3px; margin: 1px; max-width: 540px; min-width: 326px; padding: 0; width: calc(100% - 2px);\" data-instgrm-captioned=\"\" data-instgrm-permalink=\"https:\/\/www.instagram.com\/p\/CKuNYRLLEBm\/?utm_source=ig_embed&amp;utm_campaign=loading\" data-instgrm-version=\"14\">\n<div style=\"padding: 16px;\">\n<p>&nbsp;<\/p>\n<div style=\"flex-direction: row; align-items: center;\">\n<div style=\"background-color: #f4f4f4; border-radius: 50%; flex-grow: 0; height: 40px; margin-right: 14px; width: 40px;\"><\/div>\n<div style=\"flex-direction: column; flex-grow: 1; justify-content: center;\">\n<div style=\"background-color: #f4f4f4; border-radius: 4px; flex-grow: 0; height: 14px; margin-bottom: 6px; width: 100px;\"><\/div>\n<div style=\"background-color: #f4f4f4; border-radius: 4px; flex-grow: 0; height: 14px; width: 60px;\"><\/div>\n<\/div>\n<\/div>\n<div style=\"padding: 19% 0;\"><\/div>\n<div style=\"height: 50px; margin: 0 auto 12px; width: 50px;\"><\/div>\n<div style=\"padding-top: 8px;\">\n<div style=\"color: #3897f0; font-family: Arial,sans-serif; font-size: 14px; font-style: normal; font-weight: 550; line-height: 18px;\">Voir cette publication sur Instagram<\/div>\n<\/div>\n<div style=\"padding: 12.5% 0;\"><\/div>\n<div style=\"flex-direction: row; margin-bottom: 14px; align-items: center;\">\n<div>\n<div style=\"background-color: #f4f4f4; border-radius: 50%; height: 12.5px; width: 12.5px;\"><\/div>\n<div style=\"background-color: #f4f4f4; height: 12.5px; width: 12.5px; flex-grow: 0; margin-right: 14px; margin-left: 2px;\"><\/div>\n<div style=\"background-color: #f4f4f4; border-radius: 50%; height: 12.5px; width: 12.5px;\"><\/div>\n<\/div>\n<div style=\"margin-left: 8px;\">\n<div style=\"background-color: #f4f4f4; border-radius: 50%; flex-grow: 0; height: 20px; width: 20px;\"><\/div>\n<div style=\"width: 0; height: 0; border-top: 2px solid transparent; border-left: 6px solid #f4f4f4; border-bottom: 2px solid transparent;\"><\/div>\n<\/div>\n<div style=\"margin-left: auto;\">\n<div style=\"width: 0px; border-top: 8px solid #F4F4F4; border-right: 8px solid transparent;\"><\/div>\n<div style=\"background-color: #f4f4f4; flex-grow: 0; height: 12px; width: 16px;\"><\/div>\n<div style=\"width: 0; height: 0; border-top: 8px solid #F4F4F4; border-left: 8px solid transparent;\"><\/div>\n<\/div>\n<\/div>\n<div style=\"flex-direction: column; flex-grow: 1; justify-content: center; margin-bottom: 24px;\">\n<div style=\"background-color: #f4f4f4; border-radius: 4px; flex-grow: 0; height: 14px; margin-bottom: 6px; width: 224px;\"><\/div>\n<div style=\"background-color: #f4f4f4; border-radius: 4px; flex-grow: 0; height: 14px; width: 144px;\"><\/div>\n<\/div>\n<p>&nbsp;<\/p>\n<p style=\"color: #c9c8cd; font-family: Arial,sans-serif; font-size: 14px; line-height: 17px; margin-bottom: 0; margin-top: 8px; overflow: hidden; padding: 8px 0 7px; text-align: center;\"><a style=\"color: #c9c8cd; font-family: Arial,sans-serif; font-size: 14px; font-style: normal; font-weight: normal; line-height: 17px; text-decoration: none;\" href=\"https:\/\/www.instagram.com\/p\/CKuNYRLLEBm\/?utm_source=ig_embed&amp;utm_campaign=loading\" target=\"_blank\" rel=\"noopener\">Une publication partag\u00e9e par Plan your perfect trips \u2600\ufe0f\ud83c\udfdd\u26f0\u2603\ufe0f (@goercommunity)<\/a><\/p>\n<\/div>\n<\/blockquote>\n<h2><b>Co\u00fbt de la vie : un s\u00e9jour abordable et agr\u00e9able<\/b><\/h2>\n<p><span style=\"font-weight: 400;\">L\u2019un des grands avantages de la Pateira de Fermentelos, c\u2019est que cette destination reste relativement abordable, surtout par rapport \u00e0 d\u2019autres spots touristiques du<a href=\"https:\/\/discover.ulysse.com\/ce-joyau-cache-du-portugal-eclipse-fierement-les-acores\"> Portugal<\/a>. Dans les villages autour du lac, le co\u00fbt de la vie est raisonnable. Les <\/span>restaurants locaux<span style=\"font-weight: 400;\"> vous proposeront des plats d\u00e9licieux \u00e0 des prix attractifs. Un repas dans une taverne typique vous co\u00fbtera g\u00e9n\u00e9ralement entre <\/span><b>10 et 15 euros<\/b><span style=\"font-weight: 400;\">. Pour un d\u00eener un peu plus raffin\u00e9, il faudra compter environ <\/span><b>25 \u00e0 30 euros<\/b><span style=\"font-weight: 400;\"> par personne, boissons comprises.<\/span><\/p>\n<p><span style=\"font-weight: 400;\">En ce qui concerne l\u2019h\u00e9bergement, vous aurez l\u2019embarras du choix : des chambres d\u2019h\u00f4tes traditionnelles aux petits h\u00f4tels familiaux, il y en a pour tous les go\u00fbts. Les prix varient en fonction de la saison et du type de logement, mais pour une <\/span>nuit\u00e9e en auberge ou en h\u00f4tel modeste<span style=\"font-weight: 400;\">, comptez environ <\/span><b>50 euros<\/b><span style=\"font-weight: 400;\">. Si vous pr\u00e9f\u00e9rez un peu plus de confort, vous trouverez \u00e9galement des h\u00f4tels un peu plus luxueux pour un tarif avoisinant les <\/span><b>80 \u00e0 100 euros<\/b><span style=\"font-weight: 400;\"> la nuit.<\/span><\/p>\n<p><span style=\"font-weight: 400;\">Les <\/span><b>activit\u00e9s<\/b><span style=\"font-weight: 400;\"> autour du lac, comme la location de cano\u00eb ou de p\u00e9dalo, sont \u00e9galement tr\u00e8s abordables, ce qui vous permet de profiter pleinement de la beaut\u00e9 de la Pateira sans exploser votre budget.<\/span><\/p>\n<blockquote class=\"instagram-media\" style=\"background: #FFF; border: 0; border-radius: 3px; margin: 1px; max-width: 540px; min-width: 326px; padding: 0; width: calc(100% - 2px);\" data-instgrm-captioned=\"\" data-instgrm-permalink=\"https:\/\/www.instagram.com\/p\/BkvjipQAXn4\/?utm_source=ig_embed&amp;utm_campaign=loading\" data-instgrm-version=\"14\">\n<div style=\"padding: 16px;\">\n<p>&nbsp;<\/p>\n<div style=\"flex-direction: row; align-items: center;\">\n<div style=\"background-color: #f4f4f4; border-radius: 50%; flex-grow: 0; height: 40px; margin-right: 14px; width: 40px;\"><\/div>\n<div style=\"flex-direction: column; flex-grow: 1; justify-content: center;\">\n<div style=\"background-color: #f4f4f4; border-radius: 4px; flex-grow: 0; height: 14px; margin-bottom: 6px; width: 100px;\"><\/div>\n<div style=\"background-color: #f4f4f4; border-radius: 4px; flex-grow: 0; height: 14px; width: 60px;\"><\/div>\n<\/div>\n<\/div>\n<div style=\"padding: 19% 0;\"><\/div>\n<div style=\"height: 50px; margin: 0 auto 12px; width: 50px;\"><\/div>\n<div style=\"padding-top: 8px;\">\n<div style=\"color: #3897f0; font-family: Arial,sans-serif; font-size: 14px; font-style: normal; font-weight: 550; line-height: 18px;\">Voir cette publication sur Instagram<\/div>\n<\/div>\n<div style=\"padding: 12.5% 0;\"><\/div>\n<div style=\"flex-direction: row; margin-bottom: 14px; align-items: center;\">\n<div>\n<div style=\"background-color: #f4f4f4; border-radius: 50%; height: 12.5px; width: 12.5px;\"><\/div>\n<div style=\"background-color: #f4f4f4; height: 12.5px; width: 12.5px; flex-grow: 0; margin-right: 14px; margin-left: 2px;\"><\/div>\n<div style=\"background-color: #f4f4f4; border-radius: 50%; height: 12.5px; width: 12.5px;\"><\/div>\n<\/div>\n<div style=\"margin-left: 8px;\">\n<div style=\"background-color: #f4f4f4; border-radius: 50%; flex-grow: 0; height: 20px; width: 20px;\"><\/div>\n<div style=\"width: 0; height: 0; border-top: 2px solid transparent; border-left: 6px solid #f4f4f4; border-bottom: 2px solid transparent;\"><\/div>\n<\/div>\n<div style=\"margin-left: auto;\">\n<div style=\"width: 0px; border-top: 8px solid #F4F4F4; border-right: 8px solid transparent;\"><\/div>\n<div style=\"background-color: #f4f4f4; flex-grow: 0; height: 12px; width: 16px;\"><\/div>\n<div style=\"width: 0; height: 0; border-top: 8px solid #F4F4F4; border-left: 8px solid transparent;\"><\/div>\n<\/div>\n<\/div>\n<div style=\"flex-direction: column; flex-grow: 1; justify-content: center; margin-bottom: 24px;\">\n<div style=\"background-color: #f4f4f4; border-radius: 4px; flex-grow: 0; height: 14px; margin-bottom: 6px; width: 224px;\"><\/div>\n<div style=\"background-color: #f4f4f4; border-radius: 4px; flex-grow: 0; height: 14px; width: 144px;\"><\/div>\n<\/div>\n<p>&nbsp;<\/p>\n<p style=\"color: #c9c8cd; font-family: Arial,sans-serif; font-size: 14px; line-height: 17px; margin-bottom: 0; margin-top: 8px; overflow: hidden; padding: 8px 0 7px; text-align: center;\"><a style=\"color: #c9c8cd; font-family: Arial,sans-serif; font-size: 14px; font-style: normal; font-weight: normal; line-height: 17px; text-decoration: none;\" href=\"https:\/\/www.instagram.com\/p\/BkvjipQAXn4\/?utm_source=ig_embed&amp;utm_campaign=loading\" target=\"_blank\" rel=\"noopener\">Une publication partag\u00e9e par :: eurico amorim :: (@eurico1983)<\/a><\/p>\n<\/div>\n<\/blockquote>\n<p><span style=\"font-weight: 400;\">La Pateira de Fermentelos, avec son ambiance sauvage, ses paysages \u00e0 couper le souffle et ses petites \u00eeles myst\u00e9rieuses, est une destination id\u00e9ale pour ceux qui recherchent \u00e0 la fois la tranquillit\u00e9 et l\u2019aventure. Que vous soyez un amoureux de la nature, un passionn\u00e9 de photographie ou tout simplement \u00e0 la recherche d\u2019une escapade romantique, ce lac saura vous s\u00e9duire. <\/span><span style=\"font-weight: 400;\">Alors, qu\u2019attendez-vous pour partir \u00e0 la d\u00e9couverte de ce coin secret du Portugal ? Une exp\u00e9rience unique vous attend.<\/span><\/p>\n","protected":false},"excerpt":{"rendered":"<p>Envie de fuir le quotidien et de vous immerger dans un d\u00e9cor naturel \u00e9poustouflant, loin des foules ? Direction la [&hellip;]<\/p>\n","protected":false},"author":3,"featured_media":32358,"comment_status":"open","ping_status":"closed","sticky":false,"template":"","format":"standard","meta":{"_acf_changed":false,"_sitemap_exclude":false,"_sitemap_priority":"","_sitemap_frequency":"","footnotes":"","rank_math_title":"","rank_math_description":"La Pateira de Fermentelos vous attend : entre nature, calme et romantisme, l\u2019aventure sauvage  commence ici.\r\n","rank_math_canonical_url":"","rank_math_focus_keyword":"p\u00e9ninsule ib\u00e9rique"},"categories":[3],"tags":[],"class_list":["post-32357","post","type-post","status-publish","format-standard","has-post-thumbnail","hentry","category-voyage"],"acf":[],"_links":{"self":[{"href":"https:\/\/ulysse.com\/news\/wp-json\/wp\/v2\/posts\/32357","targetHints":{"allow":["GET"]}}],"collection":[{"href":"https:\/\/ulysse.com\/news\/wp-json\/wp\/v2\/posts"}],"about":[{"href":"https:\/\/ulysse.com\/news\/wp-json\/wp\/v2\/types\/post"}],"author":[{"embeddable":true,"href":"https:\/\/ulysse.com\/news\/wp-json\/wp\/v2\/users\/3"}],"replies":[{"embeddable":true,"href":"https:\/\/ulysse.com\/news\/wp-json\/wp\/v2\/comments?post=32357"}],"version-history":[{"count":2,"href":"https:\/\/ulysse.com\/news\/wp-json\/wp\/v2\/posts\/32357\/revisions"}],"predecessor-version":[{"id":32403,"href":"https:\/\/ulysse.com\/news\/wp-json\/wp\/v2\/posts\/32357\/revisions\/32403"}],"wp:featuredmedia":[{"embeddable":true,"href":"https:\/\/ulysse.com\/news\/wp-json\/wp\/v2\/media\/32358"}],"wp:attachment":[{"href":"https:\/\/ulysse.com\/news\/wp-json\/wp\/v2\/media?parent=32357"}],"wp:term":[{"taxonomy":"category","embeddable":true,"href":"https:\/\/ulysse.com\/news\/wp-json\/wp\/v2\/categories?post=32357"},{"taxonomy":"post_tag","embeddable":true,"href":"https:\/\/ulysse.com\/news\/wp-json\/wp\/v2\/tags?post=32357"}],"curies":[{"name":"wp","href":"https:\/\/api.w.org\/{rel}","templated":true}]}}