{"id":32449,"date":"2025-07-21T11:00:56","date_gmt":"2025-07-21T10:00:56","guid":{"rendered":"https:\/\/discover.ulysse.com\/?p=32449"},"modified":"2025-07-21T09:35:51","modified_gmt":"2025-07-21T08:35:51","slug":"nord-coreen-wonsan-kalma-ferme-etrangers","status":"publish","type":"post","link":"https:\/\/ulysse.com\/news\/nord-coreen-wonsan-kalma-ferme-etrangers","title":{"rendered":"Avis aux voyageurs : l&#8217;eldorado touristique nord-cor\u00e9en de Wonsan-Kalma ferm\u00e9 aux visiteurs \u00e9trangers"},"content":{"rendered":"<p><span style=\"font-weight: 400;\">La station baln\u00e9aire de <strong>Wonsan-Kalma<\/strong>, r\u00e9cemment ouverte sur la c\u00f4te Est de la <strong>Cor\u00e9e du Nord<\/strong>, repr\u00e9sente un projet ambitieux des autorit\u00e9s nord-cor\u00e9ennes. Destin\u00e9e \u00e0 attirer les touristes, cette station est d\u00e9j\u00e0 qualifi\u00e9e de &#8220;Waikiki nord-cor\u00e9en&#8221; par les m\u00e9dias voisins. Cependant, les autorit\u00e9s ont annonc\u00e9 une interdiction temporaire de l&#8217;acc\u00e8s aux touristes \u00e9trangers, soulevant des interrogations sur l&#8217;avenir de cette zone touristique.<\/span><\/p>\n<h2><b>Wonsan-Kalma : un projet touristique d&#8217;envergure<\/b><\/h2>\n<p><span style=\"font-weight: 400;\">Wonsan-Kalma, situ\u00e9e sur la c\u00f4te est de la Cor\u00e9e du Nord, est une immense zone touristique qui pourrait accueillir jusqu&#8217;\u00e0 <\/span><b>20 000 personnes<\/b><span style=\"font-weight: 400;\">, selon les estimations des autorit\u00e9s locales. D\u00e9butant par une ouverture au public nord-cor\u00e9en, la station a b\u00e9n\u00e9fici\u00e9 d&#8217;une forte couverture m\u00e9diatique dans le pays, avec des d\u00e9clarations du leader Kim Jong Un faisant de ce projet l&#8217;un des plus grands succ\u00e8s de l&#8217;ann\u00e9e. Cette <a href=\"https:\/\/discover.ulysse.com\/station-balneaire-cote-basque-espagnole-destination-famille\">station baln\u00e9aire <\/a>repr\u00e9sente bien plus qu&#8217;une simple initiative touristique : elle incarne les ambitions du r\u00e9gime \u00e0 promouvoir l&#8217;industrie touristique nationale.<\/span><\/p>\n<p><span style=\"font-weight: 400;\">Malgr\u00e9 ces ambitions affich\u00e9es, <\/span><b>l&#8217;administration nationale du tourisme<\/b><span style=\"font-weight: 400;\"> a annonc\u00e9, sans fournir plus de d\u00e9tails, que &#8220;les touristes \u00e9trangers ne sont temporairement pas accept\u00e9s&#8221;. Cette interdiction suscite des questions, surtout dans le contexte o\u00f9 les autorit\u00e9s nord-cor\u00e9ennes avaient promis un d\u00e9veloppement rapide de nouvelles zones touristiques \u00e0 grande \u00e9chelle. Alors que les Nord-Cor\u00e9ens peuvent d\u00e9j\u00e0 en profiter, les visiteurs \u00e9trangers devront patienter, probablement en raison de restrictions g\u00e9opolitiques ou logistiques.<\/span><\/p>\n<blockquote class=\"instagram-media\" style=\"background: #FFF; border: 0; border-radius: 3px; margin: 1px; max-width: 540px; min-width: 326px; padding: 0; width: calc(100% - 2px);\" data-instgrm-captioned=\"\" data-instgrm-permalink=\"https:\/\/www.instagram.com\/p\/DMLHOpitC0l\/?utm_source=ig_embed&amp;utm_campaign=loading\" data-instgrm-version=\"14\">\n<div style=\"padding: 16px;\">\n<p>&nbsp;<\/p>\n<div style=\"flex-direction: row; align-items: center;\">\n<div style=\"background-color: #f4f4f4; border-radius: 50%; flex-grow: 0; height: 40px; margin-right: 14px; width: 40px;\"><\/div>\n<div style=\"flex-direction: column; flex-grow: 1; justify-content: center;\">\n<div style=\"background-color: #f4f4f4; border-radius: 4px; flex-grow: 0; height: 14px; margin-bottom: 6px; width: 100px;\"><\/div>\n<div style=\"background-color: #f4f4f4; border-radius: 4px; flex-grow: 0; height: 14px; width: 60px;\"><\/div>\n<\/div>\n<\/div>\n<div style=\"padding: 19% 0;\"><\/div>\n<div style=\"height: 50px; margin: 0 auto 12px; width: 50px;\"><\/div>\n<div style=\"padding-top: 8px;\">\n<div style=\"color: #3897f0; font-family: Arial,sans-serif; font-size: 14px; font-style: normal; font-weight: 550; line-height: 18px;\">Voir cette publication sur Instagram<\/div>\n<\/div>\n<div style=\"padding: 12.5% 0;\"><\/div>\n<div style=\"flex-direction: row; margin-bottom: 14px; align-items: center;\">\n<div>\n<div style=\"background-color: #f4f4f4; border-radius: 50%; height: 12.5px; width: 12.5px;\"><\/div>\n<div style=\"background-color: #f4f4f4; height: 12.5px; width: 12.5px; flex-grow: 0; margin-right: 14px; margin-left: 2px;\"><\/div>\n<div style=\"background-color: #f4f4f4; border-radius: 50%; height: 12.5px; width: 12.5px;\"><\/div>\n<\/div>\n<div style=\"margin-left: 8px;\">\n<div style=\"background-color: #f4f4f4; border-radius: 50%; flex-grow: 0; height: 20px; width: 20px;\"><\/div>\n<div style=\"width: 0; height: 0; border-top: 2px solid transparent; border-left: 6px solid #f4f4f4; border-bottom: 2px solid transparent;\"><\/div>\n<\/div>\n<div style=\"margin-left: auto;\">\n<div style=\"width: 0px; border-top: 8px solid #F4F4F4; border-right: 8px solid transparent;\"><\/div>\n<div style=\"background-color: #f4f4f4; flex-grow: 0; height: 12px; width: 16px;\"><\/div>\n<div style=\"width: 0; height: 0; border-top: 8px solid #F4F4F4; border-left: 8px solid transparent;\"><\/div>\n<\/div>\n<\/div>\n<div style=\"flex-direction: column; flex-grow: 1; justify-content: center; margin-bottom: 24px;\">\n<div style=\"background-color: #f4f4f4; border-radius: 4px; flex-grow: 0; height: 14px; margin-bottom: 6px; width: 224px;\"><\/div>\n<div style=\"background-color: #f4f4f4; border-radius: 4px; flex-grow: 0; height: 14px; width: 144px;\"><\/div>\n<\/div>\n<p>&nbsp;<\/p>\n<p style=\"color: #c9c8cd; font-family: Arial,sans-serif; font-size: 14px; line-height: 17px; margin-bottom: 0; margin-top: 8px; overflow: hidden; padding: 8px 0 7px; text-align: center;\"><a style=\"color: #c9c8cd; font-family: Arial,sans-serif; font-size: 14px; font-style: normal; font-weight: normal; line-height: 17px; text-decoration: none;\" href=\"https:\/\/www.instagram.com\/p\/DMLHOpitC0l\/?utm_source=ig_embed&amp;utm_campaign=loading\" target=\"_blank\" rel=\"noopener\">Une publication partag\u00e9e par LIVE FOR CLASS (@liveforclass)<\/a><\/p>\n<\/div>\n<\/blockquote>\n<h2><b>Le r\u00f4le de la Russie dans la relance touristique<\/b><\/h2>\n<p><span style=\"font-weight: 400;\">Bien que l&#8217;acc\u00e8s aux \u00e9trangers soit restreint, <\/span><b>les groupes de touristes russes<\/b><span style=\"font-weight: 400;\"> devraient \u00eatre les premiers \u00e0 pouvoir visiter la station. Depuis 2024, la Cor\u00e9e du Nord a rouvert ses portes aux touristes russes apr\u00e8s des ann\u00e9es de fermeture li\u00e9es \u00e0 la pand\u00e9mie. Ces derniers seront d\u2019ailleurs parmi les premiers \u00e0 b\u00e9n\u00e9ficier des installations de Wonsan-Kalma, avec des <\/span><b>vols directs<\/b><span style=\"font-weight: 400;\"> d\u00e9sormais \u00e9tablis entre Moscou et Pyongyang, permettant un afflux de touristes en provenance de Russie. Kim Jong Un semble vouloir favoriser les relations bilat\u00e9rales avec la Russie, qui s\u2019est montr\u00e9e int\u00e9ress\u00e9e par ce projet touristique, saluant son potentiel \u00e0 attirer des visiteurs \u00e9trangers, notamment russes.<\/span><\/p>\n<p><span style=\"font-weight: 400;\">Lors d\u2019une visite r\u00e9cente de Sergue\u00ef Lavrov, ministre russe des Affaires \u00e9trang\u00e8res, \u00e0 Wonsan, ce dernier a \u00e9voqu\u00e9 la station comme une &#8220;bonne attraction touristique&#8221;, soulignant que les touristes russes pourraient bient\u00f4t y trouver une nouvelle destination de choix, rapporte <a href=\"https:\/\/www.geo.fr\/voyage\/la-coree-du-nord-interdit-l-acces-a-sa-nouvelle-station-balneaire-pour-les-touristes-etrangers-227689\" target=\"_blank\" rel=\"noopener\">Geo<\/a>. Un autre signe de l&#8217;importance de la Russie pour le d\u00e9veloppement touristique nord-cor\u00e9en est la mise en place de <\/span><b>vols r\u00e9guliers deux fois par semaine<\/b><span style=\"font-weight: 400;\"> entre les deux capitales. Cette dynamique pourrait renforcer le tourisme international, mais elle ne garantit pas un acc\u00e8s global, en particulier pour les voyageurs occidentaux.<\/span><\/p>\n<h2><b>Les d\u00e9fis pour le tourisme international en Cor\u00e9e du Nord<\/b><\/h2>\n<p><span style=\"font-weight: 400;\">Malgr\u00e9 ces ouvertures cibl\u00e9es, <\/span><b>l&#8217;infrastructure touristique de la Cor\u00e9e du Nord<\/b><span style=\"font-weight: 400;\"> reste limit\u00e9e. Les autorit\u00e9s sud-cor\u00e9ennes estiment que le tourisme international vers Wonsan-Kalma sera &#8220;probablement de faible ampleur&#8221;, en raison de la capacit\u00e9 restreinte des vols internationaux et des exigences strictes en mati\u00e8re de visas. Bien que le projet de station baln\u00e9aire semble attirer l&#8217;int\u00e9r\u00eat des autorit\u00e9s locales et russes, sa port\u00e9e \u00e0 l&#8217;\u00e9chelle mondiale demeure incertaine. Les <a href=\"https:\/\/discover.ulysse.com\/lieu-preserve-france-un-des-preferes-etrangers\">visiteurs \u00e9trangers<\/a>, en particulier les Occidentaux, doivent se conformer \u00e0 un cadre tr\u00e8s contr\u00f4l\u00e9, ce qui limite l\u2019attractivit\u00e9 du lieu en dehors de certaines zones sp\u00e9cifiques.<\/span><\/p>\n<p><span style=\"font-weight: 400;\">La Cor\u00e9e du Nord fait face \u00e0 plusieurs d\u00e9fis g\u00e9opolitiques dans son d\u00e9sir de promouvoir son tourisme. En plus des restrictions logistiques, la situation politique mondiale complexe emp\u00eache une ouverture totale, d&#8217;autant plus que le pays reste diplomatiquement isol\u00e9. En effet, le soutien affich\u00e9 par Kim Jong Un \u00e0 la Russie, notamment sur la guerre en Ukraine, pourrait compliquer l&#8217;engouement international pour ce type de destination, particuli\u00e8rement parmi les voyageurs d&#8217;origines occidentales.<\/span><\/p>\n","protected":false},"excerpt":{"rendered":"<p>La station baln\u00e9aire de Wonsan-Kalma, r\u00e9cemment ouverte sur la c\u00f4te Est de la Cor\u00e9e du Nord, repr\u00e9sente un projet ambitieux [&hellip;]<\/p>\n","protected":false},"author":3,"featured_media":32450,"comment_status":"open","ping_status":"closed","sticky":false,"template":"","format":"standard","meta":{"_acf_changed":false,"_sitemap_exclude":false,"_sitemap_priority":"","_sitemap_frequency":"","footnotes":"","rank_math_title":"","rank_math_description":"La Cor\u00e9e du Nord ferme l'acc\u00e8s de sa nouvelle station baln\u00e9aire aux touristes \u00e9trangers, tout en privil\u00e9giant les visiteurs russes.\n","rank_math_canonical_url":"","rank_math_focus_keyword":"cor\u00e9e"},"categories":[3],"tags":[],"class_list":["post-32449","post","type-post","status-publish","format-standard","has-post-thumbnail","hentry","category-voyage"],"acf":[],"_links":{"self":[{"href":"https:\/\/ulysse.com\/news\/wp-json\/wp\/v2\/posts\/32449","targetHints":{"allow":["GET"]}}],"collection":[{"href":"https:\/\/ulysse.com\/news\/wp-json\/wp\/v2\/posts"}],"about":[{"href":"https:\/\/ulysse.com\/news\/wp-json\/wp\/v2\/types\/post"}],"author":[{"embeddable":true,"href":"https:\/\/ulysse.com\/news\/wp-json\/wp\/v2\/users\/3"}],"replies":[{"embeddable":true,"href":"https:\/\/ulysse.com\/news\/wp-json\/wp\/v2\/comments?post=32449"}],"version-history":[{"count":3,"href":"https:\/\/ulysse.com\/news\/wp-json\/wp\/v2\/posts\/32449\/revisions"}],"predecessor-version":[{"id":32481,"href":"https:\/\/ulysse.com\/news\/wp-json\/wp\/v2\/posts\/32449\/revisions\/32481"}],"wp:featuredmedia":[{"embeddable":true,"href":"https:\/\/ulysse.com\/news\/wp-json\/wp\/v2\/media\/32450"}],"wp:attachment":[{"href":"https:\/\/ulysse.com\/news\/wp-json\/wp\/v2\/media?parent=32449"}],"wp:term":[{"taxonomy":"category","embeddable":true,"href":"https:\/\/ulysse.com\/news\/wp-json\/wp\/v2\/categories?post=32449"},{"taxonomy":"post_tag","embeddable":true,"href":"https:\/\/ulysse.com\/news\/wp-json\/wp\/v2\/tags?post=32449"}],"curies":[{"name":"wp","href":"https:\/\/api.w.org\/{rel}","templated":true}]}}