{"id":32462,"date":"2025-07-21T08:57:21","date_gmt":"2025-07-21T07:57:21","guid":{"rendered":"https:\/\/discover.ulysse.com\/?p=32462"},"modified":"2025-07-21T08:57:21","modified_gmt":"2025-07-21T07:57:21","slug":"alerte-canicule-grece-touristes-vague-chaleur","status":"publish","type":"post","link":"https:\/\/ulysse.com\/news\/alerte-canicule-grece-touristes-vague-chaleur","title":{"rendered":"Alerte canicule en Gr\u00e8ce : le pays appelle les touristes \u00e0 la prudence, une vague de chaleur intense s&#8217;annonce toute la semaine"},"content":{"rendered":"<p><span style=\"font-weight: 400;\">Envie de ciel bleu, de tzatziki bien frais et de farniente sur une \u00eele des Cyclades ? On comprend ! Mais si vous d\u00e9collez pour la Gr\u00e8ce cette semaine, il va falloir ajouter un petit accessoire \u00e0 votre valise : la <\/span>vigilance<span style=\"font-weight: 400;\">. Le pays entre dans <\/span><b>une nouvelle vague de canicule<\/b><span style=\"font-weight: 400;\">, annonc\u00e9e comme l\u2019une des plus fortes de l\u2019\u00e9t\u00e9. Entre <\/span>piscines, parasols et pauses \u00e0 l\u2019ombre<span style=\"font-weight: 400;\">, les touristes sont invit\u00e9s \u00e0 <\/span><b>adapter leur programme<\/b><span style=\"font-weight: 400;\">. Car sous le soleil grec, il va faire <\/span><i><span style=\"font-weight: 400;\">tr\u00e8s<\/span><\/i><span style=\"font-weight: 400;\"> chaud\u2026 et <\/span><i><span style=\"font-weight: 400;\">tr\u00e8s<\/span><\/i><span style=\"font-weight: 400;\"> longtemps.<\/span><\/p>\n<h2><b>Des temp\u00e9ratures qui flambent, jusqu\u2019\u00e0 43 \u00b0C attendus<\/b><\/h2>\n<p><span style=\"font-weight: 400;\">Pr\u00e9parez les chapeaux et les \u00e9ventails : <\/span><b>la Gr\u00e8ce s\u2019appr\u00eate \u00e0 vivre une semaine de chaleur intense<\/b><span style=\"font-weight: 400;\">, selon les pr\u00e9visions publi\u00e9es ce dimanche par le service m\u00e9t\u00e9orologique national (<a href=\"https:\/\/emy.gr\/en\" target=\"_blank\" rel=\"noopener\">EMY<\/a>). <\/span>D\u00e8s ce lundi<span style=\"font-weight: 400;\">, les temp\u00e9ratures vont grimper en fl\u00e8che avec <\/span><b>41 \u00b0C attendus dans le centre du pays<\/b><span style=\"font-weight: 400;\"> et <\/span><b>38 \u00b0C \u00e0 Ath\u00e8nes et Thessalonique<\/b><span style=\"font-weight: 400;\">. Le point culminant est pr\u00e9vu <\/span>mardi<span style=\"font-weight: 400;\">, avec <\/span><b>jusqu\u2019\u00e0 43 \u00b0C<\/b><span style=\"font-weight: 400;\"> dans certaines r\u00e9gions.<\/span><\/p>\n<p><span style=\"font-weight: 400;\">Et ce n\u2019est pas un simple coup de chaud passager : la vague devrait <\/span>se prolonger jusqu\u2019\u00e0 samedi, soit six jours de soleil br\u00fblant non-stop. Pour les vacanciers, il faudra donc repenser un peu l\u2019itin\u00e9raire. Car oui, l\u2019Acropole\u00a0n\u2019ouvrira pas toute la journ\u00e9e, comme cela avait d\u00e9j\u00e0 \u00e9t\u00e9 le cas lors des pr\u00e9c\u00e9dentes canicules en juin et d\u00e9but juillet. Et si vous comptiez grimper au sommet \u00e0 midi avec vos sandales et votre bouteille d\u2019eau ti\u00e8de, mieux vaut viser les premi\u00e8res heures du matin ou la fin de journ\u00e9e.<\/p>\n<p>L\u2019air est sec, le soleil tape fort, et m\u00eame les soir\u00e9es ne sont plus si fra\u00eeches. Les temp\u00e9ratures ne redescendent pas vraiment la nuit, ce qui peut compliquer le sommeil. Si vous s\u00e9journez \u00e0 l\u2019h\u00f4tel ou en location, assurez-vous que la clim fonctionne bien<span style=\"font-weight: 400;\">, ou que vous avez au moins un bon ventilateur sous la main.<\/span><\/p>\n<h2><b>Un appel \u00e0 la prudence pour tous, m\u00eame en vacances<\/b><\/h2>\n<p><span style=\"font-weight: 400;\">Face \u00e0 cette situation, <\/span>les autorit\u00e9s grecques ne plaisantent pas. Elles appellent les touristes \u00e0 la prudence, sans c\u00e9der \u00e0 la panique. L\u2019id\u00e9e, c\u2019est de profiter de ses vacances en toute s\u00e9curit\u00e9. Rester bien hydrat\u00e9, \u00e9viter les expositions prolong\u00e9es, privil\u00e9gier les visites t\u00f4t le matin, et faire des pauses r\u00e9guli\u00e8res \u00e0 l\u2019ombre ou dans des lieux climatis\u00e9s. Certaines villes, comme<a href=\"https:\/\/discover.ulysse.com\/lmeilleurs-rooftops-vue-panoramique-athenes\"> Ath\u00e8nes<\/a> ou H\u00e9raklion, ont d\u2019ailleurs ouvert des salles rafra\u00eechies accessibles au public, parfaites pour souffler un peu pendant les heures chaudes.<\/p>\n<p><span style=\"font-weight: 400;\">Les messages de pr\u00e9vention sont diffus\u00e9s en plusieurs langues, y compris en <\/span>fran\u00e7ais, via les ambassades et les panneaux d&#8217;information dans les zones touristiques. En cas de doute, pensez \u00e0 consulter les canaux officiels, ou demandez conseil sur place : les Grecs sont habitu\u00e9s \u00e0 g\u00e9rer ce type de situation et savent aiguiller les voyageurs.<\/p>\n<p>Autre point d\u2019attention : les incendies<span style=\"font-weight: 400;\">. En p\u00e9riode de canicule, les feux de for\u00eat peuvent se d\u00e9clarer rapidement, surtout dans les zones rurales ou les \u00eeles expos\u00e9es au vent. Il est donc recommand\u00e9 d\u2019\u00e9viter certaines excursions en pleine nature, de <\/span><b>ne pas allumer de barbecue en ext\u00e9rieur<\/b><span style=\"font-weight: 400;\">, et de <\/span><b>suivre les consignes locales<\/b><span style=\"font-weight: 400;\"> en cas d\u2019alerte.<\/span><\/p>\n<p><span style=\"font-weight: 400;\">Malgr\u00e9 ces ajustements, <a href=\"https:\/\/discover.ulysse.com\/au-dela-des-cyclades-grece-cache-ile-secrete\">la Gr\u00e8ce<\/a><\/span>\u00a0reste une destination magnifique, m\u00eame sous 40 \u00b0C. Il suffit de lever un peu le pied, d\u2019opter pour des balades en bord de mer ou des visites de mus\u00e9es climatis\u00e9s, et surtout, de prendre soin de soi<span style=\"font-weight: 400;\">. Et apr\u00e8s tout, c\u2019est aussi \u00e7a, les vacances : ralentir, siroter un caf\u00e9 frapp\u00e9 \u00e0 l\u2019ombre d\u2019un olivier, et admirer les couchers de soleil sans transpirer de trop.<\/span><\/p>\n","protected":false},"excerpt":{"rendered":"<p>Envie de ciel bleu, de tzatziki bien frais et de farniente sur une \u00eele des Cyclades ? On comprend ! [&hellip;]<\/p>\n","protected":false},"author":3,"featured_media":32463,"comment_status":"open","ping_status":"closed","sticky":false,"template":"","format":"standard","meta":{"_acf_changed":false,"_sitemap_exclude":false,"_sitemap_priority":"","_sitemap_frequency":"","footnotes":"","rank_math_title":"","rank_math_description":"Sous une chaleur torride, la Gr\u00e8ce invite les touristes \u00e0 conjuguer vacances et pr\u00e9caution, pour profiter sans y laisser des plumes.\n","rank_math_canonical_url":"","rank_math_focus_keyword":"Grece,canicule"},"categories":[3],"tags":[],"class_list":["post-32462","post","type-post","status-publish","format-standard","has-post-thumbnail","hentry","category-voyage"],"acf":[],"_links":{"self":[{"href":"https:\/\/ulysse.com\/news\/wp-json\/wp\/v2\/posts\/32462","targetHints":{"allow":["GET"]}}],"collection":[{"href":"https:\/\/ulysse.com\/news\/wp-json\/wp\/v2\/posts"}],"about":[{"href":"https:\/\/ulysse.com\/news\/wp-json\/wp\/v2\/types\/post"}],"author":[{"embeddable":true,"href":"https:\/\/ulysse.com\/news\/wp-json\/wp\/v2\/users\/3"}],"replies":[{"embeddable":true,"href":"https:\/\/ulysse.com\/news\/wp-json\/wp\/v2\/comments?post=32462"}],"version-history":[{"count":2,"href":"https:\/\/ulysse.com\/news\/wp-json\/wp\/v2\/posts\/32462\/revisions"}],"predecessor-version":[{"id":32478,"href":"https:\/\/ulysse.com\/news\/wp-json\/wp\/v2\/posts\/32462\/revisions\/32478"}],"wp:featuredmedia":[{"embeddable":true,"href":"https:\/\/ulysse.com\/news\/wp-json\/wp\/v2\/media\/32463"}],"wp:attachment":[{"href":"https:\/\/ulysse.com\/news\/wp-json\/wp\/v2\/media?parent=32462"}],"wp:term":[{"taxonomy":"category","embeddable":true,"href":"https:\/\/ulysse.com\/news\/wp-json\/wp\/v2\/categories?post=32462"},{"taxonomy":"post_tag","embeddable":true,"href":"https:\/\/ulysse.com\/news\/wp-json\/wp\/v2\/tags?post=32462"}],"curies":[{"name":"wp","href":"https:\/\/api.w.org\/{rel}","templated":true}]}}