{"id":32475,"date":"2025-07-22T09:00:53","date_gmt":"2025-07-22T08:00:53","guid":{"rendered":"https:\/\/discover.ulysse.com\/?p=32475"},"modified":"2025-07-21T22:38:02","modified_gmt":"2025-07-21T21:38:02","slug":"corse-sauvage-calanques-piana-oeuvre-mineral","status":"publish","type":"post","link":"https:\/\/ulysse.com\/news\/corse-sauvage-calanques-piana-oeuvre-mineral","title":{"rendered":"Corse sauvage : explorez les calanques de Piana, un chef-d\u2019\u0153uvre min\u00e9ral \u00e0 couper le souffle"},"content":{"rendered":"<p><span style=\"font-weight: 400;\">Il y a des endroits qui font vibrer d\u00e8s qu\u2019on les aper\u00e7oit. Qui vous accrochent le regard et ne le l\u00e2chent plus. En <\/span><b>Corse<\/b><span style=\"font-weight: 400;\">, l\u2019un de ces joyaux se niche entre mer et montagne, quelque part sur la c\u00f4te ouest, entre <\/span><b>Porto<\/b><span style=\"font-weight: 400;\"> et <\/span><b>Carg\u00e8se<\/b><span style=\"font-weight: 400;\">. Un d\u00e9cor si spectaculaire qu\u2019on pourrait croire \u00e0 un d\u00e9cor de film fantasy&#8230; ou \u00e0 un r\u00eave min\u00e9ral sous st\u00e9ro\u00efdes. On parle ici des <\/span><b>calanques de Piana<\/b><span style=\"font-weight: 400;\">, class\u00e9es au <\/span><b>patrimoine mondial de l\u2019UNESCO<\/b><span style=\"font-weight: 400;\">, sculpt\u00e9es par le temps, le vent et les \u00e9l\u00e9ments. Un concentr\u00e9 de beaut\u00e9 brute qui donne envie de poser ses valises, de d\u00e9connecter et d\u2019en prendre plein les mirettes.<\/span><\/p>\n<h2><b>Ces falaises qui d\u00e9fient la gravit\u00e9 (et la logique)<\/b><\/h2>\n<p><span style=\"font-weight: 400;\">Les calanques de Piana, c\u2019est un peu comme si un g\u00e9ant avait pris plaisir \u00e0 fa\u00e7onner la roche \u00e0 la main. Des <\/span><b>aiguilles de granit rouge<\/b><span style=\"font-weight: 400;\"> qui plongent dans la M\u00e9diterran\u00e9e, des formations rocheuses aux formes improbables (certains y voient un c\u0153ur, une t\u00eate de chien ou un couple qui s\u2019embrasse), et surtout une lumi\u00e8re dor\u00e9e qui embrase le tout \u00e0 l\u2019aube comme au cr\u00e9puscule.<\/span><\/p>\n<p><span style=\"font-weight: 400;\">Le meilleur moment pour s\u2019y balader ? En fin de journ\u00e9e, quand le soleil rase les reliefs et fait flamboyer les falaises. Il suffit d\u2019un pas hors de la voiture pour sentir ce m\u00e9lange d\u2019air salin, de maquis parfum\u00e9 et de pierre chauff\u00e9e au soleil. C\u2019est un peu comme tomber amoureux d\u2019un paysage. Sauf que l\u00e0, le coup de foudre est garanti.<\/span><\/p>\n<p><span style=\"font-weight: 400;\">Les <\/span>randonn\u00e9es<span style=\"font-weight: 400;\"> dans le coin ne manquent pas : celle du ch\u00e2teau fort ou du Capo Rosso offre des vues hallucinantes sur le<a href=\"https:\/\/discover.ulysse.com\/plus-beaux-villages-montagneux-corse\"> golfe de Porto<\/a>. \u00c0 chaque virage, on croit avoir atteint le summum\u2026 et pourtant, le suivant en remet une couche. Les calanques, c\u2019est aussi le royaume des photographes en herbe : chaque rocher semble vouloir poser pour Instagram.<\/span><\/p>\n<p><span style=\"font-weight: 400;\">C\u00f4t\u00e9 mer, le spectacle est tout aussi hypnotisant. Depuis <\/span>Porto<span style=\"font-weight: 400;\">, on peut embarquer sur une <\/span>balade en bateau<span style=\"font-weight: 400;\"> qui longe les falaises, s\u2019enfile dans les grottes marines et vous colle un sourire de gosse pour la journ\u00e9e. Mention sp\u00e9ciale si vous croisez les dauphins (et oui, c\u2019est possible !).<\/span><\/p>\n<blockquote class=\"instagram-media\" style=\"background: #FFF; border: 0; border-radius: 3px; margin: 1px; max-width: 540px; min-width: 326px; padding: 0; width: calc(100% - 2px);\" data-instgrm-captioned=\"\" data-instgrm-permalink=\"https:\/\/www.instagram.com\/p\/DHGMp0koOen\/?utm_source=ig_embed&amp;utm_campaign=loading\" data-instgrm-version=\"14\">\n<div style=\"padding: 16px;\">\n<p>&nbsp;<\/p>\n<div style=\"flex-direction: row; align-items: center;\">\n<div style=\"background-color: #f4f4f4; border-radius: 50%; flex-grow: 0; height: 40px; margin-right: 14px; width: 40px;\"><\/div>\n<div style=\"flex-direction: column; flex-grow: 1; justify-content: center;\">\n<div style=\"background-color: #f4f4f4; border-radius: 4px; flex-grow: 0; height: 14px; margin-bottom: 6px; width: 100px;\"><\/div>\n<div style=\"background-color: #f4f4f4; border-radius: 4px; flex-grow: 0; height: 14px; width: 60px;\"><\/div>\n<\/div>\n<\/div>\n<div style=\"padding: 19% 0;\"><\/div>\n<div style=\"height: 50px; margin: 0 auto 12px; width: 50px;\"><\/div>\n<div style=\"padding-top: 8px;\">\n<div style=\"color: #3897f0; font-family: Arial,sans-serif; font-size: 14px; font-style: normal; font-weight: 550; line-height: 18px;\">Voir cette publication sur Instagram<\/div>\n<\/div>\n<div style=\"padding: 12.5% 0;\"><\/div>\n<div style=\"flex-direction: row; margin-bottom: 14px; align-items: center;\">\n<div>\n<div style=\"background-color: #f4f4f4; border-radius: 50%; height: 12.5px; width: 12.5px;\"><\/div>\n<div style=\"background-color: #f4f4f4; height: 12.5px; width: 12.5px; flex-grow: 0; margin-right: 14px; margin-left: 2px;\"><\/div>\n<div style=\"background-color: #f4f4f4; border-radius: 50%; height: 12.5px; width: 12.5px;\"><\/div>\n<\/div>\n<div style=\"margin-left: 8px;\">\n<div style=\"background-color: #f4f4f4; border-radius: 50%; flex-grow: 0; height: 20px; width: 20px;\"><\/div>\n<div style=\"width: 0; height: 0; border-top: 2px solid transparent; border-left: 6px solid #f4f4f4; border-bottom: 2px solid transparent;\"><\/div>\n<\/div>\n<div style=\"margin-left: auto;\">\n<div style=\"width: 0px; border-top: 8px solid #F4F4F4; border-right: 8px solid transparent;\"><\/div>\n<div style=\"background-color: #f4f4f4; flex-grow: 0; height: 12px; width: 16px;\"><\/div>\n<div style=\"width: 0; height: 0; border-top: 8px solid #F4F4F4; border-left: 8px solid transparent;\"><\/div>\n<\/div>\n<\/div>\n<div style=\"flex-direction: column; flex-grow: 1; justify-content: center; margin-bottom: 24px;\">\n<div style=\"background-color: #f4f4f4; border-radius: 4px; flex-grow: 0; height: 14px; margin-bottom: 6px; width: 224px;\"><\/div>\n<div style=\"background-color: #f4f4f4; border-radius: 4px; flex-grow: 0; height: 14px; width: 144px;\"><\/div>\n<\/div>\n<p>&nbsp;<\/p>\n<p style=\"color: #c9c8cd; font-family: Arial,sans-serif; font-size: 14px; line-height: 17px; margin-bottom: 0; margin-top: 8px; overflow: hidden; padding: 8px 0 7px; text-align: center;\"><a style=\"color: #c9c8cd; font-family: Arial,sans-serif; font-size: 14px; font-style: normal; font-weight: normal; line-height: 17px; text-decoration: none;\" href=\"https:\/\/www.instagram.com\/p\/DHGMp0koOen\/?utm_source=ig_embed&amp;utm_campaign=loading\" target=\"_blank\" rel=\"noopener\">Une publication partag\u00e9e par Quentin Buscaylet \ud83c\udf0b (@qb.pixels)<\/a><\/p>\n<\/div>\n<\/blockquote>\n<h2><b>Y aller sans gal\u00e9rer (et m\u00eame en profiter en chemin)<\/b><\/h2>\n<p><span style=\"font-weight: 400;\">Partir \u00e0 la d\u00e9couverte des calanques de Piana, c\u2019est d\u00e9j\u00e0 une aventure en soi. Depuis <\/span>Paris, Lyon ou Strasbourg, le plus simple est de prendre un train jusqu\u2019\u00e0 Marseille<span style=\"font-weight: 400;\">, Toulon ou Nice (selon les envies), puis un ferry pour <\/span><a href=\"https:\/\/discover.ulysse.com\/ajaccio-coeur-vibrant-corse\">Ajaccio<\/a><span style=\"font-weight: 400;\">. Le tarif pour le train varie entre <\/span><b>40 et 90 euros<\/b><span style=\"font-weight: 400;\"> selon l\u2019anticipation, et le ferry oscille entre <\/span><b>30 et 70 euros<\/b><span style=\"font-weight: 400;\"> en cabine ou en pont libre.<\/span><\/p>\n<p><span style=\"font-weight: 400;\">Une fois \u00e0 Ajaccio, la route vers Piana est une attraction \u00e0 elle seule. On longe les c\u00f4tes corses, on traverse les montagnes, on zigzague entre les virages et on s\u2019arr\u00eate tous les 500 m\u00e8tres pour prendre des photos. Environ <\/span>2h30 de route, et on y est. Pour celles et ceux qui pr\u00e9f\u00e8rent le combo \u00e9colo, un bus local dessert Porto depuis Ajaccio, mais attention : il faut aimer les trajets roots et prendre son temps. Le confort est sommaire, mais le cadre est dingue.<\/p>\n<p>Sinon, la location de voiture reste le must pour explorer \u00e0 son rythme. Car entre deux sessions dans les calanques, il serait dommage de ne pas faire un crochet par Carg\u00e8se, petit bijou entre ciel et mer, ou d\u2019aller piquer une t\u00eate dans les criques d\u00e9sertes autour de Porto.<\/p>\n<blockquote class=\"instagram-media\" style=\"background: #FFF; border: 0; border-radius: 3px; margin: 1px; max-width: 540px; min-width: 326px; padding: 0; width: calc(100% - 2px);\" data-instgrm-captioned=\"\" data-instgrm-permalink=\"https:\/\/www.instagram.com\/p\/DLxmWY9scqw\/?utm_source=ig_embed&amp;utm_campaign=loading\" data-instgrm-version=\"14\">\n<div style=\"padding: 16px;\">\n<p>&nbsp;<\/p>\n<div style=\"flex-direction: row; align-items: center;\">\n<div style=\"background-color: #f4f4f4; border-radius: 50%; flex-grow: 0; height: 40px; margin-right: 14px; width: 40px;\"><\/div>\n<div style=\"flex-direction: column; flex-grow: 1; justify-content: center;\">\n<div style=\"background-color: #f4f4f4; border-radius: 4px; flex-grow: 0; height: 14px; margin-bottom: 6px; width: 100px;\"><\/div>\n<div style=\"background-color: #f4f4f4; border-radius: 4px; flex-grow: 0; height: 14px; width: 60px;\"><\/div>\n<\/div>\n<\/div>\n<div style=\"padding: 19% 0;\"><\/div>\n<div style=\"height: 50px; margin: 0 auto 12px; width: 50px;\"><\/div>\n<div style=\"padding-top: 8px;\">\n<div style=\"color: #3897f0; font-family: Arial,sans-serif; font-size: 14px; font-style: normal; font-weight: 550; line-height: 18px;\">Voir cette publication sur Instagram<\/div>\n<\/div>\n<div style=\"padding: 12.5% 0;\"><\/div>\n<div style=\"flex-direction: row; margin-bottom: 14px; align-items: center;\">\n<div>\n<div style=\"background-color: #f4f4f4; border-radius: 50%; height: 12.5px; width: 12.5px;\"><\/div>\n<div style=\"background-color: #f4f4f4; height: 12.5px; width: 12.5px; flex-grow: 0; margin-right: 14px; margin-left: 2px;\"><\/div>\n<div style=\"background-color: #f4f4f4; border-radius: 50%; height: 12.5px; width: 12.5px;\"><\/div>\n<\/div>\n<div style=\"margin-left: 8px;\">\n<div style=\"background-color: #f4f4f4; border-radius: 50%; flex-grow: 0; height: 20px; width: 20px;\"><\/div>\n<div style=\"width: 0; height: 0; border-top: 2px solid transparent; border-left: 6px solid #f4f4f4; border-bottom: 2px solid transparent;\"><\/div>\n<\/div>\n<div style=\"margin-left: auto;\">\n<div style=\"width: 0px; border-top: 8px solid #F4F4F4; border-right: 8px solid transparent;\"><\/div>\n<div style=\"background-color: #f4f4f4; flex-grow: 0; height: 12px; width: 16px;\"><\/div>\n<div style=\"width: 0; height: 0; border-top: 8px solid #F4F4F4; border-left: 8px solid transparent;\"><\/div>\n<\/div>\n<\/div>\n<div style=\"flex-direction: column; flex-grow: 1; justify-content: center; margin-bottom: 24px;\">\n<div style=\"background-color: #f4f4f4; border-radius: 4px; flex-grow: 0; height: 14px; margin-bottom: 6px; width: 224px;\"><\/div>\n<div style=\"background-color: #f4f4f4; border-radius: 4px; flex-grow: 0; height: 14px; width: 144px;\"><\/div>\n<\/div>\n<p>&nbsp;<\/p>\n<p style=\"color: #c9c8cd; font-family: Arial,sans-serif; font-size: 14px; line-height: 17px; margin-bottom: 0; margin-top: 8px; overflow: hidden; padding: 8px 0 7px; text-align: center;\"><a style=\"color: #c9c8cd; font-family: Arial,sans-serif; font-size: 14px; font-style: normal; font-weight: normal; line-height: 17px; text-decoration: none;\" href=\"https:\/\/www.instagram.com\/p\/DLxmWY9scqw\/?utm_source=ig_embed&amp;utm_campaign=loading\" target=\"_blank\" rel=\"noopener\">Une publication partag\u00e9e par Nadege (@nadege_ly)<\/a><\/p>\n<\/div>\n<\/blockquote>\n<h2><b>Dormir, manger, explorer : le combo gagnant<\/b><\/h2>\n<p><span style=\"font-weight: 400;\">Sur place, l\u2019ambiance est d\u00e9contract\u00e9e mais soign\u00e9e. \u00c0 <\/span>Piana, petit village perch\u00e9, on trouve des chambres d\u2019h\u00f4tes adorables, des h\u00f4tels avec vue sur mer et m\u00eame quelques campings discrets pour les adeptes de la vie au grand air. Les prix restent raisonnables pour la Corse, surtout si l\u2019on \u00e9vite juillet-ao\u00fbt. Une nuit \u00e0 deux dans une maison d\u2019h\u00f4tes charmante tourne autour des 80 \u00e0 120 euros, petit d\u00e9jeuner souvent compris. Et pour ceux qui aiment la spontan\u00e9it\u00e9, quelques adresses accueillent m\u00eame les voyageurs de derni\u00e8re minute.<\/p>\n<p>C\u00f4t\u00e9 papilles, c\u2019est un feu d\u2019artifice. Entre les beignets de courgettes, les charcuteries locales, les fromages cors\u00e9s et les poissons fra\u00eechement p\u00each\u00e9s<span style=\"font-weight: 400;\">, les assiettes sentent bon le soleil et la g\u00e9n\u00e9rosit\u00e9. \u00c0 Porto, les restos install\u00e9s face \u00e0 la mer offrent des couchers de soleil qui font passer l\u2019addition toute seule. Et \u00e0 Piana, les petites terrasses de village ajoutent ce petit suppl\u00e9ment d\u2019\u00e2me qui fait la diff\u00e9rence.<\/span><\/p>\n<p><span style=\"font-weight: 400;\">Et pour les activit\u00e9s ? <\/span><b>Rando<\/b><span style=\"font-weight: 400;\">, <\/span><b>kayak<\/b><span style=\"font-weight: 400;\">, <\/span><b>snorkeling<\/b><span style=\"font-weight: 400;\">, <\/span><b>balade en mer<\/b><span style=\"font-weight: 400;\">, ou tout simplement <\/span>ne rien faire et regarder les rochers changer de couleur<span style=\"font-weight: 400;\">, il y a mille fa\u00e7ons d\u2019explorer les calanques \u00e0 son rythme. Chaque recoin semble avoir \u00e9t\u00e9 taill\u00e9 pour l\u2019\u00e9vasion.<\/span><\/p>\n<blockquote class=\"instagram-media\" style=\"background: #FFF; border: 0; border-radius: 3px; margin: 1px; max-width: 540px; min-width: 326px; padding: 0; width: calc(100% - 2px);\" data-instgrm-captioned=\"\" data-instgrm-permalink=\"https:\/\/www.instagram.com\/p\/DIT-OXLh-Fw\/?utm_source=ig_embed&amp;utm_campaign=loading\" data-instgrm-version=\"14\">\n<div style=\"padding: 16px;\">\n<p>&nbsp;<\/p>\n<div style=\"flex-direction: row; align-items: center;\">\n<div style=\"background-color: #f4f4f4; border-radius: 50%; flex-grow: 0; height: 40px; margin-right: 14px; width: 40px;\"><\/div>\n<div style=\"flex-direction: column; flex-grow: 1; justify-content: center;\">\n<div style=\"background-color: #f4f4f4; border-radius: 4px; flex-grow: 0; height: 14px; margin-bottom: 6px; width: 100px;\"><\/div>\n<div style=\"background-color: #f4f4f4; border-radius: 4px; flex-grow: 0; height: 14px; width: 60px;\"><\/div>\n<\/div>\n<\/div>\n<div style=\"padding: 19% 0;\"><\/div>\n<div style=\"height: 50px; margin: 0 auto 12px; width: 50px;\"><\/div>\n<div style=\"padding-top: 8px;\">\n<div style=\"color: #3897f0; font-family: Arial,sans-serif; font-size: 14px; font-style: normal; font-weight: 550; line-height: 18px;\">Voir cette publication sur Instagram<\/div>\n<\/div>\n<div style=\"padding: 12.5% 0;\"><\/div>\n<div style=\"flex-direction: row; margin-bottom: 14px; align-items: center;\">\n<div>\n<div style=\"background-color: #f4f4f4; border-radius: 50%; height: 12.5px; width: 12.5px;\"><\/div>\n<div style=\"background-color: #f4f4f4; height: 12.5px; width: 12.5px; flex-grow: 0; margin-right: 14px; margin-left: 2px;\"><\/div>\n<div style=\"background-color: #f4f4f4; border-radius: 50%; height: 12.5px; width: 12.5px;\"><\/div>\n<\/div>\n<div style=\"margin-left: 8px;\">\n<div style=\"background-color: #f4f4f4; border-radius: 50%; flex-grow: 0; height: 20px; width: 20px;\"><\/div>\n<div style=\"width: 0; height: 0; border-top: 2px solid transparent; border-left: 6px solid #f4f4f4; border-bottom: 2px solid transparent;\"><\/div>\n<\/div>\n<div style=\"margin-left: auto;\">\n<div style=\"width: 0px; border-top: 8px solid #F4F4F4; border-right: 8px solid transparent;\"><\/div>\n<div style=\"background-color: #f4f4f4; flex-grow: 0; height: 12px; width: 16px;\"><\/div>\n<div style=\"width: 0; height: 0; border-top: 8px solid #F4F4F4; border-left: 8px solid transparent;\"><\/div>\n<\/div>\n<\/div>\n<div style=\"flex-direction: column; flex-grow: 1; justify-content: center; margin-bottom: 24px;\">\n<div style=\"background-color: #f4f4f4; border-radius: 4px; flex-grow: 0; height: 14px; margin-bottom: 6px; width: 224px;\"><\/div>\n<div style=\"background-color: #f4f4f4; border-radius: 4px; flex-grow: 0; height: 14px; width: 144px;\"><\/div>\n<\/div>\n<p>&nbsp;<\/p>\n<p style=\"color: #c9c8cd; font-family: Arial,sans-serif; font-size: 14px; line-height: 17px; margin-bottom: 0; margin-top: 8px; overflow: hidden; padding: 8px 0 7px; text-align: center;\"><a style=\"color: #c9c8cd; font-family: Arial,sans-serif; font-size: 14px; font-style: normal; font-weight: normal; line-height: 17px; text-decoration: none;\" href=\"https:\/\/www.instagram.com\/p\/DIT-OXLh-Fw\/?utm_source=ig_embed&amp;utm_campaign=loading\" target=\"_blank\" rel=\"noopener\">Une publication partag\u00e9e par U Filanciu Carg\u00e8se (@ufilanciu)<\/a><\/p>\n<\/div>\n<\/blockquote>\n<h2><b>Un morceau de Corse qui vous colle \u00e0 la peau<\/b><\/h2>\n<p><span style=\"font-weight: 400;\">Les calanques de Piana, c\u2019est plus qu\u2019un d\u00e9cor de r\u00eave. C\u2019est un <\/span>appel \u00e0 la lenteur, \u00e0 l\u2019\u00e9merveillement, \u00e0 l\u2019art de prendre son temps. Dans ce coin de Corse sauvage, on respire mieux, on marche plus lentement, on sourit sans s\u2019en rendre compte. Ce n\u2019est pas qu\u2019un spot \u00e0 cocher sur une liste de vacances, c\u2019est une exp\u00e9rience \u00e0 vivre, \u00e0 ressentir, \u00e0 raconter.<\/p>\n<blockquote class=\"instagram-media\" style=\"background: #FFF; border: 0; border-radius: 3px; margin: 1px; max-width: 540px; min-width: 326px; padding: 0; width: calc(100% - 2px);\" data-instgrm-captioned=\"\" data-instgrm-permalink=\"https:\/\/www.instagram.com\/p\/DDPW_HONHLf\/?utm_source=ig_embed&amp;utm_campaign=loading\" data-instgrm-version=\"14\">\n<div style=\"padding: 16px;\">\n<p>&nbsp;<\/p>\n<div style=\"flex-direction: row; align-items: center;\">\n<div style=\"background-color: #f4f4f4; border-radius: 50%; flex-grow: 0; height: 40px; margin-right: 14px; width: 40px;\"><\/div>\n<div style=\"flex-direction: column; flex-grow: 1; justify-content: center;\">\n<div style=\"background-color: #f4f4f4; border-radius: 4px; flex-grow: 0; height: 14px; margin-bottom: 6px; width: 100px;\"><\/div>\n<div style=\"background-color: #f4f4f4; border-radius: 4px; flex-grow: 0; height: 14px; width: 60px;\"><\/div>\n<\/div>\n<\/div>\n<div style=\"padding: 19% 0;\"><\/div>\n<div style=\"height: 50px; margin: 0 auto 12px; width: 50px;\"><\/div>\n<div style=\"padding-top: 8px;\">\n<div style=\"color: #3897f0; font-family: Arial,sans-serif; font-size: 14px; font-style: normal; font-weight: 550; line-height: 18px;\">Voir cette publication sur Instagram<\/div>\n<\/div>\n<div style=\"padding: 12.5% 0;\"><\/div>\n<div style=\"flex-direction: row; margin-bottom: 14px; align-items: center;\">\n<div>\n<div style=\"background-color: #f4f4f4; border-radius: 50%; height: 12.5px; width: 12.5px;\"><\/div>\n<div style=\"background-color: #f4f4f4; height: 12.5px; width: 12.5px; flex-grow: 0; margin-right: 14px; margin-left: 2px;\"><\/div>\n<div style=\"background-color: #f4f4f4; border-radius: 50%; height: 12.5px; width: 12.5px;\"><\/div>\n<\/div>\n<div style=\"margin-left: 8px;\">\n<div style=\"background-color: #f4f4f4; border-radius: 50%; flex-grow: 0; height: 20px; width: 20px;\"><\/div>\n<div style=\"width: 0; height: 0; border-top: 2px solid transparent; border-left: 6px solid #f4f4f4; border-bottom: 2px solid transparent;\"><\/div>\n<\/div>\n<div style=\"margin-left: auto;\">\n<div style=\"width: 0px; border-top: 8px solid #F4F4F4; border-right: 8px solid transparent;\"><\/div>\n<div style=\"background-color: #f4f4f4; flex-grow: 0; height: 12px; width: 16px;\"><\/div>\n<div style=\"width: 0; height: 0; border-top: 8px solid #F4F4F4; border-left: 8px solid transparent;\"><\/div>\n<\/div>\n<\/div>\n<div style=\"flex-direction: column; flex-grow: 1; justify-content: center; margin-bottom: 24px;\">\n<div style=\"background-color: #f4f4f4; border-radius: 4px; flex-grow: 0; height: 14px; margin-bottom: 6px; width: 224px;\"><\/div>\n<div style=\"background-color: #f4f4f4; border-radius: 4px; flex-grow: 0; height: 14px; width: 144px;\"><\/div>\n<\/div>\n<p>&nbsp;<\/p>\n<p style=\"color: #c9c8cd; font-family: Arial,sans-serif; font-size: 14px; line-height: 17px; margin-bottom: 0; margin-top: 8px; overflow: hidden; padding: 8px 0 7px; text-align: center;\"><a style=\"color: #c9c8cd; font-family: Arial,sans-serif; font-size: 14px; font-style: normal; font-weight: normal; line-height: 17px; text-decoration: none;\" href=\"https:\/\/www.instagram.com\/p\/DDPW_HONHLf\/?utm_source=ig_embed&amp;utm_campaign=loading\" target=\"_blank\" rel=\"noopener\">Une publication partag\u00e9e par Adriano Crudo (@photo_adry)<\/a><\/p>\n<\/div>\n<\/blockquote>\n<p><span style=\"font-weight: 400;\">Et puis, il y a ce moment o\u00f9 l\u2019on quitte les lieux, le regard un peu dans le vague, le c\u0153ur accroch\u00e9 \u00e0 une falaise rougeoyante, comme si on laissait un petit bout de soi derri\u00e8re. <\/span>Un paysage sculpt\u00e9 dans la pierre, dans la lumi\u00e8re et dans la m\u00e9moire. \u00c0 d\u00e9couvrir sans mod\u00e9ration. <span style=\"font-weight: 400;\">Des falaises en feu, une mer d\u2019azur et un village perch\u00e9\u2026 mais on ne vous a pas encore tout dit.<\/span><\/p>\n","protected":false},"excerpt":{"rendered":"<p>Il y a des endroits qui font vibrer d\u00e8s qu\u2019on les aper\u00e7oit. Qui vous accrochent le regard et ne le [&hellip;]<\/p>\n","protected":false},"author":3,"featured_media":32476,"comment_status":"open","ping_status":"closed","sticky":false,"template":"","format":"standard","meta":{"_acf_changed":false,"_sitemap_exclude":false,"_sitemap_priority":"","_sitemap_frequency":"","footnotes":"","rank_math_title":"","rank_math_description":"Falaises rouges, mer turquoise, sentiers suspendus : les calanques de Piana vous r\u00e9servent un choc visuel inoubliable\u2026 et bien plus encore.\n","rank_math_canonical_url":"","rank_math_focus_keyword":"Calanque,Piana"},"categories":[3],"tags":[],"class_list":["post-32475","post","type-post","status-publish","format-standard","has-post-thumbnail","hentry","category-voyage"],"acf":[],"_links":{"self":[{"href":"https:\/\/ulysse.com\/news\/wp-json\/wp\/v2\/posts\/32475","targetHints":{"allow":["GET"]}}],"collection":[{"href":"https:\/\/ulysse.com\/news\/wp-json\/wp\/v2\/posts"}],"about":[{"href":"https:\/\/ulysse.com\/news\/wp-json\/wp\/v2\/types\/post"}],"author":[{"embeddable":true,"href":"https:\/\/ulysse.com\/news\/wp-json\/wp\/v2\/users\/3"}],"replies":[{"embeddable":true,"href":"https:\/\/ulysse.com\/news\/wp-json\/wp\/v2\/comments?post=32475"}],"version-history":[{"count":2,"href":"https:\/\/ulysse.com\/news\/wp-json\/wp\/v2\/posts\/32475\/revisions"}],"predecessor-version":[{"id":32526,"href":"https:\/\/ulysse.com\/news\/wp-json\/wp\/v2\/posts\/32475\/revisions\/32526"}],"wp:featuredmedia":[{"embeddable":true,"href":"https:\/\/ulysse.com\/news\/wp-json\/wp\/v2\/media\/32476"}],"wp:attachment":[{"href":"https:\/\/ulysse.com\/news\/wp-json\/wp\/v2\/media?parent=32475"}],"wp:term":[{"taxonomy":"category","embeddable":true,"href":"https:\/\/ulysse.com\/news\/wp-json\/wp\/v2\/categories?post=32475"},{"taxonomy":"post_tag","embeddable":true,"href":"https:\/\/ulysse.com\/news\/wp-json\/wp\/v2\/tags?post=32475"}],"curies":[{"name":"wp","href":"https:\/\/api.w.org\/{rel}","templated":true}]}}