{"id":32503,"date":"2025-07-23T17:00:32","date_gmt":"2025-07-23T16:00:32","guid":{"rendered":"https:\/\/discover.ulysse.com\/?p=32503"},"modified":"2025-07-23T10:36:38","modified_gmt":"2025-07-23T09:36:38","slug":"ce-village-du-jura-est-la-destination-parfaite-pour-un-week-end-devasion-loin-du-tourisme-de-masse","status":"publish","type":"post","link":"https:\/\/ulysse.com\/news\/ce-village-du-jura-est-la-destination-parfaite-pour-un-week-end-devasion-loin-du-tourisme-de-masse","title":{"rendered":"Ce village du Jura est la destination parfaite pour un week-end d\u2019\u00e9vasion loin du tourisme de masse"},"content":{"rendered":"<p data-start=\"105\" data-end=\"869\">Face \u00e0 l\u2019agitation des grandes destinations touristiques, certains voyageurs cherchent d\u00e9sormais \u00e0 s\u2019\u00e9vader dans des lieux plus calmes et plus authentiques. \u00c0 1 120 m\u00e8tres d\u2019altitude, Les Rousses, petit village du Jura, incarne \u00e0 merveille cette nouvelle tendance du tourisme durable et local. Loin des gratte-ciels et des complexes h\u00f4teliers imposants, Les Rousses est un havre de paix o\u00f9 nature et \u00e9cologie se rencontrent. Ce village offre l\u2019opportunit\u00e9 de respirer \u00e0 pleins poumons, de se reconnecter \u00e0 soi-m\u00eame et \u00e0 l\u2019environnement, sans l\u2019influence du tourisme de masse. Le village a m\u00eame obtenu le label Flocon Vert, une distinction rare qui r\u00e9compense les stations de montagne engag\u00e9es dans le respect de l\u2019environnement.<\/p>\n<h2 data-start=\"871\" data-end=\"940\">Un village \u00e0 l\u2019\u00e9chelle humaine, entre nature et \u00e9coresponsabilit\u00e9<\/h2>\n<p data-start=\"942\" data-end=\"1781\">Les Rousses ne ressemble \u00e0 aucun autre endroit. Ce village-station, nich\u00e9 au c\u0153ur des montagnes du Jura, se distingue par son respect de l\u2019environnement et sa volont\u00e9 d&#8217;offrir une exp\u00e9rience touristique plus respectueuse de son territoire. Ici, pas besoin de voiture. Les d\u00e9placements se font \u00e0 pied ou \u00e0 v\u00e9lo, permettant de profiter pleinement de paysages \u00e0 couper le souffle. La gestion de l\u2019eau, de l\u2019\u00e9nergie et des d\u00e9chets y est soigneusement optimis\u00e9e, garantissant ainsi un s\u00e9jour en harmonie avec la nature. C\u2019est un v\u00e9ritable retour aux sources, o\u00f9 l&#8217;on ralentit, se d\u00e9connecte et profite d&#8217;un cadre naturel magnifique. Entre les for\u00eats denses, les p\u00e2turages verdoyants et le lac paisible, Les Rousses vous permettent de vivre un week-end \u00e0 la fois reposant et ressour\u00e7ant, loin du tumulte des grandes destinations.<\/p>\n<blockquote class=\"tiktok-embed\" style=\"max-width: 605px; min-width: 325px;\" cite=\"https:\/\/www.tiktok.com\/@lejuradelea\/video\/7515428134603312406\" data-video-id=\"7515428134603312406\">\n<section><a title=\"@lejuradelea\" href=\"https:\/\/www.tiktok.com\/@lejuradelea?refer=embed\" target=\"_blank\" rel=\"noopener\">@lejuradelea<\/a> Ce week-end, la base nautique du lac des Rousses ouvre ses portes ! \ud83d\udea3\u200d\u2642\ufe0f Profitez d\u2019un cadre naturel exceptionnel au c\u0153ur du Haut-Jura, entre montagnes et tourbi\u00e8res, pour pratiquer cano\u00eb, kayak, paddle ou p\u00e9dal\u2019eau en famille ou entre amis. Location possible \u00e0 la demi-heure ou \u00e0 l\u2019heure, acc\u00e8s gratuit, aires de pique-nique, jeux et sentier nature \u00e0 d\u00e9couvrir. Plages surveill\u00e9es \u00e0 partir du 1er juillet. \ud83d\udcf8St\u00e9phane Godin \ud83d\udcf8Elizabeth Godin \ud83d\udcf8@stationdesrousses <a title=\"\u266c Summer-15s - SUDI\" href=\"https:\/\/www.tiktok.com\/music\/Summer-15s-6690449735637011202?refer=embed\" target=\"_blank\" rel=\"noopener\">\u266c Summer-15s &#8211; SUDI<\/a><\/section>\n<\/blockquote>\n<p><script async src=\"https:\/\/www.tiktok.com\/embed.js\"><\/script><\/p>\n<h2 data-start=\"1783\" data-end=\"1849\">\u00c0 faire aux Rousses : des activit\u00e9s en harmonie avec la nature<\/h2>\n<p data-start=\"1851\" data-end=\"2559\">\u00c0 Les Rousses, l\u2019id\u00e9e m\u00eame de vacances prend une toute autre dimension. Ici, pas de programme impos\u00e9, juste l&#8217;envie de profiter pleinement de la nature. Les randonn\u00e9es en for\u00eat sont un incontournable, avec des sentiers balis\u00e9s qui serpentent \u00e0 travers les pins et longent le<strong> lac des Rousses<\/strong>, parfait pour une baignade ou une session de paddle en toute tranquillit\u00e9. Les amateurs de v\u00e9lo trouveront leur bonheur sur les nombreux parcours adapt\u00e9s, que ce soit en VTT ou en <a href=\"https:\/\/discover.ulysse.com\/norvege-velo-paysages-epoustouflants\">mode cyclotourisme<\/a>. Pour une touche plus insolite, vous pouvez tester la trottinette tout-terrain ou vous laisser emporter par une balade en attelage, une exp\u00e9rience authentique et sans moteur.<\/p>\n<p data-start=\"2561\" data-end=\"3036\">Mais Les Rousses, c\u2019est aussi un peu de culture locale avec le fort des Rousses, un ancien b\u00e2timent militaire devenu l\u2019un des lieux embl\u00e9matiques de la r\u00e9gion. Ce fort abrite aujourd&#8217;hui des caves d\u2019affinage de fromages, notamment le c\u00e9l\u00e8bre comt\u00e9, une visite incontournable pour les gourmands et curieux. Si vous aimez les produits locaux, les petits march\u00e9s du village sont \u00e9galement l\u2019occasion de d\u00e9couvrir des tr\u00e9sors culinaires typiques de la r\u00e9gion.<\/p>\n<h2 data-start=\"3038\" data-end=\"3118\">Pourquoi Les Rousses est la destination \u00e0 choisir pour un week-end d\u2019\u00e9vasion<\/h2>\n<p data-start=\"3120\" data-end=\"3787\" data-is-last-node=\"\" data-is-only-node=\"\">Si vous cherchez \u00e0 fuir les foules et profiter d\u2019une nature pr\u00e9serv\u00e9e, Les Rousses est l\u2019endroit parfait pour un week-end d\u2019\u00e9vasion. Ce village, qui allie calme et \u00e9cologie, offre une exp\u00e9rience unique o\u00f9 le temps semble s\u2019arr\u00eater. Ici, tout est pens\u00e9 pour favoriser un tourisme responsable et respectueux de l\u2019environnement. En plus de son engagement \u00e9cologique, Les Rousses sont un v\u00e9ritable refuge pour ceux qui souhaitent renouer avec la nature, d\u00e9couvrir des paysages exceptionnels et savourer des moments de tranquillit\u00e9, loin de l\u2019agitation des grandes villes. Un week-end ici, c\u2019est un v\u00e9ritable bol d\u2019air frais, \u00e0 savourer pleinement.<\/p>\n","protected":false},"excerpt":{"rendered":"<p>Face \u00e0 l\u2019agitation des grandes destinations touristiques, certains voyageurs cherchent d\u00e9sormais \u00e0 s\u2019\u00e9vader dans des lieux plus calmes et plus [&hellip;]<\/p>\n","protected":false},"author":4,"featured_media":32584,"comment_status":"open","ping_status":"closed","sticky":false,"template":"","format":"standard","meta":{"_acf_changed":false,"_sitemap_exclude":false,"_sitemap_priority":"","_sitemap_frequency":"","footnotes":"","rank_math_title":"","rank_math_description":"","rank_math_canonical_url":"","rank_math_focus_keyword":"jura"},"categories":[3],"tags":[],"class_list":["post-32503","post","type-post","status-publish","format-standard","has-post-thumbnail","hentry","category-voyage"],"acf":[],"_links":{"self":[{"href":"https:\/\/ulysse.com\/news\/wp-json\/wp\/v2\/posts\/32503","targetHints":{"allow":["GET"]}}],"collection":[{"href":"https:\/\/ulysse.com\/news\/wp-json\/wp\/v2\/posts"}],"about":[{"href":"https:\/\/ulysse.com\/news\/wp-json\/wp\/v2\/types\/post"}],"author":[{"embeddable":true,"href":"https:\/\/ulysse.com\/news\/wp-json\/wp\/v2\/users\/4"}],"replies":[{"embeddable":true,"href":"https:\/\/ulysse.com\/news\/wp-json\/wp\/v2\/comments?post=32503"}],"version-history":[{"count":2,"href":"https:\/\/ulysse.com\/news\/wp-json\/wp\/v2\/posts\/32503\/revisions"}],"predecessor-version":[{"id":32585,"href":"https:\/\/ulysse.com\/news\/wp-json\/wp\/v2\/posts\/32503\/revisions\/32585"}],"wp:featuredmedia":[{"embeddable":true,"href":"https:\/\/ulysse.com\/news\/wp-json\/wp\/v2\/media\/32584"}],"wp:attachment":[{"href":"https:\/\/ulysse.com\/news\/wp-json\/wp\/v2\/media?parent=32503"}],"wp:term":[{"taxonomy":"category","embeddable":true,"href":"https:\/\/ulysse.com\/news\/wp-json\/wp\/v2\/categories?post=32503"},{"taxonomy":"post_tag","embeddable":true,"href":"https:\/\/ulysse.com\/news\/wp-json\/wp\/v2\/tags?post=32503"}],"curies":[{"name":"wp","href":"https:\/\/api.w.org\/{rel}","templated":true}]}}