{"id":32519,"date":"2025-07-22T16:00:29","date_gmt":"2025-07-22T15:00:29","guid":{"rendered":"https:\/\/discover.ulysse.com\/?p=32519"},"modified":"2025-07-22T11:10:38","modified_gmt":"2025-07-22T10:10:38","slug":"ce-coin-secret-despagne-coche-toutes-les-cases-pour-une-retraite-paisible-entre-nature-et-culture","status":"publish","type":"post","link":"https:\/\/ulysse.com\/news\/ce-coin-secret-despagne-coche-toutes-les-cases-pour-une-retraite-paisible-entre-nature-et-culture","title":{"rendered":"Ce coin secret d\u2019Espagne coche toutes les cases pour une retraite paisible entre nature et culture"},"content":{"rendered":"<p data-start=\"102\" data-end=\"735\">Au nord de l\u2019Espagne, loin des stations baln\u00e9aires surpeupl\u00e9es et des plages commerciales, une r\u00e9gion encore confidentielle attire un public discret mais fid\u00e8le. Bord\u00e9e par la mer et prot\u00e9g\u00e9e par les montagnes, elle allie douceur de vivre, gastronomie, paysages verdoyants et patrimoine pr\u00e9serv\u00e9. Ici, la nature n\u2019est pas une carte postale : elle est v\u00e9cue au quotidien. De petits villages paisibles, des chemins accessibles et une culture locale encore intacte en font un paradis pour celles et ceux qui cherchent \u00e0 ralentir. Ce lieu s\u00e9duit un nombre croissant de retrait\u00e9s europ\u00e9ens, venus y passer quelques semaines, voire plus.<\/p>\n<h2 data-start=\"737\" data-end=\"816\">Un refuge naturel pour les retrait\u00e9s en qu\u00eate de tranquillit\u00e9<\/h2>\n<p data-start=\"818\" data-end=\"1408\">Situ\u00e9es entre les montagnes des Picos de Europa et les plages de la mer Cantabrique, les Asturies offrent un d\u00e9cor exceptionnel o\u00f9 il fait bon prendre son temps. Cette r\u00e9gion espagnole, peu connue du grand public, s\u00e9duit de plus en plus de retrait\u00e9s fran\u00e7ais et europ\u00e9ens. Ici, pas de tourisme de masse ni d\u2019infrastructures envahissantes : la r\u00e9gion mise sur un tourisme doux, respectueux de son environnement naturel et de son patrimoine. Avec un climat temp\u00e9r\u00e9 toute l\u2019ann\u00e9e, les Asturies permettent de profiter de l\u2019ext\u00e9rieur m\u00eame au c\u0153ur de l\u2019\u00e9t\u00e9, sans canicule.<\/p>\n<p data-start=\"1410\" data-end=\"1854\">Le co\u00fbt de la vie y est mod\u00e9r\u00e9, avec un budget mensuel moyen autour de 1 300 \u00e0 1 500 euros pour une vie confortable, logement compris. Pour un s\u00e9jour d\u2019un mois, les <a href=\"https:\/\/discover.ulysse.com\/80-retraites-europeens-y-trouvent-leur-bonheur\">retrait\u00e9s<\/a> peuvent trouver des appartements entre 500 et 700 euros, et les repas dans les restaurants locaux tournent souvent autour de 10 \u00e0 15 euros. Les march\u00e9s de producteurs, tr\u00e8s pr\u00e9sents dans les villages, permettent de cuisiner local \u00e0 moindre co\u00fbt.<\/p>\n<p data-start=\"1856\" data-end=\"2123\">Les villages sont calmes, les paysages vari\u00e9s et les gens accueillants. En prime, les infrastructures m\u00e9dicales sont bonnes, en particulier \u00e0 Oviedo, Gij\u00f3n et Avil\u00e9s, ce qui rassure les voyageurs de plus de 60 ans qui souhaitent rester plusieurs semaines.<\/p>\n<h2 data-start=\"2125\" data-end=\"2199\">Oviedo et les villages alentours : entre patrimoine et douceur de vivre<\/h2>\n<p data-start=\"2201\" data-end=\"2709\">Capitale r\u00e9gionale, Oviedo est une ville \u00e0 taille humaine, parfaite pour les retrait\u00e9s qui aiment fl\u00e2ner dans les vieilles rues pi\u00e9tonnes, visiter une cath\u00e9drale gothique, ou passer l\u2019apr\u00e8s-midi \u00e0 une terrasse ombrag\u00e9e. Son centre historique est paisible et tr\u00e8s bien entretenu, avec de nombreux caf\u00e9s, march\u00e9s couverts et mus\u00e9es gratuits ou \u00e0 tarif r\u00e9duit pour les seniors. Les transports en commun sont efficaces, permettant de se d\u00e9placer sans voiture dans toute la r\u00e9gion.<\/p>\n<p data-start=\"2711\" data-end=\"3146\">Autour d\u2019Oviedo, plusieurs villages m\u00e9di\u00e9vaux comme Cudillero, Luarca ou encore Taramundi offrent des escapades parfaites \u00e0 la journ\u00e9e ou pour quelques jours. L\u00e0-bas, les g\u00eetes ruraux, appel\u00e9s casas rurales, sont particuli\u00e8rement appr\u00e9ci\u00e9s par les retrait\u00e9s pour leur authenticit\u00e9 et leurs prix abordables. Pour 60 \u00e0 80 euros la nuit, ils offrent confort, calme et une immersion totale dans le rythme local.<\/p>\n<p data-start=\"3148\" data-end=\"3472\">Les services de sant\u00e9 dans ces zones sont \u00e9galement r\u00e9put\u00e9s pour leur qualit\u00e9, m\u00eame dans les communes les plus recul\u00e9es. Enfin, l\u2019accueil chaleureux des habitants et la facilit\u00e9 de vie (peu de trafic, s\u00e9curit\u00e9 \u00e9lev\u00e9e, rythme lent) contribuent \u00e0 faire des Asturies un choix de plus en plus populaire pour les seniors.<\/p>\n<h2 data-start=\"3474\" data-end=\"3523\">Une gastronomie locale g\u00e9n\u00e9reuse et accessible<\/h2>\n<p data-start=\"3525\" data-end=\"4052\">Les Asturies sont aussi une destination de plaisirs simples. Pour les retrait\u00e9s, cela signifie une gastronomie g\u00e9n\u00e9reuse, locale et peu co\u00fbteuse. Ici, on d\u00e9guste de la fabada asturiana (cassoulet local), du fromage Cabrales, du poisson fra\u00eechement p\u00each\u00e9, et l\u2019incontournable cidre local, servi selon un rituel traditionnel dans les sidrer\u00edas. Ces \u00e9tablissements familiaux, typiques de la r\u00e9gion, proposent des menus complets pour 12 \u00e0 15 euros, dans une ambiance chaleureuse et interg\u00e9n\u00e9rationnelle.<\/p>\n<p data-start=\"4054\" data-end=\"4333\">Pour les retrait\u00e9s amateurs de march\u00e9s, chaque village a son jour de foire. On y trouve des fruits et l\u00e9gumes de saison, du pain artisanal, des charcuteries locales&#8230; Une alimentation saine, simple, abordable, qui participe \u00e0 la sensation de bien-\u00eatre que procure la r\u00e9gion.<\/p>\n<p data-start=\"4335\" data-end=\"4641\">En plus des plaisirs de la table, les nombreuses f\u00eates locales, comme la Semana Grande de Gij\u00f3n ou les festivals de cidre, offrent des moments festifs sans exc\u00e8s, souvent gratuits ou \u00e0 prix symbolique. Parfait pour ceux qui souhaitent s\u2019int\u00e9grer \u00e0 la vie locale, tout en respectant leur rythme.<\/p>\n<blockquote class=\"tiktok-embed\" style=\"max-width: 605px; min-width: 325px;\" cite=\"https:\/\/www.tiktok.com\/@clrs.mrgt\/video\/7488769661132164374\" data-video-id=\"7488769661132164374\">\n<section><a title=\"@clrs.mrgt\" href=\"https:\/\/www.tiktok.com\/@clrs.mrgt?refer=embed\" target=\"_blank\" rel=\"noopener\">@clrs.mrgt<\/a> Une semaine dans les Asturies ressemble donc \u00e0 \u00e7a \u2728\ufe0f\u2728\ufe0f <a title=\"asturias\" href=\"https:\/\/www.tiktok.com\/tag\/asturias?refer=embed\" target=\"_blank\" rel=\"noopener\">#asturias<\/a> <a title=\"roadtrip\" href=\"https:\/\/www.tiktok.com\/tag\/roadtrip?refer=embed\" target=\"_blank\" rel=\"noopener\">#roadtrip<\/a> <a title=\"picosdeeuropa\" href=\"https:\/\/www.tiktok.com\/tag\/picosdeeuropa?refer=embed\" target=\"_blank\" rel=\"noopener\">#picosdeeuropa<\/a> <a title=\"mountain\" href=\"https:\/\/www.tiktok.com\/tag\/mountain?refer=embed\" target=\"_blank\" rel=\"noopener\">#mountain<\/a> <a title=\"\u266c Old Man - Neil Young\" href=\"https:\/\/www.tiktok.com\/music\/Old-Man-6705080101127587841?refer=embed\" target=\"_blank\" rel=\"noopener\">\u266c Old Man &#8211; Neil Young<\/a><\/section>\n<\/blockquote>\n<p><script async src=\"https:\/\/www.tiktok.com\/embed.js\"><\/script><\/p>\n<h2 data-start=\"4643\" data-end=\"4703\">Les Asturies, entre escapade courte et retraite prolong\u00e9e<\/h2>\n<p data-start=\"4705\" data-end=\"5073\">Que ce soit pour quelques semaines de repos, un s\u00e9jour longue dur\u00e9e, ou m\u00eame un projet de retraite \u00e0 l\u2019\u00e9tranger, les Asturies r\u00e9pondent \u00e0 toutes les attentes. La r\u00e9gion est bien desservie depuis la France via les a\u00e9roports de Oviedo ou Santander, et des liaisons routi\u00e8res et ferroviaires fiables permettent d\u2019explorer l\u2019ensemble du territoire.<\/p>\n<p data-start=\"5075\" data-end=\"5412\">La possibilit\u00e9 de vivre confortablement avec un budget r\u00e9duit, l\u2019ambiance s\u00e9curisante, la nature omnipr\u00e9sente, la richesse culturelle sans pr\u00e9tention et la qualit\u00e9 de vie au quotidien font des Asturies un refuge discret mais parfaitement adapt\u00e9 \u00e0 celles et ceux qui veulent vivre une retraite active mais apais\u00e9e.<\/p>\n<p data-start=\"5414\" data-end=\"5607\" data-is-last-node=\"\" data-is-only-node=\"\">Discr\u00e8te, accueillante, pleine de charme sans chercher \u00e0 s\u00e9duire de mani\u00e8re tapageuse, cette r\u00e9gion espagnole a tous les atouts pour devenir la destination pr\u00e9f\u00e9r\u00e9e des retrait\u00e9s voyageurs.<\/p>\n","protected":false},"excerpt":{"rendered":"<p>Au nord de l\u2019Espagne, loin des stations baln\u00e9aires surpeupl\u00e9es et des plages commerciales, une r\u00e9gion encore confidentielle attire un public [&hellip;]<\/p>\n","protected":false},"author":4,"featured_media":32535,"comment_status":"open","ping_status":"closed","sticky":false,"template":"","format":"standard","meta":{"_acf_changed":false,"_sitemap_exclude":false,"_sitemap_priority":"","_sitemap_frequency":"","footnotes":"","rank_math_title":"","rank_math_description":"","rank_math_canonical_url":"","rank_math_focus_keyword":"espagne"},"categories":[3],"tags":[],"class_list":["post-32519","post","type-post","status-publish","format-standard","has-post-thumbnail","hentry","category-voyage"],"acf":[],"_links":{"self":[{"href":"https:\/\/ulysse.com\/news\/wp-json\/wp\/v2\/posts\/32519","targetHints":{"allow":["GET"]}}],"collection":[{"href":"https:\/\/ulysse.com\/news\/wp-json\/wp\/v2\/posts"}],"about":[{"href":"https:\/\/ulysse.com\/news\/wp-json\/wp\/v2\/types\/post"}],"author":[{"embeddable":true,"href":"https:\/\/ulysse.com\/news\/wp-json\/wp\/v2\/users\/4"}],"replies":[{"embeddable":true,"href":"https:\/\/ulysse.com\/news\/wp-json\/wp\/v2\/comments?post=32519"}],"version-history":[{"count":2,"href":"https:\/\/ulysse.com\/news\/wp-json\/wp\/v2\/posts\/32519\/revisions"}],"predecessor-version":[{"id":32536,"href":"https:\/\/ulysse.com\/news\/wp-json\/wp\/v2\/posts\/32519\/revisions\/32536"}],"wp:featuredmedia":[{"embeddable":true,"href":"https:\/\/ulysse.com\/news\/wp-json\/wp\/v2\/media\/32535"}],"wp:attachment":[{"href":"https:\/\/ulysse.com\/news\/wp-json\/wp\/v2\/media?parent=32519"}],"wp:term":[{"taxonomy":"category","embeddable":true,"href":"https:\/\/ulysse.com\/news\/wp-json\/wp\/v2\/categories?post=32519"},{"taxonomy":"post_tag","embeddable":true,"href":"https:\/\/ulysse.com\/news\/wp-json\/wp\/v2\/tags?post=32519"}],"curies":[{"name":"wp","href":"https:\/\/api.w.org\/{rel}","templated":true}]}}