{"id":32548,"date":"2025-07-23T07:00:44","date_gmt":"2025-07-23T06:00:44","guid":{"rendered":"https:\/\/discover.ulysse.com\/?p=32548"},"modified":"2025-07-22T17:29:58","modified_gmt":"2025-07-22T16:29:58","slug":"cap-vers-les-sommets-des-picos-de-europa-elu-meilleur-parc-deurope","status":"publish","type":"post","link":"https:\/\/ulysse.com\/news\/cap-vers-les-sommets-des-picos-de-europa-elu-meilleur-parc-deurope","title":{"rendered":"Cap vers les sommets des Picos de Europa, \u00e9lu meilleur parc d\u2019Europe"},"content":{"rendered":"<p><span style=\"font-weight: 400;\">Accrochez vos sacs \u00e0 dos, l\u2019aventure commence dans l&#8217;un des plus beaux <strong>parcs naturels d&#8217;Europe<\/strong>. Bienvenue aux <\/span><b>Picos de Europa<\/b><span style=\"font-weight: 400;\">, le paradis cach\u00e9 du nord de l\u2019Espagne, r\u00e9cemment couronn\u00e9 meilleur parc d\u2019Europe. Un lieu o\u00f9 les montagnes pointent vers le ciel avec une majest\u00e9 inou\u00efe, o\u00f9 les vall\u00e9es verdoyantes sont sculpt\u00e9es par des rivi\u00e8res cristallines et o\u00f9 chaque virage de paysage semble plus \u00e9poustouflant que le pr\u00e9c\u00e9dent. Ce parc, v\u00e9ritable joyau des Asturies, vous promet une immersion totale dans la nature, loin du tumulte quotidien. Laissez-vous transporter dans un monde de hauteurs vertigineuses et de panoramas \u00e0 couper le souffle !<\/span><\/p>\n<h2><b>Les Picos de Europa : des montagnes qui vous appellent<\/b><\/h2>\n<p><span style=\"font-weight: 400;\">Les <\/span><b>Picos de Europa<\/b><span style=\"font-weight: 400;\"> ne sont pas simplement des montagnes, ce sont des sculptures g\u00e9antes fa\u00e7onn\u00e9es par la nature. Ces montagnes imposantes, o\u00f9 le vert des vall\u00e9es se heurte \u00e0 la blancheur des cimes enneig\u00e9es, font partie des paysages les plus impressionnants de <a href=\"https:\/\/discover.ulysse.com\/cet-ete-lespagne-durcit-les-conditions-pour-les-visiteurs-etes-vous-concernes\">l\u2019Espagne<\/a>. Et m\u00eame si les sommets peuvent para\u00eetre inaccessibles, les Picos offrent des sentiers de randonn\u00e9e adapt\u00e9s \u00e0 tous les niveaux. Que vous soyez un randonneur aguerri ou simplement un amoureux de la nature, vous trouverez forc\u00e9ment un itin\u00e9raire \u00e0 votre mesure.<\/span><\/p>\n<p><span style=\"font-weight: 400;\">La <\/span><b>Cueva del Soplao<\/b><span style=\"font-weight: 400;\">, une des grottes les plus spectaculaires d\u2019Europe, m\u00e9rite \u00e9galement le d\u00e9tour. Ses formations g\u00e9ologiques \u00e9tonnantes font d\u2019elle un site incontournable pour les amateurs de sp\u00e9l\u00e9ologie. Et pour les plus audacieux, une ascension jusqu\u2019au sommet du <\/span><b>Torres de Llambri\u00f3n<\/b><span style=\"font-weight: 400;\"> (2 650 m\u00e8tres), l\u2019un des plus hauts points du parc, r\u00e9compensera l\u2019effort par des vues \u00e0 couper le souffle sur toute la r\u00e9gion. Les <\/span><b>lacs de Covadonga<\/b><span style=\"font-weight: 400;\">, au pied de ces montagnes, offrent une touche de s\u00e9r\u00e9nit\u00e9 dans ce cadre imposant, parfait pour une pause bien m\u00e9rit\u00e9e.<\/span><\/p>\n<blockquote class=\"instagram-media\" style=\"background: #FFF; border: 0; border-radius: 3px; margin: 1px; max-width: 540px; min-width: 326px; padding: 0; width: calc(100% - 2px);\" data-instgrm-captioned=\"\" data-instgrm-permalink=\"https:\/\/www.instagram.com\/p\/C0HlyDisEx3\/?utm_source=ig_embed&amp;utm_campaign=loading\" data-instgrm-version=\"14\">\n<div style=\"padding: 16px;\">\n<p>&nbsp;<\/p>\n<div style=\"flex-direction: row; align-items: center;\">\n<div style=\"background-color: #f4f4f4; border-radius: 50%; flex-grow: 0; height: 40px; margin-right: 14px; width: 40px;\"><\/div>\n<div style=\"flex-direction: column; flex-grow: 1; justify-content: center;\">\n<div style=\"background-color: #f4f4f4; border-radius: 4px; flex-grow: 0; height: 14px; margin-bottom: 6px; width: 100px;\"><\/div>\n<div style=\"background-color: #f4f4f4; border-radius: 4px; flex-grow: 0; height: 14px; width: 60px;\"><\/div>\n<\/div>\n<\/div>\n<div style=\"padding: 19% 0;\"><\/div>\n<div style=\"height: 50px; margin: 0 auto 12px; width: 50px;\"><\/div>\n<div style=\"padding-top: 8px;\">\n<div style=\"color: #3897f0; font-family: Arial,sans-serif; font-size: 14px; font-style: normal; font-weight: 550; line-height: 18px;\">Voir cette publication sur Instagram<\/div>\n<\/div>\n<div style=\"padding: 12.5% 0;\"><\/div>\n<div style=\"flex-direction: row; margin-bottom: 14px; align-items: center;\">\n<div>\n<div style=\"background-color: #f4f4f4; border-radius: 50%; height: 12.5px; width: 12.5px;\"><\/div>\n<div style=\"background-color: #f4f4f4; height: 12.5px; width: 12.5px; flex-grow: 0; margin-right: 14px; margin-left: 2px;\"><\/div>\n<div style=\"background-color: #f4f4f4; border-radius: 50%; height: 12.5px; width: 12.5px;\"><\/div>\n<\/div>\n<div style=\"margin-left: 8px;\">\n<div style=\"background-color: #f4f4f4; border-radius: 50%; flex-grow: 0; height: 20px; width: 20px;\"><\/div>\n<div style=\"width: 0; height: 0; border-top: 2px solid transparent; border-left: 6px solid #f4f4f4; border-bottom: 2px solid transparent;\"><\/div>\n<\/div>\n<div style=\"margin-left: auto;\">\n<div style=\"width: 0px; border-top: 8px solid #F4F4F4; border-right: 8px solid transparent;\"><\/div>\n<div style=\"background-color: #f4f4f4; flex-grow: 0; height: 12px; width: 16px;\"><\/div>\n<div style=\"width: 0; height: 0; border-top: 8px solid #F4F4F4; border-left: 8px solid transparent;\"><\/div>\n<\/div>\n<\/div>\n<div style=\"flex-direction: column; flex-grow: 1; justify-content: center; margin-bottom: 24px;\">\n<div style=\"background-color: #f4f4f4; border-radius: 4px; flex-grow: 0; height: 14px; margin-bottom: 6px; width: 224px;\"><\/div>\n<div style=\"background-color: #f4f4f4; border-radius: 4px; flex-grow: 0; height: 14px; width: 144px;\"><\/div>\n<\/div>\n<p>&nbsp;<\/p>\n<p style=\"color: #c9c8cd; font-family: Arial,sans-serif; font-size: 14px; line-height: 17px; margin-bottom: 0; margin-top: 8px; overflow: hidden; padding: 8px 0 7px; text-align: center;\"><a style=\"color: #c9c8cd; font-family: Arial,sans-serif; font-size: 14px; font-style: normal; font-weight: normal; line-height: 17px; text-decoration: none;\" href=\"https:\/\/www.instagram.com\/p\/C0HlyDisEx3\/?utm_source=ig_embed&amp;utm_campaign=loading\" target=\"_blank\" rel=\"noopener\">Une publication partag\u00e9e par Pablo Ruiz Garcia &#8211; viajerosfotografos.com (@pablo.ruizgarcia)<\/a><\/p>\n<\/div>\n<\/blockquote>\n<h2><b>Se rendre aux Picos de Europa : le voyage \u00e0 partir des grandes villes fran\u00e7aises<\/b><\/h2>\n<p><span style=\"font-weight: 400;\">Rien de plus simple pour rejoindre ce lieu magique depuis la France. Si vous partez de <\/span>Paris, prenez un TGV jusqu\u2019\u00e0 Bordeaux, puis un train \u00e0 destination de <a href=\"https:\/\/discover.ulysse.com\/exit-plages-bondees-despagne-100-fois-mieux\">Santander<\/a>, la grande ville c\u00f4ti\u00e8re espagnole, \u00e0 seulement quelques heures des Picos. Ce trajet en train, tout \u00e0 fait confortable, dure environ 6 heures jusqu\u2019\u00e0 Santander, d\u2019o\u00f9 il vous faudra encore une petite heure de voiture pour atteindre l\u2019entr\u00e9e du parc. Si vous \u00eates \u00e0 Lyon ou Strasbourg<span style=\"font-weight: 400;\">, optez pour un train rapide en direction de <\/span><b>Madrid<\/b><span style=\"font-weight: 400;\"> ou <\/span><b>Barcelone<\/b><span style=\"font-weight: 400;\">, puis un vol pour <\/span><b>Oviedo<\/b><span style=\"font-weight: 400;\"> ou <\/span><b>Santander<\/b><span style=\"font-weight: 400;\">, et enfin, une courte route vous conduira \u00e0 l\u2019entr\u00e9e du parc.<\/span><\/p>\n<p><span style=\"font-weight: 400;\">Pour les amateurs de routes pittoresques, louer une voiture \u00e0 <\/span><b>Oviedo<\/b><span style=\"font-weight: 400;\"> (la capitale des Asturies) vous permettra de plonger directement dans l\u2019atmosph\u00e8re des Picos. Et le trajet ? Un v\u00e9ritable festival de paysages, avec des montagnes qui semblent vous guider vers cette destination de r\u00eave.<\/span><\/p>\n<blockquote class=\"instagram-media\" style=\"background: #FFF; border: 0; border-radius: 3px; margin: 1px; max-width: 540px; min-width: 326px; padding: 0; width: calc(100% - 2px);\" data-instgrm-captioned=\"\" data-instgrm-permalink=\"https:\/\/www.instagram.com\/p\/B68R0UHivJk\/?utm_source=ig_embed&amp;utm_campaign=loading\" data-instgrm-version=\"14\">\n<div style=\"padding: 16px;\">\n<p>&nbsp;<\/p>\n<div style=\"flex-direction: row; align-items: center;\">\n<div style=\"background-color: #f4f4f4; border-radius: 50%; flex-grow: 0; height: 40px; margin-right: 14px; width: 40px;\"><\/div>\n<div style=\"flex-direction: column; flex-grow: 1; justify-content: center;\">\n<div style=\"background-color: #f4f4f4; border-radius: 4px; flex-grow: 0; height: 14px; margin-bottom: 6px; width: 100px;\"><\/div>\n<div style=\"background-color: #f4f4f4; border-radius: 4px; flex-grow: 0; height: 14px; width: 60px;\"><\/div>\n<\/div>\n<\/div>\n<div style=\"padding: 19% 0;\"><\/div>\n<div style=\"height: 50px; margin: 0 auto 12px; width: 50px;\"><\/div>\n<div style=\"padding-top: 8px;\">\n<div style=\"color: #3897f0; font-family: Arial,sans-serif; font-size: 14px; font-style: normal; font-weight: 550; line-height: 18px;\">Voir cette publication sur Instagram<\/div>\n<\/div>\n<div style=\"padding: 12.5% 0;\"><\/div>\n<div style=\"flex-direction: row; margin-bottom: 14px; align-items: center;\">\n<div>\n<div style=\"background-color: #f4f4f4; border-radius: 50%; height: 12.5px; width: 12.5px;\"><\/div>\n<div style=\"background-color: #f4f4f4; height: 12.5px; width: 12.5px; flex-grow: 0; margin-right: 14px; margin-left: 2px;\"><\/div>\n<div style=\"background-color: #f4f4f4; border-radius: 50%; height: 12.5px; width: 12.5px;\"><\/div>\n<\/div>\n<div style=\"margin-left: 8px;\">\n<div style=\"background-color: #f4f4f4; border-radius: 50%; flex-grow: 0; height: 20px; width: 20px;\"><\/div>\n<div style=\"width: 0; height: 0; border-top: 2px solid transparent; border-left: 6px solid #f4f4f4; border-bottom: 2px solid transparent;\"><\/div>\n<\/div>\n<div style=\"margin-left: auto;\">\n<div style=\"width: 0px; border-top: 8px solid #F4F4F4; border-right: 8px solid transparent;\"><\/div>\n<div style=\"background-color: #f4f4f4; flex-grow: 0; height: 12px; width: 16px;\"><\/div>\n<div style=\"width: 0; height: 0; border-top: 8px solid #F4F4F4; border-left: 8px solid transparent;\"><\/div>\n<\/div>\n<\/div>\n<div style=\"flex-direction: column; flex-grow: 1; justify-content: center; margin-bottom: 24px;\">\n<div style=\"background-color: #f4f4f4; border-radius: 4px; flex-grow: 0; height: 14px; margin-bottom: 6px; width: 224px;\"><\/div>\n<div style=\"background-color: #f4f4f4; border-radius: 4px; flex-grow: 0; height: 14px; width: 144px;\"><\/div>\n<\/div>\n<p>&nbsp;<\/p>\n<p style=\"color: #c9c8cd; font-family: Arial,sans-serif; font-size: 14px; line-height: 17px; margin-bottom: 0; margin-top: 8px; overflow: hidden; padding: 8px 0 7px; text-align: center;\"><a style=\"color: #c9c8cd; font-family: Arial,sans-serif; font-size: 14px; font-style: normal; font-weight: normal; line-height: 17px; text-decoration: none;\" href=\"https:\/\/www.instagram.com\/p\/B68R0UHivJk\/?utm_source=ig_embed&amp;utm_campaign=loading\" target=\"_blank\" rel=\"noopener\">Une publication partag\u00e9e par Picos de Europa (@picos_deuropa)<\/a><\/p>\n<\/div>\n<\/blockquote>\n<h2><b>Activit\u00e9s incontournables : entre randonn\u00e9e, aventure et gastronomie<\/b><\/h2>\n<p><span style=\"font-weight: 400;\">Les <\/span>Picos de Europa<span style=\"font-weight: 400;\"> ne se contentent pas de charmer vos yeux : ils vous offrent \u00e9galement une multitude d\u2019activit\u00e9s. Si vous \u00eates un passionn\u00e9 de randonn\u00e9e, les itin\u00e9raires du parc vous m\u00e8neront \u00e0 travers des paysages d&#8217;une beaut\u00e9 rare. Le <\/span><b>Cares Trail<\/b><span style=\"font-weight: 400;\">, l&#8217;un des plus c\u00e9l\u00e8bres, vous emm\u00e8ne le long des rives de la rivi\u00e8re Cares, entre falaises abruptes et vues imprenables. Et si vous \u00eates plut\u00f4t du genre \u00e0 chercher des sensations fortes, le <\/span><b>canyoning<\/b><span style=\"font-weight: 400;\"> dans les rivi\u00e8res des montagnes est une exp\u00e9rience unique qui vous permettra de d\u00e9fier les \u00e9l\u00e9ments tout en admirant la splendeur des canyons.<\/span><\/p>\n<p><span style=\"font-weight: 400;\">Les <\/span>Picos de Europa<span style=\"font-weight: 400;\"> sont \u00e9galement r\u00e9put\u00e9s pour leur gastronomie locale. La r\u00e9gion des Asturies, \u00e0 la fois sauvage et g\u00e9n\u00e9reuse, vous invite \u00e0 d\u00e9couvrir ses sp\u00e9cialit\u00e9s. Le <\/span><b>fabada asturiana<\/b><span style=\"font-weight: 400;\">, un rago\u00fbt de haricots blancs aux saveurs robustes, r\u00e9chauffera les randonneurs fatigu\u00e9s apr\u00e8s une longue journ\u00e9e d\u2019exploration. Ne manquez pas non plus le <\/span><b>cidero<\/b><span style=\"font-weight: 400;\">, la fameuse cidre de la r\u00e9gion, qui accompagne parfaitement chaque repas et donne un go\u00fbt authentique de la culture asturienne. Si vous \u00eates un amateur de fromage, go\u00fbtez au <\/span><b>queso de Cabrales<\/b><span style=\"font-weight: 400;\">, un fromage bleu affin\u00e9 dans les grottes des montagnes, qui ne manquera pas de ravir vos papilles.<\/span><\/p>\n<blockquote class=\"instagram-media\" style=\"background: #FFF; border: 0; border-radius: 3px; margin: 1px; max-width: 540px; min-width: 326px; padding: 0; width: calc(100% - 2px);\" data-instgrm-captioned=\"\" data-instgrm-permalink=\"https:\/\/www.instagram.com\/p\/B6JXJFmi99_\/?utm_source=ig_embed&amp;utm_campaign=loading\" data-instgrm-version=\"14\">\n<div style=\"padding: 16px;\">\n<p>&nbsp;<\/p>\n<div style=\"flex-direction: row; align-items: center;\">\n<div style=\"background-color: #f4f4f4; border-radius: 50%; flex-grow: 0; height: 40px; margin-right: 14px; width: 40px;\"><\/div>\n<div style=\"flex-direction: column; flex-grow: 1; justify-content: center;\">\n<div style=\"background-color: #f4f4f4; border-radius: 4px; flex-grow: 0; height: 14px; margin-bottom: 6px; width: 100px;\"><\/div>\n<div style=\"background-color: #f4f4f4; border-radius: 4px; flex-grow: 0; height: 14px; width: 60px;\"><\/div>\n<\/div>\n<\/div>\n<div style=\"padding: 19% 0;\"><\/div>\n<div style=\"height: 50px; margin: 0 auto 12px; width: 50px;\"><\/div>\n<div style=\"padding-top: 8px;\">\n<div style=\"color: #3897f0; font-family: Arial,sans-serif; font-size: 14px; font-style: normal; font-weight: 550; line-height: 18px;\">Voir cette publication sur Instagram<\/div>\n<\/div>\n<div style=\"padding: 12.5% 0;\"><\/div>\n<div style=\"flex-direction: row; margin-bottom: 14px; align-items: center;\">\n<div>\n<div style=\"background-color: #f4f4f4; border-radius: 50%; height: 12.5px; width: 12.5px;\"><\/div>\n<div style=\"background-color: #f4f4f4; height: 12.5px; width: 12.5px; flex-grow: 0; margin-right: 14px; margin-left: 2px;\"><\/div>\n<div style=\"background-color: #f4f4f4; border-radius: 50%; height: 12.5px; width: 12.5px;\"><\/div>\n<\/div>\n<div style=\"margin-left: 8px;\">\n<div style=\"background-color: #f4f4f4; border-radius: 50%; flex-grow: 0; height: 20px; width: 20px;\"><\/div>\n<div style=\"width: 0; height: 0; border-top: 2px solid transparent; border-left: 6px solid #f4f4f4; border-bottom: 2px solid transparent;\"><\/div>\n<\/div>\n<div style=\"margin-left: auto;\">\n<div style=\"width: 0px; border-top: 8px solid #F4F4F4; border-right: 8px solid transparent;\"><\/div>\n<div style=\"background-color: #f4f4f4; flex-grow: 0; height: 12px; width: 16px;\"><\/div>\n<div style=\"width: 0; height: 0; border-top: 8px solid #F4F4F4; border-left: 8px solid transparent;\"><\/div>\n<\/div>\n<\/div>\n<div style=\"flex-direction: column; flex-grow: 1; justify-content: center; margin-bottom: 24px;\">\n<div style=\"background-color: #f4f4f4; border-radius: 4px; flex-grow: 0; height: 14px; margin-bottom: 6px; width: 224px;\"><\/div>\n<div style=\"background-color: #f4f4f4; border-radius: 4px; flex-grow: 0; height: 14px; width: 144px;\"><\/div>\n<\/div>\n<p>&nbsp;<\/p>\n<p style=\"color: #c9c8cd; font-family: Arial,sans-serif; font-size: 14px; line-height: 17px; margin-bottom: 0; margin-top: 8px; overflow: hidden; padding: 8px 0 7px; text-align: center;\"><a style=\"color: #c9c8cd; font-family: Arial,sans-serif; font-size: 14px; font-style: normal; font-weight: normal; line-height: 17px; text-decoration: none;\" href=\"https:\/\/www.instagram.com\/p\/B6JXJFmi99_\/?utm_source=ig_embed&amp;utm_campaign=loading\" target=\"_blank\" rel=\"noopener\">Une publication partag\u00e9e par Picos de Europa (@picos_deuropa)<\/a><\/p>\n<\/div>\n<\/blockquote>\n<h2><b>Le co\u00fbt de la vie et les bonnes adresses<\/b><\/h2>\n<p><span style=\"font-weight: 400;\">C\u00f4t\u00e9 budget, les <\/span>Picos de Europa<span style=\"font-weight: 400;\"> offrent un excellent rapport qualit\u00e9\/prix pour les voyageurs fran\u00e7ais. Loin des destinations touristiques bond\u00e9es, cette r\u00e9gion permet de profiter de vacances en pleine nature sans se ruiner. Un repas dans un restaurant typique des Asturies vous co\u00fbtera entre 12 et 20 euros, et vous trouverez des h\u00e9bergements pour tous les budgets, des auberges de jeunesse aux h\u00f4tels de charme. Les <\/span><b>chambres d\u2019h\u00f4tes<\/b><span style=\"font-weight: 400;\"> traditionnelles, comme celles que l\u2019on trouve dans les villages voisins de <\/span><b>Cangas de On\u00eds<\/b><span style=\"font-weight: 400;\"> ou <\/span><b>Covadonga<\/b><span style=\"font-weight: 400;\">, vous offriront une exp\u00e9rience authentique \u00e0 partir de 50 euros la nuit.<\/span><\/p>\n<p><span style=\"font-weight: 400;\">En ce qui concerne les transports, la location d\u2019une voiture est recommand\u00e9e pour d\u00e9couvrir les coins recul\u00e9s du parc. Les prix des locations sont raisonnables, \u00e0 partir de 25 euros par jour, et vous permettent de vous aventurer \u00e0 votre rythme, \u00e0 travers des routes sinueuses et des paysages spectaculaires.<\/span><b><\/b><\/p>\n<blockquote class=\"instagram-media\" style=\"background: #FFF; border: 0; border-radius: 3px; margin: 1px; max-width: 540px; min-width: 326px; padding: 0; width: calc(100% - 2px);\" data-instgrm-captioned=\"\" data-instgrm-permalink=\"https:\/\/www.instagram.com\/p\/Bvjl5tOlGvT\/?utm_source=ig_embed&amp;utm_campaign=loading\" data-instgrm-version=\"14\">\n<div style=\"padding: 16px;\">\n<p>&nbsp;<\/p>\n<div style=\"flex-direction: row; align-items: center;\">\n<div style=\"background-color: #f4f4f4; border-radius: 50%; flex-grow: 0; height: 40px; margin-right: 14px; width: 40px;\"><\/div>\n<div style=\"flex-direction: column; flex-grow: 1; justify-content: center;\">\n<div style=\"background-color: #f4f4f4; border-radius: 4px; flex-grow: 0; height: 14px; margin-bottom: 6px; width: 100px;\"><\/div>\n<div style=\"background-color: #f4f4f4; border-radius: 4px; flex-grow: 0; height: 14px; width: 60px;\"><\/div>\n<\/div>\n<\/div>\n<div style=\"padding: 19% 0;\"><\/div>\n<div style=\"height: 50px; margin: 0 auto 12px; width: 50px;\"><\/div>\n<div style=\"padding-top: 8px;\">\n<div style=\"color: #3897f0; font-family: Arial,sans-serif; font-size: 14px; font-style: normal; font-weight: 550; line-height: 18px;\">Voir cette publication sur Instagram<\/div>\n<\/div>\n<div style=\"padding: 12.5% 0;\"><\/div>\n<div style=\"flex-direction: row; margin-bottom: 14px; align-items: center;\">\n<div>\n<div style=\"background-color: #f4f4f4; border-radius: 50%; height: 12.5px; width: 12.5px;\"><\/div>\n<div style=\"background-color: #f4f4f4; height: 12.5px; width: 12.5px; flex-grow: 0; margin-right: 14px; margin-left: 2px;\"><\/div>\n<div style=\"background-color: #f4f4f4; border-radius: 50%; height: 12.5px; width: 12.5px;\"><\/div>\n<\/div>\n<div style=\"margin-left: 8px;\">\n<div style=\"background-color: #f4f4f4; border-radius: 50%; flex-grow: 0; height: 20px; width: 20px;\"><\/div>\n<div style=\"width: 0; height: 0; border-top: 2px solid transparent; border-left: 6px solid #f4f4f4; border-bottom: 2px solid transparent;\"><\/div>\n<\/div>\n<div style=\"margin-left: auto;\">\n<div style=\"width: 0px; border-top: 8px solid #F4F4F4; border-right: 8px solid transparent;\"><\/div>\n<div style=\"background-color: #f4f4f4; flex-grow: 0; height: 12px; width: 16px;\"><\/div>\n<div style=\"width: 0; height: 0; border-top: 8px solid #F4F4F4; border-left: 8px solid transparent;\"><\/div>\n<\/div>\n<\/div>\n<div style=\"flex-direction: column; flex-grow: 1; justify-content: center; margin-bottom: 24px;\">\n<div style=\"background-color: #f4f4f4; border-radius: 4px; flex-grow: 0; height: 14px; margin-bottom: 6px; width: 224px;\"><\/div>\n<div style=\"background-color: #f4f4f4; border-radius: 4px; flex-grow: 0; height: 14px; width: 144px;\"><\/div>\n<\/div>\n<p>&nbsp;<\/p>\n<p style=\"color: #c9c8cd; font-family: Arial,sans-serif; font-size: 14px; line-height: 17px; margin-bottom: 0; margin-top: 8px; overflow: hidden; padding: 8px 0 7px; text-align: center;\"><a style=\"color: #c9c8cd; font-family: Arial,sans-serif; font-size: 14px; font-style: normal; font-weight: normal; line-height: 17px; text-decoration: none;\" href=\"https:\/\/www.instagram.com\/p\/Bvjl5tOlGvT\/?utm_source=ig_embed&amp;utm_campaign=loading\" target=\"_blank\" rel=\"noopener\">Une publication partag\u00e9e par Picos de Europa (@picos_deuropa)<\/a><\/p>\n<\/div>\n<\/blockquote>\n<p><span style=\"font-weight: 400;\">Les <\/span>Picos de Europa<span style=\"font-weight: 400;\">, avec ses sommets majestueux, ses vall\u00e9es profondes et ses villages pittoresques, sont un v\u00e9ritable terrain de jeu pour les amoureux de la nature. Randonn\u00e9e, escalade, canyoning ou simple d\u00e9tente au bord des lacs : ce parc offre une richesse d\u2019activit\u00e9s \u00e0 savourer \u00e0 tout moment de l\u2019ann\u00e9e. Et que dire des panoramas ? Chaque regard pos\u00e9 sur ces montagnes vous laissera un souvenir imp\u00e9rissable. Si vous \u00eates en qu\u00eate d\u2019un lieu o\u00f9 la nature est reine, o\u00f9 les paysages sont grandioses et o\u00f9 l\u2019aventure vous attend \u00e0 chaque coin de sentier, les <\/span><b>Picos de Europa<\/b><span style=\"font-weight: 400;\"> sont faits pour vous.<\/span><\/p>\n","protected":false},"excerpt":{"rendered":"<p>Accrochez vos sacs \u00e0 dos, l\u2019aventure commence dans l&#8217;un des plus beaux parcs naturels d&#8217;Europe. Bienvenue aux Picos de Europa, [&hellip;]<\/p>\n","protected":false},"author":3,"featured_media":32553,"comment_status":"open","ping_status":"closed","sticky":false,"template":"","format":"standard","meta":{"_acf_changed":false,"_sitemap_exclude":false,"_sitemap_priority":"","_sitemap_frequency":"","footnotes":"","rank_math_title":"","rank_math_description":"Les Picos de Europa vous attendent pour une aventure de montagne inoubliable, entre sommets vertigineux et paysages \u00e9poustouflants.\n","rank_math_canonical_url":"","rank_math_focus_keyword":"Picos"},"categories":[3],"tags":[],"class_list":["post-32548","post","type-post","status-publish","format-standard","has-post-thumbnail","hentry","category-voyage"],"acf":[],"_links":{"self":[{"href":"https:\/\/ulysse.com\/news\/wp-json\/wp\/v2\/posts\/32548","targetHints":{"allow":["GET"]}}],"collection":[{"href":"https:\/\/ulysse.com\/news\/wp-json\/wp\/v2\/posts"}],"about":[{"href":"https:\/\/ulysse.com\/news\/wp-json\/wp\/v2\/types\/post"}],"author":[{"embeddable":true,"href":"https:\/\/ulysse.com\/news\/wp-json\/wp\/v2\/users\/3"}],"replies":[{"embeddable":true,"href":"https:\/\/ulysse.com\/news\/wp-json\/wp\/v2\/comments?post=32548"}],"version-history":[{"count":3,"href":"https:\/\/ulysse.com\/news\/wp-json\/wp\/v2\/posts\/32548\/revisions"}],"predecessor-version":[{"id":32571,"href":"https:\/\/ulysse.com\/news\/wp-json\/wp\/v2\/posts\/32548\/revisions\/32571"}],"wp:featuredmedia":[{"embeddable":true,"href":"https:\/\/ulysse.com\/news\/wp-json\/wp\/v2\/media\/32553"}],"wp:attachment":[{"href":"https:\/\/ulysse.com\/news\/wp-json\/wp\/v2\/media?parent=32548"}],"wp:term":[{"taxonomy":"category","embeddable":true,"href":"https:\/\/ulysse.com\/news\/wp-json\/wp\/v2\/categories?post=32548"},{"taxonomy":"post_tag","embeddable":true,"href":"https:\/\/ulysse.com\/news\/wp-json\/wp\/v2\/tags?post=32548"}],"curies":[{"name":"wp","href":"https:\/\/api.w.org\/{rel}","templated":true}]}}