{"id":32615,"date":"2025-07-27T14:00:16","date_gmt":"2025-07-27T13:00:16","guid":{"rendered":"https:\/\/discover.ulysse.com\/?p=32615"},"modified":"2025-07-27T11:18:55","modified_gmt":"2025-07-27T10:18:55","slug":"grimpez-a-bord-du-petit-train-detretat-pour-un-voyage-feerique-entre-falaises-et-mer","status":"publish","type":"post","link":"https:\/\/ulysse.com\/news\/grimpez-a-bord-du-petit-train-detretat-pour-un-voyage-feerique-entre-falaises-et-mer","title":{"rendered":"Grimpez \u00e0 bord du petit train d\u2019\u00c9tretat pour un voyage f\u00e9erique entre falaises et mer"},"content":{"rendered":"<p><span style=\"font-weight: 400;\"><strong>La C\u00f4te d&#8217;Alb\u00e2tre<\/strong>, avec ses falaises impressionnantes et son ciel d&#8217;azur, offre l&#8217;une des escapades les plus magiques de la Normandie. Et si vous preniez le temps de d\u00e9couvrir ce lieu exceptionnel d&#8217;une mani\u00e8re originale ? Montez \u00e0 bord du <strong>train touristique d\u2019\u00c9tretat<\/strong> et laissez-vous envo\u00fbter par un voyage unique \u00e0 travers le Pays de Caux. Que vous choisissiez l\u2019option v\u00e9lorail pour p\u00e9daler \u00e0 travers des paysages bucoliques ou l&#8217;autorail pour un retour tranquille, cette exp\u00e9rience vous promet un d\u00e9paysement total. En moins de 30 minutes, vous traverserez la campagne normande pour arriver \u00e0 la c\u00e9l\u00e8bre station baln\u00e9aire d\u2019\u00c9tretat, un lieu qui a inspir\u00e9 tant d\u2019artistes, et dont les paysages vous laisseront sans voix.<\/span><\/p>\n<h2><b>Un voyage en v\u00e9lorail ou autorail : \u00e0 vous de choisir !<\/b><\/h2>\n<p><span style=\"font-weight: 400;\">La formule du train touristique d\u2019\u00c9tretat vous permet de vivre une aventure tout en douceur, mais avec l\u2019option de la rendre encore plus sportive. Vous avez l\u2019embarras du choix entre un aller en <strong>v\u00e9lorail ou un trajet en autorail<\/strong>. Le v\u00e9lorail vous plonge dans l\u2019atmosph\u00e8re des anciens chemins de fer de la r\u00e9gion, sur une portion de 5,2 km de l\u2019ancienne voie ferr\u00e9e, au c\u0153ur du <strong>Pays de Caux.<\/strong> \u00c0 travers un paysage verdoyant, vous p\u00e9dalez au rythme tranquille de la campagne normande, avant de redescendre tranquillement vers \u00c9tretat. Si le p\u00e9dalage vous semble trop intense, vous pouvez opter pour un retour en autorail, pour une exp\u00e9rience tout en confort et en d\u00e9tente, avec un panorama \u00e9poustouflant qui se d\u00e9ploie sous vos yeux. L\u2019ensemble du parcours, aller et retour, dure \u00e0 peine une demi-heure, mais chaque minute pass\u00e9e \u00e0 bord vous transporte dans un autre temps.<\/span><\/p>\n<p><span style=\"font-weight: 400;\">Le choix du v\u00e9lorail permet non seulement de profiter d\u2019une activit\u00e9 ludique, mais aussi de se connecter davantage avec la nature environnante, tout en offrant un aper\u00e7u des paysages de la r\u00e9gion que vous ne pouvez qu&#8217;appr\u00e9cier. C\u2019est un moyen unique et agr\u00e9able de d\u00e9couvrir <a href=\"https:\/\/discover.ulysse.com\/normandie-a-garde-beau-secret-station-balneaire\">la Normandie<\/a>, entre la mer, la campagne et bien s\u00fbr, les c\u00e9l\u00e8bres falaises qui vous attendent.<\/span><\/p>\n<blockquote class=\"instagram-media\" style=\"background: #FFF; border: 0; border-radius: 3px; margin: 1px; max-width: 540px; min-width: 326px; padding: 0; width: calc(100% - 2px);\" data-instgrm-captioned=\"\" data-instgrm-permalink=\"https:\/\/www.instagram.com\/p\/CRT4hgvMcbp\/?utm_source=ig_embed&amp;utm_campaign=loading\" data-instgrm-version=\"14\">\n<div style=\"padding: 16px;\">\n<p>&nbsp;<\/p>\n<div style=\"flex-direction: row; align-items: center;\">\n<div style=\"background-color: #f4f4f4; border-radius: 50%; flex-grow: 0; height: 40px; margin-right: 14px; width: 40px;\"><\/div>\n<div style=\"flex-direction: column; flex-grow: 1; justify-content: center;\">\n<div style=\"background-color: #f4f4f4; border-radius: 4px; flex-grow: 0; height: 14px; margin-bottom: 6px; width: 100px;\"><\/div>\n<div style=\"background-color: #f4f4f4; border-radius: 4px; flex-grow: 0; height: 14px; width: 60px;\"><\/div>\n<\/div>\n<\/div>\n<div style=\"padding: 19% 0;\"><\/div>\n<div style=\"height: 50px; margin: 0 auto 12px; width: 50px;\"><\/div>\n<div style=\"padding-top: 8px;\">\n<div style=\"color: #3897f0; font-family: Arial,sans-serif; font-size: 14px; font-style: normal; font-weight: 550; line-height: 18px;\">Voir cette publication sur Instagram<\/div>\n<\/div>\n<div style=\"padding: 12.5% 0;\"><\/div>\n<div style=\"flex-direction: row; margin-bottom: 14px; align-items: center;\">\n<div>\n<div style=\"background-color: #f4f4f4; border-radius: 50%; height: 12.5px; width: 12.5px;\"><\/div>\n<div style=\"background-color: #f4f4f4; height: 12.5px; width: 12.5px; flex-grow: 0; margin-right: 14px; margin-left: 2px;\"><\/div>\n<div style=\"background-color: #f4f4f4; border-radius: 50%; height: 12.5px; width: 12.5px;\"><\/div>\n<\/div>\n<div style=\"margin-left: 8px;\">\n<div style=\"background-color: #f4f4f4; border-radius: 50%; flex-grow: 0; height: 20px; width: 20px;\"><\/div>\n<div style=\"width: 0; height: 0; border-top: 2px solid transparent; border-left: 6px solid #f4f4f4; border-bottom: 2px solid transparent;\"><\/div>\n<\/div>\n<div style=\"margin-left: auto;\">\n<div style=\"width: 0px; border-top: 8px solid #F4F4F4; border-right: 8px solid transparent;\"><\/div>\n<div style=\"background-color: #f4f4f4; flex-grow: 0; height: 12px; width: 16px;\"><\/div>\n<div style=\"width: 0; height: 0; border-top: 8px solid #F4F4F4; border-left: 8px solid transparent;\"><\/div>\n<\/div>\n<\/div>\n<div style=\"flex-direction: column; flex-grow: 1; justify-content: center; margin-bottom: 24px;\">\n<div style=\"background-color: #f4f4f4; border-radius: 4px; flex-grow: 0; height: 14px; margin-bottom: 6px; width: 224px;\"><\/div>\n<div style=\"background-color: #f4f4f4; border-radius: 4px; flex-grow: 0; height: 14px; width: 144px;\"><\/div>\n<\/div>\n<p>&nbsp;<\/p>\n<p style=\"color: #c9c8cd; font-family: Arial,sans-serif; font-size: 14px; line-height: 17px; margin-bottom: 0; margin-top: 8px; overflow: hidden; padding: 8px 0 7px; text-align: center;\"><a style=\"color: #c9c8cd; font-family: Arial,sans-serif; font-size: 14px; font-style: normal; font-weight: normal; line-height: 17px; text-decoration: none;\" href=\"https:\/\/www.instagram.com\/p\/CRT4hgvMcbp\/?utm_source=ig_embed&amp;utm_campaign=loading\" target=\"_blank\" rel=\"noopener\">Une publication partag\u00e9e par Charline Goullier (@goullier_charline)<\/a><\/p>\n<\/div>\n<\/blockquote>\n<h2><b>Le Pays de Caux : entre verdure, mer et falaises magiques<\/b><\/h2>\n<p><span style=\"font-weight: 400;\">Le<strong> train touristique d\u2019\u00c9tretat<\/strong> n\u2019est pas seulement un trajet entre deux points ; c\u2019est une v\u00e9ritable aventure sensorielle. Au d\u00e9part de la gare des Loges, vous traversez des paysages magnifiques, \u00e0 la fois ruraux et verdoyants, avant d\u2019apercevoir les falaises d\u2019\u00c9tretat se dessiner \u00e0 l\u2019horizon. Ces falaises, fa\u00e7onn\u00e9es par le vent et la mer, constituent un spectacle naturel unique, qui attire chaque ann\u00e9e des milliers de visiteurs.<\/span><\/p>\n<p><span style=\"font-weight: 400;\">Une fois \u00e0 \u00c9tretat, vous ne pouvez pas passer \u00e0 c\u00f4t\u00e9 des sites incontournables : la plage de galets, bien s\u00fbr, o\u00f9 vous pourrez profiter de l\u2019air marin, mais aussi les<a href=\"https:\/\/discover.ulysse.com\/moins-de-foules-falaises-secretes-normandie\"> c\u00e9l\u00e8bres falaises<\/a> de la r\u00e9gion. Ces g\u00e9ants de craie, avec leur silhouette saisissante, sont un incontournable pour tous les amoureux de nature. Si vous aimez les promenades, vous pouvez vous aventurer sur les sentiers c\u00f4tiers, qui vous offriront des vues \u00e0 couper le souffle sur la Manche. En plus de ses paysages naturels, \u00c9tretat poss\u00e8de \u00e9galement un riche patrimoine culturel. Le village, au charme ind\u00e9niable, vous invite \u00e0 fl\u00e2ner dans ses rues pittoresques. Ne manquez pas la visite du<strong> Clos Lupin, la maison de Maurice Leblanc, o\u00f9 l\u2019univers d\u2019Ars\u00e8ne Lupin<\/strong> semble toujours planer.<\/span><\/p>\n<p><span style=\"font-weight: 400;\">Si vous \u00eates en groupe, une exp\u00e9rience \u00e0 ne pas manquer est le d\u00e9jeuner dans le wagon-restaurant des ann\u00e9es 1960, disponible pour les groupes de dix personnes ou plus. Vous pourrez d\u00e9guster un repas d\u00e9licieux tout en vous impr\u00e9gnant de l\u2019atmosph\u00e8re unique de ce vieux train.<\/span><\/p>\n<blockquote class=\"instagram-media\" style=\"background: #FFF; border: 0; border-radius: 3px; margin: 1px; max-width: 540px; min-width: 326px; padding: 0; width: calc(100% - 2px);\" data-instgrm-captioned=\"\" data-instgrm-permalink=\"https:\/\/www.instagram.com\/p\/DMQU8o9xRGJ\/?utm_source=ig_embed&amp;utm_campaign=loading\" data-instgrm-version=\"14\">\n<div style=\"padding: 16px;\">\n<p>&nbsp;<\/p>\n<div style=\"flex-direction: row; align-items: center;\">\n<div style=\"background-color: #f4f4f4; border-radius: 50%; flex-grow: 0; height: 40px; margin-right: 14px; width: 40px;\"><\/div>\n<div style=\"flex-direction: column; flex-grow: 1; justify-content: center;\">\n<div style=\"background-color: #f4f4f4; border-radius: 4px; flex-grow: 0; height: 14px; margin-bottom: 6px; width: 100px;\"><\/div>\n<div style=\"background-color: #f4f4f4; border-radius: 4px; flex-grow: 0; height: 14px; width: 60px;\"><\/div>\n<\/div>\n<\/div>\n<div style=\"padding: 19% 0;\"><\/div>\n<div style=\"height: 50px; margin: 0 auto 12px; width: 50px;\"><\/div>\n<div style=\"padding-top: 8px;\">\n<div style=\"color: #3897f0; font-family: Arial,sans-serif; font-size: 14px; font-style: normal; font-weight: 550; line-height: 18px;\">Voir cette publication sur Instagram<\/div>\n<\/div>\n<div style=\"padding: 12.5% 0;\"><\/div>\n<div style=\"flex-direction: row; margin-bottom: 14px; align-items: center;\">\n<div>\n<div style=\"background-color: #f4f4f4; border-radius: 50%; height: 12.5px; width: 12.5px;\"><\/div>\n<div style=\"background-color: #f4f4f4; height: 12.5px; width: 12.5px; flex-grow: 0; margin-right: 14px; margin-left: 2px;\"><\/div>\n<div style=\"background-color: #f4f4f4; border-radius: 50%; height: 12.5px; width: 12.5px;\"><\/div>\n<\/div>\n<div style=\"margin-left: 8px;\">\n<div style=\"background-color: #f4f4f4; border-radius: 50%; flex-grow: 0; height: 20px; width: 20px;\"><\/div>\n<div style=\"width: 0; height: 0; border-top: 2px solid transparent; border-left: 6px solid #f4f4f4; border-bottom: 2px solid transparent;\"><\/div>\n<\/div>\n<div style=\"margin-left: auto;\">\n<div style=\"width: 0px; border-top: 8px solid #F4F4F4; border-right: 8px solid transparent;\"><\/div>\n<div style=\"background-color: #f4f4f4; flex-grow: 0; height: 12px; width: 16px;\"><\/div>\n<div style=\"width: 0; height: 0; border-top: 8px solid #F4F4F4; border-left: 8px solid transparent;\"><\/div>\n<\/div>\n<\/div>\n<div style=\"flex-direction: column; flex-grow: 1; justify-content: center; margin-bottom: 24px;\">\n<div style=\"background-color: #f4f4f4; border-radius: 4px; flex-grow: 0; height: 14px; margin-bottom: 6px; width: 224px;\"><\/div>\n<div style=\"background-color: #f4f4f4; border-radius: 4px; flex-grow: 0; height: 14px; width: 144px;\"><\/div>\n<\/div>\n<p>&nbsp;<\/p>\n<p style=\"color: #c9c8cd; font-family: Arial,sans-serif; font-size: 14px; line-height: 17px; margin-bottom: 0; margin-top: 8px; overflow: hidden; padding: 8px 0 7px; text-align: center;\"><a style=\"color: #c9c8cd; font-family: Arial,sans-serif; font-size: 14px; font-style: normal; font-weight: normal; line-height: 17px; text-decoration: none;\" href=\"https:\/\/www.instagram.com\/p\/DMQU8o9xRGJ\/?utm_source=ig_embed&amp;utm_campaign=loading\" target=\"_blank\" rel=\"noopener\">Une publication partag\u00e9e par Le Routard (@leroutard)<\/a><\/p>\n<\/div>\n<\/blockquote>\n<h2><b>Horaires et tarifs : un voyage \u00e0 petits prix<\/b><\/h2>\n<p><span style=\"font-weight: 400;\">Le petit train touristique d\u2019\u00c9tretat est ouvert de la mi-avril \u00e0 fin octobre, avec des d\u00e9parts les mercredis, samedis et dimanches, ainsi qu&#8217;en semaine tous les jours pendant les mois de juillet et ao\u00fbt. Ce rythme saisonnier vous permet de profiter de cette exp\u00e9rience au moment le plus agr\u00e9able de l\u2019ann\u00e9e, lorsque la r\u00e9gion est baign\u00e9es dans la lumi\u00e8re estivale.<\/span><\/p>\n<p><span style=\"font-weight: 400;\"><strong>La gare des Loges,<\/strong> o\u00f9 le d\u00e9part s\u2019effectue, est situ\u00e9e \u00e0 l&#8217;adresse suivante : place du 19 mars 1962, Les Loges. Vous pouvez aussi obtenir des informations pratiques au t\u00e9l\u00e9phone au 06 11 78 35 82.<\/span><\/p>\n<p><span style=\"font-weight: 400;\">Les prix sont abordables, avec des tarifs qui varient selon la formule choisie. Par exemple, pour un aller-retour en v\u00e9lorail et autorail, les tarifs sont tr\u00e8s raisonnables et permettent \u00e0 tous les budgets de profiter de cette exp\u00e9rience unique. Pour une aventure en famille ou entre amis, c\u2019est un moyen id\u00e9al de d\u00e9couvrir \u00c9tretat \u00e0 votre rythme, sans se soucier de la circulation ou du stationnement.<\/span><\/p>\n","protected":false},"excerpt":{"rendered":"<p>La C\u00f4te d&#8217;Alb\u00e2tre, avec ses falaises impressionnantes et son ciel d&#8217;azur, offre l&#8217;une des escapades les plus magiques de la [&hellip;]<\/p>\n","protected":false},"author":3,"featured_media":32616,"comment_status":"open","ping_status":"closed","sticky":false,"template":"","format":"standard","meta":{"_acf_changed":false,"_sitemap_exclude":false,"_sitemap_priority":"","_sitemap_frequency":"","footnotes":"","rank_math_title":"","rank_math_description":"Embarquez \u00e0 bord du petit train d\u2019\u00c9tretat pour une escapade f\u00e9erique entre falaises, mer et paysages magiques de la C\u00f4te d'Alb\u00e2tre !\n","rank_math_canonical_url":"","rank_math_focus_keyword":"\u00c9tretat"},"categories":[3],"tags":[],"class_list":["post-32615","post","type-post","status-publish","format-standard","has-post-thumbnail","hentry","category-voyage"],"acf":[],"_links":{"self":[{"href":"https:\/\/ulysse.com\/news\/wp-json\/wp\/v2\/posts\/32615","targetHints":{"allow":["GET"]}}],"collection":[{"href":"https:\/\/ulysse.com\/news\/wp-json\/wp\/v2\/posts"}],"about":[{"href":"https:\/\/ulysse.com\/news\/wp-json\/wp\/v2\/types\/post"}],"author":[{"embeddable":true,"href":"https:\/\/ulysse.com\/news\/wp-json\/wp\/v2\/users\/3"}],"replies":[{"embeddable":true,"href":"https:\/\/ulysse.com\/news\/wp-json\/wp\/v2\/comments?post=32615"}],"version-history":[{"count":3,"href":"https:\/\/ulysse.com\/news\/wp-json\/wp\/v2\/posts\/32615\/revisions"}],"predecessor-version":[{"id":32757,"href":"https:\/\/ulysse.com\/news\/wp-json\/wp\/v2\/posts\/32615\/revisions\/32757"}],"wp:featuredmedia":[{"embeddable":true,"href":"https:\/\/ulysse.com\/news\/wp-json\/wp\/v2\/media\/32616"}],"wp:attachment":[{"href":"https:\/\/ulysse.com\/news\/wp-json\/wp\/v2\/media?parent=32615"}],"wp:term":[{"taxonomy":"category","embeddable":true,"href":"https:\/\/ulysse.com\/news\/wp-json\/wp\/v2\/categories?post=32615"},{"taxonomy":"post_tag","embeddable":true,"href":"https:\/\/ulysse.com\/news\/wp-json\/wp\/v2\/tags?post=32615"}],"curies":[{"name":"wp","href":"https:\/\/api.w.org\/{rel}","templated":true}]}}