{"id":32753,"date":"2025-07-29T16:00:42","date_gmt":"2025-07-29T15:00:42","guid":{"rendered":"https:\/\/discover.ulysse.com\/?p=32753"},"modified":"2025-07-29T10:08:08","modified_gmt":"2025-07-29T09:08:08","slug":"faire-du-slow-tourisme-en-centre-val-de-loire-voici-le-circuit-a-absolument-emprunter","status":"publish","type":"post","link":"https:\/\/ulysse.com\/news\/faire-du-slow-tourisme-en-centre-val-de-loire-voici-le-circuit-a-absolument-emprunter","title":{"rendered":"Faire du slow-tourisme en Centre-Val de Loire ? Voici le circuit \u00e0 absolument emprunter"},"content":{"rendered":"<p data-start=\"62\" data-end=\"517\">Vous avez envie de fuir le tumulte de la vie quotidienne et de vous reconnecter \u00e0 la nature ? Et si vous partiez \u00e0 la d\u00e9couverte de la Sologne \u00e0 pied, en empruntant le GR\u00ae 31, ce sentier de randonn\u00e9e qui vous plonge dans le c\u0153ur paisible de la France ? Entre for\u00eats verdoyantes, \u00e9tangs paisibles et villages pittoresques, cette aventure de 283 km vous permettra de ralentir le rythme et de savourer chaque pas dans l\u2019une des plus belles r\u00e9gions de France.<\/p>\n<h2 data-start=\"519\" data-end=\"569\">Un sentier tout en douceur au c\u0153ur de la nature<\/h2>\n<p data-start=\"571\" data-end=\"1163\">Le GR\u00ae 31, c\u2019est l\u2019itin\u00e9raire r\u00eav\u00e9 pour ceux qui cherchent \u00e0 ralentir, respirer et appr\u00e9cier les paysages sans se presser. Long de 283 km, il relie Cosne-Cours-sur-Loire \u00e0 Blois en passant par trois d\u00e9partements : <strong>la Ni\u00e8vre, le Cher et le Loir-et-Cher<\/strong>. Ici, pas de course contre la montre, mais une invitation \u00e0 la d\u00e9tente dans des paysages qui respirent la tranquillit\u00e9. En chemin, vous traverserez des for\u00eats luxuriantes, des \u00e9tangs o\u00f9 la faune se cache, et des villages o\u00f9 le temps semble s\u2019\u00eatre arr\u00eat\u00e9. Si vous r\u00eavez d\u2019une pause loin des bruits de la ville, ce sentier est fait pour vous.<\/p>\n<p data-start=\"1165\" data-end=\"1470\">Avec son ambiance bucolique et ses panoramas apaisants, le GR\u00ae 31 est un v\u00e9ritable antidote au stress. Un vrai retour \u00e0 l\u2019essentiel, o\u00f9 la beaut\u00e9 de la nature fait office de d\u00e9cor et la lenteur devient un luxe. Si vous aimez les endroits calmes, loin des foules, cet itin\u00e9raire vous enchantera \u00e0 coup s\u00fbr.<\/p>\n<h2 data-start=\"1472\" data-end=\"1512\">Accessible \u00e0 tous, m\u00eame aux d\u00e9butants<\/h2>\n<p data-start=\"1514\" data-end=\"1982\">Le GR\u00ae 31 est le sentier id\u00e9al pour tous les amoureux de la nature, qu\u2019ils soient randonneurs novices ou exp\u00e9riment\u00e9s. Pas besoin d\u2019\u00eatre un athl\u00e8te pour l\u2019arpenter : le parcours reste relativement plat avec un d\u00e9nivel\u00e9 mod\u00e9r\u00e9. En tout, vous grimpez environ 2 345 m\u00e8tres, ce qui n\u2019est pas grand-chose quand on le r\u00e9partit sur plusieurs jours. C\u2019est l\u2019id\u00e9al pour une premi\u00e8re <a href=\"https:\/\/discover.ulysse.com\/secrets-ature-randonnee-druide-megeve\">grande randonn\u00e9e<\/a>, ou pour ceux qui pr\u00e9f\u00e8rent avancer \u00e0 leur rythme, en savourant chaque \u00e9tape.<\/p>\n<p data-start=\"1984\" data-end=\"2482\">Il y a bien s\u00fbr quelques portions plus sportives, mais rien de d\u00e9courageant. L\u2019id\u00e9e ici, c\u2019est de marcher tranquillement, avec des \u00e9tapes ajustables selon votre niveau. Que vous soyez du genre \u00e0 faire une grosse journ\u00e9e de marche ou \u00e0 vous arr\u00eater plus souvent, le GR\u00ae 31 vous permet de personnaliser votre parcours. En moyenne, il faut compter environ 10 jours pour faire l\u2019ensemble du parcours, avec 28 km par jour. Mais bien s\u00fbr, vous pouvez le faire plus lentement, \u00e0 votre rythme, sans stress.<\/p>\n<h2 data-start=\"2484\" data-end=\"2527\">Quand partir pour une randonn\u00e9e au top ?<\/h2>\n<p data-start=\"2529\" data-end=\"3227\">Le GR\u00ae 31 peut \u00eatre parcouru toute l\u2019ann\u00e9e, mais certains moments sont plus propices que d\u2019autres. Pour les conditions id\u00e9ales, privil\u00e9giez les saisons interm\u00e9diaires : au printemps, entre avril et juin, ou en automne, de septembre \u00e0 octobre. \u00c0 ces p\u00e9riodes, la temp\u00e9rature est douce, la faune est plus visible, et les for\u00eats se parent de leurs plus belles couleurs. En \u00e9t\u00e9, vous pourrez profiter des portions en for\u00eat pour rester \u00e0 l\u2019ombre et \u00e9viter la chaleur, mais attention aux orages qui peuvent parfois perturber votre avanc\u00e9e. En hiver, bien que le sentier soit plus calme, certaines portions peuvent devenir boueuses, donc il est important de bien pr\u00e9parer votre itin\u00e9raire avant de partir.<\/p>\n<h2 data-start=\"3229\" data-end=\"3281\">Slow tourisme : ralentir et profiter de l\u2019instant<\/h2>\n<p data-start=\"3283\" data-end=\"3732\">Le GR\u00ae 31 incarne \u00e0 merveille l\u2019esprit du slow tourisme : prendre le temps de savourer chaque instant, de d\u00e9couvrir des lieux authentiques et de se d\u00e9connecter du quotidien. En traversant des villages comme ceux du Berry, vous aurez l\u2019occasion de vous arr\u00eater, de discuter avec les habitants et de d\u00e9couvrir des sp\u00e9cialit\u00e9s locales qui ne demandent qu\u2019\u00e0 \u00eatre go\u00fbt\u00e9es. Chaque \u00e9tape devient une invitation \u00e0 la lenteur, \u00e0 l\u2019observation et \u00e0 l\u2019\u00e9change.<\/p>\n<p data-start=\"3734\" data-end=\"4128\">Ce parcours moins fr\u00e9quent\u00e9 que d\u2019autres GR vous permet d\u2019\u00e9chapper aux foules et de vivre une exp\u00e9rience plus intime, loin des sentiers touristiques classiques. La nature ici est belle, sauvage, mais aussi accueillante. Loin des masses de touristes, ce sentier vous offre une immersion totale dans un environnement pr\u00e9serv\u00e9, o\u00f9 chaque arbre, chaque rivi\u00e8re, chaque village raconte une histoire.<\/p>\n<h2 data-start=\"4130\" data-end=\"4161\">Pourquoi choisir le GR\u00ae 31 ?<\/h2>\n<p data-start=\"4163\" data-end=\"4697\" data-is-last-node=\"\" data-is-only-node=\"\">Parce qu\u2019il offre une v\u00e9ritable aventure accessible \u00e0 tous. Parce qu\u2019il vous permet de prendre le temps de vous reconnecter \u00e0 la nature, de ralentir et d\u2019appr\u00e9cier les petites choses. Parce qu\u2019il traverse l\u2019une des r\u00e9gions les plus authentiques et pr\u00e9serv\u00e9es de France. Et enfin, parce que c\u2019est une occasion unique de vivre le slow tourisme, de fa\u00e7on simple, sans artifice. Alors, pourquoi ne pas chausser vos chaussures de randonn\u00e9e et partir sur les traces du GR\u00ae 31 ? Une exp\u00e9rience inoubliable vous attend, au c\u0153ur de la Sologne.<\/p>\n","protected":false},"excerpt":{"rendered":"<p>Vous avez envie de fuir le tumulte de la vie quotidienne et de vous reconnecter \u00e0 la nature ? Et [&hellip;]<\/p>\n","protected":false},"author":4,"featured_media":32842,"comment_status":"open","ping_status":"closed","sticky":false,"template":"","format":"standard","meta":{"_acf_changed":false,"_sitemap_exclude":false,"_sitemap_priority":"","_sitemap_frequency":"","footnotes":"","rank_math_title":"","rank_math_description":"","rank_math_canonical_url":"","rank_math_focus_keyword":"slow-tourisme"},"categories":[3],"tags":[],"class_list":["post-32753","post","type-post","status-publish","format-standard","has-post-thumbnail","hentry","category-voyage"],"acf":[],"_links":{"self":[{"href":"https:\/\/ulysse.com\/news\/wp-json\/wp\/v2\/posts\/32753","targetHints":{"allow":["GET"]}}],"collection":[{"href":"https:\/\/ulysse.com\/news\/wp-json\/wp\/v2\/posts"}],"about":[{"href":"https:\/\/ulysse.com\/news\/wp-json\/wp\/v2\/types\/post"}],"author":[{"embeddable":true,"href":"https:\/\/ulysse.com\/news\/wp-json\/wp\/v2\/users\/4"}],"replies":[{"embeddable":true,"href":"https:\/\/ulysse.com\/news\/wp-json\/wp\/v2\/comments?post=32753"}],"version-history":[{"count":3,"href":"https:\/\/ulysse.com\/news\/wp-json\/wp\/v2\/posts\/32753\/revisions"}],"predecessor-version":[{"id":32843,"href":"https:\/\/ulysse.com\/news\/wp-json\/wp\/v2\/posts\/32753\/revisions\/32843"}],"wp:featuredmedia":[{"embeddable":true,"href":"https:\/\/ulysse.com\/news\/wp-json\/wp\/v2\/media\/32842"}],"wp:attachment":[{"href":"https:\/\/ulysse.com\/news\/wp-json\/wp\/v2\/media?parent=32753"}],"wp:term":[{"taxonomy":"category","embeddable":true,"href":"https:\/\/ulysse.com\/news\/wp-json\/wp\/v2\/categories?post=32753"},{"taxonomy":"post_tag","embeddable":true,"href":"https:\/\/ulysse.com\/news\/wp-json\/wp\/v2\/tags?post=32753"}],"curies":[{"name":"wp","href":"https:\/\/api.w.org\/{rel}","templated":true}]}}