{"id":3285,"date":"2024-01-13T18:00:24","date_gmt":"2024-01-13T17:00:24","guid":{"rendered":"https:\/\/discover.ulysse.com\/?p=3285"},"modified":"2024-01-13T15:56:28","modified_gmt":"2024-01-13T14:56:28","slug":"galice-lieux-uniques-visiter","status":"publish","type":"post","link":"https:\/\/ulysse.com\/news\/galice-lieux-uniques-visiter","title":{"rendered":"D\u00e9couvrez la Galice : Un guide des lieux uniques \u00e0 visiter !"},"content":{"rendered":"<p>Partir en Galice, c\u2019est aller \u00e0 la rencontre d\u2019une terre qui a autrefois accueilli des Bretons, des Romains et des Celtes. C\u2019est non seulement une destination touristique religieuse, mais aussi une grande r\u00e9gion qui ne fait qu\u2019un avec la mer. Vous comptez vous rendre dans cette magnifique ville\u2009? Voici quelques lieux que vous devez absolument visiter lors de votre prochain voyage.<\/p>\n<h2>Santiago-de-Compostela<\/h2>\n<p>Situ\u00e9e au c\u0153ur de la Galice, c\u2019est une r\u00e9gion celte dont le centre historique figure dans le patrimoine culturel de l\u2019Humanit\u00e9 de l\u2019UNESCO depuis 1985. La ville dispose non seulement de magnifiques structures architecturales, mais aussi d\u2019une <a href=\"https:\/\/discover.ulysse.com\/decouverte-eglises-epoustouflantes-monde\" target=\"_blank\" rel=\"noopener\">sublime cath\u00e9drale<\/a> d\u00e9di\u00e9e \u00e0 l\u2019ap\u00f4tre Jacques de Z\u00e9b\u00e9d\u00e9e.<\/p>\n<p>Que vous soyez randonneur ou non, impossible de ne pas passer par cette r\u00e9gion pour d\u00e9couvrir ses ruelles dont les passants respirent la bonne humeur.<\/p>\n<div id=\"attachment_3486\" style=\"width: 1990px\" class=\"wp-caption aligncenter\"><img decoding=\"async\" aria-describedby=\"caption-attachment-3486\" class=\"wp-image-3486 size-full\" src=\"https:\/\/discover.ulysse.com\/wp-content\/uploads\/2024\/01\/Vue-sur-Santiago-de-Compostela-Galice-.jpg\" alt=\"Vue sur Santiago-de-Compostela ,Galice\" width=\"1980\" height=\"1200\" srcset=\"https:\/\/ulysse.com\/news\/wp-content\/uploads\/2024\/01\/Vue-sur-Santiago-de-Compostela-Galice-.jpg 1980w, https:\/\/ulysse.com\/news\/wp-content\/uploads\/2024\/01\/Vue-sur-Santiago-de-Compostela-Galice--300x182.jpg 300w, https:\/\/ulysse.com\/news\/wp-content\/uploads\/2024\/01\/Vue-sur-Santiago-de-Compostela-Galice--1024x621.jpg 1024w, https:\/\/ulysse.com\/news\/wp-content\/uploads\/2024\/01\/Vue-sur-Santiago-de-Compostela-Galice--200x121.jpg 200w, https:\/\/ulysse.com\/news\/wp-content\/uploads\/2024\/01\/Vue-sur-Santiago-de-Compostela-Galice--768x465.jpg 768w, https:\/\/ulysse.com\/news\/wp-content\/uploads\/2024\/01\/Vue-sur-Santiago-de-Compostela-Galice--1536x931.jpg 1536w, https:\/\/ulysse.com\/news\/wp-content\/uploads\/2024\/01\/Vue-sur-Santiago-de-Compostela-Galice--480x291.jpg 480w\" sizes=\"(max-width: 1980px) 100vw, 1980px\" \/><p id=\"caption-attachment-3486\" class=\"wp-caption-text\">Vue sur Santiago-de-Compostela, Galice<\/p><\/div>\n<h2>Le cap Ortegal<\/h2>\n<p>Situ\u00e9 dans la commune de Cari\u00f1o, le cap Ortegal figure parmi les lieux les plus connus en Galice. Son acc\u00e8s difficile lui ajoute un certain charme, car c\u2019est une magnifique vue \u00e0 180\u00b0 qui vous accueille en arpentant seulement quelques petites routes. \u00c0 ce d\u00e9cor tr\u00e8s particulier s\u2019ajoutent quelques petites ch\u00e8vres prenant le soleil que vous pouvez ais\u00e9ment apercevoir.<\/p>\n<p>Vous pouvez acc\u00e9der \u00e0 un plus haut point de vue en faisant une escale par le belv\u00e9d\u00e8re Vix\u00eda Herbeira. Ses ravins marins sont consid\u00e9r\u00e9s comme \u00e9tant les plus \u00e9lev\u00e9s d\u2019<a href=\"https:\/\/discover.ulysse.com\/pays-espace-schengen-passeport-puissant-monde\" target=\"_blank\" rel=\"noopener\">Espagne<\/a>.<\/p>\n<div id=\"attachment_3487\" style=\"width: 1990px\" class=\"wp-caption aligncenter\"><img decoding=\"async\" aria-describedby=\"caption-attachment-3487\" class=\"wp-image-3487 size-full\" src=\"https:\/\/discover.ulysse.com\/wp-content\/uploads\/2024\/01\/Le-cap-Ortegal-Galice-.jpg\" alt=\"Le cap Ortegal ,Galice\" width=\"1980\" height=\"1200\" srcset=\"https:\/\/ulysse.com\/news\/wp-content\/uploads\/2024\/01\/Le-cap-Ortegal-Galice-.jpg 1980w, https:\/\/ulysse.com\/news\/wp-content\/uploads\/2024\/01\/Le-cap-Ortegal-Galice--300x182.jpg 300w, https:\/\/ulysse.com\/news\/wp-content\/uploads\/2024\/01\/Le-cap-Ortegal-Galice--1024x621.jpg 1024w, https:\/\/ulysse.com\/news\/wp-content\/uploads\/2024\/01\/Le-cap-Ortegal-Galice--200x121.jpg 200w, https:\/\/ulysse.com\/news\/wp-content\/uploads\/2024\/01\/Le-cap-Ortegal-Galice--768x465.jpg 768w, https:\/\/ulysse.com\/news\/wp-content\/uploads\/2024\/01\/Le-cap-Ortegal-Galice--1536x931.jpg 1536w, https:\/\/ulysse.com\/news\/wp-content\/uploads\/2024\/01\/Le-cap-Ortegal-Galice--480x291.jpg 480w\" sizes=\"(max-width: 1980px) 100vw, 1980px\" \/><p id=\"caption-attachment-3487\" class=\"wp-caption-text\">Le cap Ortegal, Galice<\/p><\/div>\n<h2>La p\u00e9ninsule de Porto do Barqueiro<\/h2>\n<p>Parmi les lieux les moins fr\u00e9quent\u00e9s par les touristes se cache un joli village de p\u00eacheurs avec ses maisons color\u00e9es. Sur place, vous pouvez vous adonner \u00e0 de nombreuses activit\u00e9s, comme des balades en kayak, en bateau ou encore des randonn\u00e9es c\u00f4ti\u00e8res. Profitez aussi de leurs sp\u00e9cialit\u00e9s locales : la langouste.<\/p>\n<p>Si vous avez l\u2019occasion de visiter la Galice en d\u00e9cembre, rendez-vous dans ce village pour assister \u00e0 la f\u00eate locale d\u00e9di\u00e9e aux fruits de mer. Une agr\u00e9able occasion de faire le plein de folklore en vous r\u00e9galant.<\/p>\n<div id=\"attachment_3488\" style=\"width: 1990px\" class=\"wp-caption aligncenter\"><img decoding=\"async\" aria-describedby=\"caption-attachment-3488\" class=\"wp-image-3488 size-full\" src=\"https:\/\/discover.ulysse.com\/wp-content\/uploads\/2024\/01\/La-peninsule-de-Porto-do-Barqueiro-Galice-.jpg\" alt=\"La p\u00e9ninsule de Porto do Barqueiro ,Galice\" width=\"1980\" height=\"1200\" srcset=\"https:\/\/ulysse.com\/news\/wp-content\/uploads\/2024\/01\/La-peninsule-de-Porto-do-Barqueiro-Galice-.jpg 1980w, https:\/\/ulysse.com\/news\/wp-content\/uploads\/2024\/01\/La-peninsule-de-Porto-do-Barqueiro-Galice--300x182.jpg 300w, https:\/\/ulysse.com\/news\/wp-content\/uploads\/2024\/01\/La-peninsule-de-Porto-do-Barqueiro-Galice--1024x621.jpg 1024w, https:\/\/ulysse.com\/news\/wp-content\/uploads\/2024\/01\/La-peninsule-de-Porto-do-Barqueiro-Galice--200x121.jpg 200w, https:\/\/ulysse.com\/news\/wp-content\/uploads\/2024\/01\/La-peninsule-de-Porto-do-Barqueiro-Galice--768x465.jpg 768w, https:\/\/ulysse.com\/news\/wp-content\/uploads\/2024\/01\/La-peninsule-de-Porto-do-Barqueiro-Galice--1536x931.jpg 1536w, https:\/\/ulysse.com\/news\/wp-content\/uploads\/2024\/01\/La-peninsule-de-Porto-do-Barqueiro-Galice--480x291.jpg 480w\" sizes=\"(max-width: 1980px) 100vw, 1980px\" \/><p id=\"caption-attachment-3488\" class=\"wp-caption-text\">La p\u00e9ninsule de Porto do Barqueiro, Galice<\/p><\/div>\n<h2>San Andr\u00e9s de Teixido<\/h2>\n<p>Tous les villages de la Galice ont leurs charmes, que ce soit avec leurs paysages ou leurs \u00e9difices \u00e0 couper le souffle. C\u2019est d\u2019autant plus le cas de ce village lilliputien qui compte une cinquantaine d\u2019habitants et des restaurants sp\u00e9cialis\u00e9s dans le pouce-pied (le crustac\u00e9 le plus cher au monde).<\/p>\n<p>L\u2019atmosph\u00e8re du village dans son ensemble est assez mystique du fait que certaines amulettes vous sont distribu\u00e9es \u00e0 l\u2019entr\u00e9e du village. D\u2019ailleurs, ces derni\u00e8res sont en v\u00e9rit\u00e9 des petits g\u00e2teaux en pain durci orn\u00e9s de couleurs vives.<\/p>\n<div id=\"attachment_3489\" style=\"width: 1990px\" class=\"wp-caption aligncenter\"><img decoding=\"async\" aria-describedby=\"caption-attachment-3489\" class=\"wp-image-3489 size-full\" src=\"https:\/\/discover.ulysse.com\/wp-content\/uploads\/2024\/01\/San-Andres-de-Teixido-Galice-.jpg\" alt=\"San Andr\u00e9s de Teixido ,Galice\" width=\"1980\" height=\"1200\" srcset=\"https:\/\/ulysse.com\/news\/wp-content\/uploads\/2024\/01\/San-Andres-de-Teixido-Galice-.jpg 1980w, https:\/\/ulysse.com\/news\/wp-content\/uploads\/2024\/01\/San-Andres-de-Teixido-Galice--300x182.jpg 300w, https:\/\/ulysse.com\/news\/wp-content\/uploads\/2024\/01\/San-Andres-de-Teixido-Galice--1024x621.jpg 1024w, https:\/\/ulysse.com\/news\/wp-content\/uploads\/2024\/01\/San-Andres-de-Teixido-Galice--200x121.jpg 200w, https:\/\/ulysse.com\/news\/wp-content\/uploads\/2024\/01\/San-Andres-de-Teixido-Galice--768x465.jpg 768w, https:\/\/ulysse.com\/news\/wp-content\/uploads\/2024\/01\/San-Andres-de-Teixido-Galice--1536x931.jpg 1536w, https:\/\/ulysse.com\/news\/wp-content\/uploads\/2024\/01\/San-Andres-de-Teixido-Galice--480x291.jpg 480w\" sizes=\"(max-width: 1980px) 100vw, 1980px\" \/><p id=\"caption-attachment-3489\" class=\"wp-caption-text\">San Andr\u00e9s de Teixido, Galice<\/p><\/div>\n<h2>Le village de Combarro<\/h2>\n<p>Envie de vous promener dans des rues parsem\u00e9es de granite\u2009? Le village de Combarro est le lieu qu\u2019il vous faut. Avec des marins vivant dans de petites maisons sur le rivage, le village semble \u00eatre fig\u00e9 dans une autre \u00e9poque.<\/p>\n<p>Vous pouvez d\u2019ailleurs en profiter pour visiter le monast\u00e8re b\u00e9n\u00e9dictin de San Juan de Poio ou vous reposer dans un coin en d\u00e9gustant de d\u00e9licieux fruits de mer. Avec un peu d\u2019organisation, tout peut se faire en une journ\u00e9e.<\/p>\n<p>Il est \u00e0 noter que <a href=\"https:\/\/discover.ulysse.com\/bergame-explorez-cite-merveilles-italie\" target=\"_blank\" rel=\"noopener\">pendant les week-ends<\/a>, il est commun de vous retrouver face \u00e0 un concert de ga\u00efta (cornemuse galicienne).<\/p>\n<div id=\"attachment_3490\" style=\"width: 1990px\" class=\"wp-caption aligncenter\"><img decoding=\"async\" aria-describedby=\"caption-attachment-3490\" class=\"wp-image-3490 size-full\" src=\"https:\/\/discover.ulysse.com\/wp-content\/uploads\/2024\/01\/Le-village-de-Combarro-Galice-.jpg\" alt=\"Le village de Combarro ,Galice\" width=\"1980\" height=\"1200\" srcset=\"https:\/\/ulysse.com\/news\/wp-content\/uploads\/2024\/01\/Le-village-de-Combarro-Galice-.jpg 1980w, https:\/\/ulysse.com\/news\/wp-content\/uploads\/2024\/01\/Le-village-de-Combarro-Galice--300x182.jpg 300w, https:\/\/ulysse.com\/news\/wp-content\/uploads\/2024\/01\/Le-village-de-Combarro-Galice--1024x621.jpg 1024w, https:\/\/ulysse.com\/news\/wp-content\/uploads\/2024\/01\/Le-village-de-Combarro-Galice--200x121.jpg 200w, https:\/\/ulysse.com\/news\/wp-content\/uploads\/2024\/01\/Le-village-de-Combarro-Galice--768x465.jpg 768w, https:\/\/ulysse.com\/news\/wp-content\/uploads\/2024\/01\/Le-village-de-Combarro-Galice--1536x931.jpg 1536w, https:\/\/ulysse.com\/news\/wp-content\/uploads\/2024\/01\/Le-village-de-Combarro-Galice--480x291.jpg 480w\" sizes=\"(max-width: 1980px) 100vw, 1980px\" \/><p id=\"caption-attachment-3490\" class=\"wp-caption-text\">Le village de Combarro, Galice<\/p><\/div>\n","protected":false},"excerpt":{"rendered":"<p>Partir en Galice, c\u2019est aller \u00e0 la rencontre d\u2019une terre qui a autrefois accueilli des Bretons, des Romains et des [&hellip;]<\/p>\n","protected":false},"author":4,"featured_media":3613,"comment_status":"open","ping_status":"open","sticky":false,"template":"","format":"standard","meta":{"_acf_changed":false,"_sitemap_exclude":false,"_sitemap_priority":"","_sitemap_frequency":"","footnotes":"","rank_math_title":"D\u00e9couvrez la Galice : Un guide des lieux uniques \u00e0 visiter !","rank_math_description":"Envie de faire le plein de calme \u00e0 Galice ? voici les lieux que vous devez absolument visiter pour un voyage m\u00e9morable.","rank_math_canonical_url":"","rank_math_focus_keyword":"Galice"},"categories":[3],"tags":[14,84,253,12,148,13],"class_list":["post-3285","post","type-post","status-publish","format-standard","has-post-thumbnail","hentry","category-voyage","tag-destination","tag-espagne","tag-galice","tag-lieux","tag-pays","tag-visiter"],"acf":[],"_links":{"self":[{"href":"https:\/\/ulysse.com\/news\/wp-json\/wp\/v2\/posts\/3285","targetHints":{"allow":["GET"]}}],"collection":[{"href":"https:\/\/ulysse.com\/news\/wp-json\/wp\/v2\/posts"}],"about":[{"href":"https:\/\/ulysse.com\/news\/wp-json\/wp\/v2\/types\/post"}],"author":[{"embeddable":true,"href":"https:\/\/ulysse.com\/news\/wp-json\/wp\/v2\/users\/4"}],"replies":[{"embeddable":true,"href":"https:\/\/ulysse.com\/news\/wp-json\/wp\/v2\/comments?post=3285"}],"version-history":[{"count":8,"href":"https:\/\/ulysse.com\/news\/wp-json\/wp\/v2\/posts\/3285\/revisions"}],"predecessor-version":[{"id":3614,"href":"https:\/\/ulysse.com\/news\/wp-json\/wp\/v2\/posts\/3285\/revisions\/3614"}],"wp:featuredmedia":[{"embeddable":true,"href":"https:\/\/ulysse.com\/news\/wp-json\/wp\/v2\/media\/3613"}],"wp:attachment":[{"href":"https:\/\/ulysse.com\/news\/wp-json\/wp\/v2\/media?parent=3285"}],"wp:term":[{"taxonomy":"category","embeddable":true,"href":"https:\/\/ulysse.com\/news\/wp-json\/wp\/v2\/categories?post=3285"},{"taxonomy":"post_tag","embeddable":true,"href":"https:\/\/ulysse.com\/news\/wp-json\/wp\/v2\/tags?post=3285"}],"curies":[{"name":"wp","href":"https:\/\/api.w.org\/{rel}","templated":true}]}}